{"id":1023,"date":"2020-11-19T02:38:17","date_gmt":"2020-11-19T02:38:17","guid":{"rendered":"https:\/\/pulsecoder.com.mx\/?p=1023"},"modified":"2020-11-19T02:38:20","modified_gmt":"2020-11-19T02:38:20","slug":"la-profundidad-de-la-invasion-humana","status":"publish","type":"post","link":"https:\/\/pulsecoder.com.mx\/index.php\/2020\/11\/19\/la-profundidad-de-la-invasion-humana\/","title":{"rendered":"La profundidad de la invasi\u00f3n humana"},"content":{"rendered":"<body>\n<p>Es f\u00e1cil darse cuenta que los ordenamientos territoriales alrededor del mundo, en espec\u00edfico la urbanizaci\u00f3n, dejan de lado la delicada balanza donde se dan los nichos ecol\u00f3gicos de diferentes especies, es decir, las intersecciones de condiciones edafol\u00f3gicas, atmosf\u00e9ricas, de vegetaci\u00f3n, as\u00ed como el uso y tipo\u00a0de suelo que dan como resultado un contexto y definen las caracter\u00edsticas para que determinada especie pueda habitar. En este sentido, se puede discernir que el nicho ecol\u00f3gico de la especie humana se construye en un artificie, es decir, es imposible ignorar que se vive continuamente en cautiverio provocado. En pa\u00edses que se desarrollan en latitudes con inviernos crudos de hasta -50 \u00b0C, dif\u00edcil de soportar sin la infraestructura de calefactores o la fabricaci\u00f3n desmedida de artefactos dirigidos al consumo, se observan emisiones contaminantes desmesuradas, adem\u00e1s, claro, de la b\u00fasqueda de una geolocalizaci\u00f3n estrat\u00e9gica de la industria, para vivir de la miseria que genera el orden actual de las fronteras, con base en la pol\u00edtica y el estatus por el nombre de una determinada naci\u00f3n, por mencionar algunos.<\/p>\n\n\n\n<p>Entonces, \u00bfse debe ver hacia una nueva perspectiva territorial con base en los intereses colectivos y no en la politizaci\u00f3n de los recursos? Definitivamente es una pregunta importante en cualquier sentido: pol\u00edtico, social o, incluso, ambiental. Tocar una de las aristas para contestar esta pregunta es, sin lugar a duda, un camino que eventualmente nos llevar\u00e1 a unir una con la otra. Obs\u00e9rvese qu\u00e9 pasar\u00eda cuando un \u00e1rbol cubre el sol con su follaje, sencillamente la vida debajo de este cambiar\u00eda dr\u00e1sticamente o ser\u00eda casi nula, ahora. \u00bfEsto se debe a una \u201cinvasi\u00f3n\u201d por el follaje del \u00e1rbol? La respuesta a esta pregunta requerir\u00eda una explicaci\u00f3n biol\u00f3gica bastante compleja, aunque es simple entender que no se trata propiamente de una invasi\u00f3n, siempre y cuando la especie sea <em>end\u00e9mica.<\/em> Importante palabra esta \u00faltima pues al ser end\u00e9mico, entonces, \u00bftendr\u00eda m\u00e1s derecho de instalarse, crecer y desarrollarse? \u00a0Definitivamente har\u00eda falta mucho espacio en este texto para darle respuesta de forma adecuada a estas importantes preguntas, sin embargo, se puede elaborar una analog\u00eda de la palabra end\u00e9mico con la palabra nacionalidad, es decir, la cantidad de derechos u obligaciones que tenemos dentro de un territorio se encuentra en relaci\u00f3n con la nacionalidad de cada individuo, aunque ninguno de nosotros, end\u00e9micos de nuestro pa\u00eds y regi\u00f3n, busca c\u00f3mo hacer una retroalimentaci\u00f3n con el medio tal como lo hace el \u00e1rbol que cubre el sol con su follaje. \u00bfQu\u00e9 pasar\u00eda si, por el contrario, fuera una especie no end\u00e9mica? Entonces se dir\u00eda que es una especie invasora, esto es, una especie que se caracteriza por la capacidad desmedida para colonizar y extenderse en diferentes h\u00e1bitats naturales\u00a0(Olga Le\u00f3n, 2009).<\/p>\n\n\n\n<h2 class=\"wp-block-heading\"><em>Invasi\u00f3n<\/em><\/h2>\n\n\n\n<p>La idea anterior nos podr\u00eda llevar a construir una analog\u00eda del nicho ecol\u00f3gico para la especie humana y en qu\u00e9 regiones se comporta como una especie invasora. Por supuesto, existe una infinidad de factores contextuales capaces de definir esto. Conviene observar espec\u00edficamente el confort t\u00e9rmico, por ejemplo, el cual \u00a0depender\u00e1 de factores como p\u00e9rdida de energ\u00eda promedio, tipo de actividad, talla e incluso metabolismo, para poder llegar a calcular en qu\u00e9 momento existe el disconfort t\u00e9rmico Esto lleva a entender que, incluso para entender est\u00e1ndares de confort, se toma en cuenta el equipamiento del edificio, para conservar una comodidad t\u00e9rmica, en este caso, hay un entorno artificial o de cautiverio, por lo tanto, tendr\u00edamos que sacrificar el contexto natural (ambiente), con emisiones a la atm\u00f3sfera, con tal de conservar el nicho ecol\u00f3gico o, al menos, el confort t\u00e9rmico\u00a0(Bruno Arballo, 2016). La actividad antropog\u00e9nica, para mantener nuestro confort, provoca estas emisiones, las cuales resultan invasoras para aquellas especies que no solo\u00a0podr\u00edan inhalar concentraciones at\u00edpicas de ciertos gases, adem\u00e1s, hacen uso del espacio que ocupa la infraestructura capaz de mantener el est\u00e1ndar de confort. El Panel Intergubernamental para el Cambio Clim\u00e1tico (IPCC, por sus siglas en ingl\u00e9s), se\u00f1ala que en 2018 la temperatura mundial inducida por la actividad antropog\u00e9nica creci\u00f3 hasta en un 1.5 \u00b0C, lo que impacta el aumento de peligros naturales, es decir, repercute en la probabilidad de recurrencia de alg\u00fan fen\u00f3meno natural en espec\u00edfico que se catalogue como amenaza (lluvias extremas, sequ\u00edas, etc.), adem\u00e1s de incrementar fen\u00f3menos relacionados con la temperatura, como ondas de calor, por mencionar alguno\u00a0(IPCC, 2018). Aclaremos que todo lo anterior afecta a diferentes especies pertenecientes a la fauna y a la flora. Este impacto ahora se puede entender como una invasi\u00f3n humana a los nichos ecol\u00f3gicos de much\u00edsimas especies, entre ellas la misma especie humana.<\/p>\n\n\n\n<figure class=\"wp-block-image size-large\"><img data-recalc-dims=\"1\" decoding=\"async\" width=\"696\" height=\"324\" src=\"https:\/\/i0.wp.com\/pulsecoder.com.mx\/wp-content\/uploads\/2020\/11\/1_1.png?resize=696%2C324&#038;ssl=1\" alt=\"\" class=\"wp-image-1025\" loading=\"lazy\" srcset=\"https:\/\/i0.wp.com\/pulsecoder.com.mx\/wp-content\/uploads\/2020\/11\/1_1.png?resize=1024%2C476&amp;ssl=1 1024w, https:\/\/i0.wp.com\/pulsecoder.com.mx\/wp-content\/uploads\/2020\/11\/1_1.png?resize=300%2C139&amp;ssl=1 300w, https:\/\/i0.wp.com\/pulsecoder.com.mx\/wp-content\/uploads\/2020\/11\/1_1.png?resize=768%2C357&amp;ssl=1 768w, https:\/\/i0.wp.com\/pulsecoder.com.mx\/wp-content\/uploads\/2020\/11\/1_1.png?resize=696%2C323&amp;ssl=1 696w, https:\/\/i0.wp.com\/pulsecoder.com.mx\/wp-content\/uploads\/2020\/11\/1_1.png?resize=1068%2C496&amp;ssl=1 1068w, https:\/\/i0.wp.com\/pulsecoder.com.mx\/wp-content\/uploads\/2020\/11\/1_1.png?resize=1080%2C502&amp;ssl=1 1080w, https:\/\/i0.wp.com\/pulsecoder.com.mx\/wp-content\/uploads\/2020\/11\/1_1.png?w=1328&amp;ssl=1 1328w\" sizes=\"(max-width: 696px) 100vw, 696px\" \/><figcaption><br>Figura 1. Promedio de la temperatura en verano de 1970 a 2000. Lineas s\u00f3lidas roja y azul senalan los tr\u00f3picos. Lineas punteadas verdes separan regiones por arriba de los 25 \u00b0C. Elaboraci\u00f3n propia a partir de datos de WorldClim (https:\/\/www.worldclim.org\/data\/worldclim21.html)<em>\u00a0(Fick, 2017)<\/em>.<\/figcaption><\/figure>\n\n\n\n<h2 class=\"wp-block-heading\"><em>Nuestro nicho<\/em><\/h2>\n\n\n\n<p>La temperatura es, sin lugar a duda, determinante para la supervivencia de la especie humana y ser\u00eda muy complicado definir que vegetaci\u00f3n o tipo de suelo se necesita para \u00a0su supervivencia, ya que se tiene la posibilidad de la resoluci\u00f3n de problemas en condiciones adversas. Si se restringiera el nicho ecol\u00f3gico de la especie humana a la temperatura, podr\u00eda suponerse, por ejemplo, que su establecimiento depender\u00eda de qu\u00e9 tan c\u00e1lido o fr\u00edo es un lugar, lo que conduce a cuestionar porqu\u00e9 la humanidad se establece en regiones donde las temperaturas durante los meses m\u00e1s fr\u00edos est\u00e1n por debajo de los -50 \u00b0C y en los meses m\u00e1s c\u00e1lidos por arriba de los 40 \u00b0C. Independientemente de todo el contexto, la respuesta es: porque puede. Tan es as\u00ed que, aunque en verano (estaci\u00f3n del a\u00f1o m\u00e1s c\u00e1lida) la temperatura de las regiones m\u00e1s cercanas a los polos est\u00e1 por debajo de los 25 \u00b0C (figura 1), cerca del 40% (figura 2) del consumo de generadores de aire acondicionado y refrigerantes est\u00e1 hecho por pa\u00edses en esas latitudes. Si se ve detenidamente esta idea, la figura 1 se muestra la distribuci\u00f3n de las temperaturas por regi\u00f3n en el mundo, En ella se puede notar que este 40% del consumo lo realizan, en su mayor\u00eda, pa\u00edses \u201cdesarrollados\u201d que te\u00f3ricamente no lo necesitar\u00edan, pues \u00a0tienen temperaturas alrededor de los 25 \u00b0C (regiones delimitadas por las l\u00edneas verdes) en los meses m\u00e1s c\u00e1lidos. Se debe acotar que si en temas de salud p\u00fablica y alimentaci\u00f3n se necesitar\u00eda aire acondicionado y refrigeraci\u00f3n, es cuestionable si ser\u00eda este 40% del consumo mundial registrado por la Asociaci\u00f3n de la Industria de Aire Acondicionado y Refrigeraci\u00f3n de Jap\u00f3n o The Japan Refrigeration and Air Condition Industry Association, (JRAIA , por sus siglas en ingl\u00e9s)\u00a0(JRAIA, 2019).<\/p>\n\n\n\n<figure class=\"wp-block-image size-large\"><img data-recalc-dims=\"1\" decoding=\"async\" width=\"696\" height=\"326\" src=\"https:\/\/i0.wp.com\/pulsecoder.com.mx\/wp-content\/uploads\/2020\/11\/1_2.png?resize=696%2C326&#038;ssl=1\" alt=\"\" class=\"wp-image-1026\" loading=\"lazy\" srcset=\"https:\/\/i0.wp.com\/pulsecoder.com.mx\/wp-content\/uploads\/2020\/11\/1_2.png?resize=1024%2C479&amp;ssl=1 1024w, https:\/\/i0.wp.com\/pulsecoder.com.mx\/wp-content\/uploads\/2020\/11\/1_2.png?resize=300%2C140&amp;ssl=1 300w, https:\/\/i0.wp.com\/pulsecoder.com.mx\/wp-content\/uploads\/2020\/11\/1_2.png?resize=768%2C360&amp;ssl=1 768w, https:\/\/i0.wp.com\/pulsecoder.com.mx\/wp-content\/uploads\/2020\/11\/1_2.png?resize=696%2C326&amp;ssl=1 696w, https:\/\/i0.wp.com\/pulsecoder.com.mx\/wp-content\/uploads\/2020\/11\/1_2.png?resize=1068%2C500&amp;ssl=1 1068w, https:\/\/i0.wp.com\/pulsecoder.com.mx\/wp-content\/uploads\/2020\/11\/1_2.png?resize=1080%2C506&amp;ssl=1 1080w, https:\/\/i0.wp.com\/pulsecoder.com.mx\/wp-content\/uploads\/2020\/11\/1_2.png?w=1320&amp;ssl=1 1320w\" sizes=\"(max-width: 696px) 100vw, 696px\" \/><figcaption><br>Figura 2. Promedio anual del consumo de aire acondicionado y refrigeraci\u00f3n. Las lineas punteadas verdes separan regiones por arriba de los 25 \u00b0C. Elaboraci\u00f3n \u00a0propia a partir de datos de JRAIA (The Japan Refrigeration and Air Conditioning Industry Association) del 2019<em>\u00a0(JRAIA, 2019)<\/em>.<\/figcaption><\/figure>\n\n\n\n<h2 class=\"wp-block-heading\"><em>La conclusi\u00f3n<\/em><\/h2>\n\n\n\n<p>El conocimiento de este peque\u00f1o ejemplo conduce a reflexionar acerca de qu\u00e9 tanto y de qu\u00e9 maneras estamos invadiendo el planeta, porque esta invasi\u00f3n podr\u00eda ser algo de lo cual no nos estamos percatando. La industria y el desarrollo tecnol\u00f3gico deber\u00edan ayudar en el buen desarrollo de la humanidad. Con esto nos referimos a hacer el esfuerzo de usar la percepci\u00f3n tecnol\u00f3gica y sensorial autom\u00e1tica de la que disponemos, es decir, es responsabilidad de la humanidad dejar de ignorar el medio y el contexto, as\u00ed como dejar la politizaci\u00f3n de las decisiones mundiales basadas en intereses sesgados, de tal manera podr\u00e1 construir una realidad diferente, para, entonces, tener una mejor calidad de vida con un mejor nicho ecol\u00f3gico. Debemos ir de la mano.<\/p>\n\n\n\n<h2 class=\"wp-block-heading\"><em>Bibliograf\u00eda<\/em><\/h2>\n\n\n\n<p>Bruno Arballo, E. K. (2016). Evaluaci\u00f3n de modelos de confort t\u00e9rmico para interiores. <em>Desarrollo Tecnol\u00f3gico regionalmente sustentable, https:\/\/scielo.conicyt.cl\/scielo.php?script=sci_arttext&amp;pid=S0719-07002019000200030<\/em>.<\/p>\n\n\n\n<p>Fick, S. a. (2017). <em>WorldClim<\/em>. R\u00e9cup\u00e9r\u00e9 sur WorldClim 2: new 1km spatial resolution climate surfaces for global land areas: https:\/\/www.worldclim.org\/data\/worldclim21.html<\/p>\n\n\n\n<p>IPCC. (2018). Framing and Context. In: Global Warming of 1.5\u00b0C. An IPCC Special Report on the impacts of global warming of 1.5\u00b0C above pre-industrial levels and related global greenhouse gas emission pathways, in the context of strengthening the global response\u2026 Dans M. O.-D. Allen, <em>Chapter 1<\/em> (pp. 49 \u2013 91).<\/p>\n\n\n\n<p>JRAIA. (2019). <em>World Air Conditioner Demand by Region.<\/em> Tokyo, Jap\u00f3n: The Japan Refrigeration and Air Conditioning Industry Association. Olga Le\u00f3n, O. V. (2009). Las especies invasoras: un reto para la restauraci\u00f3n ecol\u00f3gica. <em>https:\/\/www.researchgate.net\/publication\/264557346_Las_especies_invasoras_un_reto_para_la_restauracion_ecologica<\/em>, 19 \u2013 306.<\/p>\n<\/body>","protected":false},"excerpt":{"rendered":"<p>Es f\u00e1cil darse cuenta que los ordenamientos territoriales alrededor del mundo, en espec\u00edfico la urbanizaci\u00f3n, dejan de lado la delicada balanza donde se dan los nichos ecol\u00f3gicos de diferentes especies, es decir, las intersecciones de condiciones edafol\u00f3gicas, atmosf\u00e9ricas, de vegetaci\u00f3n, as\u00ed como el uso y tipo\u00a0de suelo que dan como resultado un contexto y definen [&hellip;]<\/p>\n","protected":false},"author":2,"featured_media":1029,"comment_status":"open","ping_status":"open","sticky":false,"template":"","format":"standard","meta":{"_et_pb_use_builder":"off","_et_pb_old_content":"","_et_gb_content_width":"","_monsterinsights_skip_tracking":false,"_jetpack_memberships_contains_paid_content":false,"footnotes":""},"categories":[28,39],"tags":[],"class_list":["post-1023","post","type-post","status-publish","format-standard","has-post-thumbnail","hentry","category-medio-ambiente","category-sociedad"],"yoast_head":"<!-- This site is optimized with the Yoast SEO plugin v25.5 - https:\/\/yoast.com\/wordpress\/plugins\/seo\/ -->\n<title>La profundidad de la invasi\u00f3n humana<\/title>\n<meta name=\"description\" content=\"Revista digital de innovaci\u00f3n, tecnolog\u00eda y sociedad de Xalapa M\u00e9xico. Grupo multidisciplinario, emprendedores digitales, comunidad tech.\" \/>\n<meta name=\"robots\" content=\"index, follow, max-snippet:-1, max-image-preview:large, max-video-preview:-1\" \/>\n<link rel=\"canonical\" href=\"https:\/\/pulsecoder.com.mx\/index.php\/2020\/11\/19\/la-profundidad-de-la-invasion-humana\/\" \/>\n<meta property=\"og:locale\" content=\"es_MX\" \/>\n<meta property=\"og:type\" content=\"article\" \/>\n<meta property=\"og:title\" content=\"La profundidad de la invasi\u00f3n humana\" \/>\n<meta property=\"og:description\" content=\"Revista digital de innovaci\u00f3n, tecnolog\u00eda y sociedad de Xalapa M\u00e9xico. Grupo multidisciplinario, emprendedores digitales, comunidad tech.\" \/>\n<meta property=\"og:url\" content=\"https:\/\/pulsecoder.com.mx\/index.php\/2020\/11\/19\/la-profundidad-de-la-invasion-humana\/\" \/>\n<meta property=\"og:site_name\" content=\"Pulsecoder\" \/>\n<meta property=\"article:publisher\" content=\"https:\/\/www.facebook.com\/PulsecoderMx\" \/>\n<meta property=\"article:published_time\" content=\"2020-11-19T02:38:17+00:00\" \/>\n<meta property=\"article:modified_time\" content=\"2020-11-19T02:38:20+00:00\" \/>\n<meta property=\"og:image\" content=\"https:\/\/i1.wp.com\/pulsecoder.com.mx\/wp-content\/uploads\/2020\/11\/Mapa-Logo1.png?fit=7150%2C3840&ssl=1\" \/>\n\t<meta property=\"og:image:width\" content=\"7150\" \/>\n\t<meta property=\"og:image:height\" content=\"3840\" \/>\n\t<meta property=\"og:image:type\" content=\"image\/png\" \/>\n<meta name=\"author\" content=\"Abraham Hern\u00e1ndez\" \/>\n<meta name=\"twitter:card\" content=\"summary_large_image\" \/>\n<meta name=\"twitter:creator\" content=\"@PulsecoderMx\" \/>\n<meta name=\"twitter:site\" content=\"@PulsecoderMx\" \/>\n<meta name=\"twitter:label1\" content=\"Escrito por\" \/>\n\t<meta name=\"twitter:data1\" content=\"Abraham Hern\u00e1ndez\" \/>\n\t<meta name=\"twitter:label2\" content=\"Tiempo de lectura\" \/>\n\t<meta name=\"twitter:data2\" content=\"8 minutos\" \/>\n<script type=\"application\/ld+json\" class=\"yoast-schema-graph\">{\"@context\":\"https:\/\/schema.org\",\"@graph\":[{\"@type\":\"Article\",\"@id\":\"https:\/\/pulsecoder.com.mx\/index.php\/2020\/11\/19\/la-profundidad-de-la-invasion-humana\/#article\",\"isPartOf\":{\"@id\":\"https:\/\/pulsecoder.com.mx\/index.php\/2020\/11\/19\/la-profundidad-de-la-invasion-humana\/\"},\"author\":{\"name\":\"Abraham Hern\u00e1ndez\",\"@id\":\"https:\/\/pulsecoder.com.mx\/#\/schema\/person\/1cf37afcc7f4c48255e706f18bb2e336\"},\"headline\":\"La profundidad de la invasi\u00f3n humana\",\"datePublished\":\"2020-11-19T02:38:17+00:00\",\"dateModified\":\"2020-11-19T02:38:20+00:00\",\"mainEntityOfPage\":{\"@id\":\"https:\/\/pulsecoder.com.mx\/index.php\/2020\/11\/19\/la-profundidad-de-la-invasion-humana\/\"},\"wordCount\":1539,\"commentCount\":0,\"publisher\":{\"@id\":\"https:\/\/pulsecoder.com.mx\/#organization\"},\"image\":{\"@id\":\"https:\/\/pulsecoder.com.mx\/index.php\/2020\/11\/19\/la-profundidad-de-la-invasion-humana\/#primaryimage\"},\"thumbnailUrl\":\"https:\/\/i0.wp.com\/pulsecoder.com.mx\/wp-content\/uploads\/2020\/11\/Mapa-Logo1.png?fit=7150%2C3840&ssl=1\",\"articleSection\":[\"Medio Ambiente\",\"Sociedad\"],\"inLanguage\":\"es\",\"potentialAction\":[{\"@type\":\"CommentAction\",\"name\":\"Comment\",\"target\":[\"https:\/\/pulsecoder.com.mx\/index.php\/2020\/11\/19\/la-profundidad-de-la-invasion-humana\/#respond\"]}]},{\"@type\":\"WebPage\",\"@id\":\"https:\/\/pulsecoder.com.mx\/index.php\/2020\/11\/19\/la-profundidad-de-la-invasion-humana\/\",\"url\":\"https:\/\/pulsecoder.com.mx\/index.php\/2020\/11\/19\/la-profundidad-de-la-invasion-humana\/\",\"name\":\"La profundidad de la invasi\u00f3n humana\",\"isPartOf\":{\"@id\":\"https:\/\/pulsecoder.com.mx\/#website\"},\"primaryImageOfPage\":{\"@id\":\"https:\/\/pulsecoder.com.mx\/index.php\/2020\/11\/19\/la-profundidad-de-la-invasion-humana\/#primaryimage\"},\"image\":{\"@id\":\"https:\/\/pulsecoder.com.mx\/index.php\/2020\/11\/19\/la-profundidad-de-la-invasion-humana\/#primaryimage\"},\"thumbnailUrl\":\"https:\/\/i0.wp.com\/pulsecoder.com.mx\/wp-content\/uploads\/2020\/11\/Mapa-Logo1.png?fit=7150%2C3840&ssl=1\",\"datePublished\":\"2020-11-19T02:38:17+00:00\",\"dateModified\":\"2020-11-19T02:38:20+00:00\",\"description\":\"Revista digital de innovaci\u00f3n, tecnolog\u00eda y sociedad de Xalapa M\u00e9xico. Grupo multidisciplinario, emprendedores digitales, comunidad tech.\",\"inLanguage\":\"es\",\"potentialAction\":[{\"@type\":\"ReadAction\",\"target\":[\"https:\/\/pulsecoder.com.mx\/index.php\/2020\/11\/19\/la-profundidad-de-la-invasion-humana\/\"]}]},{\"@type\":\"ImageObject\",\"inLanguage\":\"es\",\"@id\":\"https:\/\/pulsecoder.com.mx\/index.php\/2020\/11\/19\/la-profundidad-de-la-invasion-humana\/#primaryimage\",\"url\":\"https:\/\/i0.wp.com\/pulsecoder.com.mx\/wp-content\/uploads\/2020\/11\/Mapa-Logo1.png?fit=7150%2C3840&ssl=1\",\"contentUrl\":\"https:\/\/i0.wp.com\/pulsecoder.com.mx\/wp-content\/uploads\/2020\/11\/Mapa-Logo1.png?fit=7150%2C3840&ssl=1\",\"width\":7150,\"height\":3840},{\"@type\":\"WebSite\",\"@id\":\"https:\/\/pulsecoder.com.mx\/#website\",\"url\":\"https:\/\/pulsecoder.com.mx\/\",\"name\":\"Pulsecoder\",\"description\":\"Revista digital de tecnolog\u00eda, sociedad e Innovaci\u00f3n\",\"publisher\":{\"@id\":\"https:\/\/pulsecoder.com.mx\/#organization\"},\"potentialAction\":[{\"@type\":\"SearchAction\",\"target\":{\"@type\":\"EntryPoint\",\"urlTemplate\":\"https:\/\/pulsecoder.com.mx\/?s={search_term_string}\"},\"query-input\":{\"@type\":\"PropertyValueSpecification\",\"valueRequired\":true,\"valueName\":\"search_term_string\"}}],\"inLanguage\":\"es\"},{\"@type\":\"Organization\",\"@id\":\"https:\/\/pulsecoder.com.mx\/#organization\",\"name\":\"Pulse Coder Mx\",\"url\":\"https:\/\/pulsecoder.com.mx\/\",\"logo\":{\"@type\":\"ImageObject\",\"inLanguage\":\"es\",\"@id\":\"https:\/\/pulsecoder.com.mx\/#\/schema\/logo\/image\/\",\"url\":\"https:\/\/i0.wp.com\/pulsecoder.com.mx\/wp-content\/uploads\/2021\/10\/Web.png?fit=2047%2C1024&ssl=1\",\"contentUrl\":\"https:\/\/i0.wp.com\/pulsecoder.com.mx\/wp-content\/uploads\/2021\/10\/Web.png?fit=2047%2C1024&ssl=1\",\"width\":2047,\"height\":1024,\"caption\":\"Pulse Coder Mx\"},\"image\":{\"@id\":\"https:\/\/pulsecoder.com.mx\/#\/schema\/logo\/image\/\"},\"sameAs\":[\"https:\/\/www.facebook.com\/PulsecoderMx\",\"https:\/\/x.com\/PulsecoderMx\",\"https:\/\/www.instagram.com\/pulsecodermx\/\",\"https:\/\/www.youtube.com\/channel\/UCci7xZRoiIxGpkwEljqfF9A\"]},{\"@type\":\"Person\",\"@id\":\"https:\/\/pulsecoder.com.mx\/#\/schema\/person\/1cf37afcc7f4c48255e706f18bb2e336\",\"name\":\"Abraham Hern\u00e1ndez\",\"image\":{\"@type\":\"ImageObject\",\"inLanguage\":\"es\",\"@id\":\"https:\/\/pulsecoder.com.mx\/#\/schema\/person\/image\/\",\"url\":\"https:\/\/secure.gravatar.com\/avatar\/a8d65f2c016b6b27bd073d7692a378d4?s=96&d=mm&r=g\",\"contentUrl\":\"https:\/\/secure.gravatar.com\/avatar\/a8d65f2c016b6b27bd073d7692a378d4?s=96&d=mm&r=g\",\"caption\":\"Abraham Hern\u00e1ndez\"},\"description\":\"Cofundador y Articulista en Pulse Coder. Escribe sobre ciencia de la atmosfera y tecnolog\u00eda aplicada.\",\"url\":\"https:\/\/pulsecoder.com.mx\/index.php\/author\/abraham-hernandez\/\"}]}<\/script>\n<!-- \/ Yoast SEO plugin. -->","yoast_head_json":{"title":"La profundidad de la invasi\u00f3n humana","description":"Revista digital de innovaci\u00f3n, tecnolog\u00eda y sociedad de Xalapa M\u00e9xico. Grupo multidisciplinario, emprendedores digitales, comunidad tech.","robots":{"index":"index","follow":"follow","max-snippet":"max-snippet:-1","max-image-preview":"max-image-preview:large","max-video-preview":"max-video-preview:-1"},"canonical":"https:\/\/pulsecoder.com.mx\/index.php\/2020\/11\/19\/la-profundidad-de-la-invasion-humana\/","og_locale":"es_MX","og_type":"article","og_title":"La profundidad de la invasi\u00f3n humana","og_description":"Revista digital de innovaci\u00f3n, tecnolog\u00eda y sociedad de Xalapa M\u00e9xico. Grupo multidisciplinario, emprendedores digitales, comunidad tech.","og_url":"https:\/\/pulsecoder.com.mx\/index.php\/2020\/11\/19\/la-profundidad-de-la-invasion-humana\/","og_site_name":"Pulsecoder","article_publisher":"https:\/\/www.facebook.com\/PulsecoderMx","article_published_time":"2020-11-19T02:38:17+00:00","article_modified_time":"2020-11-19T02:38:20+00:00","og_image":[{"width":7150,"height":3840,"url":"https:\/\/i1.wp.com\/pulsecoder.com.mx\/wp-content\/uploads\/2020\/11\/Mapa-Logo1.png?fit=7150%2C3840&ssl=1","type":"image\/png"}],"author":"Abraham Hern\u00e1ndez","twitter_card":"summary_large_image","twitter_creator":"@PulsecoderMx","twitter_site":"@PulsecoderMx","twitter_misc":{"Escrito por":"Abraham Hern\u00e1ndez","Tiempo de lectura":"8 minutos"},"schema":{"@context":"https:\/\/schema.org","@graph":[{"@type":"Article","@id":"https:\/\/pulsecoder.com.mx\/index.php\/2020\/11\/19\/la-profundidad-de-la-invasion-humana\/#article","isPartOf":{"@id":"https:\/\/pulsecoder.com.mx\/index.php\/2020\/11\/19\/la-profundidad-de-la-invasion-humana\/"},"author":{"name":"Abraham Hern\u00e1ndez","@id":"https:\/\/pulsecoder.com.mx\/#\/schema\/person\/1cf37afcc7f4c48255e706f18bb2e336"},"headline":"La profundidad de la invasi\u00f3n humana","datePublished":"2020-11-19T02:38:17+00:00","dateModified":"2020-11-19T02:38:20+00:00","mainEntityOfPage":{"@id":"https:\/\/pulsecoder.com.mx\/index.php\/2020\/11\/19\/la-profundidad-de-la-invasion-humana\/"},"wordCount":1539,"commentCount":0,"publisher":{"@id":"https:\/\/pulsecoder.com.mx\/#organization"},"image":{"@id":"https:\/\/pulsecoder.com.mx\/index.php\/2020\/11\/19\/la-profundidad-de-la-invasion-humana\/#primaryimage"},"thumbnailUrl":"https:\/\/i0.wp.com\/pulsecoder.com.mx\/wp-content\/uploads\/2020\/11\/Mapa-Logo1.png?fit=7150%2C3840&ssl=1","articleSection":["Medio Ambiente","Sociedad"],"inLanguage":"es","potentialAction":[{"@type":"CommentAction","name":"Comment","target":["https:\/\/pulsecoder.com.mx\/index.php\/2020\/11\/19\/la-profundidad-de-la-invasion-humana\/#respond"]}]},{"@type":"WebPage","@id":"https:\/\/pulsecoder.com.mx\/index.php\/2020\/11\/19\/la-profundidad-de-la-invasion-humana\/","url":"https:\/\/pulsecoder.com.mx\/index.php\/2020\/11\/19\/la-profundidad-de-la-invasion-humana\/","name":"La profundidad de la invasi\u00f3n humana","isPartOf":{"@id":"https:\/\/pulsecoder.com.mx\/#website"},"primaryImageOfPage":{"@id":"https:\/\/pulsecoder.com.mx\/index.php\/2020\/11\/19\/la-profundidad-de-la-invasion-humana\/#primaryimage"},"image":{"@id":"https:\/\/pulsecoder.com.mx\/index.php\/2020\/11\/19\/la-profundidad-de-la-invasion-humana\/#primaryimage"},"thumbnailUrl":"https:\/\/i0.wp.com\/pulsecoder.com.mx\/wp-content\/uploads\/2020\/11\/Mapa-Logo1.png?fit=7150%2C3840&ssl=1","datePublished":"2020-11-19T02:38:17+00:00","dateModified":"2020-11-19T02:38:20+00:00","description":"Revista digital de innovaci\u00f3n, tecnolog\u00eda y sociedad de Xalapa M\u00e9xico. Grupo multidisciplinario, emprendedores digitales, comunidad tech.","inLanguage":"es","potentialAction":[{"@type":"ReadAction","target":["https:\/\/pulsecoder.com.mx\/index.php\/2020\/11\/19\/la-profundidad-de-la-invasion-humana\/"]}]},{"@type":"ImageObject","inLanguage":"es","@id":"https:\/\/pulsecoder.com.mx\/index.php\/2020\/11\/19\/la-profundidad-de-la-invasion-humana\/#primaryimage","url":"https:\/\/i0.wp.com\/pulsecoder.com.mx\/wp-content\/uploads\/2020\/11\/Mapa-Logo1.png?fit=7150%2C3840&ssl=1","contentUrl":"https:\/\/i0.wp.com\/pulsecoder.com.mx\/wp-content\/uploads\/2020\/11\/Mapa-Logo1.png?fit=7150%2C3840&ssl=1","width":7150,"height":3840},{"@type":"WebSite","@id":"https:\/\/pulsecoder.com.mx\/#website","url":"https:\/\/pulsecoder.com.mx\/","name":"Pulsecoder","description":"Revista digital de tecnolog\u00eda, sociedad e Innovaci\u00f3n","publisher":{"@id":"https:\/\/pulsecoder.com.mx\/#organization"},"potentialAction":[{"@type":"SearchAction","target":{"@type":"EntryPoint","urlTemplate":"https:\/\/pulsecoder.com.mx\/?s={search_term_string}"},"query-input":{"@type":"PropertyValueSpecification","valueRequired":true,"valueName":"search_term_string"}}],"inLanguage":"es"},{"@type":"Organization","@id":"https:\/\/pulsecoder.com.mx\/#organization","name":"Pulse Coder Mx","url":"https:\/\/pulsecoder.com.mx\/","logo":{"@type":"ImageObject","inLanguage":"es","@id":"https:\/\/pulsecoder.com.mx\/#\/schema\/logo\/image\/","url":"https:\/\/i0.wp.com\/pulsecoder.com.mx\/wp-content\/uploads\/2021\/10\/Web.png?fit=2047%2C1024&ssl=1","contentUrl":"https:\/\/i0.wp.com\/pulsecoder.com.mx\/wp-content\/uploads\/2021\/10\/Web.png?fit=2047%2C1024&ssl=1","width":2047,"height":1024,"caption":"Pulse Coder Mx"},"image":{"@id":"https:\/\/pulsecoder.com.mx\/#\/schema\/logo\/image\/"},"sameAs":["https:\/\/www.facebook.com\/PulsecoderMx","https:\/\/x.com\/PulsecoderMx","https:\/\/www.instagram.com\/pulsecodermx\/","https:\/\/www.youtube.com\/channel\/UCci7xZRoiIxGpkwEljqfF9A"]},{"@type":"Person","@id":"https:\/\/pulsecoder.com.mx\/#\/schema\/person\/1cf37afcc7f4c48255e706f18bb2e336","name":"Abraham Hern\u00e1ndez","image":{"@type":"ImageObject","inLanguage":"es","@id":"https:\/\/pulsecoder.com.mx\/#\/schema\/person\/image\/","url":"https:\/\/secure.gravatar.com\/avatar\/a8d65f2c016b6b27bd073d7692a378d4?s=96&d=mm&r=g","contentUrl":"https:\/\/secure.gravatar.com\/avatar\/a8d65f2c016b6b27bd073d7692a378d4?s=96&d=mm&r=g","caption":"Abraham Hern\u00e1ndez"},"description":"Cofundador y Articulista en Pulse Coder. Escribe sobre ciencia de la atmosfera y tecnolog\u00eda aplicada.","url":"https:\/\/pulsecoder.com.mx\/index.php\/author\/abraham-hernandez\/"}]}},"jetpack_featured_media_url":"https:\/\/i0.wp.com\/pulsecoder.com.mx\/wp-content\/uploads\/2020\/11\/Mapa-Logo1.png?fit=7150%2C3840&ssl=1","jetpack_sharing_enabled":true,"amp_enabled":true,"_links":{"self":[{"href":"https:\/\/pulsecoder.com.mx\/index.php\/wp-json\/wp\/v2\/posts\/1023"}],"collection":[{"href":"https:\/\/pulsecoder.com.mx\/index.php\/wp-json\/wp\/v2\/posts"}],"about":[{"href":"https:\/\/pulsecoder.com.mx\/index.php\/wp-json\/wp\/v2\/types\/post"}],"author":[{"embeddable":true,"href":"https:\/\/pulsecoder.com.mx\/index.php\/wp-json\/wp\/v2\/users\/2"}],"replies":[{"embeddable":true,"href":"https:\/\/pulsecoder.com.mx\/index.php\/wp-json\/wp\/v2\/comments?post=1023"}],"version-history":[{"count":2,"href":"https:\/\/pulsecoder.com.mx\/index.php\/wp-json\/wp\/v2\/posts\/1023\/revisions"}],"predecessor-version":[{"id":1028,"href":"https:\/\/pulsecoder.com.mx\/index.php\/wp-json\/wp\/v2\/posts\/1023\/revisions\/1028"}],"wp:featuredmedia":[{"embeddable":true,"href":"https:\/\/pulsecoder.com.mx\/index.php\/wp-json\/wp\/v2\/media\/1029"}],"wp:attachment":[{"href":"https:\/\/pulsecoder.com.mx\/index.php\/wp-json\/wp\/v2\/media?parent=1023"}],"wp:term":[{"taxonomy":"category","embeddable":true,"href":"https:\/\/pulsecoder.com.mx\/index.php\/wp-json\/wp\/v2\/categories?post=1023"},{"taxonomy":"post_tag","embeddable":true,"href":"https:\/\/pulsecoder.com.mx\/index.php\/wp-json\/wp\/v2\/tags?post=1023"}],"curies":[{"name":"wp","href":"https:\/\/api.w.org\/{rel}","templated":true}]}}