{"id":1757,"date":"2021-09-07T10:27:00","date_gmt":"2021-09-07T10:27:00","guid":{"rendered":"https:\/\/pulsecoder.com.mx\/?p=1757"},"modified":"2022-02-22T05:15:35","modified_gmt":"2022-02-22T05:15:35","slug":"metricas-del-clima-extremo-las-claves-para-la-accion-humana","status":"publish","type":"post","link":"https:\/\/pulsecoder.com.mx\/index.php\/2021\/09\/07\/metricas-del-clima-extremo-las-claves-para-la-accion-humana\/","title":{"rendered":"M\u00e9tricas del clima extremo: las claves para la acci\u00f3n humana"},"content":{"rendered":"<body>\n<p class=\"has-text-align-justify\">El clima extremo es la nueva normalidad. Ahora es m\u00e1s c\u00e1lido, m\u00e1s fr\u00edo, m\u00e1s seco, m\u00e1s intenso y con temporales m\u00e1s largos. En el norte, sur o tr\u00f3picos, se han alcanzado nuevos registros.<\/p>\n\n\n\n<p class=\"has-text-align-justify\">De distintas latitudes del mundo, cient\u00edficos hab\u00edan advertido continuamente sobre el aumento de las condiciones clim\u00e1ticas extremas y, pese a ello, cada vez que ocurre un desastre, la siguiente pregunta a\u00fan es: \u00bfEsto es consecuencia del cambio clim\u00e1tico?<\/p>\n\n\n\n<p class=\"has-text-align-justify\">Lo que acontece este verano en el suroeste de Alemania y Europa central, regiones de China, EEUU, M\u00e9xico y Latinoam\u00e9rica, nos insta a buscar soluciones en nuestra capacidad de organizaci\u00f3n social e interacci\u00f3n con el medio ambiente. Tambi\u00e9n, ejercer presi\u00f3n a los gobiernos propios para alcanzar un marco clim\u00e1tico global eficaz y actualizado, proveniente de las sociedades y no de las corporaciones globales.<\/p>\n\n\n\n<p class=\"has-text-align-justify\">Se han se\u00f1alado diversos factores que dan origen a las perturbaciones clim\u00e1ticas que causan mucho da\u00f1o a la vida y la propiedad, lo que a su vez causa problemas para la salud y la econom\u00eda. No obstante, \u00e9sta \u00faltima, en su modelo sistem\u00e1tico de crecimiento, necesita adem\u00e1s de una revisi\u00f3n a fondo, un cambio real.<\/p>\n\n\n\n<p class=\"has-text-align-justify\">La ONU, en el informe ODS de 2018, ya anunciaba que \u201clas econom\u00edas han agotado la capacidad delos ecosistemas del planeta para gestionar los residuos generados por el consumo de materiales y energ\u00eda\u201d. \u201cDisociar el crecimiento econ\u00f3mico del consumo de recursos es uno de los retos m\u00e1s complejos y cruciales a los que se enfrenta la humanidad hoy en d\u00eda\u201d. Sin embargo, la fijaci\u00f3n por el crecimiento la celebran pol\u00edticos y economistas de todo el mundo, como el factor clave para que la econom\u00eda siga creciendo. Se nos dice qu\u00e9, sin consumo, no hay crecimiento econ\u00f3mico.<\/p>\n\n\n\n<h2 class=\"wp-block-heading\" id=\"el-margen-adicional\">El margen adicional<\/h2>\n\n\n\n<div class=\"wp-block-image wp-duotone-000000-00a5ff-1\"><figure class=\"aligncenter size-full\"><img data-recalc-dims=\"1\" decoding=\"async\" width=\"630\" height=\"262\" src=\"https:\/\/i0.wp.com\/pulsecoder.com.mx\/wp-content\/uploads\/2021\/10\/record.png?resize=630%2C262&#038;ssl=1\" alt=\"\" class=\"wp-image-1759\" loading=\"lazy\" srcset=\"https:\/\/i0.wp.com\/pulsecoder.com.mx\/wp-content\/uploads\/2021\/10\/record.png?w=630&amp;ssl=1 630w, https:\/\/i0.wp.com\/pulsecoder.com.mx\/wp-content\/uploads\/2021\/10\/record.png?resize=300%2C125&amp;ssl=1 300w\" sizes=\"(max-width: 630px) 100vw, 630px\" \/><figcaption>El r\u00e9gimen comercial de bonos para derecho de emisiones de CO2, y el margen adicional de emisiones, no ha frenado el crecimiento de gases carb\u00f3nicos en la atm\u00f3sfera. En un periodo de 3 a\u00f1os, hubo un incremento de 6 mil millones de toneladas de C02, pese a la pandemia y el paro del tr\u00e1fico a\u00e9reo a nivel internacional.<\/figcaption><\/figure><\/div>\n\n\n\n<h2 class=\"wp-block-heading\" id=\"la-capacidad-de-data\">La capacidad de \u201cdata\u201d<\/h2>\n\n\n\n<p class=\"has-text-align-justify\">En 250 a\u00f1os, el ser humano ha logrado aumentar la temperatura del planeta 1 grado celsius. Mucha de esta informaci\u00f3n es estudiada por estaciones meteorol\u00f3gicas de todo el globo. Tambi\u00e9n est\u00e1n las mediciones hechas por sat\u00e9lites que orbitan el planeta, donde, con la ayuda diferentes tipos de laceres, se puede obtener informaci\u00f3n sobre la interacci\u00f3n de las 5 capas que integran la atm\u00f3sfera, en una escala descendente a nivel terrestre. <\/p>\n\n\n\n<p class=\"has-text-align-justify\">Las se\u00f1ales son convertidas en unidades e indicadores num\u00e9ricos, para despu\u00e9s, usarse como materia prima de los cient\u00edficos, y tratar de descifrar los datos que producen los fen\u00f3menos y anomal\u00edas del clima.<\/p>\n\n\n\n<p>Con estos centros de informaci\u00f3n se puede monitorear:<\/p>\n\n\n\n<div class=\"wp-block-columns is-layout-flex wp-container-core-columns-is-layout-1 wp-block-columns-is-layout-flex\">\n<div class=\"wp-block-column is-layout-flow wp-block-column-is-layout-flow\" style=\"flex-basis:100%\">\n<ul class=\"wp-block-list\"><li>El nivel del mar<\/li><li>La concentraci\u00f3n de gases en la atm\u00f3sfera<\/li><li>Radiaci\u00f3n Solar<\/li><li>Actividad Solar<\/li><\/ul>\n\n\n\n<div class=\"wp-block-image\"><figure class=\"aligncenter size-full\"><img data-recalc-dims=\"1\" decoding=\"async\" width=\"565\" height=\"375\" src=\"https:\/\/i0.wp.com\/pulsecoder.com.mx\/wp-content\/uploads\/2021\/10\/Metrics.png?resize=565%2C375&#038;ssl=1\" alt=\"\" class=\"wp-image-1760\" loading=\"lazy\" srcset=\"https:\/\/i0.wp.com\/pulsecoder.com.mx\/wp-content\/uploads\/2021\/10\/Metrics.png?w=565&amp;ssl=1 565w, https:\/\/i0.wp.com\/pulsecoder.com.mx\/wp-content\/uploads\/2021\/10\/Metrics.png?resize=300%2C199&amp;ssl=1 300w\" sizes=\"(max-width: 565px) 100vw, 565px\" \/><figcaption>El sat\u00e9lite Discovery, completa una vuelta a la tierra en un lapso de 90 minutos, con direcci\u00f3n del polo norte al sur. Su objetivo  es registrar un masivo mapeo de datos, gracias al uso de un poderoso laser que emite 20 pulsos por segundo. El modelo se elabora posteriormente en un render y, con los datos gr\u00e1ficos, se puede medir (entre muchas otras cantidades) la capacidad de absorci\u00f3n de C0\u2033 en los oc\u00e9anos. <\/figcaption><\/figure><\/div>\n\n\n\n<h2 class=\"wp-block-heading\" id=\"antecedentes-y-causas-de-las-condiciones-climaticas-extremas\">Antecedentes y causas de las condiciones clim\u00e1ticas extremas<\/h2>\n\n\n\n<ul class=\"wp-block-list\"><li>Desde 1970, nuestra temperatura global promedio ha aumentado 0.9 grados Fahrenheit  (0.5 grados Celsius).<\/li><li>A escala planetaria, peque\u00f1os cambios de temperatura pueden hacer que el planeta se congele o se fr\u00ede.<\/li><li>A medida que los oc\u00e9anos del planeta se calientan, el aumento de temperatura hace que se evapore m\u00e1s humedad en la atm\u00f3sfera.<\/li><li>Cuanta m\u00e1s agua haya en la atm\u00f3sfera, mayores ser\u00e1n las posibilidades de lluvias extremadamente intensas.<\/li><li>La creciente densidad de poblaci\u00f3n en las zonas rurales se traduce en una mayor generaci\u00f3n de residuos. Junto con una mala gesti\u00f3n de los residuos, el resultado son las inundaciones.<\/li><li>La continua degradaci\u00f3n de los bosques y otros recursos naturales.<\/li><li>85% de las necesidades energ\u00e9ticas mundiales, son cubiertos por combustibles f\u00f3siles.<\/li><li>Nuestras necesidades de energ\u00eda est\u00e1 en aumento, la perspectiva se duplicar\u00e1 para el a\u00f1o 2050.<\/li><li>Una b\u00fasqueda en internet genera una media de 120 gramos de di\u00f3xido de carbono. S\u00ed, queremos hacer un calculo, basta con multiplicar por un n\u00famero et\u00e9reo.<\/li><li>Un post en facebook, genera una media de 269 gramos de C02<\/li><li>El minado de Bitcoin consume 20 terawatts por hora<\/li><li>Una sola transacci\u00f3n de bitcoines consume al d\u00eda, tanta energ\u00eda como 7 casas en un pa\u00eds similar a Alemania<\/li><li>Si internet fuera un pa\u00eds, este ser\u00eda el tercer mayor consumidor de energ\u00eda el\u00e9ctrica en el planeta<\/li><\/ul>\n<\/div>\n<\/div>\n\n\n\n<h2 class=\"wp-block-heading\" id=\"los-esfuerzos-futuros-seran-altamente-colaborativos\">Los esfuerzos futuros ser\u00e1n altamente colaborativos<\/h2>\n\n\n\n<p class=\"has-text-align-justify\">Desde el momento actual donde nos encontramos, debemos alertar a cambios significativos que tengan impacto para el planeta. Un nivel de acci\u00f3n con nuevos enfoques en nuestros comportamientos de consumo que, de una u otra forma, ayuden a mermar el da\u00f1o infringido al medio ambiente, como gran objetivo futuro de la humanidad.<\/p>\n\n\n\n<p class=\"has-text-align-justify\">Los ni\u00f1os, j\u00f3venes y adultos, tenemos el gran reto de generar la fuerza necesaria para alcanzar un cambio de pol\u00edticas y comportamientos de consumo, que puedan mejorar los aspectos medioambientales a nivel local y regional. La clave est\u00e1 en convertirnos en ciudadanos que identifiquen problem\u00e1ticas, tomar acci\u00f3n bajo conceptos de organizaci\u00f3n, creatividad e innovaci\u00f3n, como el motor que nos incluya asumir, que de no actuar desde ahora, probablemente tengamos que atravesar el periodo de considerable desorden clim\u00e1tico y de supervivencia.<\/p>\n\n\n\n<p class=\"has-text-align-justify\">La disoluci\u00f3n del sistema existente que hoy impera y conocemos, nos ha dado las se\u00f1ales suficientes que nos conducen a una nueva realidad.<\/p>\n\n\n\n<p>Referencias:<\/p>\n\n\n\n<p><a href=\"https:\/\/sdgs.un.org\/publications\/agenda21\">Agenda 21 | Department of Economic and Social Affairs (un.org)<\/a><\/p>\n\n\n\n<p><a href=\"https:\/\/unstats.un.org\/sdgs\/files\/report\/2018\/TheSustainableDevelopmentGoalsReport2018-ES.pdf\">https:\/\/unstats.un.org\/sdgs\/files\/report\/2018\/TheSustainableDevelopmentGoalsReport2018-ES.pdf<\/a><\/p>\n<\/body>","protected":false},"excerpt":{"rendered":"<p>El clima extremo es la nueva normalidad. Ahora es m\u00e1s c\u00e1lido, m\u00e1s fr\u00edo, m\u00e1s seco, m\u00e1s intenso y con temporales m\u00e1s largos. En el norte, sur o tr\u00f3picos, se han alcanzado nuevos registros. De distintas latitudes del mundo, cient\u00edficos hab\u00edan advertido continuamente sobre el aumento de las condiciones clim\u00e1ticas extremas y, pese a ello, cada [&hellip;]<\/p>\n","protected":false},"author":6,"featured_media":1758,"comment_status":"open","ping_status":"open","sticky":false,"template":"","format":"standard","meta":{"_et_pb_use_builder":"off","_et_pb_old_content":"","_et_gb_content_width":"","_monsterinsights_skip_tracking":false,"_jetpack_memberships_contains_paid_content":false,"footnotes":""},"categories":[28],"tags":[467,65,527,143,485,531,281,432,522,529,101,352,524,144,523,526,487,93,430,500,530,528,459,532,525,521],"class_list":["post-1757","post","type-post","status-publish","format-standard","has-post-thumbnail","hentry","category-medio-ambiente","tag-ambiental","tag-cambio-climatico","tag-clima-extremo","tag-co2","tag-combustibles-fosiles","tag-concentracion-de-gases","tag-crecimiento-economico","tag-data","tag-discovery","tag-ecosistemas","tag-emisiones","tag-energia","tag-esacalas","tag-gases-de-efecto-invernadero","tag-indicadores","tag-mapeo","tag-margen-adicional","tag-metricas-2","tag-monitoreo","tag-norte-global","tag-oceanos","tag-ods","tag-onu","tag-post","tag-render","tag-satelite"],"yoast_head":"<!-- This site is optimized with the Yoast SEO plugin v25.5 - https:\/\/yoast.com\/wordpress\/plugins\/seo\/ -->\n<title>M\u00e9tricas del clima extremo: las claves para la acci\u00f3n humana<\/title>\n<meta name=\"description\" content=\"La disoluci\u00f3n de los sistemas existentes que hoy imperan, han dado se\u00f1ales suficientes para un cambio urgente en la nueva realidad clim\u00e1tica\" \/>\n<meta name=\"robots\" content=\"index, follow, max-snippet:-1, max-image-preview:large, max-video-preview:-1\" \/>\n<link rel=\"canonical\" href=\"https:\/\/pulsecoder.com.mx\/index.php\/2021\/09\/07\/metricas-del-clima-extremo-las-claves-para-la-accion-humana\/\" \/>\n<meta property=\"og:locale\" content=\"es_MX\" \/>\n<meta property=\"og:type\" content=\"article\" \/>\n<meta property=\"og:title\" content=\"M\u00e9tricas del clima extremo: las claves para la acci\u00f3n humana\" \/>\n<meta property=\"og:description\" content=\"La disoluci\u00f3n de los sistemas existentes que hoy imperan, han dado se\u00f1ales suficientes para un cambio urgente en la nueva realidad clim\u00e1tica\" \/>\n<meta property=\"og:url\" content=\"https:\/\/pulsecoder.com.mx\/index.php\/2021\/09\/07\/metricas-del-clima-extremo-las-claves-para-la-accion-humana\/\" \/>\n<meta property=\"og:site_name\" content=\"Pulsecoder\" \/>\n<meta property=\"article:publisher\" content=\"https:\/\/www.facebook.com\/PulsecoderMx\" \/>\n<meta property=\"article:published_time\" content=\"2021-09-07T10:27:00+00:00\" \/>\n<meta property=\"article:modified_time\" content=\"2022-02-22T05:15:35+00:00\" \/>\n<meta property=\"og:image\" content=\"https:\/\/pulsecoder.com.mx\/wp-content\/uploads\/2021\/10\/metricsII_web.png\" \/>\n\t<meta property=\"og:image:width\" content=\"1200\" \/>\n\t<meta property=\"og:image:height\" content=\"675\" \/>\n\t<meta property=\"og:image:type\" content=\"image\/png\" \/>\n<meta name=\"author\" content=\"Paula Campos\" \/>\n<meta name=\"twitter:card\" content=\"summary_large_image\" \/>\n<meta name=\"twitter:title\" content=\"M\u00e9tricas del clima extremo: las claves para la acci\u00f3n humana\" \/>\n<meta name=\"twitter:description\" content=\"La disoluci\u00f3n de los sistemas existentes que hoy imperan, han dado se\u00f1ales suficientes para un cambio urgente en la nueva realidad clim\u00e1tica\" \/>\n<meta name=\"twitter:image\" content=\"https:\/\/i0.wp.com\/pulsecoder.com.mx\/wp-content\/uploads\/2021\/10\/metricsII_web.png?fit=1200%2C675&ssl=1\" \/>\n<meta name=\"twitter:creator\" content=\"@PulsecoderMx\" \/>\n<meta name=\"twitter:site\" content=\"@PulsecoderMx\" \/>\n<meta name=\"twitter:label1\" content=\"Escrito por\" \/>\n\t<meta name=\"twitter:data1\" content=\"Paula Campos\" \/>\n\t<meta name=\"twitter:label2\" content=\"Tiempo de lectura\" \/>\n\t<meta name=\"twitter:data2\" content=\"5 minutos\" \/>\n<script type=\"application\/ld+json\" class=\"yoast-schema-graph\">{\"@context\":\"https:\/\/schema.org\",\"@graph\":[{\"@type\":\"Article\",\"@id\":\"https:\/\/pulsecoder.com.mx\/index.php\/2021\/09\/07\/metricas-del-clima-extremo-las-claves-para-la-accion-humana\/#article\",\"isPartOf\":{\"@id\":\"https:\/\/pulsecoder.com.mx\/index.php\/2021\/09\/07\/metricas-del-clima-extremo-las-claves-para-la-accion-humana\/\"},\"author\":{\"name\":\"Paula Campos\",\"@id\":\"https:\/\/pulsecoder.com.mx\/#\/schema\/person\/ae96446d3a5965f0028dd5154d8c77b4\"},\"headline\":\"M\u00e9tricas del clima extremo: las claves para la acci\u00f3n humana\",\"datePublished\":\"2021-09-07T10:27:00+00:00\",\"dateModified\":\"2022-02-22T05:15:35+00:00\",\"mainEntityOfPage\":{\"@id\":\"https:\/\/pulsecoder.com.mx\/index.php\/2021\/09\/07\/metricas-del-clima-extremo-las-claves-para-la-accion-humana\/\"},\"wordCount\":1057,\"commentCount\":0,\"publisher\":{\"@id\":\"https:\/\/pulsecoder.com.mx\/#organization\"},\"image\":{\"@id\":\"https:\/\/pulsecoder.com.mx\/index.php\/2021\/09\/07\/metricas-del-clima-extremo-las-claves-para-la-accion-humana\/#primaryimage\"},\"thumbnailUrl\":\"https:\/\/i0.wp.com\/pulsecoder.com.mx\/wp-content\/uploads\/2021\/10\/metricsII_web.png?fit=1200%2C675&ssl=1\",\"keywords\":[\"AMBIENTAL\",\"Cambio clim\u00e1tico\",\"Clima Extremo\",\"CO2\",\"Combustibles f\u00f3siles\",\"Concentraci\u00f3n de gases\",\"Crecimiento econ\u00f3mico\",\"Data\",\"Discovery\",\"Ecosistemas\",\"Emisiones\",\"Energ\u00eda\",\"Esacalas\",\"Gases de efecto invernadero\",\"Indicadores\",\"Mapeo\",\"Margen Adicional\",\"M\u00e9tricas\",\"Monitoreo\",\"Norte Global\",\"Oc\u00e9anos\",\"ODS\",\"ONU\",\"Post\",\"Render\",\"Sat\u00e9lite\"],\"articleSection\":[\"Medio Ambiente\"],\"inLanguage\":\"es\",\"potentialAction\":[{\"@type\":\"CommentAction\",\"name\":\"Comment\",\"target\":[\"https:\/\/pulsecoder.com.mx\/index.php\/2021\/09\/07\/metricas-del-clima-extremo-las-claves-para-la-accion-humana\/#respond\"]}]},{\"@type\":\"WebPage\",\"@id\":\"https:\/\/pulsecoder.com.mx\/index.php\/2021\/09\/07\/metricas-del-clima-extremo-las-claves-para-la-accion-humana\/\",\"url\":\"https:\/\/pulsecoder.com.mx\/index.php\/2021\/09\/07\/metricas-del-clima-extremo-las-claves-para-la-accion-humana\/\",\"name\":\"M\u00e9tricas del clima extremo: las claves para la acci\u00f3n humana\",\"isPartOf\":{\"@id\":\"https:\/\/pulsecoder.com.mx\/#website\"},\"primaryImageOfPage\":{\"@id\":\"https:\/\/pulsecoder.com.mx\/index.php\/2021\/09\/07\/metricas-del-clima-extremo-las-claves-para-la-accion-humana\/#primaryimage\"},\"image\":{\"@id\":\"https:\/\/pulsecoder.com.mx\/index.php\/2021\/09\/07\/metricas-del-clima-extremo-las-claves-para-la-accion-humana\/#primaryimage\"},\"thumbnailUrl\":\"https:\/\/i0.wp.com\/pulsecoder.com.mx\/wp-content\/uploads\/2021\/10\/metricsII_web.png?fit=1200%2C675&ssl=1\",\"datePublished\":\"2021-09-07T10:27:00+00:00\",\"dateModified\":\"2022-02-22T05:15:35+00:00\",\"description\":\"La disoluci\u00f3n de los sistemas existentes que hoy imperan, han dado se\u00f1ales suficientes para un cambio urgente en la nueva realidad clim\u00e1tica\",\"inLanguage\":\"es\",\"potentialAction\":[{\"@type\":\"ReadAction\",\"target\":[\"https:\/\/pulsecoder.com.mx\/index.php\/2021\/09\/07\/metricas-del-clima-extremo-las-claves-para-la-accion-humana\/\"]}]},{\"@type\":\"ImageObject\",\"inLanguage\":\"es\",\"@id\":\"https:\/\/pulsecoder.com.mx\/index.php\/2021\/09\/07\/metricas-del-clima-extremo-las-claves-para-la-accion-humana\/#primaryimage\",\"url\":\"https:\/\/i0.wp.com\/pulsecoder.com.mx\/wp-content\/uploads\/2021\/10\/metricsII_web.png?fit=1200%2C675&ssl=1\",\"contentUrl\":\"https:\/\/i0.wp.com\/pulsecoder.com.mx\/wp-content\/uploads\/2021\/10\/metricsII_web.png?fit=1200%2C675&ssl=1\",\"width\":1200,\"height\":675},{\"@type\":\"WebSite\",\"@id\":\"https:\/\/pulsecoder.com.mx\/#website\",\"url\":\"https:\/\/pulsecoder.com.mx\/\",\"name\":\"Pulsecoder\",\"description\":\"Revista digital de tecnolog\u00eda, sociedad e Innovaci\u00f3n\",\"publisher\":{\"@id\":\"https:\/\/pulsecoder.com.mx\/#organization\"},\"potentialAction\":[{\"@type\":\"SearchAction\",\"target\":{\"@type\":\"EntryPoint\",\"urlTemplate\":\"https:\/\/pulsecoder.com.mx\/?s={search_term_string}\"},\"query-input\":{\"@type\":\"PropertyValueSpecification\",\"valueRequired\":true,\"valueName\":\"search_term_string\"}}],\"inLanguage\":\"es\"},{\"@type\":\"Organization\",\"@id\":\"https:\/\/pulsecoder.com.mx\/#organization\",\"name\":\"Pulse Coder Mx\",\"url\":\"https:\/\/pulsecoder.com.mx\/\",\"logo\":{\"@type\":\"ImageObject\",\"inLanguage\":\"es\",\"@id\":\"https:\/\/pulsecoder.com.mx\/#\/schema\/logo\/image\/\",\"url\":\"https:\/\/i0.wp.com\/pulsecoder.com.mx\/wp-content\/uploads\/2021\/10\/Web.png?fit=2047%2C1024&ssl=1\",\"contentUrl\":\"https:\/\/i0.wp.com\/pulsecoder.com.mx\/wp-content\/uploads\/2021\/10\/Web.png?fit=2047%2C1024&ssl=1\",\"width\":2047,\"height\":1024,\"caption\":\"Pulse Coder Mx\"},\"image\":{\"@id\":\"https:\/\/pulsecoder.com.mx\/#\/schema\/logo\/image\/\"},\"sameAs\":[\"https:\/\/www.facebook.com\/PulsecoderMx\",\"https:\/\/x.com\/PulsecoderMx\",\"https:\/\/www.instagram.com\/pulsecodermx\/\",\"https:\/\/www.youtube.com\/channel\/UCci7xZRoiIxGpkwEljqfF9A\"]},{\"@type\":\"Person\",\"@id\":\"https:\/\/pulsecoder.com.mx\/#\/schema\/person\/ae96446d3a5965f0028dd5154d8c77b4\",\"name\":\"Paula Campos\",\"image\":{\"@type\":\"ImageObject\",\"inLanguage\":\"es\",\"@id\":\"https:\/\/pulsecoder.com.mx\/#\/schema\/person\/image\/\",\"url\":\"https:\/\/secure.gravatar.com\/avatar\/e1ab72df5f67809d6c753f9b51cc4fa9?s=96&d=mm&r=g\",\"contentUrl\":\"https:\/\/secure.gravatar.com\/avatar\/e1ab72df5f67809d6c753f9b51cc4fa9?s=96&d=mm&r=g\",\"caption\":\"Paula Campos\"},\"description\":\"Cofundadora y Articulista de Pulse Coder. Enfocada en t\u00f3picos sobre el medio ambiente, bienestar y pol\u00edticas ambientales.\",\"url\":\"https:\/\/pulsecoder.com.mx\/index.php\/author\/paula-campos\/\"}]}<\/script>\n<!-- \/ Yoast SEO plugin. -->","yoast_head_json":{"title":"M\u00e9tricas del clima extremo: las claves para la acci\u00f3n humana","description":"La disoluci\u00f3n de los sistemas existentes que hoy imperan, han dado se\u00f1ales suficientes para un cambio urgente en la nueva realidad clim\u00e1tica","robots":{"index":"index","follow":"follow","max-snippet":"max-snippet:-1","max-image-preview":"max-image-preview:large","max-video-preview":"max-video-preview:-1"},"canonical":"https:\/\/pulsecoder.com.mx\/index.php\/2021\/09\/07\/metricas-del-clima-extremo-las-claves-para-la-accion-humana\/","og_locale":"es_MX","og_type":"article","og_title":"M\u00e9tricas del clima extremo: las claves para la acci\u00f3n humana","og_description":"La disoluci\u00f3n de los sistemas existentes que hoy imperan, han dado se\u00f1ales suficientes para un cambio urgente en la nueva realidad clim\u00e1tica","og_url":"https:\/\/pulsecoder.com.mx\/index.php\/2021\/09\/07\/metricas-del-clima-extremo-las-claves-para-la-accion-humana\/","og_site_name":"Pulsecoder","article_publisher":"https:\/\/www.facebook.com\/PulsecoderMx","article_published_time":"2021-09-07T10:27:00+00:00","article_modified_time":"2022-02-22T05:15:35+00:00","og_image":[{"width":1200,"height":675,"url":"https:\/\/pulsecoder.com.mx\/wp-content\/uploads\/2021\/10\/metricsII_web.png","type":"image\/png"}],"author":"Paula Campos","twitter_card":"summary_large_image","twitter_title":"M\u00e9tricas del clima extremo: las claves para la acci\u00f3n humana","twitter_description":"La disoluci\u00f3n de los sistemas existentes que hoy imperan, han dado se\u00f1ales suficientes para un cambio urgente en la nueva realidad clim\u00e1tica","twitter_image":"https:\/\/i0.wp.com\/pulsecoder.com.mx\/wp-content\/uploads\/2021\/10\/metricsII_web.png?fit=1200%2C675&ssl=1","twitter_creator":"@PulsecoderMx","twitter_site":"@PulsecoderMx","twitter_misc":{"Escrito por":"Paula Campos","Tiempo de lectura":"5 minutos"},"schema":{"@context":"https:\/\/schema.org","@graph":[{"@type":"Article","@id":"https:\/\/pulsecoder.com.mx\/index.php\/2021\/09\/07\/metricas-del-clima-extremo-las-claves-para-la-accion-humana\/#article","isPartOf":{"@id":"https:\/\/pulsecoder.com.mx\/index.php\/2021\/09\/07\/metricas-del-clima-extremo-las-claves-para-la-accion-humana\/"},"author":{"name":"Paula Campos","@id":"https:\/\/pulsecoder.com.mx\/#\/schema\/person\/ae96446d3a5965f0028dd5154d8c77b4"},"headline":"M\u00e9tricas del clima extremo: las claves para la acci\u00f3n humana","datePublished":"2021-09-07T10:27:00+00:00","dateModified":"2022-02-22T05:15:35+00:00","mainEntityOfPage":{"@id":"https:\/\/pulsecoder.com.mx\/index.php\/2021\/09\/07\/metricas-del-clima-extremo-las-claves-para-la-accion-humana\/"},"wordCount":1057,"commentCount":0,"publisher":{"@id":"https:\/\/pulsecoder.com.mx\/#organization"},"image":{"@id":"https:\/\/pulsecoder.com.mx\/index.php\/2021\/09\/07\/metricas-del-clima-extremo-las-claves-para-la-accion-humana\/#primaryimage"},"thumbnailUrl":"https:\/\/i0.wp.com\/pulsecoder.com.mx\/wp-content\/uploads\/2021\/10\/metricsII_web.png?fit=1200%2C675&ssl=1","keywords":["AMBIENTAL","Cambio clim\u00e1tico","Clima Extremo","CO2","Combustibles f\u00f3siles","Concentraci\u00f3n de gases","Crecimiento econ\u00f3mico","Data","Discovery","Ecosistemas","Emisiones","Energ\u00eda","Esacalas","Gases de efecto invernadero","Indicadores","Mapeo","Margen Adicional","M\u00e9tricas","Monitoreo","Norte Global","Oc\u00e9anos","ODS","ONU","Post","Render","Sat\u00e9lite"],"articleSection":["Medio Ambiente"],"inLanguage":"es","potentialAction":[{"@type":"CommentAction","name":"Comment","target":["https:\/\/pulsecoder.com.mx\/index.php\/2021\/09\/07\/metricas-del-clima-extremo-las-claves-para-la-accion-humana\/#respond"]}]},{"@type":"WebPage","@id":"https:\/\/pulsecoder.com.mx\/index.php\/2021\/09\/07\/metricas-del-clima-extremo-las-claves-para-la-accion-humana\/","url":"https:\/\/pulsecoder.com.mx\/index.php\/2021\/09\/07\/metricas-del-clima-extremo-las-claves-para-la-accion-humana\/","name":"M\u00e9tricas del clima extremo: las claves para la acci\u00f3n humana","isPartOf":{"@id":"https:\/\/pulsecoder.com.mx\/#website"},"primaryImageOfPage":{"@id":"https:\/\/pulsecoder.com.mx\/index.php\/2021\/09\/07\/metricas-del-clima-extremo-las-claves-para-la-accion-humana\/#primaryimage"},"image":{"@id":"https:\/\/pulsecoder.com.mx\/index.php\/2021\/09\/07\/metricas-del-clima-extremo-las-claves-para-la-accion-humana\/#primaryimage"},"thumbnailUrl":"https:\/\/i0.wp.com\/pulsecoder.com.mx\/wp-content\/uploads\/2021\/10\/metricsII_web.png?fit=1200%2C675&ssl=1","datePublished":"2021-09-07T10:27:00+00:00","dateModified":"2022-02-22T05:15:35+00:00","description":"La disoluci\u00f3n de los sistemas existentes que hoy imperan, han dado se\u00f1ales suficientes para un cambio urgente en la nueva realidad clim\u00e1tica","inLanguage":"es","potentialAction":[{"@type":"ReadAction","target":["https:\/\/pulsecoder.com.mx\/index.php\/2021\/09\/07\/metricas-del-clima-extremo-las-claves-para-la-accion-humana\/"]}]},{"@type":"ImageObject","inLanguage":"es","@id":"https:\/\/pulsecoder.com.mx\/index.php\/2021\/09\/07\/metricas-del-clima-extremo-las-claves-para-la-accion-humana\/#primaryimage","url":"https:\/\/i0.wp.com\/pulsecoder.com.mx\/wp-content\/uploads\/2021\/10\/metricsII_web.png?fit=1200%2C675&ssl=1","contentUrl":"https:\/\/i0.wp.com\/pulsecoder.com.mx\/wp-content\/uploads\/2021\/10\/metricsII_web.png?fit=1200%2C675&ssl=1","width":1200,"height":675},{"@type":"WebSite","@id":"https:\/\/pulsecoder.com.mx\/#website","url":"https:\/\/pulsecoder.com.mx\/","name":"Pulsecoder","description":"Revista digital de tecnolog\u00eda, sociedad e Innovaci\u00f3n","publisher":{"@id":"https:\/\/pulsecoder.com.mx\/#organization"},"potentialAction":[{"@type":"SearchAction","target":{"@type":"EntryPoint","urlTemplate":"https:\/\/pulsecoder.com.mx\/?s={search_term_string}"},"query-input":{"@type":"PropertyValueSpecification","valueRequired":true,"valueName":"search_term_string"}}],"inLanguage":"es"},{"@type":"Organization","@id":"https:\/\/pulsecoder.com.mx\/#organization","name":"Pulse Coder Mx","url":"https:\/\/pulsecoder.com.mx\/","logo":{"@type":"ImageObject","inLanguage":"es","@id":"https:\/\/pulsecoder.com.mx\/#\/schema\/logo\/image\/","url":"https:\/\/i0.wp.com\/pulsecoder.com.mx\/wp-content\/uploads\/2021\/10\/Web.png?fit=2047%2C1024&ssl=1","contentUrl":"https:\/\/i0.wp.com\/pulsecoder.com.mx\/wp-content\/uploads\/2021\/10\/Web.png?fit=2047%2C1024&ssl=1","width":2047,"height":1024,"caption":"Pulse Coder Mx"},"image":{"@id":"https:\/\/pulsecoder.com.mx\/#\/schema\/logo\/image\/"},"sameAs":["https:\/\/www.facebook.com\/PulsecoderMx","https:\/\/x.com\/PulsecoderMx","https:\/\/www.instagram.com\/pulsecodermx\/","https:\/\/www.youtube.com\/channel\/UCci7xZRoiIxGpkwEljqfF9A"]},{"@type":"Person","@id":"https:\/\/pulsecoder.com.mx\/#\/schema\/person\/ae96446d3a5965f0028dd5154d8c77b4","name":"Paula Campos","image":{"@type":"ImageObject","inLanguage":"es","@id":"https:\/\/pulsecoder.com.mx\/#\/schema\/person\/image\/","url":"https:\/\/secure.gravatar.com\/avatar\/e1ab72df5f67809d6c753f9b51cc4fa9?s=96&d=mm&r=g","contentUrl":"https:\/\/secure.gravatar.com\/avatar\/e1ab72df5f67809d6c753f9b51cc4fa9?s=96&d=mm&r=g","caption":"Paula Campos"},"description":"Cofundadora y Articulista de Pulse Coder. Enfocada en t\u00f3picos sobre el medio ambiente, bienestar y pol\u00edticas ambientales.","url":"https:\/\/pulsecoder.com.mx\/index.php\/author\/paula-campos\/"}]}},"jetpack_featured_media_url":"https:\/\/i0.wp.com\/pulsecoder.com.mx\/wp-content\/uploads\/2021\/10\/metricsII_web.png?fit=1200%2C675&ssl=1","jetpack_sharing_enabled":true,"amp_enabled":true,"_links":{"self":[{"href":"https:\/\/pulsecoder.com.mx\/index.php\/wp-json\/wp\/v2\/posts\/1757"}],"collection":[{"href":"https:\/\/pulsecoder.com.mx\/index.php\/wp-json\/wp\/v2\/posts"}],"about":[{"href":"https:\/\/pulsecoder.com.mx\/index.php\/wp-json\/wp\/v2\/types\/post"}],"author":[{"embeddable":true,"href":"https:\/\/pulsecoder.com.mx\/index.php\/wp-json\/wp\/v2\/users\/6"}],"replies":[{"embeddable":true,"href":"https:\/\/pulsecoder.com.mx\/index.php\/wp-json\/wp\/v2\/comments?post=1757"}],"version-history":[{"count":2,"href":"https:\/\/pulsecoder.com.mx\/index.php\/wp-json\/wp\/v2\/posts\/1757\/revisions"}],"predecessor-version":[{"id":2336,"href":"https:\/\/pulsecoder.com.mx\/index.php\/wp-json\/wp\/v2\/posts\/1757\/revisions\/2336"}],"wp:featuredmedia":[{"embeddable":true,"href":"https:\/\/pulsecoder.com.mx\/index.php\/wp-json\/wp\/v2\/media\/1758"}],"wp:attachment":[{"href":"https:\/\/pulsecoder.com.mx\/index.php\/wp-json\/wp\/v2\/media?parent=1757"}],"wp:term":[{"taxonomy":"category","embeddable":true,"href":"https:\/\/pulsecoder.com.mx\/index.php\/wp-json\/wp\/v2\/categories?post=1757"},{"taxonomy":"post_tag","embeddable":true,"href":"https:\/\/pulsecoder.com.mx\/index.php\/wp-json\/wp\/v2\/tags?post=1757"}],"curies":[{"name":"wp","href":"https:\/\/api.w.org\/{rel}","templated":true}]}}