{"id":1827,"date":"2021-10-31T10:30:00","date_gmt":"2021-10-31T10:30:00","guid":{"rendered":"https:\/\/pulsecoder.com.mx\/?p=1827"},"modified":"2021-11-01T07:33:38","modified_gmt":"2021-11-01T07:33:38","slug":"urbanized-cumple-una-decada","status":"publish","type":"post","link":"https:\/\/pulsecoder.com.mx\/index.php\/2021\/10\/31\/urbanized-cumple-una-decada\/","title":{"rendered":"Urbanized cumple una d\u00e9cada: el documental sobre el dise\u00f1o de las &#8220;Ciudades&#8221;"},"content":{"rendered":"<body>\n<p class=\"has-text-align-justify\">No hay mejor manera para la celebrar del d\u00eda internacional de las ciudades, que hablar de <a href=\"https:\/\/www.imdb.com\/title\/tt1701976\/?ref_=tt_sims_tt_i_1\">Urbanized<\/a>. Fue el 26 de octubre del 2011, cuando se estrenaba un documental repleto de alternativas, enfoques, an\u00e1lisis del espectro metr\u00f3polis y de las soluciones a la problem\u00e1tica de las urbes modernas. <\/p>\n\n\n\n<p class=\"has-text-align-justify\">Un grupo de arquitectos, urbanistas, ingenieros e ide\u00f3logos de todo el mundo, dan cuenta de m\u00faltiples perspectivas sobre la entelequia \u201cCiudad\u201d. Desde Yakarta hasta Nueva York, pasando por un pu\u00f1ado de ciudades alrededor del mundo, este inapelable filme de 82 minutos de duraci\u00f3n, cerraba la trilog\u00eda del dise\u00f1o: <em>Design Trilogy<\/em>, iniciada por <em><a href=\"https:\/\/www.imdb.com\/title\/tt0847817\/?ref_=ext_shr_lnk\">Helvetica<\/a><\/em> [2007], y <em><a href=\"https:\/\/www.imdb.com\/title\/tt1241325\/?ref_=tt_sims_tt_i_1\">Objetified<\/a><\/em> [2009]. <\/p>\n\n\n\n<p class=\"has-text-align-justify\">Urbanized, a la postre, influy\u00f3 en los profesionales de las \u00e1reas que concierne y en nuestras mentes.<\/p>\n\n\n\n<h2 class=\"wp-block-heading\">Al inicio, fue Jane Jacobs<\/h2>\n\n\n\n<div class=\"wp-block-image\"><figure class=\"aligncenter size-full\"><img data-recalc-dims=\"1\" decoding=\"async\" width=\"696\" height=\"392\" src=\"https:\/\/i0.wp.com\/pulsecoder.com.mx\/wp-content\/uploads\/2021\/11\/Jacobs.png?resize=696%2C392&#038;ssl=1\" alt=\"\" class=\"wp-image-1829\" loading=\"lazy\" srcset=\"https:\/\/i0.wp.com\/pulsecoder.com.mx\/wp-content\/uploads\/2021\/11\/Jacobs.png?w=720&amp;ssl=1 720w, https:\/\/i0.wp.com\/pulsecoder.com.mx\/wp-content\/uploads\/2021\/11\/Jacobs.png?resize=300%2C169&amp;ssl=1 300w, https:\/\/i0.wp.com\/pulsecoder.com.mx\/wp-content\/uploads\/2021\/11\/Jacobs.png?resize=696%2C392&amp;ssl=1 696w\" sizes=\"(max-width: 696px) 100vw, 696px\" \/><\/figure><\/div>\n\n\n\n<p> <\/p>\n\n\n\n<pre class=\"wp-block-verse has-text-align-right\">La ciudad es un sistema funcional creado por el hombre, con la misi\u00f3n de mejorar su calidad de vida y cohesi\u00f3n social, de manera continua. <\/pre>\n\n\n\n<p class=\"has-text-align-justify\">Se puede leer una de tantas definiciones de la urbanista <a href=\"https:\/\/es.wikipedia.org\/wiki\/Jane_Jacobs\">Jane Jacobs<\/a>, art\u00edfice del concepto \u201cLos ojos de mi ciudad\u201d, que coloc\u00f3 a la observaci\u00f3n, infravalorada por el grueso de los ciudadanos, como el mejor elemento para lograr un impacto favorable a nuestro alrededor.<\/p>\n\n\n\n<p class=\"has-text-align-justify\">Su novedoso enfoque tuvo un tard\u00edo \u00e9xito en el mundo, suscitado de pronto, por los graves problemas causados por un dise\u00f1o urbano deficiente que gener\u00f3 una serie de grandes calamidades en las ciudades norteamericanas en las \u00faltimas d\u00e9cadas. No obstante, Jacobs  ya lo advert\u00eda. <\/p>\n\n\n\n<p class=\"has-text-align-justify\">La activista, nunca acepto las t\u00e1cticas de la industria inmobiliaria, la destrucci\u00f3n de los barrios populares y la desintegraci\u00f3n causada a las redes entre residentes. Era una fiel rival de los invasivos modelos de gentrificaci\u00f3n y de las mega-obras implementadas para el transporte. Ella cre\u00eda que las malas decisiones de la industria de la construcci\u00f3n, mataba la habitabilidad, la calidad de vida, la armon\u00eda y el tejido social de las ciudades.<\/p>\n\n\n\n<p class=\"has-text-align-justify\">Para los a\u00f1os cincuenta, el modelo de dise\u00f1o de ciudades del mundo occidental ten\u00eda la misi\u00f3n de incluir al autom\u00f3vil en la cotidianidad. El mejor ejemplo de este modelo sucedi\u00f3 en Brasil. \u00a0La ciudad modelo para la experimentaci\u00f3n del autom\u00f3vil, fue la naciente capital del pa\u00eds amaz\u00f3nico, Brasilia.<\/p>\n\n\n\n<p class=\"has-text-align-justify\">Desde un punto de vista a\u00e9reo, Brasilia es la ciudad mejor dise\u00f1ada en todo el planeta. Amplia, extensa, con grandes v\u00edas de comunicaci\u00f3n y pensada para la movilidad motora. Sin embargo, al pas\u00f3 de las d\u00e9cadas, lo que se pens\u00f3 como un gran dise\u00f1o, comenz\u00f3 a ser cuestionado.<\/p>\n\n\n\n<p class=\"has-text-align-justify\"><a href=\"https:\/\/es.wikipedia.org\/wiki\/Oscar_Niemeyer\">Oscar Niemeyer<\/a>, el arquitecto de trazado moderno, fue el dise\u00f1ador de la nueva capital del pa\u00eds carioca, sin sospechar que en el futuro, el autom\u00f3vil har\u00eda disfuncional una tarea b\u00e1sica y primordial para ser humano: caminar.<\/p>\n\n\n\n<p class=\"has-text-align-justify\">Jacobs, afirmaba: <em>Si el hombre no camina, no se encuentra, no socializa, no construye lazos, se convierte en un ser aislado. Esto rompe con la inercia de la comunidad, de la integraci\u00f3n social y por ende, de su felicidad. <\/em>  <\/p>\n\n\n\n<h2 class=\"wp-block-heading\">El animal caminante<\/h2>\n\n\n\n<p class=\"has-text-align-justify\">El ser humano es un animal caminante, lo hemos sido desde hace miles de a\u00f1os. Tenemos la capacidad de observar y aprender de nuestro entorno. Fuimos dotados con sensores org\u00e1nicos para captar se\u00f1ales a nuestro alrededor. Gracias a eso, desarrollamos supervivencia, aprendizaje, experiencia y conocimiento emp\u00edrico. <\/p>\n\n\n\n<p class=\"has-text-align-justify\"><em>\u201cLos pies y la curiosidad, han contribuido a descifrar las complejidades del mundo. Con ellos, hemos avanzado desde hace miles de a\u00f1os\u201d. <\/em><\/p>\n\n\n\n<p class=\"has-text-align-justify\">Siglos despu\u00e9s, por nuestra capacidad social e integraci\u00f3n en grupos, se lograron avances de organizaci\u00f3n significativos. Se definieron tribus, comunidades, sociedades, instituciones y leyes; se crearon escuelas y universidades, m\u00e9todos y metodolog\u00edas; el m\u00e9todo cient\u00edfico logro sumar poder y complementar al conocimiento emp\u00edrico. Tambi\u00e9n, se disgrego la cronolog\u00eda del tiempo y los eventos.<\/p>\n\n\n\n<p class=\"has-text-align-justify\">De las problem\u00e1ticas suscitadas que a la humanidad se le presentaron, la acci\u00f3n resolvi\u00f3 y transmuto a la superaci\u00f3n. Y as\u00ed como fue antes, siendo cada uno de nuestros antepasados un ente caminante receptor con antenas, hoy somos una fuente de transmisi\u00f3n y comunicaci\u00f3n, con herramientas modernas.<\/p>\n\n\n\n<p class=\"has-text-align-justify\">La ciudad es de qui\u00e9n camina. Frente a nosotros, encapsulamos estas situaciones todos los d\u00edas, hay errores que se deben mejorar y en esa acci\u00f3n, surgen las claves, el dato transformador que es la materia prima de la observaci\u00f3n. En ese h\u00e1bito, se obtiene el nivel de detalle de lo que se debe cambiar.<\/p>\n\n\n\n<div class=\"wp-block-image\"><figure class=\"aligncenter size-full\"><img data-recalc-dims=\"1\" decoding=\"async\" width=\"696\" height=\"409\" src=\"https:\/\/i0.wp.com\/pulsecoder.com.mx\/wp-content\/uploads\/2021\/11\/cities-day.png?resize=696%2C409&#038;ssl=1\" alt=\"\" class=\"wp-image-1852\" loading=\"lazy\" srcset=\"https:\/\/i0.wp.com\/pulsecoder.com.mx\/wp-content\/uploads\/2021\/11\/cities-day.png?w=850&amp;ssl=1 850w, https:\/\/i0.wp.com\/pulsecoder.com.mx\/wp-content\/uploads\/2021\/11\/cities-day.png?resize=300%2C176&amp;ssl=1 300w, https:\/\/i0.wp.com\/pulsecoder.com.mx\/wp-content\/uploads\/2021\/11\/cities-day.png?resize=768%2C452&amp;ssl=1 768w, https:\/\/i0.wp.com\/pulsecoder.com.mx\/wp-content\/uploads\/2021\/11\/cities-day.png?resize=696%2C409&amp;ssl=1 696w\" sizes=\"(max-width: 696px) 100vw, 696px\" \/><figcaption>Foto: Ilustraci\u00f3n de Sadek Ahmed, Naciones Unidas<\/figcaption><\/figure><\/div>\n\n\n\n<h2 class=\"wp-block-heading\">La simplicidad, el \u00faltimo nivel de sofisticaci\u00f3n<\/h2>\n\n\n\n<p class=\"has-text-align-justify\">Un sistema de sistemas, es la definici\u00f3n perfecta para una ciudad. En ellas, habitamos millones de personas en todo el mundo. <\/p>\n\n\n\n<p class=\"has-text-align-justify\">Desde el punto de vista econ\u00f3mico, las ciudades tienen el potencial de producir sinergias y aumentar los rendimientos de escala, lo que las hace tremendamente eficientes, permitiendo a sus habitantes tener grandes oportunidades de desarrollo. La ciudad, es por definici\u00f3n, un sistema inteligente que tiene como objetivo mejorar la eficiencia econ\u00f3mica y la calidad de vida de las personas que habitan en ella.  <\/p>\n\n\n\n<p class=\"has-text-align-justify\">Los ciudadanos aspiran a vivir en lugares seguros, donde logren la prosperidad, permanecer y pertenecer en comunidad, por ende, se demandan puestos de trabajo, m\u00faltiples servicios, disponibilidad de agua potable, energ\u00eda el\u00e9ctrica, acceso a internet, recolecci\u00f3n de basura, etc. Sin embargo, ese ideal de vida moderna viene acompa\u00f1ado de otros actores, donde la suma de todos, han hecho que el costo asumido sea muy grande. <\/p>\n\n\n\n<p class=\"has-text-align-justify\">Las urbes se han vuelto densamente pobladas, se han marcado las desigualdades y muchos de sus sistemas se han vuelto deficientes.<\/p>\n\n\n\n<p class=\"has-text-align-justify\">Por ahora es necesario redise\u00f1ar \u00e9ste concepto.  El fen\u00f3meno de crecimiento exponencial de la producci\u00f3n, el consumo y el crecimiento de la poblaci\u00f3n mundial, en las \u00faltimas 4 d\u00e9cadas, ha generado una reacci\u00f3n obligada en el mundo. <\/p>\n\n\n\n<p class=\"has-text-align-justify\">Los habitantes de las ciudades, autoridades, dise\u00f1adores, innovadores y agentes de cambio, debemos plantear un futuro complejo lleno de retos por afrontar. <\/p>\n\n\n\n<figure class=\"wp-block-embed is-type-video is-provider-youtube wp-block-embed-youtube wp-embed-aspect-16-9 wp-has-aspect-ratio\"><div class=\"wp-block-embed__wrapper\">\n<iframe loading=\"lazy\" title=\"Urbanized Film Trailer\" width=\"696\" height=\"392\" src=\"https:\/\/www.youtube.com\/embed\/6jpN8kI0-pY?start=1&amp;feature=oembed\" frameborder=\"0\" allow=\"accelerometer; autoplay; clipboard-write; encrypted-media; gyroscope; picture-in-picture\" allowfullscreen><\/iframe>\n<\/div><\/figure>\n\n\n\n<p>Referencias:<\/p>\n\n\n\n<p>Jane Jacobs, <em>The Death and Lif<\/em>e<em> of Great American Cities<\/em><\/p>\n<\/body>","protected":false},"excerpt":{"rendered":"<p>No hay mejor manera para la celebrar del d\u00eda internacional de las ciudades, que hablar de Urbanized. Fue el 26 de octubre del 2011, cuando se estrenaba un documental repleto de alternativas, enfoques, an\u00e1lisis del espectro metr\u00f3polis y de las soluciones a la problem\u00e1tica de las urbes modernas. Un grupo de arquitectos, urbanistas, ingenieros e [&hellip;]<\/p>\n","protected":false},"author":5,"featured_media":1828,"comment_status":"open","ping_status":"open","sticky":false,"template":"","format":"standard","meta":{"_et_pb_use_builder":"off","_et_pb_old_content":"","_et_gb_content_width":"","_monsterinsights_skip_tracking":false,"_jetpack_memberships_contains_paid_content":false,"footnotes":""},"categories":[273,39],"tags":[583,578,577,580,573,281,296,229,586,587,576,69,575,579,588,585,584,582,581],"class_list":["post-1827","post","type-post","status-publish","format-standard","has-post-thumbnail","hentry","category-reviews","category-sociedad","tag-arquitectura","tag-automovil","tag-autopistas","tag-brasilia","tag-ciudades","tag-crecimiento-economico","tag-desarrollo","tag-diseno","tag-eficiencia","tag-gentrificacion","tag-industria-inmobiliaria","tag-innovacion","tag-jane-jacobs","tag-niemeyer","tag-residentes","tag-sinergia","tag-sistemas","tag-sofisticacion","tag-urbanized"],"yoast_head":"<!-- This site is optimized with the Yoast SEO plugin v25.5 - https:\/\/yoast.com\/wordpress\/plugins\/seo\/ -->\n<title>Urbanized cumple una d\u00e9cada: el documental sobre el dise\u00f1o de las &quot;Ciudades&quot;<\/title>\n<meta name=\"description\" content=\"Un grupo de arquitectos, urbanistas, ingenieros e ide\u00f3logos del mundo, dan cuenta de m\u00faltiples perspectivas sobre la entelequia \u201cCiudad\u201d\" \/>\n<meta name=\"robots\" content=\"index, follow, max-snippet:-1, max-image-preview:large, max-video-preview:-1\" \/>\n<link rel=\"canonical\" href=\"https:\/\/pulsecoder.com.mx\/index.php\/2021\/10\/31\/urbanized-cumple-una-decada\/\" \/>\n<meta property=\"og:locale\" content=\"es_MX\" \/>\n<meta property=\"og:type\" content=\"article\" \/>\n<meta property=\"og:title\" content=\"Urbanized cumple una d\u00e9cada\" \/>\n<meta property=\"og:description\" content=\"Un grupo de arquitectos, urbanistas, ingenieros e ide\u00f3logos del mundo, dan cuenta de m\u00faltiples perspectivas sobre la entelequia \u201cCiudad\u201d\" \/>\n<meta property=\"og:url\" content=\"https:\/\/pulsecoder.com.mx\/index.php\/2021\/10\/31\/urbanized-cumple-una-decada\/\" \/>\n<meta property=\"og:site_name\" content=\"Pulsecoder\" \/>\n<meta property=\"article:publisher\" content=\"https:\/\/www.facebook.com\/PulsecoderMx\" \/>\n<meta property=\"article:published_time\" content=\"2021-10-31T10:30:00+00:00\" \/>\n<meta property=\"article:modified_time\" content=\"2021-11-01T07:33:38+00:00\" \/>\n<meta property=\"og:image\" content=\"https:\/\/pulsecoder.com.mx\/wp-content\/uploads\/2021\/11\/Urbanized_web.png\" \/>\n\t<meta property=\"og:image:width\" content=\"1200\" \/>\n\t<meta property=\"og:image:height\" content=\"675\" \/>\n\t<meta property=\"og:image:type\" content=\"image\/png\" \/>\n<meta name=\"author\" content=\"Ismael Guzm\u00e1n\" \/>\n<meta name=\"twitter:card\" content=\"summary_large_image\" \/>\n<meta name=\"twitter:title\" content=\"Urbanized cumple una d\u00e9cada\" \/>\n<meta name=\"twitter:description\" content=\"Un grupo de arquitectos, urbanistas, ingenieros e ide\u00f3logos del mundo, dan cuenta de m\u00faltiples perspectivas sobre la entelequia \u201cCiudad\u201d\" \/>\n<meta name=\"twitter:image\" content=\"https:\/\/i0.wp.com\/pulsecoder.com.mx\/wp-content\/uploads\/2021\/11\/Urbanized_web.png?fit=1200%2C675&ssl=1\" \/>\n<meta name=\"twitter:creator\" content=\"@PulsecoderMx\" \/>\n<meta name=\"twitter:site\" content=\"@PulsecoderMx\" \/>\n<meta name=\"twitter:label1\" content=\"Escrito por\" \/>\n\t<meta name=\"twitter:data1\" content=\"Ismael Guzm\u00e1n\" \/>\n\t<meta name=\"twitter:label2\" content=\"Tiempo de lectura\" \/>\n\t<meta name=\"twitter:data2\" content=\"5 minutos\" \/>\n<script type=\"application\/ld+json\" class=\"yoast-schema-graph\">{\"@context\":\"https:\/\/schema.org\",\"@graph\":[{\"@type\":\"Article\",\"@id\":\"https:\/\/pulsecoder.com.mx\/index.php\/2021\/10\/31\/urbanized-cumple-una-decada\/#article\",\"isPartOf\":{\"@id\":\"https:\/\/pulsecoder.com.mx\/index.php\/2021\/10\/31\/urbanized-cumple-una-decada\/\"},\"author\":{\"name\":\"Ismael Guzm\u00e1n\",\"@id\":\"https:\/\/pulsecoder.com.mx\/#\/schema\/person\/3b7ec413977e4116b59be466f6b5d25a\"},\"headline\":\"Urbanized cumple una d\u00e9cada: el documental sobre el dise\u00f1o de las &#8220;Ciudades&#8221;\",\"datePublished\":\"2021-10-31T10:30:00+00:00\",\"dateModified\":\"2021-11-01T07:33:38+00:00\",\"mainEntityOfPage\":{\"@id\":\"https:\/\/pulsecoder.com.mx\/index.php\/2021\/10\/31\/urbanized-cumple-una-decada\/\"},\"wordCount\":1047,\"commentCount\":0,\"publisher\":{\"@id\":\"https:\/\/pulsecoder.com.mx\/#organization\"},\"image\":{\"@id\":\"https:\/\/pulsecoder.com.mx\/index.php\/2021\/10\/31\/urbanized-cumple-una-decada\/#primaryimage\"},\"thumbnailUrl\":\"https:\/\/i0.wp.com\/pulsecoder.com.mx\/wp-content\/uploads\/2021\/11\/Urbanized_web.png?fit=1200%2C675&ssl=1\",\"keywords\":[\"Arquitectura\",\"Automovil\",\"Autopistas\",\"Brasilia\",\"Ciudades\",\"Crecimiento econ\u00f3mico\",\"Desarrollo\",\"Dise\u00f1o\",\"Eficiencia\",\"Gentrificaci\u00f3n\",\"Industria Inmobiliaria\",\"Innovaci\u00f3n\",\"Jane Jacobs\",\"Niemeyer\",\"Residentes\",\"Sinergia\",\"Sistemas\",\"Sofisticaci\u00f3n\",\"Urbanized\"],\"articleSection\":[\"Reviews\",\"Sociedad\"],\"inLanguage\":\"es\",\"potentialAction\":[{\"@type\":\"CommentAction\",\"name\":\"Comment\",\"target\":[\"https:\/\/pulsecoder.com.mx\/index.php\/2021\/10\/31\/urbanized-cumple-una-decada\/#respond\"]}]},{\"@type\":\"WebPage\",\"@id\":\"https:\/\/pulsecoder.com.mx\/index.php\/2021\/10\/31\/urbanized-cumple-una-decada\/\",\"url\":\"https:\/\/pulsecoder.com.mx\/index.php\/2021\/10\/31\/urbanized-cumple-una-decada\/\",\"name\":\"Urbanized cumple una d\u00e9cada: el documental sobre el dise\u00f1o de las \\\"Ciudades\\\"\",\"isPartOf\":{\"@id\":\"https:\/\/pulsecoder.com.mx\/#website\"},\"primaryImageOfPage\":{\"@id\":\"https:\/\/pulsecoder.com.mx\/index.php\/2021\/10\/31\/urbanized-cumple-una-decada\/#primaryimage\"},\"image\":{\"@id\":\"https:\/\/pulsecoder.com.mx\/index.php\/2021\/10\/31\/urbanized-cumple-una-decada\/#primaryimage\"},\"thumbnailUrl\":\"https:\/\/i0.wp.com\/pulsecoder.com.mx\/wp-content\/uploads\/2021\/11\/Urbanized_web.png?fit=1200%2C675&ssl=1\",\"datePublished\":\"2021-10-31T10:30:00+00:00\",\"dateModified\":\"2021-11-01T07:33:38+00:00\",\"description\":\"Un grupo de arquitectos, urbanistas, ingenieros e ide\u00f3logos del mundo, dan cuenta de m\u00faltiples perspectivas sobre la entelequia \u201cCiudad\u201d\",\"inLanguage\":\"es\",\"potentialAction\":[{\"@type\":\"ReadAction\",\"target\":[\"https:\/\/pulsecoder.com.mx\/index.php\/2021\/10\/31\/urbanized-cumple-una-decada\/\"]}]},{\"@type\":\"ImageObject\",\"inLanguage\":\"es\",\"@id\":\"https:\/\/pulsecoder.com.mx\/index.php\/2021\/10\/31\/urbanized-cumple-una-decada\/#primaryimage\",\"url\":\"https:\/\/i0.wp.com\/pulsecoder.com.mx\/wp-content\/uploads\/2021\/11\/Urbanized_web.png?fit=1200%2C675&ssl=1\",\"contentUrl\":\"https:\/\/i0.wp.com\/pulsecoder.com.mx\/wp-content\/uploads\/2021\/11\/Urbanized_web.png?fit=1200%2C675&ssl=1\",\"width\":1200,\"height\":675},{\"@type\":\"WebSite\",\"@id\":\"https:\/\/pulsecoder.com.mx\/#website\",\"url\":\"https:\/\/pulsecoder.com.mx\/\",\"name\":\"Pulsecoder\",\"description\":\"Revista digital de tecnolog\u00eda, sociedad e Innovaci\u00f3n\",\"publisher\":{\"@id\":\"https:\/\/pulsecoder.com.mx\/#organization\"},\"potentialAction\":[{\"@type\":\"SearchAction\",\"target\":{\"@type\":\"EntryPoint\",\"urlTemplate\":\"https:\/\/pulsecoder.com.mx\/?s={search_term_string}\"},\"query-input\":{\"@type\":\"PropertyValueSpecification\",\"valueRequired\":true,\"valueName\":\"search_term_string\"}}],\"inLanguage\":\"es\"},{\"@type\":\"Organization\",\"@id\":\"https:\/\/pulsecoder.com.mx\/#organization\",\"name\":\"Pulse Coder Mx\",\"url\":\"https:\/\/pulsecoder.com.mx\/\",\"logo\":{\"@type\":\"ImageObject\",\"inLanguage\":\"es\",\"@id\":\"https:\/\/pulsecoder.com.mx\/#\/schema\/logo\/image\/\",\"url\":\"https:\/\/i0.wp.com\/pulsecoder.com.mx\/wp-content\/uploads\/2021\/10\/Web.png?fit=2047%2C1024&ssl=1\",\"contentUrl\":\"https:\/\/i0.wp.com\/pulsecoder.com.mx\/wp-content\/uploads\/2021\/10\/Web.png?fit=2047%2C1024&ssl=1\",\"width\":2047,\"height\":1024,\"caption\":\"Pulse Coder Mx\"},\"image\":{\"@id\":\"https:\/\/pulsecoder.com.mx\/#\/schema\/logo\/image\/\"},\"sameAs\":[\"https:\/\/www.facebook.com\/PulsecoderMx\",\"https:\/\/x.com\/PulsecoderMx\",\"https:\/\/www.instagram.com\/pulsecodermx\/\",\"https:\/\/www.youtube.com\/channel\/UCci7xZRoiIxGpkwEljqfF9A\"]},{\"@type\":\"Person\",\"@id\":\"https:\/\/pulsecoder.com.mx\/#\/schema\/person\/3b7ec413977e4116b59be466f6b5d25a\",\"name\":\"Ismael Guzm\u00e1n\",\"image\":{\"@type\":\"ImageObject\",\"inLanguage\":\"es\",\"@id\":\"https:\/\/pulsecoder.com.mx\/#\/schema\/person\/image\/\",\"url\":\"https:\/\/secure.gravatar.com\/avatar\/9a10cab8115b61019922c2823d17de70?s=96&d=mm&r=g\",\"contentUrl\":\"https:\/\/secure.gravatar.com\/avatar\/9a10cab8115b61019922c2823d17de70?s=96&d=mm&r=g\",\"caption\":\"Ismael Guzm\u00e1n\"},\"description\":\"Fundador y Director de Pulse Coder. Escribe sobre digitalizaci\u00f3n, ciencia e innovaci\u00f3n tecnol\u00f3gica.\",\"url\":\"https:\/\/pulsecoder.com.mx\/index.php\/author\/ismael-guzman\/\"}]}<\/script>\n<!-- \/ Yoast SEO plugin. -->","yoast_head_json":{"title":"Urbanized cumple una d\u00e9cada: el documental sobre el dise\u00f1o de las \"Ciudades\"","description":"Un grupo de arquitectos, urbanistas, ingenieros e ide\u00f3logos del mundo, dan cuenta de m\u00faltiples perspectivas sobre la entelequia \u201cCiudad\u201d","robots":{"index":"index","follow":"follow","max-snippet":"max-snippet:-1","max-image-preview":"max-image-preview:large","max-video-preview":"max-video-preview:-1"},"canonical":"https:\/\/pulsecoder.com.mx\/index.php\/2021\/10\/31\/urbanized-cumple-una-decada\/","og_locale":"es_MX","og_type":"article","og_title":"Urbanized cumple una d\u00e9cada","og_description":"Un grupo de arquitectos, urbanistas, ingenieros e ide\u00f3logos del mundo, dan cuenta de m\u00faltiples perspectivas sobre la entelequia \u201cCiudad\u201d","og_url":"https:\/\/pulsecoder.com.mx\/index.php\/2021\/10\/31\/urbanized-cumple-una-decada\/","og_site_name":"Pulsecoder","article_publisher":"https:\/\/www.facebook.com\/PulsecoderMx","article_published_time":"2021-10-31T10:30:00+00:00","article_modified_time":"2021-11-01T07:33:38+00:00","og_image":[{"width":1200,"height":675,"url":"https:\/\/pulsecoder.com.mx\/wp-content\/uploads\/2021\/11\/Urbanized_web.png","type":"image\/png"}],"author":"Ismael Guzm\u00e1n","twitter_card":"summary_large_image","twitter_title":"Urbanized cumple una d\u00e9cada","twitter_description":"Un grupo de arquitectos, urbanistas, ingenieros e ide\u00f3logos del mundo, dan cuenta de m\u00faltiples perspectivas sobre la entelequia \u201cCiudad\u201d","twitter_image":"https:\/\/i0.wp.com\/pulsecoder.com.mx\/wp-content\/uploads\/2021\/11\/Urbanized_web.png?fit=1200%2C675&ssl=1","twitter_creator":"@PulsecoderMx","twitter_site":"@PulsecoderMx","twitter_misc":{"Escrito por":"Ismael Guzm\u00e1n","Tiempo de lectura":"5 minutos"},"schema":{"@context":"https:\/\/schema.org","@graph":[{"@type":"Article","@id":"https:\/\/pulsecoder.com.mx\/index.php\/2021\/10\/31\/urbanized-cumple-una-decada\/#article","isPartOf":{"@id":"https:\/\/pulsecoder.com.mx\/index.php\/2021\/10\/31\/urbanized-cumple-una-decada\/"},"author":{"name":"Ismael Guzm\u00e1n","@id":"https:\/\/pulsecoder.com.mx\/#\/schema\/person\/3b7ec413977e4116b59be466f6b5d25a"},"headline":"Urbanized cumple una d\u00e9cada: el documental sobre el dise\u00f1o de las &#8220;Ciudades&#8221;","datePublished":"2021-10-31T10:30:00+00:00","dateModified":"2021-11-01T07:33:38+00:00","mainEntityOfPage":{"@id":"https:\/\/pulsecoder.com.mx\/index.php\/2021\/10\/31\/urbanized-cumple-una-decada\/"},"wordCount":1047,"commentCount":0,"publisher":{"@id":"https:\/\/pulsecoder.com.mx\/#organization"},"image":{"@id":"https:\/\/pulsecoder.com.mx\/index.php\/2021\/10\/31\/urbanized-cumple-una-decada\/#primaryimage"},"thumbnailUrl":"https:\/\/i0.wp.com\/pulsecoder.com.mx\/wp-content\/uploads\/2021\/11\/Urbanized_web.png?fit=1200%2C675&ssl=1","keywords":["Arquitectura","Automovil","Autopistas","Brasilia","Ciudades","Crecimiento econ\u00f3mico","Desarrollo","Dise\u00f1o","Eficiencia","Gentrificaci\u00f3n","Industria Inmobiliaria","Innovaci\u00f3n","Jane Jacobs","Niemeyer","Residentes","Sinergia","Sistemas","Sofisticaci\u00f3n","Urbanized"],"articleSection":["Reviews","Sociedad"],"inLanguage":"es","potentialAction":[{"@type":"CommentAction","name":"Comment","target":["https:\/\/pulsecoder.com.mx\/index.php\/2021\/10\/31\/urbanized-cumple-una-decada\/#respond"]}]},{"@type":"WebPage","@id":"https:\/\/pulsecoder.com.mx\/index.php\/2021\/10\/31\/urbanized-cumple-una-decada\/","url":"https:\/\/pulsecoder.com.mx\/index.php\/2021\/10\/31\/urbanized-cumple-una-decada\/","name":"Urbanized cumple una d\u00e9cada: el documental sobre el dise\u00f1o de las \"Ciudades\"","isPartOf":{"@id":"https:\/\/pulsecoder.com.mx\/#website"},"primaryImageOfPage":{"@id":"https:\/\/pulsecoder.com.mx\/index.php\/2021\/10\/31\/urbanized-cumple-una-decada\/#primaryimage"},"image":{"@id":"https:\/\/pulsecoder.com.mx\/index.php\/2021\/10\/31\/urbanized-cumple-una-decada\/#primaryimage"},"thumbnailUrl":"https:\/\/i0.wp.com\/pulsecoder.com.mx\/wp-content\/uploads\/2021\/11\/Urbanized_web.png?fit=1200%2C675&ssl=1","datePublished":"2021-10-31T10:30:00+00:00","dateModified":"2021-11-01T07:33:38+00:00","description":"Un grupo de arquitectos, urbanistas, ingenieros e ide\u00f3logos del mundo, dan cuenta de m\u00faltiples perspectivas sobre la entelequia \u201cCiudad\u201d","inLanguage":"es","potentialAction":[{"@type":"ReadAction","target":["https:\/\/pulsecoder.com.mx\/index.php\/2021\/10\/31\/urbanized-cumple-una-decada\/"]}]},{"@type":"ImageObject","inLanguage":"es","@id":"https:\/\/pulsecoder.com.mx\/index.php\/2021\/10\/31\/urbanized-cumple-una-decada\/#primaryimage","url":"https:\/\/i0.wp.com\/pulsecoder.com.mx\/wp-content\/uploads\/2021\/11\/Urbanized_web.png?fit=1200%2C675&ssl=1","contentUrl":"https:\/\/i0.wp.com\/pulsecoder.com.mx\/wp-content\/uploads\/2021\/11\/Urbanized_web.png?fit=1200%2C675&ssl=1","width":1200,"height":675},{"@type":"WebSite","@id":"https:\/\/pulsecoder.com.mx\/#website","url":"https:\/\/pulsecoder.com.mx\/","name":"Pulsecoder","description":"Revista digital de tecnolog\u00eda, sociedad e Innovaci\u00f3n","publisher":{"@id":"https:\/\/pulsecoder.com.mx\/#organization"},"potentialAction":[{"@type":"SearchAction","target":{"@type":"EntryPoint","urlTemplate":"https:\/\/pulsecoder.com.mx\/?s={search_term_string}"},"query-input":{"@type":"PropertyValueSpecification","valueRequired":true,"valueName":"search_term_string"}}],"inLanguage":"es"},{"@type":"Organization","@id":"https:\/\/pulsecoder.com.mx\/#organization","name":"Pulse Coder Mx","url":"https:\/\/pulsecoder.com.mx\/","logo":{"@type":"ImageObject","inLanguage":"es","@id":"https:\/\/pulsecoder.com.mx\/#\/schema\/logo\/image\/","url":"https:\/\/i0.wp.com\/pulsecoder.com.mx\/wp-content\/uploads\/2021\/10\/Web.png?fit=2047%2C1024&ssl=1","contentUrl":"https:\/\/i0.wp.com\/pulsecoder.com.mx\/wp-content\/uploads\/2021\/10\/Web.png?fit=2047%2C1024&ssl=1","width":2047,"height":1024,"caption":"Pulse Coder Mx"},"image":{"@id":"https:\/\/pulsecoder.com.mx\/#\/schema\/logo\/image\/"},"sameAs":["https:\/\/www.facebook.com\/PulsecoderMx","https:\/\/x.com\/PulsecoderMx","https:\/\/www.instagram.com\/pulsecodermx\/","https:\/\/www.youtube.com\/channel\/UCci7xZRoiIxGpkwEljqfF9A"]},{"@type":"Person","@id":"https:\/\/pulsecoder.com.mx\/#\/schema\/person\/3b7ec413977e4116b59be466f6b5d25a","name":"Ismael Guzm\u00e1n","image":{"@type":"ImageObject","inLanguage":"es","@id":"https:\/\/pulsecoder.com.mx\/#\/schema\/person\/image\/","url":"https:\/\/secure.gravatar.com\/avatar\/9a10cab8115b61019922c2823d17de70?s=96&d=mm&r=g","contentUrl":"https:\/\/secure.gravatar.com\/avatar\/9a10cab8115b61019922c2823d17de70?s=96&d=mm&r=g","caption":"Ismael Guzm\u00e1n"},"description":"Fundador y Director de Pulse Coder. Escribe sobre digitalizaci\u00f3n, ciencia e innovaci\u00f3n tecnol\u00f3gica.","url":"https:\/\/pulsecoder.com.mx\/index.php\/author\/ismael-guzman\/"}]}},"jetpack_featured_media_url":"https:\/\/i0.wp.com\/pulsecoder.com.mx\/wp-content\/uploads\/2021\/11\/Urbanized_web.png?fit=1200%2C675&ssl=1","jetpack_sharing_enabled":true,"amp_enabled":true,"_links":{"self":[{"href":"https:\/\/pulsecoder.com.mx\/index.php\/wp-json\/wp\/v2\/posts\/1827"}],"collection":[{"href":"https:\/\/pulsecoder.com.mx\/index.php\/wp-json\/wp\/v2\/posts"}],"about":[{"href":"https:\/\/pulsecoder.com.mx\/index.php\/wp-json\/wp\/v2\/types\/post"}],"author":[{"embeddable":true,"href":"https:\/\/pulsecoder.com.mx\/index.php\/wp-json\/wp\/v2\/users\/5"}],"replies":[{"embeddable":true,"href":"https:\/\/pulsecoder.com.mx\/index.php\/wp-json\/wp\/v2\/comments?post=1827"}],"version-history":[{"count":8,"href":"https:\/\/pulsecoder.com.mx\/index.php\/wp-json\/wp\/v2\/posts\/1827\/revisions"}],"predecessor-version":[{"id":1859,"href":"https:\/\/pulsecoder.com.mx\/index.php\/wp-json\/wp\/v2\/posts\/1827\/revisions\/1859"}],"wp:featuredmedia":[{"embeddable":true,"href":"https:\/\/pulsecoder.com.mx\/index.php\/wp-json\/wp\/v2\/media\/1828"}],"wp:attachment":[{"href":"https:\/\/pulsecoder.com.mx\/index.php\/wp-json\/wp\/v2\/media?parent=1827"}],"wp:term":[{"taxonomy":"category","embeddable":true,"href":"https:\/\/pulsecoder.com.mx\/index.php\/wp-json\/wp\/v2\/categories?post=1827"},{"taxonomy":"post_tag","embeddable":true,"href":"https:\/\/pulsecoder.com.mx\/index.php\/wp-json\/wp\/v2\/tags?post=1827"}],"curies":[{"name":"wp","href":"https:\/\/api.w.org\/{rel}","templated":true}]}}