{"id":192,"date":"2020-09-16T22:29:10","date_gmt":"2020-09-16T22:29:10","guid":{"rendered":"http:\/\/pulsecoder.com.mx\/?p=192"},"modified":"2020-11-23T19:53:39","modified_gmt":"2020-11-23T19:53:39","slug":"asuntos-que-nos-importan-a-todos-el-cambio-climatico","status":"publish","type":"post","link":"https:\/\/pulsecoder.com.mx\/index.php\/2020\/09\/16\/asuntos-que-nos-importan-a-todos-el-cambio-climatico\/","title":{"rendered":"La crisis clim\u00e1tica, un asunto que nos importa a todos"},"content":{"rendered":"<body>\n<h2 class=\"wp-block-heading\"><strong>Nos encontramos en un momento decisivo para afrontar con \u00e9xito el mayor desaf\u00edo de nuestro tiempo: el cambio clim\u00e1tico.<\/strong><\/h2>\n\n\n\n<p>Cada d\u00eda, en diferentes puntos de la geograf\u00eda mundial, el planeta nos manda mensajes sobre las enormes transformaciones que est\u00e1 sufriendo: desde cambiantes pautas meteorol\u00f3gicas que amenazan la producci\u00f3n de alimentos; hasta el aumento del nivel del mar que incrementa el riesgo de inundaciones catastr\u00f3ficas.<\/p>\n\n\n\n<p>Los efectos del cambio clim\u00e1tico nos afectan a todos. Si no se toman medidas dr\u00e1sticas ahora, ser\u00e1 mucho m\u00e1s dif\u00edcil y costoso adaptarse a sus efectos en el futuro.<\/p>\n\n\n\n<p><strong>La huella humana en los gases de efecto invernadero<\/strong><\/p>\n\n\n\n<p>Los gases de efecto invernadero (GEI) se producen de manera natural y son esenciales para la supervivencia de los seres humanos y de millones de otros seres vivos ya que, al impedir que parte del calor del sol se propague hacia el espacio, hacen la Tierra habitable.<\/p>\n\n\n\n<p>Despu\u00e9s de m\u00e1s de un siglo y medio de industrializaci\u00f3n, deforestaci\u00f3n y agricultura a gran escala, las cantidades de gases de efecto invernadero en la atm\u00f3sfera se han incrementado en niveles nunca antes vistos en tres millones de a\u00f1os.<\/p>\n\n\n\n<p>A medida que la poblaci\u00f3n, las econom\u00edas y el nivel de vida \u2013 con el asociado incremento del consumo\u2014 crecen, tambi\u00e9n lo hace el nivel acumulado de emisiones de ese tipo de gases.<\/p>\n\n\n\n<p>Existen tres hechos en que los cient\u00edficos inciden y que son de enorme utilidad para entender mejor la ra\u00edz y la escala del problema:<\/p>\n\n\n\n<ul class=\"wp-block-list\"><li>la concentraci\u00f3n de GEI en la atm\u00f3sfera terrestre est\u00e1 directamente relacionada con la temperatura media mundial de la Tierra;<\/li><li>esta concentraci\u00f3n ha ido aumentando progresivamente desde la Revoluci\u00f3n Industrial y, con ella, la temperatura del planeta;<\/li><li>el GEI m\u00e1s abundante, alrededor de dos tercios de todos los tipos de GEI, es el di\u00f3xido de carbono (CO<sub>2<\/sub>) que resulta de la quema de combustibles f\u00f3siles.<\/li><\/ul>\n\n\n\n<h3 class=\"wp-block-heading\">El Grupo Intergubernamental de Expertos sobre el Cambio Clim\u00e1tico de la ONU\u00a0<\/h3>\n\n\n\n<p>Este grupo (<a href=\"https:\/\/archive.ipcc.ch\/home_languages_main_spanish.shtml\">IPPC<\/a>, como se conoce en sus siglas en ingl\u00e9s)\u00a0fue creado por la\u00a0<a href=\"https:\/\/public.wmo.int\/es\">Organizaci\u00f3n Meteorol\u00f3gica Mundial (OMM)<\/a>\u00a0y la\u00a0<a href=\"https:\/\/www.unenvironment.org\/es\">ONU Medio Ambiente<\/a>\u00a0con el objetivo de proporcionar una fuente objetiva de informaci\u00f3n cient\u00edfica.<\/p>\n\n\n\n<p>En 2014 el IPCC proporcion\u00f3 m\u00e1s claridad sobre el papel de la actividad humana en el cambio clim\u00e1tico cuando public\u00f3 su\u00a0<a href=\"http:\/\/www.ipcc.ch\/pdf\/assessment-report\/ar5\/wg1\/WG1AR5_SummaryVolume_FINAL_SPANISH.pdf\">Quinto Informe de Evaluaci\u00f3n<\/a>. Su\u00a0conclusi\u00f3n fue categ\u00f3rica: el cambio clim\u00e1tico es real y las actividades humanas son sus principales causantes.<\/p>\n\n\n\n<p><strong>Quinto informe de evaluaci\u00f3n<\/strong><\/p>\n\n\n\n<p>Este Informe proporciona una evaluaci\u00f3n exhaustiva del aumento del nivel del mar y sus causas a lo largo de las \u00faltimas d\u00e9cadas. Tambi\u00e9n calcula las emisiones acumuladas de CO2 desde la \u00e9poca preindustrial y ofrece una estimaci\u00f3n sobre la cantidad m\u00e1xima de CO2 \u2013 cuya mitad del l\u00edmite ya se alcanz\u00f3 en 2011 \u2013 si se quiere restringir el calentamiento a menos de 2 \u02daC. Otras de las conclusiones de este estudio son las siguientes:<\/p>\n\n\n\n<ul class=\"wp-block-list\"><li>de 1880 a 2012 la temperatura media mundial aument\u00f3 0,85 \u00b0C;<\/li><li>los oc\u00e9anos se han calentado, las cantidades de nieve y hielo han disminuido y el nivel del mar ha subido. De 1901 a 2010 el nivel medio mundial del mar ascendi\u00f3 19 cm, ya que los oc\u00e9anos se expandieron debido al hielo derretido por el calentamiento. La extensi\u00f3n del hielo marino en el \u00c1rtico ha disminuido en cada d\u00e9cada desde 1979, con una p\u00e9rdida de 1,07 \u00d7 106 km2 de hielo cada diez a\u00f1os;<\/li><li>debido a la concentraci\u00f3n actual y a las continuas emisiones de gases de efecto invernadero, es probable que el final de este siglo la temperatura media mundial contin\u00fae creciendo por encima del nivel preindustrial. Como resultado, los oc\u00e9anos se calentar\u00e1n y el deshielo continuar\u00e1.<\/li><\/ul>\n\n\n\n<p>Se estima que el aumento del nivel medio del mar ser\u00e1 de entre 24 y 30 cent\u00edmetros para 2065 y de 40 a 63 cent\u00edmetros para 2100 en relaci\u00f3n al periodo de referencia de 1986-2005. La mayor\u00eda de los efectos del cambio clim\u00e1tico persistir\u00e1n durante muchos siglos, incluso si se detienen las emisiones<\/p>\n\n\n\n<p>Existen pruebas alarmantes de que ya se pueden haber alcanzado \u2013 o sobrepasado \u2013 varios puntos de inflexi\u00f3n que dar\u00edan lugar a cambios irreversibles en importantes ecosistemas, as\u00ed como tambi\u00e9n en el\u00a0<a href=\"https:\/\/news.un.org\/es\/news\/topic\/climate-change\">sistema clim\u00e1tico del planeta<\/a>. Ecosistemas tan diversos como la selva amaz\u00f3nica y la tundra ant\u00e1rtica pueden estar llegando a umbrales de cambio dr\u00e1stico debido a su calentamiento y a la p\u00e9rdida de humedad.<\/p>\n\n\n\n<p>Los glaciares de monta\u00f1a tambi\u00e9n est\u00e1n retrocediendo de manera muy preocupante. Adem\u00e1s, los efectos producidos por el menor abastecimiento de agua en los meses secos tendr\u00e1n repercusiones a muy largo plazo en estos ecosistemas.<\/p>\n\n\n\n<h3 class=\"wp-block-heading\"><img decoding=\"async\" src=\"\" width=\"330\" height=\"304\" loading=\"lazy\"><\/h3>\n\n\n\n<h3 class=\"wp-block-heading\">Calentamiento global de 1,5\u00baC<\/h3>\n\n\n\n<p>En 2018 el IPCC\u00a0<a href=\"https:\/\/www.ipcc.ch\/site\/assets\/uploads\/sites\/2\/2019\/09\/IPCC-Special-Report-1.5-SPM_es.pdf\">public\u00f3 un informe especial<\/a>\u00a0sobre los impactos del calentamiento global a 1,5\u00b0C. Una de las principales conclusiones de este informe destaca que limitar el calentamiento global a este nivel requerir\u00e1 cambios r\u00e1pidos, de gran alcance y sin precedentes en todos los aspectos de la sociedad.\u00a0<\/p>\n\n\n\n<p>Este informe subraya que la limitaci\u00f3n del calentamiento global a 1.5\u00baC, comparado con 2\u00baC, debe de ir unida al compromiso de construir una sociedad m\u00e1s sostenible y equitativa.<\/p>\n\n\n\n<p>Mientras que estimaciones previas se enfocaban en determinar el da\u00f1o que se ocasionar\u00eda si la temperatura media llegara a los 2\u00b0C, este informe indica que gran parte del impacto del cambio clim\u00e1tico ya se producir\u00eda con 1,5\u00b0C de aumento.<\/p>\n\n\n\n<p>Adem\u00e1s, el informe destaca una serie de da\u00f1os ocasionados por el cambio clim\u00e1tico que podr\u00edan evitarse si el l\u00edmite de calentamiento global se estableciera en 1,5\u00baC en lugar de 2\u00baC, o m\u00e1s. Por ejemplo, para 2100 el aumento del nivel del mar a nivel global ser\u00eda 10 cm m\u00e1s bajo con un calentamiento global de 1,5\u00b0C. Las probabilidades de tener un Oc\u00e9ano \u00c1rtico sin hielo durante el verano disminuir\u00e1n a una vez por siglo, en lugar de una vez por d\u00e9cada, con el m\u00e1ximo en 1,5\u00baC si el l\u00edmite se establece en los 2\u00baC. Los arrecifes de coral disminuir\u00edan entre un 70 y 90% con un calentamiento global de 1,5 \u00b0C mientras que con 2\u00baC se perder\u00edan pr\u00e1cticamente todos (el 99%).<\/p>\n\n\n\n<p>Este informe tambi\u00e9n indica que limitar el calentamiento global a 1,5\u00b0C requerir\u00eda transiciones \u201cr\u00e1pidas y de gran calado\u201d en la tierra, la energ\u00eda, la industria, los edificios, el transporte y las ciudades. Las emisiones netas mundiales de CO2 de origen humano tendr\u00edan que reducirse en un 45% para 2030 con respecto a los niveles de 2010, y seguir disminuyendo hasta alcanzar el \u201ccero neto\u201d aproximadamente en 2050.<\/p>\n\n\n\n<p><\/p>\n\n\n\n<h4 class=\"wp-block-heading\">Convenci\u00f3n Marco de las Naciones Unidas sobre el Cambio Clim\u00e1tico: Los instrumentos jur\u00eddicos de la ONU<\/h4>\n\n\n\n<p>El sistema de las Naciones Unidas est\u00e1 a la vanguardia de los esfuerzos para salvar nuestro planeta. En\u00a0<a href=\"https:\/\/www.un.org\/spanish\/conferences\/cumbre&amp;5.htm\">1992 la Cumbre para la Tierra<\/a>\u00a0dio lugar a la\u00a0i<a href=\"https:\/\/unfccc.int\/files\/essential_background\/background_publications_htmlpdf\/application\/pdf\/convsp.pdf\">Convenci\u00f3n Marco de las Naciones Unidas sobre el Cambio Clim\u00e1tico (CMNUCC)<\/a>\u00a0como primer paso para afrontar este enorme problema. Actualmente un total de 197 pa\u00edses han ratificado la Convenci\u00f3n, cuyo objetivo final es prevenir una interferencia humana \u201cpeligrosa\u201d en el sistema clim\u00e1tico.<\/p>\n\n\n\n<h4 class=\"wp-block-heading\"><a href=\"http:\/\/unfccc.int\/es\/kyoto_protocol\">Protocolo de Kyoto<\/a>\u00a0<\/h4>\n\n\n\n<p>En 1995 la comunidad internacional inici\u00f3 negociaciones para fortalecer la respuesta mundial al cambio clim\u00e1tico. Dos a\u00f1os despu\u00e9s, en 1997, 83 pa\u00edses firmaron y 46 ratificaron el\u00a0\u00a0<a href=\"http:\/\/unfccc.int\/portal_espanol\/informacion_basica\/protocolo_de_kyoto\/items\/6215.php\">Protocolo de Kyoto<\/a>\u00a0\u2013hoy son 192 los pa\u00edses parte. Este obliga jur\u00eddicamente a los pa\u00edses desarrollados que son Parte a cumplir unas metas de reducci\u00f3n de emisiones. El primer per\u00edodo de compromiso del Protocolo comenz\u00f3 en 2008 y finaliz\u00f3 en 2012. El segundo per\u00edodo de compromiso empez\u00f3 el 1 de enero de 2013 y terminar\u00e1 en 2020.<\/p>\n\n\n\n<h4 class=\"wp-block-heading\">Acuerdo de Par\u00eds<\/h4>\n\n\n\n<p>En la\u00a0<a href=\"http:\/\/unfccc.int\/meetings\/paris_nov_2015\/meeting\/8926.php\">21\u00aa Conferencia en Par\u00eds de 2015<\/a>, las Partes de la CMNUCC alcanzaron un acuerdo hist\u00f3rico con el objetivo de combatir el cambio clim\u00e1tico y acelerar e intensificar las acciones y las inversiones necesarias para un futuro sostenible con bajas emisiones de carbono.<\/p>\n\n\n\n<p>El\u00a0<a href=\"https:\/\/unfccc.int\/es\/process-and-meetings\/the-paris-agreement\/que-es-el-acuerdo-de-paris\">Acuerdo de Paris<\/a>\u00a0agrupa a todas las naciones del mundo, por primera vez en la historia, bajo una causa com\u00fan: realizar ambiciosos esfuerzos con el objetivo de combatir el cambio clim\u00e1tico y adaptarse a sus efectos. Para lograrlo, la CMNUCC incide en que los pa\u00edses en desarrollo tendr\u00e1n que recibir un mayor apoyo para impulsar su lucha contra el cambio clim\u00e1tico. De esta manera, define una nueva ruta en los esfuerzos mundiales para frenar el cambio clim\u00e1tico.<\/p>\n\n\n\n<p><strong>El principal objetivo del Acuerdo de Par\u00eds es reforzar la respuesta mundial a la amenaza del cambio clim\u00e1tico manteniendo el aumento de la temperatura mundial en este siglo por debajo de los 2 \u02daC con respecto a los niveles preindustriales y proseguir con los esfuerzos para limitar a\u00fan m\u00e1s el aumento de la temperatura a 1,5 \u02daC.<\/strong><\/p>\n\n\n\n<p>En el\u00a0<a href=\"https:\/\/www.un.org\/es\/observances\/earth-day\">D\u00eda de la Tierra<\/a>\u00a0(22 de abril de 2016) 175 l\u00edderes mundiales firmaron el Acuerdo de Par\u00eds en la Sede de las Naciones Unidas en Nueva York; con diferencia, el tratado internacional en la historia que m\u00e1s pa\u00edses han firmado en un solo d\u00eda. Tras la firma, otros pa\u00edses se han unido a este Acuerdo, que actualmente cuenta con 195 pa\u00edses.<\/p>\n\n\n\n<h3 class=\"wp-block-heading\"><a href=\"http:\/\/www.un.org\/es\/climatechange\/\">Cumbre sobre la Acci\u00f3n Clim\u00e1tica 2019<\/a><\/h3>\n\n\n\n<p>El 23 de septiembre de 2019, el Secretario General Ant\u00f3nio Guterres convoc\u00f3 a los Estados Miembros a participar en la\u00a0<a href=\"https:\/\/www.un.org\/es\/climatechange\/un-climate-summit-2019.shtml\">Cumbre sobre la Acci\u00f3n Clim\u00e1tica<\/a>. Un importante evento que reuni\u00f3 a l\u00edderes mundiales, del sector privado y la sociedad civil con la finalidad de respaldar, incrementar y acelerar el proceso multilateral en la acci\u00f3n clim\u00e1tica. Para dirigir los preparativos de esta Cumbre, el Secretario General nombr\u00f3 a Luis Alfonso de Alba, ex diplom\u00e1tico mexicano, como su\u00a0<a href=\"https:\/\/news.un.org\/en\/tags\/special-envoy-climate-change-summit-2019\">Enviado Especial<\/a>\u00a0para esta importante reuni\u00f3n.<\/p>\n\n\n\n<p>La Cumbre se centr\u00f3 en las \u00e1reas donde el trabajo y la cooperaci\u00f3n internacional para poner freno al cambio clim\u00e1tico puede ser m\u00e1s efectiva; la industria pesada, soluciones ecol\u00f3gicas, ciudades, energ\u00eda, resilencia e inversiones para el cambio clim\u00e1tico.<\/p>\n\n\n\n<p>Los l\u00edderes que acudieron a esta cumbre informaron tanto de las acciones que est\u00e1n llevando a cabo en sus pa\u00edses, como de las propuestas que pondr\u00e1n en la mesa durante la pr\u00f3xima Conferencia de las Naciones Unidas sobre el Clima en 2020, donde se renovar\u00e1n y aumentar\u00e1n sus compromisos.<\/p>\n\n\n\n<p>Al cierre de la Cumbre, el Secretario General anim\u00f3 encarecidamente a\u00a0<strong><em>\u201caprovechar el impulso, la cooperaci\u00f3n y la ambici\u00f3n, ya que todav\u00eda tenemos un largo camino por recorrer. Se necesita mucho m\u00e1s para neutralizar las emisiones de carbono para 2050 y limitar el calentamiento global a 1,5 \u00baC para finales de siglo. Necesitamos m\u00e1s planes concretos, m\u00e1s ambici\u00f3n, m\u00e1s pa\u00edses y m\u00e1s negocios. Necesitamos que todas las instituciones financieras, p\u00fablicas y privadas, elijan de una vez por todas, la econom\u00eda verde<\/em><\/strong>.\u201d<\/p>\n\n\n\n<h3 class=\"wp-block-heading\">Recursos:<\/h3>\n\n\n\n<ul class=\"wp-block-list\"><li><a href=\"https:\/\/www.un.org\/es\/climatechange\/index.shtml\">Acci\u00f3n Clim\u00e1tica<\/a><\/li><li><a href=\"https:\/\/archive.ipcc.ch\/home_languages_main_spanish.shtml\">IPCC \u2013 Quinto Informe de Evaluaci\u00f3n<\/a><\/li><li><a href=\"https:\/\/www.un.org\/sustainabledevelopment\/es\/climate-change-2\/\">Objetivo de Desarrollo Sostenible 13: Acci\u00f3n por el Clima<\/a>\u00a0<\/li><\/ul>\n\n\n\n<h3 class=\"wp-block-heading\">V\u00eddeo:<\/h3>\n\n\n\n<p>El Secretario General de la ONU, Ant\u00f3nio Guterres, advirti\u00f3 en un discurso en septiembre de 2018 sobre la peligrosa amenaza que representa el cambio clim\u00e1tico, se\u00f1alando los enormes beneficios que la acci\u00f3n clim\u00e1tica generar\u00e1. El Secretario General tambi\u00e9n pidi\u00f3 a los l\u00edderes mundiales que afronten con valent\u00eda este reto y se mostr\u00f3 esperanzado en que los j\u00f3venes nos mostrar\u00e1n el camino hacia un nuevo futuro m\u00e1s ecol\u00f3gico.<\/p>\n\n\n\n<figure class=\"wp-block-embed-youtube wp-block-embed is-type-video is-provider-youtube wp-embed-aspect-16-9 wp-has-aspect-ratio\"><div class=\"wp-block-embed__wrapper\">\n<iframe loading=\"lazy\" title=\"El Secretario General, Ant\u00f3nio Guterres, pide actuar contra el cambio clim\u00e1tico\" width=\"696\" height=\"392\" src=\"https:\/\/www.youtube.com\/embed\/QIK-ASMPrVc?feature=oembed&amp;enablejsapi=1\" frameborder=\"0\" allow=\"accelerometer; autoplay; clipboard-write; encrypted-media; gyroscope; picture-in-picture\" allowfullscreen><\/iframe>\n<\/div><\/figure>\n\n\n\n<p>Fuente: <a href=\"http:\/\/weforum.org\">Naciones Unidas<\/a><\/p>\n<\/body>","protected":false},"excerpt":{"rendered":"<p>Nos encontramos en un momento decisivo para afrontar con \u00e9xito el mayor desaf\u00edo de nuestro tiempo: el cambio clim\u00e1tico. Cada d\u00eda, en diferentes puntos de la geograf\u00eda mundial, el planeta nos manda mensajes sobre las enormes transformaciones que est\u00e1 sufriendo: desde cambiantes pautas meteorol\u00f3gicas que amenazan la producci\u00f3n de alimentos; hasta el aumento del nivel [&hellip;]<\/p>\n","protected":false},"author":6,"featured_media":1054,"comment_status":"open","ping_status":"open","sticky":false,"template":"","format":"standard","meta":{"_et_pb_use_builder":"","_et_pb_old_content":"","_et_gb_content_width":"","_monsterinsights_skip_tracking":false,"_jetpack_memberships_contains_paid_content":false,"footnotes":""},"categories":[28],"tags":[65,66],"class_list":["post-192","post","type-post","status-publish","format-standard","has-post-thumbnail","hentry","category-medio-ambiente","tag-cambio-climatico","tag-sostenibilidad"],"yoast_head":"<!-- This site is optimized with the Yoast SEO plugin v25.5 - https:\/\/yoast.com\/wordpress\/plugins\/seo\/ -->\n<title>La crisis clim\u00e1tica, un asunto que nos importa a todos<\/title>\n<meta name=\"description\" content=\"Revista digital de innovaci\u00f3n, tecnolog\u00eda y sociedad de Xalapa M\u00e9xico. Grupo multidisciplinario, emprendedores digitales, comunidad tech.\" \/>\n<meta name=\"robots\" content=\"index, follow, max-snippet:-1, max-image-preview:large, max-video-preview:-1\" \/>\n<link rel=\"canonical\" href=\"https:\/\/pulsecoder.com.mx\/index.php\/2020\/09\/16\/asuntos-que-nos-importan-a-todos-el-cambio-climatico\/\" \/>\n<meta property=\"og:locale\" content=\"es_MX\" \/>\n<meta property=\"og:type\" content=\"article\" \/>\n<meta property=\"og:title\" content=\"La crisis clim\u00e1tica, un asunto que nos importa a todos\" \/>\n<meta property=\"og:description\" content=\"Revista digital de innovaci\u00f3n, tecnolog\u00eda y sociedad de Xalapa M\u00e9xico. Grupo multidisciplinario, emprendedores digitales, comunidad tech.\" \/>\n<meta property=\"og:url\" content=\"https:\/\/pulsecoder.com.mx\/index.php\/2020\/09\/16\/asuntos-que-nos-importan-a-todos-el-cambio-climatico\/\" \/>\n<meta property=\"og:site_name\" content=\"Pulsecoder\" \/>\n<meta property=\"article:publisher\" content=\"https:\/\/www.facebook.com\/PulsecoderMx\" \/>\n<meta property=\"article:published_time\" content=\"2020-09-16T22:29:10+00:00\" \/>\n<meta property=\"article:modified_time\" content=\"2020-11-23T19:53:39+00:00\" \/>\n<meta property=\"og:image\" content=\"https:\/\/i1.wp.com\/pulsecoder.com.mx\/wp-content\/uploads\/2020\/09\/Paneles-Solares.png?fit=760%2C507&ssl=1\" \/>\n\t<meta property=\"og:image:width\" content=\"760\" \/>\n\t<meta property=\"og:image:height\" content=\"507\" \/>\n\t<meta property=\"og:image:type\" content=\"image\/png\" \/>\n<meta name=\"author\" content=\"Paula Campos\" \/>\n<meta name=\"twitter:card\" content=\"summary_large_image\" \/>\n<meta name=\"twitter:creator\" content=\"@PulsecoderMx\" \/>\n<meta name=\"twitter:site\" content=\"@PulsecoderMx\" \/>\n<meta name=\"twitter:label1\" content=\"Escrito por\" \/>\n\t<meta name=\"twitter:data1\" content=\"Paula Campos\" \/>\n\t<meta name=\"twitter:label2\" content=\"Tiempo de lectura\" \/>\n\t<meta name=\"twitter:data2\" content=\"10 minutos\" \/>\n<script type=\"application\/ld+json\" class=\"yoast-schema-graph\">{\"@context\":\"https:\/\/schema.org\",\"@graph\":[{\"@type\":\"Article\",\"@id\":\"https:\/\/pulsecoder.com.mx\/index.php\/2020\/09\/16\/asuntos-que-nos-importan-a-todos-el-cambio-climatico\/#article\",\"isPartOf\":{\"@id\":\"https:\/\/pulsecoder.com.mx\/index.php\/2020\/09\/16\/asuntos-que-nos-importan-a-todos-el-cambio-climatico\/\"},\"author\":{\"name\":\"Paula Campos\",\"@id\":\"https:\/\/pulsecoder.com.mx\/#\/schema\/person\/ae96446d3a5965f0028dd5154d8c77b4\"},\"headline\":\"La crisis clim\u00e1tica, un asunto que nos importa a todos\",\"datePublished\":\"2020-09-16T22:29:10+00:00\",\"dateModified\":\"2020-11-23T19:53:39+00:00\",\"mainEntityOfPage\":{\"@id\":\"https:\/\/pulsecoder.com.mx\/index.php\/2020\/09\/16\/asuntos-que-nos-importan-a-todos-el-cambio-climatico\/\"},\"wordCount\":2017,\"commentCount\":0,\"publisher\":{\"@id\":\"https:\/\/pulsecoder.com.mx\/#organization\"},\"image\":{\"@id\":\"https:\/\/pulsecoder.com.mx\/index.php\/2020\/09\/16\/asuntos-que-nos-importan-a-todos-el-cambio-climatico\/#primaryimage\"},\"thumbnailUrl\":\"https:\/\/i0.wp.com\/pulsecoder.com.mx\/wp-content\/uploads\/2020\/09\/Paneles-Solares.png?fit=760%2C507&ssl=1\",\"keywords\":[\"Cambio clim\u00e1tico\",\"Sostenibilidad\"],\"articleSection\":[\"Medio Ambiente\"],\"inLanguage\":\"es\",\"potentialAction\":[{\"@type\":\"CommentAction\",\"name\":\"Comment\",\"target\":[\"https:\/\/pulsecoder.com.mx\/index.php\/2020\/09\/16\/asuntos-que-nos-importan-a-todos-el-cambio-climatico\/#respond\"]}]},{\"@type\":\"WebPage\",\"@id\":\"https:\/\/pulsecoder.com.mx\/index.php\/2020\/09\/16\/asuntos-que-nos-importan-a-todos-el-cambio-climatico\/\",\"url\":\"https:\/\/pulsecoder.com.mx\/index.php\/2020\/09\/16\/asuntos-que-nos-importan-a-todos-el-cambio-climatico\/\",\"name\":\"La crisis clim\u00e1tica, un asunto que nos importa a todos\",\"isPartOf\":{\"@id\":\"https:\/\/pulsecoder.com.mx\/#website\"},\"primaryImageOfPage\":{\"@id\":\"https:\/\/pulsecoder.com.mx\/index.php\/2020\/09\/16\/asuntos-que-nos-importan-a-todos-el-cambio-climatico\/#primaryimage\"},\"image\":{\"@id\":\"https:\/\/pulsecoder.com.mx\/index.php\/2020\/09\/16\/asuntos-que-nos-importan-a-todos-el-cambio-climatico\/#primaryimage\"},\"thumbnailUrl\":\"https:\/\/i0.wp.com\/pulsecoder.com.mx\/wp-content\/uploads\/2020\/09\/Paneles-Solares.png?fit=760%2C507&ssl=1\",\"datePublished\":\"2020-09-16T22:29:10+00:00\",\"dateModified\":\"2020-11-23T19:53:39+00:00\",\"description\":\"Revista digital de innovaci\u00f3n, tecnolog\u00eda y sociedad de Xalapa M\u00e9xico. Grupo multidisciplinario, emprendedores digitales, comunidad tech.\",\"inLanguage\":\"es\",\"potentialAction\":[{\"@type\":\"ReadAction\",\"target\":[\"https:\/\/pulsecoder.com.mx\/index.php\/2020\/09\/16\/asuntos-que-nos-importan-a-todos-el-cambio-climatico\/\"]}]},{\"@type\":\"ImageObject\",\"inLanguage\":\"es\",\"@id\":\"https:\/\/pulsecoder.com.mx\/index.php\/2020\/09\/16\/asuntos-que-nos-importan-a-todos-el-cambio-climatico\/#primaryimage\",\"url\":\"https:\/\/i0.wp.com\/pulsecoder.com.mx\/wp-content\/uploads\/2020\/09\/Paneles-Solares.png?fit=760%2C507&ssl=1\",\"contentUrl\":\"https:\/\/i0.wp.com\/pulsecoder.com.mx\/wp-content\/uploads\/2020\/09\/Paneles-Solares.png?fit=760%2C507&ssl=1\",\"width\":760,\"height\":507},{\"@type\":\"WebSite\",\"@id\":\"https:\/\/pulsecoder.com.mx\/#website\",\"url\":\"https:\/\/pulsecoder.com.mx\/\",\"name\":\"Pulsecoder\",\"description\":\"Revista digital de tecnolog\u00eda, sociedad e Innovaci\u00f3n\",\"publisher\":{\"@id\":\"https:\/\/pulsecoder.com.mx\/#organization\"},\"potentialAction\":[{\"@type\":\"SearchAction\",\"target\":{\"@type\":\"EntryPoint\",\"urlTemplate\":\"https:\/\/pulsecoder.com.mx\/?s={search_term_string}\"},\"query-input\":{\"@type\":\"PropertyValueSpecification\",\"valueRequired\":true,\"valueName\":\"search_term_string\"}}],\"inLanguage\":\"es\"},{\"@type\":\"Organization\",\"@id\":\"https:\/\/pulsecoder.com.mx\/#organization\",\"name\":\"Pulse Coder Mx\",\"url\":\"https:\/\/pulsecoder.com.mx\/\",\"logo\":{\"@type\":\"ImageObject\",\"inLanguage\":\"es\",\"@id\":\"https:\/\/pulsecoder.com.mx\/#\/schema\/logo\/image\/\",\"url\":\"https:\/\/i0.wp.com\/pulsecoder.com.mx\/wp-content\/uploads\/2021\/10\/Web.png?fit=2047%2C1024&ssl=1\",\"contentUrl\":\"https:\/\/i0.wp.com\/pulsecoder.com.mx\/wp-content\/uploads\/2021\/10\/Web.png?fit=2047%2C1024&ssl=1\",\"width\":2047,\"height\":1024,\"caption\":\"Pulse Coder Mx\"},\"image\":{\"@id\":\"https:\/\/pulsecoder.com.mx\/#\/schema\/logo\/image\/\"},\"sameAs\":[\"https:\/\/www.facebook.com\/PulsecoderMx\",\"https:\/\/x.com\/PulsecoderMx\",\"https:\/\/www.instagram.com\/pulsecodermx\/\",\"https:\/\/www.youtube.com\/channel\/UCci7xZRoiIxGpkwEljqfF9A\"]},{\"@type\":\"Person\",\"@id\":\"https:\/\/pulsecoder.com.mx\/#\/schema\/person\/ae96446d3a5965f0028dd5154d8c77b4\",\"name\":\"Paula Campos\",\"image\":{\"@type\":\"ImageObject\",\"inLanguage\":\"es\",\"@id\":\"https:\/\/pulsecoder.com.mx\/#\/schema\/person\/image\/\",\"url\":\"https:\/\/secure.gravatar.com\/avatar\/e1ab72df5f67809d6c753f9b51cc4fa9?s=96&d=mm&r=g\",\"contentUrl\":\"https:\/\/secure.gravatar.com\/avatar\/e1ab72df5f67809d6c753f9b51cc4fa9?s=96&d=mm&r=g\",\"caption\":\"Paula Campos\"},\"description\":\"Cofundadora y Articulista de Pulse Coder. Enfocada en t\u00f3picos sobre el medio ambiente, bienestar y pol\u00edticas ambientales.\",\"url\":\"https:\/\/pulsecoder.com.mx\/index.php\/author\/paula-campos\/\"}]}<\/script>\n<!-- \/ Yoast SEO plugin. -->","yoast_head_json":{"title":"La crisis clim\u00e1tica, un asunto que nos importa a todos","description":"Revista digital de innovaci\u00f3n, tecnolog\u00eda y sociedad de Xalapa M\u00e9xico. Grupo multidisciplinario, emprendedores digitales, comunidad tech.","robots":{"index":"index","follow":"follow","max-snippet":"max-snippet:-1","max-image-preview":"max-image-preview:large","max-video-preview":"max-video-preview:-1"},"canonical":"https:\/\/pulsecoder.com.mx\/index.php\/2020\/09\/16\/asuntos-que-nos-importan-a-todos-el-cambio-climatico\/","og_locale":"es_MX","og_type":"article","og_title":"La crisis clim\u00e1tica, un asunto que nos importa a todos","og_description":"Revista digital de innovaci\u00f3n, tecnolog\u00eda y sociedad de Xalapa M\u00e9xico. Grupo multidisciplinario, emprendedores digitales, comunidad tech.","og_url":"https:\/\/pulsecoder.com.mx\/index.php\/2020\/09\/16\/asuntos-que-nos-importan-a-todos-el-cambio-climatico\/","og_site_name":"Pulsecoder","article_publisher":"https:\/\/www.facebook.com\/PulsecoderMx","article_published_time":"2020-09-16T22:29:10+00:00","article_modified_time":"2020-11-23T19:53:39+00:00","og_image":[{"width":760,"height":507,"url":"https:\/\/i1.wp.com\/pulsecoder.com.mx\/wp-content\/uploads\/2020\/09\/Paneles-Solares.png?fit=760%2C507&ssl=1","type":"image\/png"}],"author":"Paula Campos","twitter_card":"summary_large_image","twitter_creator":"@PulsecoderMx","twitter_site":"@PulsecoderMx","twitter_misc":{"Escrito por":"Paula Campos","Tiempo de lectura":"10 minutos"},"schema":{"@context":"https:\/\/schema.org","@graph":[{"@type":"Article","@id":"https:\/\/pulsecoder.com.mx\/index.php\/2020\/09\/16\/asuntos-que-nos-importan-a-todos-el-cambio-climatico\/#article","isPartOf":{"@id":"https:\/\/pulsecoder.com.mx\/index.php\/2020\/09\/16\/asuntos-que-nos-importan-a-todos-el-cambio-climatico\/"},"author":{"name":"Paula Campos","@id":"https:\/\/pulsecoder.com.mx\/#\/schema\/person\/ae96446d3a5965f0028dd5154d8c77b4"},"headline":"La crisis clim\u00e1tica, un asunto que nos importa a todos","datePublished":"2020-09-16T22:29:10+00:00","dateModified":"2020-11-23T19:53:39+00:00","mainEntityOfPage":{"@id":"https:\/\/pulsecoder.com.mx\/index.php\/2020\/09\/16\/asuntos-que-nos-importan-a-todos-el-cambio-climatico\/"},"wordCount":2017,"commentCount":0,"publisher":{"@id":"https:\/\/pulsecoder.com.mx\/#organization"},"image":{"@id":"https:\/\/pulsecoder.com.mx\/index.php\/2020\/09\/16\/asuntos-que-nos-importan-a-todos-el-cambio-climatico\/#primaryimage"},"thumbnailUrl":"https:\/\/i0.wp.com\/pulsecoder.com.mx\/wp-content\/uploads\/2020\/09\/Paneles-Solares.png?fit=760%2C507&ssl=1","keywords":["Cambio clim\u00e1tico","Sostenibilidad"],"articleSection":["Medio Ambiente"],"inLanguage":"es","potentialAction":[{"@type":"CommentAction","name":"Comment","target":["https:\/\/pulsecoder.com.mx\/index.php\/2020\/09\/16\/asuntos-que-nos-importan-a-todos-el-cambio-climatico\/#respond"]}]},{"@type":"WebPage","@id":"https:\/\/pulsecoder.com.mx\/index.php\/2020\/09\/16\/asuntos-que-nos-importan-a-todos-el-cambio-climatico\/","url":"https:\/\/pulsecoder.com.mx\/index.php\/2020\/09\/16\/asuntos-que-nos-importan-a-todos-el-cambio-climatico\/","name":"La crisis clim\u00e1tica, un asunto que nos importa a todos","isPartOf":{"@id":"https:\/\/pulsecoder.com.mx\/#website"},"primaryImageOfPage":{"@id":"https:\/\/pulsecoder.com.mx\/index.php\/2020\/09\/16\/asuntos-que-nos-importan-a-todos-el-cambio-climatico\/#primaryimage"},"image":{"@id":"https:\/\/pulsecoder.com.mx\/index.php\/2020\/09\/16\/asuntos-que-nos-importan-a-todos-el-cambio-climatico\/#primaryimage"},"thumbnailUrl":"https:\/\/i0.wp.com\/pulsecoder.com.mx\/wp-content\/uploads\/2020\/09\/Paneles-Solares.png?fit=760%2C507&ssl=1","datePublished":"2020-09-16T22:29:10+00:00","dateModified":"2020-11-23T19:53:39+00:00","description":"Revista digital de innovaci\u00f3n, tecnolog\u00eda y sociedad de Xalapa M\u00e9xico. Grupo multidisciplinario, emprendedores digitales, comunidad tech.","inLanguage":"es","potentialAction":[{"@type":"ReadAction","target":["https:\/\/pulsecoder.com.mx\/index.php\/2020\/09\/16\/asuntos-que-nos-importan-a-todos-el-cambio-climatico\/"]}]},{"@type":"ImageObject","inLanguage":"es","@id":"https:\/\/pulsecoder.com.mx\/index.php\/2020\/09\/16\/asuntos-que-nos-importan-a-todos-el-cambio-climatico\/#primaryimage","url":"https:\/\/i0.wp.com\/pulsecoder.com.mx\/wp-content\/uploads\/2020\/09\/Paneles-Solares.png?fit=760%2C507&ssl=1","contentUrl":"https:\/\/i0.wp.com\/pulsecoder.com.mx\/wp-content\/uploads\/2020\/09\/Paneles-Solares.png?fit=760%2C507&ssl=1","width":760,"height":507},{"@type":"WebSite","@id":"https:\/\/pulsecoder.com.mx\/#website","url":"https:\/\/pulsecoder.com.mx\/","name":"Pulsecoder","description":"Revista digital de tecnolog\u00eda, sociedad e Innovaci\u00f3n","publisher":{"@id":"https:\/\/pulsecoder.com.mx\/#organization"},"potentialAction":[{"@type":"SearchAction","target":{"@type":"EntryPoint","urlTemplate":"https:\/\/pulsecoder.com.mx\/?s={search_term_string}"},"query-input":{"@type":"PropertyValueSpecification","valueRequired":true,"valueName":"search_term_string"}}],"inLanguage":"es"},{"@type":"Organization","@id":"https:\/\/pulsecoder.com.mx\/#organization","name":"Pulse Coder Mx","url":"https:\/\/pulsecoder.com.mx\/","logo":{"@type":"ImageObject","inLanguage":"es","@id":"https:\/\/pulsecoder.com.mx\/#\/schema\/logo\/image\/","url":"https:\/\/i0.wp.com\/pulsecoder.com.mx\/wp-content\/uploads\/2021\/10\/Web.png?fit=2047%2C1024&ssl=1","contentUrl":"https:\/\/i0.wp.com\/pulsecoder.com.mx\/wp-content\/uploads\/2021\/10\/Web.png?fit=2047%2C1024&ssl=1","width":2047,"height":1024,"caption":"Pulse Coder Mx"},"image":{"@id":"https:\/\/pulsecoder.com.mx\/#\/schema\/logo\/image\/"},"sameAs":["https:\/\/www.facebook.com\/PulsecoderMx","https:\/\/x.com\/PulsecoderMx","https:\/\/www.instagram.com\/pulsecodermx\/","https:\/\/www.youtube.com\/channel\/UCci7xZRoiIxGpkwEljqfF9A"]},{"@type":"Person","@id":"https:\/\/pulsecoder.com.mx\/#\/schema\/person\/ae96446d3a5965f0028dd5154d8c77b4","name":"Paula Campos","image":{"@type":"ImageObject","inLanguage":"es","@id":"https:\/\/pulsecoder.com.mx\/#\/schema\/person\/image\/","url":"https:\/\/secure.gravatar.com\/avatar\/e1ab72df5f67809d6c753f9b51cc4fa9?s=96&d=mm&r=g","contentUrl":"https:\/\/secure.gravatar.com\/avatar\/e1ab72df5f67809d6c753f9b51cc4fa9?s=96&d=mm&r=g","caption":"Paula Campos"},"description":"Cofundadora y Articulista de Pulse Coder. Enfocada en t\u00f3picos sobre el medio ambiente, bienestar y pol\u00edticas ambientales.","url":"https:\/\/pulsecoder.com.mx\/index.php\/author\/paula-campos\/"}]}},"jetpack_featured_media_url":"https:\/\/i0.wp.com\/pulsecoder.com.mx\/wp-content\/uploads\/2020\/09\/Paneles-Solares.png?fit=760%2C507&ssl=1","jetpack_sharing_enabled":true,"amp_enabled":true,"_links":{"self":[{"href":"https:\/\/pulsecoder.com.mx\/index.php\/wp-json\/wp\/v2\/posts\/192"}],"collection":[{"href":"https:\/\/pulsecoder.com.mx\/index.php\/wp-json\/wp\/v2\/posts"}],"about":[{"href":"https:\/\/pulsecoder.com.mx\/index.php\/wp-json\/wp\/v2\/types\/post"}],"author":[{"embeddable":true,"href":"https:\/\/pulsecoder.com.mx\/index.php\/wp-json\/wp\/v2\/users\/6"}],"replies":[{"embeddable":true,"href":"https:\/\/pulsecoder.com.mx\/index.php\/wp-json\/wp\/v2\/comments?post=192"}],"version-history":[{"count":6,"href":"https:\/\/pulsecoder.com.mx\/index.php\/wp-json\/wp\/v2\/posts\/192\/revisions"}],"predecessor-version":[{"id":1087,"href":"https:\/\/pulsecoder.com.mx\/index.php\/wp-json\/wp\/v2\/posts\/192\/revisions\/1087"}],"wp:featuredmedia":[{"embeddable":true,"href":"https:\/\/pulsecoder.com.mx\/index.php\/wp-json\/wp\/v2\/media\/1054"}],"wp:attachment":[{"href":"https:\/\/pulsecoder.com.mx\/index.php\/wp-json\/wp\/v2\/media?parent=192"}],"wp:term":[{"taxonomy":"category","embeddable":true,"href":"https:\/\/pulsecoder.com.mx\/index.php\/wp-json\/wp\/v2\/categories?post=192"},{"taxonomy":"post_tag","embeddable":true,"href":"https:\/\/pulsecoder.com.mx\/index.php\/wp-json\/wp\/v2\/tags?post=192"}],"curies":[{"name":"wp","href":"https:\/\/api.w.org\/{rel}","templated":true}]}}