{"id":220,"date":"2020-09-17T20:24:59","date_gmt":"2020-09-17T20:24:59","guid":{"rendered":"http:\/\/pulsecoder.com.mx\/?p=220"},"modified":"2020-10-30T20:04:58","modified_gmt":"2020-10-30T20:04:58","slug":"alianza-mundial-para-mapear-la-conectividad-de-las-escuelas-de-35-paises","status":"publish","type":"post","link":"https:\/\/pulsecoder.com.mx\/index.php\/2020\/09\/17\/alianza-mundial-para-mapear-la-conectividad-de-las-escuelas-de-35-paises\/","title":{"rendered":"Alianza mundial para mapear la conectividad de las escuelas de 35 pa\u00edses"},"content":{"rendered":"<body>\n<p>El convenio suscrito entre Unicef y Ericsson forma parte de la iniciativa\u00a0<a href=\"https:\/\/gigaconnect.org\/\" target=\"_blank\" rel=\"noreferrer noopener\">Giga<\/a>, lanzada el a\u00f1o pasado y dirigida por Unicef y la Uni\u00f3n Internacional de Telecomunicaciones (UIT), con el objetivo de dotar de conexi\u00f3n a Internet a todos los colegios. En este contexto, Ericsson se convierte en el primer socio del sector privado del proyecto, a fin de realizar un mapeo de la conectividad escolar.<\/p>\n\n\n\n<p>Seg\u00fan la UIT, en la actualidad 360 millones de j\u00f3venes no tienen acceso a la red. Este hecho tiene como consecuencias la exclusi\u00f3n, menos recursos para aprender y oportunidades limitadas para que los ni\u00f1os y j\u00f3venes m\u00e1s vulnerables alcancen todo su potencial. Por eso, mejorar la conectividad ampliar\u00e1 el acceso a la informaci\u00f3n y a m\u00e1s oportunidades y opciones.<\/p>\n\n\n\n<h2 class=\"wp-block-heading\">Asociaci\u00f3n Unicef-Ericsson<\/h2>\n\n\n\n<p>Ericsson destinar\u00e1 financiaci\u00f3n, recursos para la ingenier\u00eda de la informaci\u00f3n y la capacidad de ciencia de datos con el fin de acelerar el mapeo de la conectividad escolar. Adem\u00e1s, involucrar\u00e1 a su base de clientes para promover los objetivos de la iniciativa Giga.<\/p>\n\n\n\n<p>En concreto, la compa\u00f1\u00eda contribuir\u00e1 en la recopilaci\u00f3n, validaci\u00f3n, an\u00e1lisis, monitorizaci\u00f3n y representaci\u00f3n visual de estos datos en tiempo real, que permitir\u00e1n tanto a los gobiernos como al sector privado dise\u00f1ar e implementar soluciones digitales que faciliten el aprendizaje a ni\u00f1os y j\u00f3venes.<\/p>\n\n\n\n<p>La asociaci\u00f3n con Unicef tambi\u00e9n contribuir\u00e1 al Avance Global Ilimitado de Generaci\u00f3n en Conectividad Digital para otorgar a los j\u00f3venes habilidades digitales que les permitan participar plenamente en la\u00a0<a href=\"https:\/\/www.esmartcity.es\/gobierno-economia\">econom\u00eda digital<\/a>, una asociaci\u00f3n internacional multisectorial para cubrir la urgente necesidad de ampliar las oportunidades de educaci\u00f3n, formaci\u00f3n y empleo juvenil.<\/p>\n\n\n\n<p>Asimismo, la alianza respalda la reciente Agenda de Acci\u00f3n COVID-19 de Unicef, en la que la organizaci\u00f3n ha pedido una acci\u00f3n global para que los ni\u00f1os sigan aprendiendo, lo que requiere dar prioridad a la conexi\u00f3n a Internet en \u00e1reas rurales y remotas.<\/p>\n\n\n\n<p>Fuente:<\/p>\n\n\n\n<p>www.esmartcity.es<\/p>\n<\/body>","protected":false},"excerpt":{"rendered":"<p>El convenio suscrito entre Unicef y Ericsson forma parte de la iniciativa\u00a0Giga, lanzada el a\u00f1o pasado y dirigida por Unicef y la Uni\u00f3n Internacional de Telecomunicaciones (UIT), con el objetivo de dotar de conexi\u00f3n a Internet a todos los colegios. En este contexto, Ericsson se convierte en el primer socio del sector privado del proyecto, [&hellip;]<\/p>\n","protected":false},"author":7,"featured_media":219,"comment_status":"open","ping_status":"open","sticky":false,"template":"","format":"standard","meta":{"_et_pb_use_builder":"","_et_pb_old_content":"","_et_gb_content_width":"","_monsterinsights_skip_tracking":false,"_jetpack_memberships_contains_paid_content":false,"footnotes":""},"categories":[32],"tags":[],"class_list":["post-220","post","type-post","status-publish","format-standard","has-post-thumbnail","hentry","category-technews"],"yoast_head":"<!-- This site is optimized with the Yoast SEO plugin v25.5 - https:\/\/yoast.com\/wordpress\/plugins\/seo\/ -->\n<title>Alianza mundial para mapear la conectividad de las escuelas de 35 pa\u00edses<\/title>\n<meta name=\"description\" content=\"Revista digital de innovaci\u00f3n, tecnolog\u00eda y sociedad de Xalapa M\u00e9xico. Grupo multidisciplinario, emprendedores digitales, comunidad tech.\" \/>\n<meta name=\"robots\" content=\"index, follow, max-snippet:-1, max-image-preview:large, max-video-preview:-1\" \/>\n<link rel=\"canonical\" href=\"https:\/\/pulsecoder.com.mx\/index.php\/2020\/09\/17\/alianza-mundial-para-mapear-la-conectividad-de-las-escuelas-de-35-paises\/\" \/>\n<meta property=\"og:locale\" content=\"es_MX\" \/>\n<meta property=\"og:type\" content=\"article\" \/>\n<meta property=\"og:title\" content=\"Alianza mundial para mapear la conectividad de las escuelas de 35 pa\u00edses\" \/>\n<meta property=\"og:description\" content=\"Revista digital de innovaci\u00f3n, tecnolog\u00eda y sociedad de Xalapa M\u00e9xico. Grupo multidisciplinario, emprendedores digitales, comunidad tech.\" \/>\n<meta property=\"og:url\" content=\"https:\/\/pulsecoder.com.mx\/index.php\/2020\/09\/17\/alianza-mundial-para-mapear-la-conectividad-de-las-escuelas-de-35-paises\/\" \/>\n<meta property=\"og:site_name\" content=\"Pulsecoder\" \/>\n<meta property=\"article:publisher\" content=\"https:\/\/www.facebook.com\/PulsecoderMx\" \/>\n<meta property=\"article:published_time\" content=\"2020-09-17T20:24:59+00:00\" \/>\n<meta property=\"article:modified_time\" content=\"2020-10-30T20:04:58+00:00\" \/>\n<meta property=\"og:image\" content=\"https:\/\/i0.wp.com\/pulsecoder.com.mx\/wp-content\/uploads\/2020\/09\/conectividad-001.png?fit=800%2C449&ssl=1\" \/>\n\t<meta property=\"og:image:width\" content=\"800\" \/>\n\t<meta property=\"og:image:height\" content=\"449\" \/>\n\t<meta property=\"og:image:type\" content=\"image\/png\" \/>\n<meta name=\"author\" content=\"Staff Report\" \/>\n<meta name=\"twitter:card\" content=\"summary_large_image\" \/>\n<meta name=\"twitter:creator\" content=\"@PulsecoderMx\" \/>\n<meta name=\"twitter:site\" content=\"@PulsecoderMx\" \/>\n<meta name=\"twitter:label1\" content=\"Escrito por\" \/>\n\t<meta name=\"twitter:data1\" content=\"Staff Report\" \/>\n\t<meta name=\"twitter:label2\" content=\"Tiempo de lectura\" \/>\n\t<meta name=\"twitter:data2\" content=\"2 minutos\" \/>\n<script type=\"application\/ld+json\" class=\"yoast-schema-graph\">{\"@context\":\"https:\/\/schema.org\",\"@graph\":[{\"@type\":\"Article\",\"@id\":\"https:\/\/pulsecoder.com.mx\/index.php\/2020\/09\/17\/alianza-mundial-para-mapear-la-conectividad-de-las-escuelas-de-35-paises\/#article\",\"isPartOf\":{\"@id\":\"https:\/\/pulsecoder.com.mx\/index.php\/2020\/09\/17\/alianza-mundial-para-mapear-la-conectividad-de-las-escuelas-de-35-paises\/\"},\"author\":{\"name\":\"Staff Report\",\"@id\":\"https:\/\/pulsecoder.com.mx\/#\/schema\/person\/75821d99153317e81d70cb23237488dc\"},\"headline\":\"Alianza mundial para mapear la conectividad de las escuelas de 35 pa\u00edses\",\"datePublished\":\"2020-09-17T20:24:59+00:00\",\"dateModified\":\"2020-10-30T20:04:58+00:00\",\"mainEntityOfPage\":{\"@id\":\"https:\/\/pulsecoder.com.mx\/index.php\/2020\/09\/17\/alianza-mundial-para-mapear-la-conectividad-de-las-escuelas-de-35-paises\/\"},\"wordCount\":362,\"commentCount\":0,\"publisher\":{\"@id\":\"https:\/\/pulsecoder.com.mx\/#organization\"},\"image\":{\"@id\":\"https:\/\/pulsecoder.com.mx\/index.php\/2020\/09\/17\/alianza-mundial-para-mapear-la-conectividad-de-las-escuelas-de-35-paises\/#primaryimage\"},\"thumbnailUrl\":\"https:\/\/i0.wp.com\/pulsecoder.com.mx\/wp-content\/uploads\/2020\/09\/conectividad-001.png?fit=800%2C449&ssl=1\",\"articleSection\":[\"Technews\"],\"inLanguage\":\"es\",\"potentialAction\":[{\"@type\":\"CommentAction\",\"name\":\"Comment\",\"target\":[\"https:\/\/pulsecoder.com.mx\/index.php\/2020\/09\/17\/alianza-mundial-para-mapear-la-conectividad-de-las-escuelas-de-35-paises\/#respond\"]}]},{\"@type\":\"WebPage\",\"@id\":\"https:\/\/pulsecoder.com.mx\/index.php\/2020\/09\/17\/alianza-mundial-para-mapear-la-conectividad-de-las-escuelas-de-35-paises\/\",\"url\":\"https:\/\/pulsecoder.com.mx\/index.php\/2020\/09\/17\/alianza-mundial-para-mapear-la-conectividad-de-las-escuelas-de-35-paises\/\",\"name\":\"Alianza mundial para mapear la conectividad de las escuelas de 35 pa\u00edses\",\"isPartOf\":{\"@id\":\"https:\/\/pulsecoder.com.mx\/#website\"},\"primaryImageOfPage\":{\"@id\":\"https:\/\/pulsecoder.com.mx\/index.php\/2020\/09\/17\/alianza-mundial-para-mapear-la-conectividad-de-las-escuelas-de-35-paises\/#primaryimage\"},\"image\":{\"@id\":\"https:\/\/pulsecoder.com.mx\/index.php\/2020\/09\/17\/alianza-mundial-para-mapear-la-conectividad-de-las-escuelas-de-35-paises\/#primaryimage\"},\"thumbnailUrl\":\"https:\/\/i0.wp.com\/pulsecoder.com.mx\/wp-content\/uploads\/2020\/09\/conectividad-001.png?fit=800%2C449&ssl=1\",\"datePublished\":\"2020-09-17T20:24:59+00:00\",\"dateModified\":\"2020-10-30T20:04:58+00:00\",\"description\":\"Revista digital de innovaci\u00f3n, tecnolog\u00eda y sociedad de Xalapa M\u00e9xico. Grupo multidisciplinario, emprendedores digitales, comunidad tech.\",\"inLanguage\":\"es\",\"potentialAction\":[{\"@type\":\"ReadAction\",\"target\":[\"https:\/\/pulsecoder.com.mx\/index.php\/2020\/09\/17\/alianza-mundial-para-mapear-la-conectividad-de-las-escuelas-de-35-paises\/\"]}]},{\"@type\":\"ImageObject\",\"inLanguage\":\"es\",\"@id\":\"https:\/\/pulsecoder.com.mx\/index.php\/2020\/09\/17\/alianza-mundial-para-mapear-la-conectividad-de-las-escuelas-de-35-paises\/#primaryimage\",\"url\":\"https:\/\/i0.wp.com\/pulsecoder.com.mx\/wp-content\/uploads\/2020\/09\/conectividad-001.png?fit=800%2C449&ssl=1\",\"contentUrl\":\"https:\/\/i0.wp.com\/pulsecoder.com.mx\/wp-content\/uploads\/2020\/09\/conectividad-001.png?fit=800%2C449&ssl=1\",\"width\":800,\"height\":449},{\"@type\":\"WebSite\",\"@id\":\"https:\/\/pulsecoder.com.mx\/#website\",\"url\":\"https:\/\/pulsecoder.com.mx\/\",\"name\":\"Pulsecoder\",\"description\":\"Revista digital de tecnolog\u00eda, sociedad e Innovaci\u00f3n\",\"publisher\":{\"@id\":\"https:\/\/pulsecoder.com.mx\/#organization\"},\"potentialAction\":[{\"@type\":\"SearchAction\",\"target\":{\"@type\":\"EntryPoint\",\"urlTemplate\":\"https:\/\/pulsecoder.com.mx\/?s={search_term_string}\"},\"query-input\":{\"@type\":\"PropertyValueSpecification\",\"valueRequired\":true,\"valueName\":\"search_term_string\"}}],\"inLanguage\":\"es\"},{\"@type\":\"Organization\",\"@id\":\"https:\/\/pulsecoder.com.mx\/#organization\",\"name\":\"Pulse Coder Mx\",\"url\":\"https:\/\/pulsecoder.com.mx\/\",\"logo\":{\"@type\":\"ImageObject\",\"inLanguage\":\"es\",\"@id\":\"https:\/\/pulsecoder.com.mx\/#\/schema\/logo\/image\/\",\"url\":\"https:\/\/i0.wp.com\/pulsecoder.com.mx\/wp-content\/uploads\/2021\/10\/Web.png?fit=2047%2C1024&ssl=1\",\"contentUrl\":\"https:\/\/i0.wp.com\/pulsecoder.com.mx\/wp-content\/uploads\/2021\/10\/Web.png?fit=2047%2C1024&ssl=1\",\"width\":2047,\"height\":1024,\"caption\":\"Pulse Coder Mx\"},\"image\":{\"@id\":\"https:\/\/pulsecoder.com.mx\/#\/schema\/logo\/image\/\"},\"sameAs\":[\"https:\/\/www.facebook.com\/PulsecoderMx\",\"https:\/\/x.com\/PulsecoderMx\",\"https:\/\/www.instagram.com\/pulsecodermx\/\",\"https:\/\/www.youtube.com\/channel\/UCci7xZRoiIxGpkwEljqfF9A\"]},{\"@type\":\"Person\",\"@id\":\"https:\/\/pulsecoder.com.mx\/#\/schema\/person\/75821d99153317e81d70cb23237488dc\",\"name\":\"Staff Report\",\"image\":{\"@type\":\"ImageObject\",\"inLanguage\":\"es\",\"@id\":\"https:\/\/pulsecoder.com.mx\/#\/schema\/person\/image\/\",\"url\":\"https:\/\/secure.gravatar.com\/avatar\/3e5bd1e39c3b710838b31e5e27daba1a?s=96&d=mm&r=g\",\"contentUrl\":\"https:\/\/secure.gravatar.com\/avatar\/3e5bd1e39c3b710838b31e5e27daba1a?s=96&d=mm&r=g\",\"caption\":\"Staff Report\"},\"description\":\"CODER's | Tech Community Writers\",\"url\":\"https:\/\/pulsecoder.com.mx\/index.php\/author\/staffpulsecoder\/\"}]}<\/script>\n<!-- \/ Yoast SEO plugin. -->","yoast_head_json":{"title":"Alianza mundial para mapear la conectividad de las escuelas de 35 pa\u00edses","description":"Revista digital de innovaci\u00f3n, tecnolog\u00eda y sociedad de Xalapa M\u00e9xico. Grupo multidisciplinario, emprendedores digitales, comunidad tech.","robots":{"index":"index","follow":"follow","max-snippet":"max-snippet:-1","max-image-preview":"max-image-preview:large","max-video-preview":"max-video-preview:-1"},"canonical":"https:\/\/pulsecoder.com.mx\/index.php\/2020\/09\/17\/alianza-mundial-para-mapear-la-conectividad-de-las-escuelas-de-35-paises\/","og_locale":"es_MX","og_type":"article","og_title":"Alianza mundial para mapear la conectividad de las escuelas de 35 pa\u00edses","og_description":"Revista digital de innovaci\u00f3n, tecnolog\u00eda y sociedad de Xalapa M\u00e9xico. Grupo multidisciplinario, emprendedores digitales, comunidad tech.","og_url":"https:\/\/pulsecoder.com.mx\/index.php\/2020\/09\/17\/alianza-mundial-para-mapear-la-conectividad-de-las-escuelas-de-35-paises\/","og_site_name":"Pulsecoder","article_publisher":"https:\/\/www.facebook.com\/PulsecoderMx","article_published_time":"2020-09-17T20:24:59+00:00","article_modified_time":"2020-10-30T20:04:58+00:00","og_image":[{"width":800,"height":449,"url":"https:\/\/i0.wp.com\/pulsecoder.com.mx\/wp-content\/uploads\/2020\/09\/conectividad-001.png?fit=800%2C449&ssl=1","type":"image\/png"}],"author":"Staff Report","twitter_card":"summary_large_image","twitter_creator":"@PulsecoderMx","twitter_site":"@PulsecoderMx","twitter_misc":{"Escrito por":"Staff Report","Tiempo de lectura":"2 minutos"},"schema":{"@context":"https:\/\/schema.org","@graph":[{"@type":"Article","@id":"https:\/\/pulsecoder.com.mx\/index.php\/2020\/09\/17\/alianza-mundial-para-mapear-la-conectividad-de-las-escuelas-de-35-paises\/#article","isPartOf":{"@id":"https:\/\/pulsecoder.com.mx\/index.php\/2020\/09\/17\/alianza-mundial-para-mapear-la-conectividad-de-las-escuelas-de-35-paises\/"},"author":{"name":"Staff Report","@id":"https:\/\/pulsecoder.com.mx\/#\/schema\/person\/75821d99153317e81d70cb23237488dc"},"headline":"Alianza mundial para mapear la conectividad de las escuelas de 35 pa\u00edses","datePublished":"2020-09-17T20:24:59+00:00","dateModified":"2020-10-30T20:04:58+00:00","mainEntityOfPage":{"@id":"https:\/\/pulsecoder.com.mx\/index.php\/2020\/09\/17\/alianza-mundial-para-mapear-la-conectividad-de-las-escuelas-de-35-paises\/"},"wordCount":362,"commentCount":0,"publisher":{"@id":"https:\/\/pulsecoder.com.mx\/#organization"},"image":{"@id":"https:\/\/pulsecoder.com.mx\/index.php\/2020\/09\/17\/alianza-mundial-para-mapear-la-conectividad-de-las-escuelas-de-35-paises\/#primaryimage"},"thumbnailUrl":"https:\/\/i0.wp.com\/pulsecoder.com.mx\/wp-content\/uploads\/2020\/09\/conectividad-001.png?fit=800%2C449&ssl=1","articleSection":["Technews"],"inLanguage":"es","potentialAction":[{"@type":"CommentAction","name":"Comment","target":["https:\/\/pulsecoder.com.mx\/index.php\/2020\/09\/17\/alianza-mundial-para-mapear-la-conectividad-de-las-escuelas-de-35-paises\/#respond"]}]},{"@type":"WebPage","@id":"https:\/\/pulsecoder.com.mx\/index.php\/2020\/09\/17\/alianza-mundial-para-mapear-la-conectividad-de-las-escuelas-de-35-paises\/","url":"https:\/\/pulsecoder.com.mx\/index.php\/2020\/09\/17\/alianza-mundial-para-mapear-la-conectividad-de-las-escuelas-de-35-paises\/","name":"Alianza mundial para mapear la conectividad de las escuelas de 35 pa\u00edses","isPartOf":{"@id":"https:\/\/pulsecoder.com.mx\/#website"},"primaryImageOfPage":{"@id":"https:\/\/pulsecoder.com.mx\/index.php\/2020\/09\/17\/alianza-mundial-para-mapear-la-conectividad-de-las-escuelas-de-35-paises\/#primaryimage"},"image":{"@id":"https:\/\/pulsecoder.com.mx\/index.php\/2020\/09\/17\/alianza-mundial-para-mapear-la-conectividad-de-las-escuelas-de-35-paises\/#primaryimage"},"thumbnailUrl":"https:\/\/i0.wp.com\/pulsecoder.com.mx\/wp-content\/uploads\/2020\/09\/conectividad-001.png?fit=800%2C449&ssl=1","datePublished":"2020-09-17T20:24:59+00:00","dateModified":"2020-10-30T20:04:58+00:00","description":"Revista digital de innovaci\u00f3n, tecnolog\u00eda y sociedad de Xalapa M\u00e9xico. Grupo multidisciplinario, emprendedores digitales, comunidad tech.","inLanguage":"es","potentialAction":[{"@type":"ReadAction","target":["https:\/\/pulsecoder.com.mx\/index.php\/2020\/09\/17\/alianza-mundial-para-mapear-la-conectividad-de-las-escuelas-de-35-paises\/"]}]},{"@type":"ImageObject","inLanguage":"es","@id":"https:\/\/pulsecoder.com.mx\/index.php\/2020\/09\/17\/alianza-mundial-para-mapear-la-conectividad-de-las-escuelas-de-35-paises\/#primaryimage","url":"https:\/\/i0.wp.com\/pulsecoder.com.mx\/wp-content\/uploads\/2020\/09\/conectividad-001.png?fit=800%2C449&ssl=1","contentUrl":"https:\/\/i0.wp.com\/pulsecoder.com.mx\/wp-content\/uploads\/2020\/09\/conectividad-001.png?fit=800%2C449&ssl=1","width":800,"height":449},{"@type":"WebSite","@id":"https:\/\/pulsecoder.com.mx\/#website","url":"https:\/\/pulsecoder.com.mx\/","name":"Pulsecoder","description":"Revista digital de tecnolog\u00eda, sociedad e Innovaci\u00f3n","publisher":{"@id":"https:\/\/pulsecoder.com.mx\/#organization"},"potentialAction":[{"@type":"SearchAction","target":{"@type":"EntryPoint","urlTemplate":"https:\/\/pulsecoder.com.mx\/?s={search_term_string}"},"query-input":{"@type":"PropertyValueSpecification","valueRequired":true,"valueName":"search_term_string"}}],"inLanguage":"es"},{"@type":"Organization","@id":"https:\/\/pulsecoder.com.mx\/#organization","name":"Pulse Coder Mx","url":"https:\/\/pulsecoder.com.mx\/","logo":{"@type":"ImageObject","inLanguage":"es","@id":"https:\/\/pulsecoder.com.mx\/#\/schema\/logo\/image\/","url":"https:\/\/i0.wp.com\/pulsecoder.com.mx\/wp-content\/uploads\/2021\/10\/Web.png?fit=2047%2C1024&ssl=1","contentUrl":"https:\/\/i0.wp.com\/pulsecoder.com.mx\/wp-content\/uploads\/2021\/10\/Web.png?fit=2047%2C1024&ssl=1","width":2047,"height":1024,"caption":"Pulse Coder Mx"},"image":{"@id":"https:\/\/pulsecoder.com.mx\/#\/schema\/logo\/image\/"},"sameAs":["https:\/\/www.facebook.com\/PulsecoderMx","https:\/\/x.com\/PulsecoderMx","https:\/\/www.instagram.com\/pulsecodermx\/","https:\/\/www.youtube.com\/channel\/UCci7xZRoiIxGpkwEljqfF9A"]},{"@type":"Person","@id":"https:\/\/pulsecoder.com.mx\/#\/schema\/person\/75821d99153317e81d70cb23237488dc","name":"Staff Report","image":{"@type":"ImageObject","inLanguage":"es","@id":"https:\/\/pulsecoder.com.mx\/#\/schema\/person\/image\/","url":"https:\/\/secure.gravatar.com\/avatar\/3e5bd1e39c3b710838b31e5e27daba1a?s=96&d=mm&r=g","contentUrl":"https:\/\/secure.gravatar.com\/avatar\/3e5bd1e39c3b710838b31e5e27daba1a?s=96&d=mm&r=g","caption":"Staff Report"},"description":"CODER's | Tech Community Writers","url":"https:\/\/pulsecoder.com.mx\/index.php\/author\/staffpulsecoder\/"}]}},"jetpack_featured_media_url":"https:\/\/i0.wp.com\/pulsecoder.com.mx\/wp-content\/uploads\/2020\/09\/conectividad-001.png?fit=800%2C449&ssl=1","jetpack_sharing_enabled":true,"amp_enabled":true,"_links":{"self":[{"href":"https:\/\/pulsecoder.com.mx\/index.php\/wp-json\/wp\/v2\/posts\/220"}],"collection":[{"href":"https:\/\/pulsecoder.com.mx\/index.php\/wp-json\/wp\/v2\/posts"}],"about":[{"href":"https:\/\/pulsecoder.com.mx\/index.php\/wp-json\/wp\/v2\/types\/post"}],"author":[{"embeddable":true,"href":"https:\/\/pulsecoder.com.mx\/index.php\/wp-json\/wp\/v2\/users\/7"}],"replies":[{"embeddable":true,"href":"https:\/\/pulsecoder.com.mx\/index.php\/wp-json\/wp\/v2\/comments?post=220"}],"version-history":[{"count":1,"href":"https:\/\/pulsecoder.com.mx\/index.php\/wp-json\/wp\/v2\/posts\/220\/revisions"}],"predecessor-version":[{"id":221,"href":"https:\/\/pulsecoder.com.mx\/index.php\/wp-json\/wp\/v2\/posts\/220\/revisions\/221"}],"wp:featuredmedia":[{"embeddable":true,"href":"https:\/\/pulsecoder.com.mx\/index.php\/wp-json\/wp\/v2\/media\/219"}],"wp:attachment":[{"href":"https:\/\/pulsecoder.com.mx\/index.php\/wp-json\/wp\/v2\/media?parent=220"}],"wp:term":[{"taxonomy":"category","embeddable":true,"href":"https:\/\/pulsecoder.com.mx\/index.php\/wp-json\/wp\/v2\/categories?post=220"},{"taxonomy":"post_tag","embeddable":true,"href":"https:\/\/pulsecoder.com.mx\/index.php\/wp-json\/wp\/v2\/tags?post=220"}],"curies":[{"name":"wp","href":"https:\/\/api.w.org\/{rel}","templated":true}]}}