{"id":2620,"date":"2022-05-18T09:19:00","date_gmt":"2022-05-18T09:19:00","guid":{"rendered":"https:\/\/pulsecoder.com.mx\/?p=2620"},"modified":"2022-05-18T18:58:12","modified_gmt":"2022-05-18T18:58:12","slug":"5-anos-sin-chris-cornell","status":"publish","type":"post","link":"https:\/\/pulsecoder.com.mx\/index.php\/2022\/05\/18\/5-anos-sin-chris-cornell\/","title":{"rendered":"5 a\u00f1os sin Chris Cornell"},"content":{"rendered":"<body>\n<p class=\"has-text-align-justify\">La revista <em>Hit Parade<\/em> lo situ\u00f3 en el cuarto puesto de las mejores voces de la historia del heavy metal y hard rock. Se clasific\u00f3 tambi\u00e9n en el top diez de mejores cantantes de la historia seg\u00fan  una encuesta realizada por Rolling Stone. Finalmente, Planet Rock, lo consider\u00f3 en la posici\u00f3n 22, de las 40 mejores voces de todos los tiempos.<\/p>\n\n\n\n<p class=\"has-text-align-justify\">Hoy conmemoramos 5 a\u00f1os de la muerte de <strong>Chris Cornell<\/strong>, el grandioso cantante qui\u00e9n forj\u00f3 un camino en el movimiento grunge y el mundo del rock. <\/p>\n\n\n\n<h2 class=\"wp-block-heading\">La ca\u00edda de los grandes<\/h2>\n\n\n\n<p class=\"has-text-align-justify\">Para el mundo de la m\u00fasica no existe un a\u00f1o m\u00e1s despiadado que el 2016. \u00a0El gremio perdi\u00f3 a 85 m\u00fasicos reconocidos y de fama internacional. Comenz\u00f3 el 10 de enero, la leyenda de m\u00fasica <em><strong>David Bowie<\/strong>,<\/em> fallec\u00eda a los 69 a\u00f1os. La reacci\u00f3n de tristeza, lamentos, y reconocimientos, fue lo m\u00e1s mencionado  en los medios y las redes sociales. \u00c9l ser\u00eda el primero de una larga lista de cantantes, ejecutantes y compositores reconocidos, quienes dejaron este mundo con la sensaci\u00f3n de un cambio de tono a menor.<\/p>\n\n\n\n<p class=\"has-text-align-justify\">Los nombres no dejaban de sorprendernos. Otro \u00edcono de la m\u00fasica, <em><strong>Prince<\/strong><\/em>, mor\u00eda a los 57 a\u00f1os. Despu\u00e9s, nos enteramos de la marcha de <strong>George Mart\u00edn,<\/strong> <strong>Leonard Cohen, George Michael,<\/strong> entre muchos otros.<\/p>\n\n\n\n<p class=\"has-text-align-justify\">Al llegar el 2017, la racha continuo siendo hostil. El n\u00famero de fallecimientos tampoco estuvo muy lejano del r\u00e9cord anterior. La noche del 17 mayo, la muerte reclamo a una de las mejores voces del mundo del rock.<\/p>\n\n\n\n<h2 class=\"wp-block-heading\">La aventura de Audioslave por la Habana <\/h2>\n\n\n\n<p class=\"has-text-align-justify\">Los discursos estaban focalizados en Afganist\u00e1n y la guerra contra el terrorismo. El bloqueo comercial y cultural de Estados Unidos sobre Cuba, parec\u00eda abrir un claro de luz que despejaba al futuro. Por unos instantes, nuevos horizontes hac\u00edan ver a las sanciones econ\u00f3micas como algo no duradero. Fue real, ocurri\u00f3 en 2005. <\/p>\n\n\n\n<p class=\"has-text-align-justify\">Por otro lado, en la cruda longevidad y desbordado en conciencia, Fidel Castro no opuso resistencia a la celebraci\u00f3n de un concierto ut\u00f3pico, como gesto de buena voluntad. Fue as\u00ed que la banda estadounidense de rock <em><strong>Audioslave<\/strong><\/em>, provenientes de California, liderada por <em><strong>Chris Cornell<\/strong><\/em> y <em><strong>Tom Morello<\/strong><\/em>, presentaron un concierto de forma gratuita para cientos de espectadores en la Habana, algo in\u00e9dito que pasar\u00eda a la posteridad. <strong>\u201c<em>Like a Stone\u201d<\/em><\/strong> fue la vocaci\u00f3n y car\u00e1cter de la isla. <\/p>\n\n\n\n<div class=\"wp-block-image\"><figure class=\"aligncenter size-full\"><img data-recalc-dims=\"1\" decoding=\"async\" width=\"696\" height=\"461\" src=\"https:\/\/i0.wp.com\/pulsecoder.com.mx\/wp-content\/uploads\/2022\/05\/habana.jpg?resize=696%2C461&#038;ssl=1\" alt=\"\" class=\"wp-image-2625\" loading=\"lazy\" srcset=\"https:\/\/i0.wp.com\/pulsecoder.com.mx\/wp-content\/uploads\/2022\/05\/habana.jpg?w=800&amp;ssl=1 800w, https:\/\/i0.wp.com\/pulsecoder.com.mx\/wp-content\/uploads\/2022\/05\/habana.jpg?resize=300%2C199&amp;ssl=1 300w, https:\/\/i0.wp.com\/pulsecoder.com.mx\/wp-content\/uploads\/2022\/05\/habana.jpg?resize=768%2C509&amp;ssl=1 768w, https:\/\/i0.wp.com\/pulsecoder.com.mx\/wp-content\/uploads\/2022\/05\/habana.jpg?resize=696%2C461&amp;ssl=1 696w\" sizes=\"(max-width: 696px) 100vw, 696px\" \/><figcaption>Chris Cornell ondea la bandera de Cuba en el concierto gratuito de Audioslave, en la Habana 2005.<\/figcaption><\/figure><\/div>\n\n\n\n<p class=\"has-text-align-justify\">Doce a\u00f1os despu\u00e9s de la aventura en Cuba y en pleno retorno con <strong>Soundgarden<\/strong>, Chris Cornell fallec\u00eda la noche del 17 de mayo despu\u00e9s de un concierto en Detroit. <\/p>\n\n\n\n<p class=\"has-text-align-justify\">Para el d\u00eda siguiente, el manager de Cornell, Brian Bumbery, daba a conocer en <em>The Associated <\/em>Press, el fallecimiento del cantante cuando \u00e9ste fue hallado muerto en el ba\u00f1o de la habitaci\u00f3n del hotel donde se hospedaba, luego de lo que significar\u00eda su \u00faltima presentaci\u00f3n. <\/p>\n\n\n\n<p class=\"has-text-align-justify\">Los medios anunciaron el lamentable suceso. Lo repentino de su muerte, fue un escalofr\u00edo para el mundo del rock, pues Chris Cornell era considerado como una de las mejores voces que dado la industria y un hijo de Seattle. <\/p>\n\n\n\n<p class=\"has-text-align-justify\">En es por ello que los encargados de la comunicaci\u00f3n del movimiento grunge, hablan de la maldici\u00f3n de los hijos de Seattle: las tr\u00e1gicas muertes de sus m\u00e1s destacados celebridades de la m\u00fasica: <strong>Jimmy Hendrix <\/strong>y <strong>Kurt Cobain<\/strong> pertenecen al club de los 27, por la edad que alcanzaron en vida (junto con Janis Joplin y Jim Morrison); <strong>Layne Staley<\/strong> de Alice in Chains de 34 a\u00f1os y <strong>Chris Cornell <\/strong> los 52 a\u00f1os de edad, todos ellos oriundos de esta ciudad y que fallecieron en circunstancias tr\u00e1gicas.<\/p>\n\n\n\n<p class=\"has-text-align-justify\">El reporte policiaco apunto al suicidio como la causa de muerte, lo que el parte m\u00e9dico post mortem, confirmar\u00eda con las horas. <\/p>\n\n\n\n<p class=\"has-text-align-justify\">La afici\u00f3n por Cornell no se limita solo a la atracci\u00f3n de su privilegiado tono y potencia vocal. \u00a0A lo largo de su carrera, se puede detectar el voltaje y las emociones m\u00e1s conexas en su periodo  como vocalista  en <strong>Temple of the Dog<\/strong>. Luego, un paso de esplendor con la energ\u00e9tica banda <strong>Soundgarden,<\/strong> hasta llegar a la maduraci\u00f3n musical en <strong>Audioslave.<\/strong> <\/p>\n\n\n\n<p class=\"has-text-align-justify\">Las facetas edificadas del artista son muy claras a lo largo de su propuesta musical. Mensajes enviados al espacio auditivo para ser cosechados y comprender, que el cantante de Seattle, como muchos otros de su generaci\u00f3n, expresaban las inquietantes revoluciones de sus infancias complicadas. La m\u00fasica fue un catalizador que los condujo a un desarrollo y crecimiento personal, sin perder de vista que, los conflictos emocionales, consumo de drogas, depresi\u00f3n y problemas existenciales, podr\u00edan continuar en la fase adulta.<\/p>\n\n\n\n<p class=\"has-text-align-justify\">No obstante, una agenda llena de retos, proyectos y logros, dieron sustancia a su carrera. La m\u00fasica  fue su forma de vida donde forj\u00f3 su propio camino. <\/p>\n\n\n\n<p><\/p>\n\n\n\n<p class=\"has-text-align-justify\"> <\/p>\n\n\n\n<p><\/p>\n<\/body>","protected":false},"excerpt":{"rendered":"<p>La revista Hit Parade lo situ\u00f3 en el cuarto puesto de las mejores voces de la historia del heavy metal y hard rock. Se clasific\u00f3 tambi\u00e9n en el top diez de mejores cantantes de la historia seg\u00fan una encuesta realizada por Rolling Stone. Finalmente, Planet Rock, lo consider\u00f3 en la posici\u00f3n 22, de las 40 [&hellip;]<\/p>\n","protected":false},"author":7,"featured_media":2621,"comment_status":"open","ping_status":"open","sticky":false,"template":"","format":"standard","meta":{"_et_pb_use_builder":"off","_et_pb_old_content":"","_et_gb_content_width":"","_monsterinsights_skip_tracking":false,"_jetpack_memberships_contains_paid_content":false,"footnotes":""},"categories":[405,821],"tags":[979,881,990,974,977,983,984,989,987,985,988,976,402,980,978,986,981,975],"class_list":["post-2620","post","type-post","status-publish","format-standard","has-post-thumbnail","hentry","category-musica","category-radio","tag-audio-slave","tag-cantante","tag-cornell","tag-grunge","tag-habana","tag-hard-rock","tag-heavy-metal","tag-hit-parade","tag-lista","tag-modulacion","tag-planet-rock","tag-poder","tag-rock","tag-seattle","tag-soundgarden","tag-tema","tag-temple-of-the-dog","tag-vocal"],"yoast_head":"<!-- This site is optimized with the Yoast SEO plugin v25.5 - https:\/\/yoast.com\/wordpress\/plugins\/seo\/ -->\n<title>5 a\u00f1os sin Chris Cornell<\/title>\n<meta name=\"description\" content=\"Conmemoramos 5 a\u00f1os de la muerte de Chris Cornell, el grandioso cantante qui\u00e9n forj\u00f3 un camino en el movimiento grunge y el mundo del rock.\" \/>\n<meta name=\"robots\" content=\"index, follow, max-snippet:-1, max-image-preview:large, max-video-preview:-1\" \/>\n<link rel=\"canonical\" href=\"https:\/\/pulsecoder.com.mx\/index.php\/2022\/05\/18\/5-anos-sin-chris-cornell\/\" \/>\n<meta property=\"og:locale\" content=\"es_MX\" \/>\n<meta property=\"og:type\" content=\"article\" \/>\n<meta property=\"og:title\" content=\"5 a\u00f1os sin Chris Cornell\" \/>\n<meta property=\"og:description\" content=\"Conmemoramos 5 a\u00f1os de la muerte de Chris Cornell, el grandioso cantante qui\u00e9n forj\u00f3 un camino en el movimiento grunge y el mundo del rock.\" \/>\n<meta property=\"og:url\" content=\"https:\/\/pulsecoder.com.mx\/index.php\/2022\/05\/18\/5-anos-sin-chris-cornell\/\" \/>\n<meta property=\"og:site_name\" content=\"Pulsecoder\" \/>\n<meta property=\"article:publisher\" content=\"https:\/\/www.facebook.com\/PulsecoderMx\" \/>\n<meta property=\"article:published_time\" content=\"2022-05-18T09:19:00+00:00\" \/>\n<meta property=\"article:modified_time\" content=\"2022-05-18T18:58:12+00:00\" \/>\n<meta property=\"og:image\" content=\"https:\/\/pulsecoder.com.mx\/wp-content\/uploads\/2022\/05\/Chris_Cornell-5-years.jpg\" \/>\n\t<meta property=\"og:image:width\" content=\"1200\" \/>\n\t<meta property=\"og:image:height\" content=\"675\" \/>\n\t<meta property=\"og:image:type\" content=\"image\/jpeg\" \/>\n<meta name=\"author\" content=\"Staff Report\" \/>\n<meta name=\"twitter:card\" content=\"summary_large_image\" \/>\n<meta name=\"twitter:title\" content=\"5 a\u00f1os sin Chris Cornell\" \/>\n<meta name=\"twitter:description\" content=\"Conmemoramos 5 a\u00f1os de la muerte de Chris Cornell, el grandioso cantante qui\u00e9n forj\u00f3 un camino en el movimiento grunge y el mundo del rock.\" \/>\n<meta name=\"twitter:image\" content=\"https:\/\/i0.wp.com\/pulsecoder.com.mx\/wp-content\/uploads\/2022\/05\/Chris_Cornell-5-years.jpg?fit=1200%2C675&ssl=1\" \/>\n<meta name=\"twitter:creator\" content=\"@PulsecoderMx\" \/>\n<meta name=\"twitter:site\" content=\"@PulsecoderMx\" \/>\n<meta name=\"twitter:label1\" content=\"Escrito por\" \/>\n\t<meta name=\"twitter:data1\" content=\"Staff Report\" \/>\n\t<meta name=\"twitter:label2\" content=\"Tiempo de lectura\" \/>\n\t<meta name=\"twitter:data2\" content=\"4 minutos\" \/>\n<script type=\"application\/ld+json\" class=\"yoast-schema-graph\">{\"@context\":\"https:\/\/schema.org\",\"@graph\":[{\"@type\":\"Article\",\"@id\":\"https:\/\/pulsecoder.com.mx\/index.php\/2022\/05\/18\/5-anos-sin-chris-cornell\/#article\",\"isPartOf\":{\"@id\":\"https:\/\/pulsecoder.com.mx\/index.php\/2022\/05\/18\/5-anos-sin-chris-cornell\/\"},\"author\":{\"name\":\"Staff Report\",\"@id\":\"https:\/\/pulsecoder.com.mx\/#\/schema\/person\/75821d99153317e81d70cb23237488dc\"},\"headline\":\"5 a\u00f1os sin Chris Cornell\",\"datePublished\":\"2022-05-18T09:19:00+00:00\",\"dateModified\":\"2022-05-18T18:58:12+00:00\",\"mainEntityOfPage\":{\"@id\":\"https:\/\/pulsecoder.com.mx\/index.php\/2022\/05\/18\/5-anos-sin-chris-cornell\/\"},\"wordCount\":848,\"commentCount\":0,\"publisher\":{\"@id\":\"https:\/\/pulsecoder.com.mx\/#organization\"},\"image\":{\"@id\":\"https:\/\/pulsecoder.com.mx\/index.php\/2022\/05\/18\/5-anos-sin-chris-cornell\/#primaryimage\"},\"thumbnailUrl\":\"https:\/\/i0.wp.com\/pulsecoder.com.mx\/wp-content\/uploads\/2022\/05\/Chris_Cornell-5-years.jpg?fit=1200%2C675&ssl=1\",\"keywords\":[\"Audio slave\",\"Cantante\",\"Cornell\",\"Grunge\",\"Habana\",\"Hard Rock\",\"Heavy Metal\",\"Hit Parade\",\"Lista\",\"Modulaci\u00f3n\",\"Planet Rock\",\"Poder\",\"Rock\",\"Seattle\",\"Soundgarden\",\"Tema\",\"Temple of the Dog\",\"Vocal\"],\"articleSection\":[\"M\u00fasica\",\"Radio\"],\"inLanguage\":\"es\",\"potentialAction\":[{\"@type\":\"CommentAction\",\"name\":\"Comment\",\"target\":[\"https:\/\/pulsecoder.com.mx\/index.php\/2022\/05\/18\/5-anos-sin-chris-cornell\/#respond\"]}]},{\"@type\":\"WebPage\",\"@id\":\"https:\/\/pulsecoder.com.mx\/index.php\/2022\/05\/18\/5-anos-sin-chris-cornell\/\",\"url\":\"https:\/\/pulsecoder.com.mx\/index.php\/2022\/05\/18\/5-anos-sin-chris-cornell\/\",\"name\":\"5 a\u00f1os sin Chris Cornell\",\"isPartOf\":{\"@id\":\"https:\/\/pulsecoder.com.mx\/#website\"},\"primaryImageOfPage\":{\"@id\":\"https:\/\/pulsecoder.com.mx\/index.php\/2022\/05\/18\/5-anos-sin-chris-cornell\/#primaryimage\"},\"image\":{\"@id\":\"https:\/\/pulsecoder.com.mx\/index.php\/2022\/05\/18\/5-anos-sin-chris-cornell\/#primaryimage\"},\"thumbnailUrl\":\"https:\/\/i0.wp.com\/pulsecoder.com.mx\/wp-content\/uploads\/2022\/05\/Chris_Cornell-5-years.jpg?fit=1200%2C675&ssl=1\",\"datePublished\":\"2022-05-18T09:19:00+00:00\",\"dateModified\":\"2022-05-18T18:58:12+00:00\",\"description\":\"Conmemoramos 5 a\u00f1os de la muerte de Chris Cornell, el grandioso cantante qui\u00e9n forj\u00f3 un camino en el movimiento grunge y el mundo del rock.\",\"inLanguage\":\"es\",\"potentialAction\":[{\"@type\":\"ReadAction\",\"target\":[\"https:\/\/pulsecoder.com.mx\/index.php\/2022\/05\/18\/5-anos-sin-chris-cornell\/\"]}]},{\"@type\":\"ImageObject\",\"inLanguage\":\"es\",\"@id\":\"https:\/\/pulsecoder.com.mx\/index.php\/2022\/05\/18\/5-anos-sin-chris-cornell\/#primaryimage\",\"url\":\"https:\/\/i0.wp.com\/pulsecoder.com.mx\/wp-content\/uploads\/2022\/05\/Chris_Cornell-5-years.jpg?fit=1200%2C675&ssl=1\",\"contentUrl\":\"https:\/\/i0.wp.com\/pulsecoder.com.mx\/wp-content\/uploads\/2022\/05\/Chris_Cornell-5-years.jpg?fit=1200%2C675&ssl=1\",\"width\":1200,\"height\":675},{\"@type\":\"WebSite\",\"@id\":\"https:\/\/pulsecoder.com.mx\/#website\",\"url\":\"https:\/\/pulsecoder.com.mx\/\",\"name\":\"Pulsecoder\",\"description\":\"Revista digital de tecnolog\u00eda, sociedad e Innovaci\u00f3n\",\"publisher\":{\"@id\":\"https:\/\/pulsecoder.com.mx\/#organization\"},\"potentialAction\":[{\"@type\":\"SearchAction\",\"target\":{\"@type\":\"EntryPoint\",\"urlTemplate\":\"https:\/\/pulsecoder.com.mx\/?s={search_term_string}\"},\"query-input\":{\"@type\":\"PropertyValueSpecification\",\"valueRequired\":true,\"valueName\":\"search_term_string\"}}],\"inLanguage\":\"es\"},{\"@type\":\"Organization\",\"@id\":\"https:\/\/pulsecoder.com.mx\/#organization\",\"name\":\"Pulse Coder Mx\",\"url\":\"https:\/\/pulsecoder.com.mx\/\",\"logo\":{\"@type\":\"ImageObject\",\"inLanguage\":\"es\",\"@id\":\"https:\/\/pulsecoder.com.mx\/#\/schema\/logo\/image\/\",\"url\":\"https:\/\/i0.wp.com\/pulsecoder.com.mx\/wp-content\/uploads\/2021\/10\/Web.png?fit=2047%2C1024&ssl=1\",\"contentUrl\":\"https:\/\/i0.wp.com\/pulsecoder.com.mx\/wp-content\/uploads\/2021\/10\/Web.png?fit=2047%2C1024&ssl=1\",\"width\":2047,\"height\":1024,\"caption\":\"Pulse Coder Mx\"},\"image\":{\"@id\":\"https:\/\/pulsecoder.com.mx\/#\/schema\/logo\/image\/\"},\"sameAs\":[\"https:\/\/www.facebook.com\/PulsecoderMx\",\"https:\/\/x.com\/PulsecoderMx\",\"https:\/\/www.instagram.com\/pulsecodermx\/\",\"https:\/\/www.youtube.com\/channel\/UCci7xZRoiIxGpkwEljqfF9A\"]},{\"@type\":\"Person\",\"@id\":\"https:\/\/pulsecoder.com.mx\/#\/schema\/person\/75821d99153317e81d70cb23237488dc\",\"name\":\"Staff Report\",\"image\":{\"@type\":\"ImageObject\",\"inLanguage\":\"es\",\"@id\":\"https:\/\/pulsecoder.com.mx\/#\/schema\/person\/image\/\",\"url\":\"https:\/\/secure.gravatar.com\/avatar\/3e5bd1e39c3b710838b31e5e27daba1a?s=96&d=mm&r=g\",\"contentUrl\":\"https:\/\/secure.gravatar.com\/avatar\/3e5bd1e39c3b710838b31e5e27daba1a?s=96&d=mm&r=g\",\"caption\":\"Staff Report\"},\"description\":\"CODER's | Tech Community Writers\",\"url\":\"https:\/\/pulsecoder.com.mx\/index.php\/author\/staffpulsecoder\/\"}]}<\/script>\n<!-- \/ Yoast SEO plugin. -->","yoast_head_json":{"title":"5 a\u00f1os sin Chris Cornell","description":"Conmemoramos 5 a\u00f1os de la muerte de Chris Cornell, el grandioso cantante qui\u00e9n forj\u00f3 un camino en el movimiento grunge y el mundo del rock.","robots":{"index":"index","follow":"follow","max-snippet":"max-snippet:-1","max-image-preview":"max-image-preview:large","max-video-preview":"max-video-preview:-1"},"canonical":"https:\/\/pulsecoder.com.mx\/index.php\/2022\/05\/18\/5-anos-sin-chris-cornell\/","og_locale":"es_MX","og_type":"article","og_title":"5 a\u00f1os sin Chris Cornell","og_description":"Conmemoramos 5 a\u00f1os de la muerte de Chris Cornell, el grandioso cantante qui\u00e9n forj\u00f3 un camino en el movimiento grunge y el mundo del rock.","og_url":"https:\/\/pulsecoder.com.mx\/index.php\/2022\/05\/18\/5-anos-sin-chris-cornell\/","og_site_name":"Pulsecoder","article_publisher":"https:\/\/www.facebook.com\/PulsecoderMx","article_published_time":"2022-05-18T09:19:00+00:00","article_modified_time":"2022-05-18T18:58:12+00:00","og_image":[{"width":1200,"height":675,"url":"https:\/\/pulsecoder.com.mx\/wp-content\/uploads\/2022\/05\/Chris_Cornell-5-years.jpg","type":"image\/jpeg"}],"author":"Staff Report","twitter_card":"summary_large_image","twitter_title":"5 a\u00f1os sin Chris Cornell","twitter_description":"Conmemoramos 5 a\u00f1os de la muerte de Chris Cornell, el grandioso cantante qui\u00e9n forj\u00f3 un camino en el movimiento grunge y el mundo del rock.","twitter_image":"https:\/\/i0.wp.com\/pulsecoder.com.mx\/wp-content\/uploads\/2022\/05\/Chris_Cornell-5-years.jpg?fit=1200%2C675&ssl=1","twitter_creator":"@PulsecoderMx","twitter_site":"@PulsecoderMx","twitter_misc":{"Escrito por":"Staff Report","Tiempo de lectura":"4 minutos"},"schema":{"@context":"https:\/\/schema.org","@graph":[{"@type":"Article","@id":"https:\/\/pulsecoder.com.mx\/index.php\/2022\/05\/18\/5-anos-sin-chris-cornell\/#article","isPartOf":{"@id":"https:\/\/pulsecoder.com.mx\/index.php\/2022\/05\/18\/5-anos-sin-chris-cornell\/"},"author":{"name":"Staff Report","@id":"https:\/\/pulsecoder.com.mx\/#\/schema\/person\/75821d99153317e81d70cb23237488dc"},"headline":"5 a\u00f1os sin Chris Cornell","datePublished":"2022-05-18T09:19:00+00:00","dateModified":"2022-05-18T18:58:12+00:00","mainEntityOfPage":{"@id":"https:\/\/pulsecoder.com.mx\/index.php\/2022\/05\/18\/5-anos-sin-chris-cornell\/"},"wordCount":848,"commentCount":0,"publisher":{"@id":"https:\/\/pulsecoder.com.mx\/#organization"},"image":{"@id":"https:\/\/pulsecoder.com.mx\/index.php\/2022\/05\/18\/5-anos-sin-chris-cornell\/#primaryimage"},"thumbnailUrl":"https:\/\/i0.wp.com\/pulsecoder.com.mx\/wp-content\/uploads\/2022\/05\/Chris_Cornell-5-years.jpg?fit=1200%2C675&ssl=1","keywords":["Audio slave","Cantante","Cornell","Grunge","Habana","Hard Rock","Heavy Metal","Hit Parade","Lista","Modulaci\u00f3n","Planet Rock","Poder","Rock","Seattle","Soundgarden","Tema","Temple of the Dog","Vocal"],"articleSection":["M\u00fasica","Radio"],"inLanguage":"es","potentialAction":[{"@type":"CommentAction","name":"Comment","target":["https:\/\/pulsecoder.com.mx\/index.php\/2022\/05\/18\/5-anos-sin-chris-cornell\/#respond"]}]},{"@type":"WebPage","@id":"https:\/\/pulsecoder.com.mx\/index.php\/2022\/05\/18\/5-anos-sin-chris-cornell\/","url":"https:\/\/pulsecoder.com.mx\/index.php\/2022\/05\/18\/5-anos-sin-chris-cornell\/","name":"5 a\u00f1os sin Chris Cornell","isPartOf":{"@id":"https:\/\/pulsecoder.com.mx\/#website"},"primaryImageOfPage":{"@id":"https:\/\/pulsecoder.com.mx\/index.php\/2022\/05\/18\/5-anos-sin-chris-cornell\/#primaryimage"},"image":{"@id":"https:\/\/pulsecoder.com.mx\/index.php\/2022\/05\/18\/5-anos-sin-chris-cornell\/#primaryimage"},"thumbnailUrl":"https:\/\/i0.wp.com\/pulsecoder.com.mx\/wp-content\/uploads\/2022\/05\/Chris_Cornell-5-years.jpg?fit=1200%2C675&ssl=1","datePublished":"2022-05-18T09:19:00+00:00","dateModified":"2022-05-18T18:58:12+00:00","description":"Conmemoramos 5 a\u00f1os de la muerte de Chris Cornell, el grandioso cantante qui\u00e9n forj\u00f3 un camino en el movimiento grunge y el mundo del rock.","inLanguage":"es","potentialAction":[{"@type":"ReadAction","target":["https:\/\/pulsecoder.com.mx\/index.php\/2022\/05\/18\/5-anos-sin-chris-cornell\/"]}]},{"@type":"ImageObject","inLanguage":"es","@id":"https:\/\/pulsecoder.com.mx\/index.php\/2022\/05\/18\/5-anos-sin-chris-cornell\/#primaryimage","url":"https:\/\/i0.wp.com\/pulsecoder.com.mx\/wp-content\/uploads\/2022\/05\/Chris_Cornell-5-years.jpg?fit=1200%2C675&ssl=1","contentUrl":"https:\/\/i0.wp.com\/pulsecoder.com.mx\/wp-content\/uploads\/2022\/05\/Chris_Cornell-5-years.jpg?fit=1200%2C675&ssl=1","width":1200,"height":675},{"@type":"WebSite","@id":"https:\/\/pulsecoder.com.mx\/#website","url":"https:\/\/pulsecoder.com.mx\/","name":"Pulsecoder","description":"Revista digital de tecnolog\u00eda, sociedad e Innovaci\u00f3n","publisher":{"@id":"https:\/\/pulsecoder.com.mx\/#organization"},"potentialAction":[{"@type":"SearchAction","target":{"@type":"EntryPoint","urlTemplate":"https:\/\/pulsecoder.com.mx\/?s={search_term_string}"},"query-input":{"@type":"PropertyValueSpecification","valueRequired":true,"valueName":"search_term_string"}}],"inLanguage":"es"},{"@type":"Organization","@id":"https:\/\/pulsecoder.com.mx\/#organization","name":"Pulse Coder Mx","url":"https:\/\/pulsecoder.com.mx\/","logo":{"@type":"ImageObject","inLanguage":"es","@id":"https:\/\/pulsecoder.com.mx\/#\/schema\/logo\/image\/","url":"https:\/\/i0.wp.com\/pulsecoder.com.mx\/wp-content\/uploads\/2021\/10\/Web.png?fit=2047%2C1024&ssl=1","contentUrl":"https:\/\/i0.wp.com\/pulsecoder.com.mx\/wp-content\/uploads\/2021\/10\/Web.png?fit=2047%2C1024&ssl=1","width":2047,"height":1024,"caption":"Pulse Coder Mx"},"image":{"@id":"https:\/\/pulsecoder.com.mx\/#\/schema\/logo\/image\/"},"sameAs":["https:\/\/www.facebook.com\/PulsecoderMx","https:\/\/x.com\/PulsecoderMx","https:\/\/www.instagram.com\/pulsecodermx\/","https:\/\/www.youtube.com\/channel\/UCci7xZRoiIxGpkwEljqfF9A"]},{"@type":"Person","@id":"https:\/\/pulsecoder.com.mx\/#\/schema\/person\/75821d99153317e81d70cb23237488dc","name":"Staff Report","image":{"@type":"ImageObject","inLanguage":"es","@id":"https:\/\/pulsecoder.com.mx\/#\/schema\/person\/image\/","url":"https:\/\/secure.gravatar.com\/avatar\/3e5bd1e39c3b710838b31e5e27daba1a?s=96&d=mm&r=g","contentUrl":"https:\/\/secure.gravatar.com\/avatar\/3e5bd1e39c3b710838b31e5e27daba1a?s=96&d=mm&r=g","caption":"Staff Report"},"description":"CODER's | Tech Community Writers","url":"https:\/\/pulsecoder.com.mx\/index.php\/author\/staffpulsecoder\/"}]}},"jetpack_featured_media_url":"https:\/\/i0.wp.com\/pulsecoder.com.mx\/wp-content\/uploads\/2022\/05\/Chris_Cornell-5-years.jpg?fit=1200%2C675&ssl=1","jetpack_sharing_enabled":true,"amp_enabled":true,"_links":{"self":[{"href":"https:\/\/pulsecoder.com.mx\/index.php\/wp-json\/wp\/v2\/posts\/2620"}],"collection":[{"href":"https:\/\/pulsecoder.com.mx\/index.php\/wp-json\/wp\/v2\/posts"}],"about":[{"href":"https:\/\/pulsecoder.com.mx\/index.php\/wp-json\/wp\/v2\/types\/post"}],"author":[{"embeddable":true,"href":"https:\/\/pulsecoder.com.mx\/index.php\/wp-json\/wp\/v2\/users\/7"}],"replies":[{"embeddable":true,"href":"https:\/\/pulsecoder.com.mx\/index.php\/wp-json\/wp\/v2\/comments?post=2620"}],"version-history":[{"count":5,"href":"https:\/\/pulsecoder.com.mx\/index.php\/wp-json\/wp\/v2\/posts\/2620\/revisions"}],"predecessor-version":[{"id":2628,"href":"https:\/\/pulsecoder.com.mx\/index.php\/wp-json\/wp\/v2\/posts\/2620\/revisions\/2628"}],"wp:featuredmedia":[{"embeddable":true,"href":"https:\/\/pulsecoder.com.mx\/index.php\/wp-json\/wp\/v2\/media\/2621"}],"wp:attachment":[{"href":"https:\/\/pulsecoder.com.mx\/index.php\/wp-json\/wp\/v2\/media?parent=2620"}],"wp:term":[{"taxonomy":"category","embeddable":true,"href":"https:\/\/pulsecoder.com.mx\/index.php\/wp-json\/wp\/v2\/categories?post=2620"},{"taxonomy":"post_tag","embeddable":true,"href":"https:\/\/pulsecoder.com.mx\/index.php\/wp-json\/wp\/v2\/tags?post=2620"}],"curies":[{"name":"wp","href":"https:\/\/api.w.org\/{rel}","templated":true}]}}