{"id":2743,"date":"2022-08-03T10:20:00","date_gmt":"2022-08-03T10:20:00","guid":{"rendered":"https:\/\/pulsecoder.com.mx\/?p=2743"},"modified":"2022-08-09T23:55:48","modified_gmt":"2022-08-09T23:55:48","slug":"tiempo-de-imaginacion","status":"publish","type":"post","link":"https:\/\/pulsecoder.com.mx\/index.php\/2022\/08\/03\/tiempo-de-imaginacion\/","title":{"rendered":"Tiempo de imaginaci\u00f3n"},"content":{"rendered":"<body>\n<p class=\"has-text-align-justify\">En la conferencia matutina del pasado 28 de julio, el presidente Andr\u00e9s Manuel L\u00f3pez Obrador abordo con amplitud el tema sobre sequ\u00eda y escasez de agua que sufre el pa\u00eds, principalmente en los estados de Nuevo Le\u00f3n y una decena de entidades focalizadas mayormente en el norte y zona semi des\u00e9rtica del territorio nacional.<\/p>\n\n\n\n<blockquote class=\"wp-block-quote is-layout-flow wp-block-quote-is-layout-flow\"><p>puede que te interese: <a href=\"https:\/\/pulsecoder.com.mx\/index.php\/2022\/07\/19\/monterrey-colapsaria-economicamente-por-la-escasez-de-agua\/\">monterrey colapsar\u00eda econ\u00f3micamente por escasez de agua<\/a><\/p><\/blockquote>\n\n\n\n<p class=\"has-text-align-justify\">Desde la presidencia se insta a todos gobernadores, alcaldes, acad\u00e9micos y comunidades, a la tarea de encontrar soluciones que prioricen la integridad y la seguridad del agua para el consumo humano. En la perspectiva del presidente, <strong>echarle imaginaci\u00f3n<\/strong> puede entenderse como la manera de encontrar organizaci\u00f3n colectiva, planificaci\u00f3n e innovaci\u00f3n.<\/p>\n\n\n\n<p class=\"has-text-align-justify\">El acometido para llevar a cabo los planes de acci\u00f3n y encontrar \u00e9xito, deber\u00e1 incluir diferentes aristas que muchas veces se excluyen de la discusi\u00f3n. Primero, reconocer que los ayuntamientos se enfrentan a una problem\u00e1tica cada vez m\u00e1s compleja y, con el paso del tiempo, han transmutado a organismos lejanos en la resoluci\u00f3n de problemas. Esto se da adem\u00e1s por la falta de modernizaci\u00f3n en todos los sistemas de data -monitorizaci\u00f3n y control- que permitan obtener informaci\u00f3n valiosa y por ende, mejorar la toma de decisiones.<\/p>\n\n\n\n<p class=\"has-text-align-justify\">Los perfiles tampoco han cambiado. La praxis de los organismos suelen permanecer bajo el \u00e1mbito burocr\u00e1tico. La infraestructura con la que se cuenta tambi\u00e9n a dejado de ser funcional. Seg\u00fan los datos proporcionados por <strong><em>Water Governance in Cities<\/em><\/strong>, existe un <strong>d\u00e9ficit en la red de agua potable de un 30% <\/strong>en las ciudades francesas, siendo Francia uno de los pa\u00edses con mayor eficiencia en la distribuci\u00f3n de agua potable a nivel global.<\/p>\n\n\n\n<p class=\"has-text-align-justify\">La complejidad es real y es un dato que se repite a escala mundial. La comparativa del d\u00e9ficit de agua potable por redes subterr\u00e1neas en las ciudades de M\u00e9xico, igualan los porcentajes de pa\u00edses como Nigeria, India o Pakist\u00e1n, quienes pierden entre un 35 a 40% del recurso h\u00eddrico en la distribuci\u00f3n.<\/p>\n\n\n\n<p class=\"has-text-align-justify\">Tampoco se cuenta con sistemas que hagan m\u00e1s sencillo la detecci\u00f3n de fugas ciegas, un enorme problema que en la actualidad no se ha logrado resolver. Esto suele amplificarse en un porcentaje m\u00e1s alto en las ciudades con infraestructura deficiente o parcial, lo que agota el modelo.<\/p>\n\n\n\n<blockquote class=\"wp-block-quote is-layout-flow wp-block-quote-is-layout-flow\"><p>tambien puede interesarte: <a href=\"https:\/\/pulsecoder.com.mx\/index.php\/2021\/03\/26\/la-mala-gestion-del-agua-modelo-agotado-para-afrontar-el-cambio-climatico\/\">la mala gesti\u00f3n del agua, modelo agotado para afrontar el cambio clim\u00e1tico<\/a><\/p><\/blockquote>\n\n\n\n<p class=\"has-text-align-justify\">Por un lado entender que sequ\u00eda no es igual a la escasez de agua. El primero es un fen\u00f3meno que entra directamente en el manejo de meteor\u00f3logos y ge\u00f3logos, quienes se encargan de estudiar en la l\u00ednea del tiempo los periodos del cambio clim\u00e1tico, algo que no suele ser novedoso para ellos.<\/p>\n\n\n\n<p class=\"has-text-align-justify\">La escasez de agua, por otro lado, puede darse por la mala gesti\u00f3n, distribuci\u00f3n y desequilibrio en concesi\u00f3n de los recursos h\u00eddricos. Esto demanda una revisi\u00f3n profunda de las leyes desiguales que se gestaron en la reforma de aguas nacionales de 1992, que dio paso al gran salto econ\u00f3mico y exponencial de la industria de los servicios primarios y productos industrializados, dando como resultado la sobreexplotaci\u00f3n de los mantos acu\u00edferos.<\/p>\n\n\n\n<h2 class=\"wp-block-heading\">Tiempo de innovaci\u00f3n<\/h2>\n\n\n\n<p class=\"has-text-align-justify\">El Instituto Mexicano de Tecnolog\u00eda del Agua (IMTA) y la Universidad Aut\u00f3noma de M\u00e9xico (UNAM),organizan el tercer seminario virtual <a href=\"http:\/\/atl.org.mx\/index.php?option=com_content&amp;view=article&amp;id=10052:2022-06-14-17-26-41&amp;Itemid=981\">Di\u00e1spora H\u00eddrica<\/a>. Un seminario que convoca a investigadores, acad\u00e9micos y profesionistas, qui\u00e9nes puedan identificar problem\u00e1ticas y desarrollar proyectos que permitan mejorar la interacci\u00f3n del agua con la sociedad y el territorio.<\/p>\n\n\n\n<p class=\"has-text-align-justify\">Los actores tambi\u00e9n deben surgir de la organizaci\u00f3n social, fomentando la participaci\u00f3n, el desarrollo de estrategias e implementaci\u00f3n de habilidades t\u00e9cnicas y te\u00f3ricas, que abarca desde las ciencias sociales hasta diversas \u00e1reas logrando la multidisciplinariedad, en aras de encender los motores de empuje y que permitan conocer a detalle la relaci\u00f3n simbi\u00f3tica de las poblaciones, ciudades medias y grandes urbes, con el uso del agua.<\/p>\n\n\n\n<p>Estas iniciativas tambi\u00e9n son parte de la conciencia colectiva inspirada en el cambio clim\u00e1tico. La UNESCO establece 5 elementos de la seguridad h\u00eddrica:<\/p>\n\n\n\n<ol class=\"wp-block-list\"><li>Garantizar el acceso a agua potable<\/li><li>Asegurar los recursos h\u00eddricos para los ecosistemas<\/li><li>Promover abastecimiento adecuado para las actividades productivas<\/li><li>Salva guardar las condiciones anteriores,incluso ante los efectos de los fen\u00f3menos hidrometeorol\u00f3gicos extremos<\/li><\/ol>\n\n\n\n<p class=\"has-text-align-justify\">A lo largo de la historia muchas civilizaciones lograron integrar el uso del agua para consumo y producci\u00f3n, y al mismo tiempo, respetaron su ciclo din\u00e1mico: el flujo circular del agua y sus diferentes estados, espacios y su extensi\u00f3n. <\/p>\n\n\n\n<p>Para consulta:<\/p>\n\n\n\n<p><a href=\"https:\/\/es.unesco.org\/themes\/garantizar-suministro-agua\">Garantizar el suministro de agua <\/a><\/p>\n\n\n\n<p><a href=\"https:\/\/es.unesco.org\/wwap\">Programa Mundial de Evaluaci\u00f3n de los Recursos H\u00eddricos <\/a><\/p>\n<\/body>","protected":false},"excerpt":{"rendered":"<p>En la conferencia matutina del pasado 28 de julio, el presidente Andr\u00e9s Manuel L\u00f3pez Obrador abordo con amplitud el tema sobre sequ\u00eda y escasez de agua que sufre el pa\u00eds, principalmente en los estados de Nuevo Le\u00f3n y una decena de entidades focalizadas mayormente en el norte y zona semi des\u00e9rtica del territorio nacional. puede [&hellip;]<\/p>\n","protected":false},"author":5,"featured_media":2744,"comment_status":"open","ping_status":"open","sticky":true,"template":"","format":"standard","meta":{"_et_pb_use_builder":"off","_et_pb_old_content":"","_et_gb_content_width":"","_monsterinsights_skip_tracking":false,"_jetpack_memberships_contains_paid_content":false,"footnotes":""},"categories":[28],"tags":[1136,65,1105,1129,1134,586,352,190,191,1138,772,1131,1130,69,1137,1135,1132,1139,197,1128],"class_list":["post-2743","post","type-post","status-publish","format-standard","has-post-thumbnail","hentry","category-medio-ambiente","tag-academico","tag-cambio-climatico","tag-comunidades","tag-deficit","tag-diaspora","tag-eficiencia","tag-energia","tag-escasez-de-agua","tag-estres-hidrico","tag-fugas","tag-gestion","tag-imaginacion","tag-iniciativas","tag-innovacion","tag-modelo","tag-organismos","tag-planeacion","tag-recursos-hidricos","tag-sequia","tag-water-governance-in-cities"],"yoast_head":"<!-- This site is optimized with the Yoast SEO plugin v25.5 - https:\/\/yoast.com\/wordpress\/plugins\/seo\/ -->\n<title>Tiempo de imaginaci\u00f3n<\/title>\n<meta name=\"description\" content=\"Las ciudades del pa\u00eds igualan porcentajes de Nigeria, India o Pakist\u00e1n, pierden el 35 a 40% del recurso h\u00eddrico en la distribuci\u00f3n\" \/>\n<meta name=\"robots\" content=\"index, follow, max-snippet:-1, max-image-preview:large, max-video-preview:-1\" \/>\n<link rel=\"canonical\" href=\"https:\/\/pulsecoder.com.mx\/index.php\/2022\/08\/03\/tiempo-de-imaginacion\/\" \/>\n<meta property=\"og:locale\" content=\"es_MX\" \/>\n<meta property=\"og:type\" content=\"article\" \/>\n<meta property=\"og:title\" content=\"Tiempo de imaginaci\u00f3n\" \/>\n<meta property=\"og:description\" content=\"Las ciudades del pa\u00eds igualan porcentajes de Nigeria, India o Pakist\u00e1n, pierden el 35 a 40% del recurso h\u00eddrico en la distribuci\u00f3n\" \/>\n<meta property=\"og:url\" content=\"https:\/\/pulsecoder.com.mx\/index.php\/2022\/08\/03\/tiempo-de-imaginacion\/\" \/>\n<meta property=\"og:site_name\" content=\"Pulsecoder\" \/>\n<meta property=\"article:publisher\" content=\"https:\/\/www.facebook.com\/PulsecoderMx\" \/>\n<meta property=\"article:published_time\" content=\"2022-08-03T10:20:00+00:00\" \/>\n<meta property=\"article:modified_time\" content=\"2022-08-09T23:55:48+00:00\" \/>\n<meta property=\"og:image\" content=\"https:\/\/pulsecoder.com.mx\/wp-content\/uploads\/2022\/08\/imagine.jpg\" \/>\n\t<meta property=\"og:image:width\" content=\"1200\" \/>\n\t<meta property=\"og:image:height\" content=\"675\" \/>\n\t<meta property=\"og:image:type\" content=\"image\/jpeg\" \/>\n<meta name=\"author\" content=\"Ismael Guzm\u00e1n\" \/>\n<meta name=\"twitter:card\" content=\"summary_large_image\" \/>\n<meta name=\"twitter:title\" content=\"Tiempo de imaginaci\u00f3n\" \/>\n<meta name=\"twitter:description\" content=\"Las ciudades del pa\u00eds igualan porcentajes de Nigeria, India o Pakist\u00e1n, pierden el 35 a 40% del recurso h\u00eddrico en la distribuci\u00f3n\" \/>\n<meta name=\"twitter:image\" content=\"https:\/\/i0.wp.com\/pulsecoder.com.mx\/wp-content\/uploads\/2022\/08\/imagine.jpg?fit=1200%2C675&ssl=1\" \/>\n<meta name=\"twitter:creator\" content=\"@PulsecoderMx\" \/>\n<meta name=\"twitter:site\" content=\"@PulsecoderMx\" \/>\n<meta name=\"twitter:label1\" content=\"Escrito por\" \/>\n\t<meta name=\"twitter:data1\" content=\"Ismael Guzm\u00e1n\" \/>\n\t<meta name=\"twitter:label2\" content=\"Tiempo de lectura\" \/>\n\t<meta name=\"twitter:data2\" content=\"4 minutos\" \/>\n<script type=\"application\/ld+json\" class=\"yoast-schema-graph\">{\"@context\":\"https:\/\/schema.org\",\"@graph\":[{\"@type\":\"Article\",\"@id\":\"https:\/\/pulsecoder.com.mx\/index.php\/2022\/08\/03\/tiempo-de-imaginacion\/#article\",\"isPartOf\":{\"@id\":\"https:\/\/pulsecoder.com.mx\/index.php\/2022\/08\/03\/tiempo-de-imaginacion\/\"},\"author\":{\"name\":\"Ismael Guzm\u00e1n\",\"@id\":\"https:\/\/pulsecoder.com.mx\/#\/schema\/person\/3b7ec413977e4116b59be466f6b5d25a\"},\"headline\":\"Tiempo de imaginaci\u00f3n\",\"datePublished\":\"2022-08-03T10:20:00+00:00\",\"dateModified\":\"2022-08-09T23:55:48+00:00\",\"mainEntityOfPage\":{\"@id\":\"https:\/\/pulsecoder.com.mx\/index.php\/2022\/08\/03\/tiempo-de-imaginacion\/\"},\"wordCount\":820,\"commentCount\":0,\"publisher\":{\"@id\":\"https:\/\/pulsecoder.com.mx\/#organization\"},\"image\":{\"@id\":\"https:\/\/pulsecoder.com.mx\/index.php\/2022\/08\/03\/tiempo-de-imaginacion\/#primaryimage\"},\"thumbnailUrl\":\"https:\/\/i0.wp.com\/pulsecoder.com.mx\/wp-content\/uploads\/2022\/08\/imagine.jpg?fit=1200%2C675&ssl=1\",\"keywords\":[\"Acad\u00e9mico\",\"Cambio clim\u00e1tico\",\"Comunidades\",\"D\u00e9ficit\",\"Di\u00e1spora\",\"Eficiencia\",\"Energ\u00eda\",\"Escasez de agua\",\"Estr\u00e9s h\u00eddrico\",\"Fugas\",\"Gesti\u00f3n\",\"Imaginaci\u00f3n\",\"Iniciativas\",\"Innovaci\u00f3n\",\"Modelo\",\"Organismos\",\"Planeaci\u00f3n\",\"Recursos h\u00eddricos\",\"Sequ\u00eda\",\"Water Governance in cities\"],\"articleSection\":[\"Medio Ambiente\"],\"inLanguage\":\"es\",\"potentialAction\":[{\"@type\":\"CommentAction\",\"name\":\"Comment\",\"target\":[\"https:\/\/pulsecoder.com.mx\/index.php\/2022\/08\/03\/tiempo-de-imaginacion\/#respond\"]}]},{\"@type\":\"WebPage\",\"@id\":\"https:\/\/pulsecoder.com.mx\/index.php\/2022\/08\/03\/tiempo-de-imaginacion\/\",\"url\":\"https:\/\/pulsecoder.com.mx\/index.php\/2022\/08\/03\/tiempo-de-imaginacion\/\",\"name\":\"Tiempo de imaginaci\u00f3n\",\"isPartOf\":{\"@id\":\"https:\/\/pulsecoder.com.mx\/#website\"},\"primaryImageOfPage\":{\"@id\":\"https:\/\/pulsecoder.com.mx\/index.php\/2022\/08\/03\/tiempo-de-imaginacion\/#primaryimage\"},\"image\":{\"@id\":\"https:\/\/pulsecoder.com.mx\/index.php\/2022\/08\/03\/tiempo-de-imaginacion\/#primaryimage\"},\"thumbnailUrl\":\"https:\/\/i0.wp.com\/pulsecoder.com.mx\/wp-content\/uploads\/2022\/08\/imagine.jpg?fit=1200%2C675&ssl=1\",\"datePublished\":\"2022-08-03T10:20:00+00:00\",\"dateModified\":\"2022-08-09T23:55:48+00:00\",\"description\":\"Las ciudades del pa\u00eds igualan porcentajes de Nigeria, India o Pakist\u00e1n, pierden el 35 a 40% del recurso h\u00eddrico en la distribuci\u00f3n\",\"inLanguage\":\"es\",\"potentialAction\":[{\"@type\":\"ReadAction\",\"target\":[\"https:\/\/pulsecoder.com.mx\/index.php\/2022\/08\/03\/tiempo-de-imaginacion\/\"]}]},{\"@type\":\"ImageObject\",\"inLanguage\":\"es\",\"@id\":\"https:\/\/pulsecoder.com.mx\/index.php\/2022\/08\/03\/tiempo-de-imaginacion\/#primaryimage\",\"url\":\"https:\/\/i0.wp.com\/pulsecoder.com.mx\/wp-content\/uploads\/2022\/08\/imagine.jpg?fit=1200%2C675&ssl=1\",\"contentUrl\":\"https:\/\/i0.wp.com\/pulsecoder.com.mx\/wp-content\/uploads\/2022\/08\/imagine.jpg?fit=1200%2C675&ssl=1\",\"width\":1200,\"height\":675},{\"@type\":\"WebSite\",\"@id\":\"https:\/\/pulsecoder.com.mx\/#website\",\"url\":\"https:\/\/pulsecoder.com.mx\/\",\"name\":\"Pulsecoder\",\"description\":\"Revista digital de tecnolog\u00eda, sociedad e Innovaci\u00f3n\",\"publisher\":{\"@id\":\"https:\/\/pulsecoder.com.mx\/#organization\"},\"potentialAction\":[{\"@type\":\"SearchAction\",\"target\":{\"@type\":\"EntryPoint\",\"urlTemplate\":\"https:\/\/pulsecoder.com.mx\/?s={search_term_string}\"},\"query-input\":{\"@type\":\"PropertyValueSpecification\",\"valueRequired\":true,\"valueName\":\"search_term_string\"}}],\"inLanguage\":\"es\"},{\"@type\":\"Organization\",\"@id\":\"https:\/\/pulsecoder.com.mx\/#organization\",\"name\":\"Pulse Coder Mx\",\"url\":\"https:\/\/pulsecoder.com.mx\/\",\"logo\":{\"@type\":\"ImageObject\",\"inLanguage\":\"es\",\"@id\":\"https:\/\/pulsecoder.com.mx\/#\/schema\/logo\/image\/\",\"url\":\"https:\/\/i0.wp.com\/pulsecoder.com.mx\/wp-content\/uploads\/2021\/10\/Web.png?fit=2047%2C1024&ssl=1\",\"contentUrl\":\"https:\/\/i0.wp.com\/pulsecoder.com.mx\/wp-content\/uploads\/2021\/10\/Web.png?fit=2047%2C1024&ssl=1\",\"width\":2047,\"height\":1024,\"caption\":\"Pulse Coder Mx\"},\"image\":{\"@id\":\"https:\/\/pulsecoder.com.mx\/#\/schema\/logo\/image\/\"},\"sameAs\":[\"https:\/\/www.facebook.com\/PulsecoderMx\",\"https:\/\/x.com\/PulsecoderMx\",\"https:\/\/www.instagram.com\/pulsecodermx\/\",\"https:\/\/www.youtube.com\/channel\/UCci7xZRoiIxGpkwEljqfF9A\"]},{\"@type\":\"Person\",\"@id\":\"https:\/\/pulsecoder.com.mx\/#\/schema\/person\/3b7ec413977e4116b59be466f6b5d25a\",\"name\":\"Ismael Guzm\u00e1n\",\"image\":{\"@type\":\"ImageObject\",\"inLanguage\":\"es\",\"@id\":\"https:\/\/pulsecoder.com.mx\/#\/schema\/person\/image\/\",\"url\":\"https:\/\/secure.gravatar.com\/avatar\/9a10cab8115b61019922c2823d17de70?s=96&d=mm&r=g\",\"contentUrl\":\"https:\/\/secure.gravatar.com\/avatar\/9a10cab8115b61019922c2823d17de70?s=96&d=mm&r=g\",\"caption\":\"Ismael Guzm\u00e1n\"},\"description\":\"Fundador y Director de Pulse Coder. Escribe sobre digitalizaci\u00f3n, ciencia e innovaci\u00f3n tecnol\u00f3gica.\",\"url\":\"https:\/\/pulsecoder.com.mx\/index.php\/author\/ismael-guzman\/\"}]}<\/script>\n<!-- \/ Yoast SEO plugin. -->","yoast_head_json":{"title":"Tiempo de imaginaci\u00f3n","description":"Las ciudades del pa\u00eds igualan porcentajes de Nigeria, India o Pakist\u00e1n, pierden el 35 a 40% del recurso h\u00eddrico en la distribuci\u00f3n","robots":{"index":"index","follow":"follow","max-snippet":"max-snippet:-1","max-image-preview":"max-image-preview:large","max-video-preview":"max-video-preview:-1"},"canonical":"https:\/\/pulsecoder.com.mx\/index.php\/2022\/08\/03\/tiempo-de-imaginacion\/","og_locale":"es_MX","og_type":"article","og_title":"Tiempo de imaginaci\u00f3n","og_description":"Las ciudades del pa\u00eds igualan porcentajes de Nigeria, India o Pakist\u00e1n, pierden el 35 a 40% del recurso h\u00eddrico en la distribuci\u00f3n","og_url":"https:\/\/pulsecoder.com.mx\/index.php\/2022\/08\/03\/tiempo-de-imaginacion\/","og_site_name":"Pulsecoder","article_publisher":"https:\/\/www.facebook.com\/PulsecoderMx","article_published_time":"2022-08-03T10:20:00+00:00","article_modified_time":"2022-08-09T23:55:48+00:00","og_image":[{"width":1200,"height":675,"url":"https:\/\/pulsecoder.com.mx\/wp-content\/uploads\/2022\/08\/imagine.jpg","type":"image\/jpeg"}],"author":"Ismael Guzm\u00e1n","twitter_card":"summary_large_image","twitter_title":"Tiempo de imaginaci\u00f3n","twitter_description":"Las ciudades del pa\u00eds igualan porcentajes de Nigeria, India o Pakist\u00e1n, pierden el 35 a 40% del recurso h\u00eddrico en la distribuci\u00f3n","twitter_image":"https:\/\/i0.wp.com\/pulsecoder.com.mx\/wp-content\/uploads\/2022\/08\/imagine.jpg?fit=1200%2C675&ssl=1","twitter_creator":"@PulsecoderMx","twitter_site":"@PulsecoderMx","twitter_misc":{"Escrito por":"Ismael Guzm\u00e1n","Tiempo de lectura":"4 minutos"},"schema":{"@context":"https:\/\/schema.org","@graph":[{"@type":"Article","@id":"https:\/\/pulsecoder.com.mx\/index.php\/2022\/08\/03\/tiempo-de-imaginacion\/#article","isPartOf":{"@id":"https:\/\/pulsecoder.com.mx\/index.php\/2022\/08\/03\/tiempo-de-imaginacion\/"},"author":{"name":"Ismael Guzm\u00e1n","@id":"https:\/\/pulsecoder.com.mx\/#\/schema\/person\/3b7ec413977e4116b59be466f6b5d25a"},"headline":"Tiempo de imaginaci\u00f3n","datePublished":"2022-08-03T10:20:00+00:00","dateModified":"2022-08-09T23:55:48+00:00","mainEntityOfPage":{"@id":"https:\/\/pulsecoder.com.mx\/index.php\/2022\/08\/03\/tiempo-de-imaginacion\/"},"wordCount":820,"commentCount":0,"publisher":{"@id":"https:\/\/pulsecoder.com.mx\/#organization"},"image":{"@id":"https:\/\/pulsecoder.com.mx\/index.php\/2022\/08\/03\/tiempo-de-imaginacion\/#primaryimage"},"thumbnailUrl":"https:\/\/i0.wp.com\/pulsecoder.com.mx\/wp-content\/uploads\/2022\/08\/imagine.jpg?fit=1200%2C675&ssl=1","keywords":["Acad\u00e9mico","Cambio clim\u00e1tico","Comunidades","D\u00e9ficit","Di\u00e1spora","Eficiencia","Energ\u00eda","Escasez de agua","Estr\u00e9s h\u00eddrico","Fugas","Gesti\u00f3n","Imaginaci\u00f3n","Iniciativas","Innovaci\u00f3n","Modelo","Organismos","Planeaci\u00f3n","Recursos h\u00eddricos","Sequ\u00eda","Water Governance in cities"],"articleSection":["Medio Ambiente"],"inLanguage":"es","potentialAction":[{"@type":"CommentAction","name":"Comment","target":["https:\/\/pulsecoder.com.mx\/index.php\/2022\/08\/03\/tiempo-de-imaginacion\/#respond"]}]},{"@type":"WebPage","@id":"https:\/\/pulsecoder.com.mx\/index.php\/2022\/08\/03\/tiempo-de-imaginacion\/","url":"https:\/\/pulsecoder.com.mx\/index.php\/2022\/08\/03\/tiempo-de-imaginacion\/","name":"Tiempo de imaginaci\u00f3n","isPartOf":{"@id":"https:\/\/pulsecoder.com.mx\/#website"},"primaryImageOfPage":{"@id":"https:\/\/pulsecoder.com.mx\/index.php\/2022\/08\/03\/tiempo-de-imaginacion\/#primaryimage"},"image":{"@id":"https:\/\/pulsecoder.com.mx\/index.php\/2022\/08\/03\/tiempo-de-imaginacion\/#primaryimage"},"thumbnailUrl":"https:\/\/i0.wp.com\/pulsecoder.com.mx\/wp-content\/uploads\/2022\/08\/imagine.jpg?fit=1200%2C675&ssl=1","datePublished":"2022-08-03T10:20:00+00:00","dateModified":"2022-08-09T23:55:48+00:00","description":"Las ciudades del pa\u00eds igualan porcentajes de Nigeria, India o Pakist\u00e1n, pierden el 35 a 40% del recurso h\u00eddrico en la distribuci\u00f3n","inLanguage":"es","potentialAction":[{"@type":"ReadAction","target":["https:\/\/pulsecoder.com.mx\/index.php\/2022\/08\/03\/tiempo-de-imaginacion\/"]}]},{"@type":"ImageObject","inLanguage":"es","@id":"https:\/\/pulsecoder.com.mx\/index.php\/2022\/08\/03\/tiempo-de-imaginacion\/#primaryimage","url":"https:\/\/i0.wp.com\/pulsecoder.com.mx\/wp-content\/uploads\/2022\/08\/imagine.jpg?fit=1200%2C675&ssl=1","contentUrl":"https:\/\/i0.wp.com\/pulsecoder.com.mx\/wp-content\/uploads\/2022\/08\/imagine.jpg?fit=1200%2C675&ssl=1","width":1200,"height":675},{"@type":"WebSite","@id":"https:\/\/pulsecoder.com.mx\/#website","url":"https:\/\/pulsecoder.com.mx\/","name":"Pulsecoder","description":"Revista digital de tecnolog\u00eda, sociedad e Innovaci\u00f3n","publisher":{"@id":"https:\/\/pulsecoder.com.mx\/#organization"},"potentialAction":[{"@type":"SearchAction","target":{"@type":"EntryPoint","urlTemplate":"https:\/\/pulsecoder.com.mx\/?s={search_term_string}"},"query-input":{"@type":"PropertyValueSpecification","valueRequired":true,"valueName":"search_term_string"}}],"inLanguage":"es"},{"@type":"Organization","@id":"https:\/\/pulsecoder.com.mx\/#organization","name":"Pulse Coder Mx","url":"https:\/\/pulsecoder.com.mx\/","logo":{"@type":"ImageObject","inLanguage":"es","@id":"https:\/\/pulsecoder.com.mx\/#\/schema\/logo\/image\/","url":"https:\/\/i0.wp.com\/pulsecoder.com.mx\/wp-content\/uploads\/2021\/10\/Web.png?fit=2047%2C1024&ssl=1","contentUrl":"https:\/\/i0.wp.com\/pulsecoder.com.mx\/wp-content\/uploads\/2021\/10\/Web.png?fit=2047%2C1024&ssl=1","width":2047,"height":1024,"caption":"Pulse Coder Mx"},"image":{"@id":"https:\/\/pulsecoder.com.mx\/#\/schema\/logo\/image\/"},"sameAs":["https:\/\/www.facebook.com\/PulsecoderMx","https:\/\/x.com\/PulsecoderMx","https:\/\/www.instagram.com\/pulsecodermx\/","https:\/\/www.youtube.com\/channel\/UCci7xZRoiIxGpkwEljqfF9A"]},{"@type":"Person","@id":"https:\/\/pulsecoder.com.mx\/#\/schema\/person\/3b7ec413977e4116b59be466f6b5d25a","name":"Ismael Guzm\u00e1n","image":{"@type":"ImageObject","inLanguage":"es","@id":"https:\/\/pulsecoder.com.mx\/#\/schema\/person\/image\/","url":"https:\/\/secure.gravatar.com\/avatar\/9a10cab8115b61019922c2823d17de70?s=96&d=mm&r=g","contentUrl":"https:\/\/secure.gravatar.com\/avatar\/9a10cab8115b61019922c2823d17de70?s=96&d=mm&r=g","caption":"Ismael Guzm\u00e1n"},"description":"Fundador y Director de Pulse Coder. Escribe sobre digitalizaci\u00f3n, ciencia e innovaci\u00f3n tecnol\u00f3gica.","url":"https:\/\/pulsecoder.com.mx\/index.php\/author\/ismael-guzman\/"}]}},"jetpack_featured_media_url":"https:\/\/i0.wp.com\/pulsecoder.com.mx\/wp-content\/uploads\/2022\/08\/imagine.jpg?fit=1200%2C675&ssl=1","jetpack_sharing_enabled":true,"amp_enabled":true,"_links":{"self":[{"href":"https:\/\/pulsecoder.com.mx\/index.php\/wp-json\/wp\/v2\/posts\/2743"}],"collection":[{"href":"https:\/\/pulsecoder.com.mx\/index.php\/wp-json\/wp\/v2\/posts"}],"about":[{"href":"https:\/\/pulsecoder.com.mx\/index.php\/wp-json\/wp\/v2\/types\/post"}],"author":[{"embeddable":true,"href":"https:\/\/pulsecoder.com.mx\/index.php\/wp-json\/wp\/v2\/users\/5"}],"replies":[{"embeddable":true,"href":"https:\/\/pulsecoder.com.mx\/index.php\/wp-json\/wp\/v2\/comments?post=2743"}],"version-history":[{"count":3,"href":"https:\/\/pulsecoder.com.mx\/index.php\/wp-json\/wp\/v2\/posts\/2743\/revisions"}],"predecessor-version":[{"id":2769,"href":"https:\/\/pulsecoder.com.mx\/index.php\/wp-json\/wp\/v2\/posts\/2743\/revisions\/2769"}],"wp:featuredmedia":[{"embeddable":true,"href":"https:\/\/pulsecoder.com.mx\/index.php\/wp-json\/wp\/v2\/media\/2744"}],"wp:attachment":[{"href":"https:\/\/pulsecoder.com.mx\/index.php\/wp-json\/wp\/v2\/media?parent=2743"}],"wp:term":[{"taxonomy":"category","embeddable":true,"href":"https:\/\/pulsecoder.com.mx\/index.php\/wp-json\/wp\/v2\/categories?post=2743"},{"taxonomy":"post_tag","embeddable":true,"href":"https:\/\/pulsecoder.com.mx\/index.php\/wp-json\/wp\/v2\/tags?post=2743"}],"curies":[{"name":"wp","href":"https:\/\/api.w.org\/{rel}","templated":true}]}}