{"id":2767,"date":"2022-08-11T14:19:00","date_gmt":"2022-08-11T14:19:00","guid":{"rendered":"https:\/\/pulsecoder.com.mx\/?p=2767"},"modified":"2022-08-13T19:28:21","modified_gmt":"2022-08-13T19:28:21","slug":"profesora-impulsa-la-gestion-de-agua-por-lluvia","status":"publish","type":"post","link":"https:\/\/pulsecoder.com.mx\/index.php\/2022\/08\/11\/profesora-impulsa-la-gestion-de-agua-por-lluvia\/","title":{"rendered":"Profesora impulsa la gesti\u00f3n de agua por lluvia"},"content":{"rendered":"<body>\n<p class=\"has-text-align-justify\">Los \u00faltimos datos clim\u00e1ticos realizados por el<em><strong> <\/strong><\/em><a href=\"https:\/\/es.wikipedia.org\/wiki\/World_Resources_Institute\"><em><strong>WRI<\/strong><\/em><\/a> \u2013<em><strong>World Resources Institute-<\/strong><\/em>, augura una crisis de disponibilidad y escasez del agua severa a nivel planetario. El estudio coincide con la realidad del presente verano. <\/p>\n\n\n\n<p class=\"has-text-align-justify\">Los monitores de sequ\u00eda en Europa Continental, India, Asia Occidental  y la extrema sequ\u00eda del sur de los Estados Unidos y norte de M\u00e9xico, tambi\u00e9n han sido reportados en los registros del proyecto <strong>Aqueduct<\/strong> y el <strong>CMIP6<\/strong> sobre el cambio clim\u00e1tico 2022: <em>Impactos, Adaptaci\u00f3n y Vulnerabilidad.\u00a0Contribuci\u00f3n del II grupo de trabajo para el sexto informe de evaluaci\u00f3n del IPCC<\/em>.<\/p>\n\n\n\n<div class=\"wp-block-jetpack-slideshow aligncenter\" data-effect=\"slide\"><div class=\"wp-block-jetpack-slideshow_container swiper-container\"><ul class=\"wp-block-jetpack-slideshow_swiper-wrapper swiper-wrapper\"><li class=\"wp-block-jetpack-slideshow_slide swiper-slide\"><figure><img data-recalc-dims=\"1\" decoding=\"async\" width=\"696\" height=\"521\" alt=\"\" class=\"wp-block-jetpack-slideshow_image wp-image-2780\" data-id=\"2780\" src=\"https:\/\/i0.wp.com\/pulsecoder.com.mx\/wp-content\/uploads\/2022\/08\/Mexico.png?resize=696%2C521&#038;ssl=1\" loading=\"lazy\" srcset=\"https:\/\/i0.wp.com\/pulsecoder.com.mx\/wp-content\/uploads\/2022\/08\/Mexico.png?w=998&amp;ssl=1 998w, https:\/\/i0.wp.com\/pulsecoder.com.mx\/wp-content\/uploads\/2022\/08\/Mexico.png?resize=300%2C225&amp;ssl=1 300w, https:\/\/i0.wp.com\/pulsecoder.com.mx\/wp-content\/uploads\/2022\/08\/Mexico.png?resize=768%2C575&amp;ssl=1 768w, https:\/\/i0.wp.com\/pulsecoder.com.mx\/wp-content\/uploads\/2022\/08\/Mexico.png?resize=696%2C521&amp;ssl=1 696w, https:\/\/i0.wp.com\/pulsecoder.com.mx\/wp-content\/uploads\/2022\/08\/Mexico.png?resize=80%2C60&amp;ssl=1 80w, https:\/\/i0.wp.com\/pulsecoder.com.mx\/wp-content\/uploads\/2022\/08\/Mexico.png?resize=160%2C120&amp;ssl=1 160w, https:\/\/i0.wp.com\/pulsecoder.com.mx\/wp-content\/uploads\/2022\/08\/Mexico.png?resize=510%2C382&amp;ssl=1 510w\" sizes=\"(max-width: 696px) 100vw, 696px\" \/><\/figure><\/li><li class=\"wp-block-jetpack-slideshow_slide swiper-slide\"><figure><img data-recalc-dims=\"1\" decoding=\"async\" width=\"696\" height=\"569\" alt=\"\" class=\"wp-block-jetpack-slideshow_image wp-image-2782\" data-id=\"2782\" src=\"https:\/\/i0.wp.com\/pulsecoder.com.mx\/wp-content\/uploads\/2022\/08\/AfricaAsia.png?resize=696%2C569&#038;ssl=1\" loading=\"lazy\" srcset=\"https:\/\/i0.wp.com\/pulsecoder.com.mx\/wp-content\/uploads\/2022\/08\/AfricaAsia.png?w=932&amp;ssl=1 932w, https:\/\/i0.wp.com\/pulsecoder.com.mx\/wp-content\/uploads\/2022\/08\/AfricaAsia.png?resize=300%2C245&amp;ssl=1 300w, https:\/\/i0.wp.com\/pulsecoder.com.mx\/wp-content\/uploads\/2022\/08\/AfricaAsia.png?resize=768%2C628&amp;ssl=1 768w, https:\/\/i0.wp.com\/pulsecoder.com.mx\/wp-content\/uploads\/2022\/08\/AfricaAsia.png?resize=696%2C569&amp;ssl=1 696w\" sizes=\"(max-width: 696px) 100vw, 696px\" \/><\/figure><\/li><\/ul><a class=\"wp-block-jetpack-slideshow_button-prev swiper-button-prev swiper-button-white\" role=\"button\"><\/a><a class=\"wp-block-jetpack-slideshow_button-next swiper-button-next swiper-button-white\" role=\"button\"><\/a><a aria-label=\"Pause Slideshow\" class=\"wp-block-jetpack-slideshow_button-pause\" role=\"button\"><\/a><div class=\"wp-block-jetpack-slideshow_pagination swiper-pagination swiper-pagination-white\"><\/div><\/div><\/div>\n\n\n\n<p class=\"has-text-align-justify\">Sobre el escenario nacional, dado el trabajo de campo y reporte <strong>[2011]<\/strong> del investigador <strong>David Ortega-Gaucin del Instituto Mexicano de Tecnolog\u00eda del Agua (IMTA)<\/strong>, se puede afirmar que el actual problema de disponibilidad del recurso h\u00eddrico en Nuevo Le\u00f3n, Coahuila y resto de los estados del norte,\u00a0fue una suma de factores socioambientales por la sobrexplotaci\u00f3n y la sobre oferta del cluster industrial y agr\u00edcola, adem\u00e1s de las deficiencias en infraestructura urbana y la cultura del agua.<\/p>\n\n\n\n<p class=\"has-text-align-justify\">La investigaci\u00f3n pretend\u00eda demostrar las carencias en materia de seguridad, gesti\u00f3n y saneamiento. El objetivo, adem\u00e1s, buscaba captar la atenci\u00f3n de las administraciones gubernamentales y estatales, para hallar estrategias que previeran y minimizaran el impacto de la situaci\u00f3n actual.<\/p>\n\n\n\n<p class=\"has-text-align-justify\">Tal vaticinio podr\u00eda expandirse a otros regiones de pa\u00eds. La apertura a la inversi\u00f3n extranjera  con la llegada de <em>Constellation Brands<\/em> y la m\u00e1s moderna f\u00e1brica de Nestle en Veracruz, nos hace reflexionar si las condiciones est\u00e1n dadas para no generar m\u00e1s riesgos h\u00eddricos en la regi\u00f3n. <\/p>\n\n\n\n<p class=\"has-text-align-justify\">Con tales antecedentes y la suma a los acontecimientos actuales, la carencia del vital l\u00edquido bien podr\u00eda significar la mayor crisis de nuestro tiempo \u00bfCu\u00e1l ser\u00e1 el rol de la sociedad de cara a tal escenario? \u00bfPodremos intervenir y crear soluciones que nos beneficien a todos?<\/p>\n\n\n\n<h2 class=\"wp-block-heading\">Iniciativa sustentable<\/h2>\n\n\n\n<p class=\"has-text-align-justify\">Buscamos a la profesora <strong>Gloria Luisa P\u00e9rez Rodr\u00edguez,<\/strong> qui\u00e9n instal\u00f3 un sistema de captaci\u00f3n de agua para abastecer su vivienda. Cordialmente platic\u00f3 con Pulse Coder, para explicarnos c\u00f3mo funciona.<\/p>\n\n\n\n<p class=\"has-text-align-justify\">\u201cEs una gran ventaja contar en tu casa con un techo a dos aguas. Las cantidades de lluvia que ba\u00f1an el \u00e1rea del techo son enormes; \u00e9stas se desv\u00edan hacia los extremos para luego llegar a la flujo de las canaletas, una por el lado derecho y otra el izquierdo\u201d. <\/p>\n\n\n\n<p class=\"has-text-align-justify\">Pozarricense de nacimiento y maestra de profesi\u00f3n, <strong>Gloria Luisa<\/strong> es parte de la generaci\u00f3n que apuesta por implementar <em><strong>ecotecnolog\u00edas<\/strong><\/em> y pasar a la acci\u00f3n. <\/p>\n\n\n\n<p class=\"has-text-align-justify\">\u201cEsa conducci\u00f3n de agua desciende hacia un embudo que se distribuye al barril de color azul, ya en la planta baja. El barril es para la etapa de filtrado, \u00e9ste contiene arena y grava en su interior, eso nos prepara el agua directamente hacia la cisterna para su almacenamiento. Se utilizan dos v\u00e1lvulas para apertura del flujo y su sistema de presi\u00f3n\u201d.<\/p>\n\n\n\n<figure class=\"wp-block-image size-large\"><img data-recalc-dims=\"1\" decoding=\"async\" width=\"696\" height=\"696\" src=\"https:\/\/i0.wp.com\/pulsecoder.com.mx\/wp-content\/uploads\/2022\/08\/573e1d5f-ee03-412e-accc-a8adbe23cab2.jpg?resize=696%2C696&#038;ssl=1\" alt=\"\" class=\"wp-image-2783\" loading=\"lazy\" srcset=\"https:\/\/i0.wp.com\/pulsecoder.com.mx\/wp-content\/uploads\/2022\/08\/573e1d5f-ee03-412e-accc-a8adbe23cab2.jpg?resize=1024%2C1024&amp;ssl=1 1024w, https:\/\/i0.wp.com\/pulsecoder.com.mx\/wp-content\/uploads\/2022\/08\/573e1d5f-ee03-412e-accc-a8adbe23cab2.jpg?resize=300%2C300&amp;ssl=1 300w, https:\/\/i0.wp.com\/pulsecoder.com.mx\/wp-content\/uploads\/2022\/08\/573e1d5f-ee03-412e-accc-a8adbe23cab2.jpg?resize=150%2C150&amp;ssl=1 150w, https:\/\/i0.wp.com\/pulsecoder.com.mx\/wp-content\/uploads\/2022\/08\/573e1d5f-ee03-412e-accc-a8adbe23cab2.jpg?resize=768%2C768&amp;ssl=1 768w, https:\/\/i0.wp.com\/pulsecoder.com.mx\/wp-content\/uploads\/2022\/08\/573e1d5f-ee03-412e-accc-a8adbe23cab2.jpg?resize=1536%2C1536&amp;ssl=1 1536w, https:\/\/i0.wp.com\/pulsecoder.com.mx\/wp-content\/uploads\/2022\/08\/573e1d5f-ee03-412e-accc-a8adbe23cab2.jpg?resize=696%2C696&amp;ssl=1 696w, https:\/\/i0.wp.com\/pulsecoder.com.mx\/wp-content\/uploads\/2022\/08\/573e1d5f-ee03-412e-accc-a8adbe23cab2.jpg?resize=1068%2C1068&amp;ssl=1 1068w, https:\/\/i0.wp.com\/pulsecoder.com.mx\/wp-content\/uploads\/2022\/08\/573e1d5f-ee03-412e-accc-a8adbe23cab2.jpg?resize=1080%2C1080&amp;ssl=1 1080w, https:\/\/i0.wp.com\/pulsecoder.com.mx\/wp-content\/uploads\/2022\/08\/573e1d5f-ee03-412e-accc-a8adbe23cab2.jpg?w=1599&amp;ssl=1 1599w, https:\/\/i0.wp.com\/pulsecoder.com.mx\/wp-content\/uploads\/2022\/08\/573e1d5f-ee03-412e-accc-a8adbe23cab2.jpg?w=1392&amp;ssl=1 1392w\" sizes=\"(max-width: 696px) 100vw, 696px\" \/><figcaption>Sistema de filtrado <\/figcaption><\/figure>\n\n\n\n<p class=\"has-text-align-justify\">\u201cMi sistema a\u00fan est\u00e1 inconcluso, pues falta la conducci\u00f3n del lado izquierdo. Montar el barril que corresponde a ese lado de mi casa. De cualquier forma, la capacidad de almacenamiento de la cisterna es de 11 metros cuadrados aproximadamente\u201d.<\/p>\n\n\n\n<p class=\"has-text-align-justify\">Optimista por un cambio hacia un futuro ambiental nos comenta, \u201ccuando reflexionemos  a partir de un cambio de conciencia sobre la situaci\u00f3n clim\u00e1tica que ahora padecemos y busquemos en nuestras vidas una perspectiva espiritual, se puede dejar de ser una carga para el sistema\u201d.<\/p>\n\n\n\n<p class=\"has-text-align-justify\">Poner en marcha un sistema para abastecerse con agua de lluvia, ha resuelto casi en su totalidad -por a\u00f1o- la problem\u00e1tica de disponibilidad del recurso para uso personal y dom\u00e9stico, sobre todo cuando llega la primavera, la temporada m\u00e1s seca.<\/p>\n\n\n\n<p class=\"has-text-align-justify\">\u201cPosiblemente en el colegio en donde doy clases, tambi\u00e9n podr\u00eda funcionar un sistema de captaci\u00f3n de agua de lluvia sobre todo si se utiliza los espacios tales como los famosos domos qu\u00e9, desde hace unos a\u00f1os a la fecha, han sido montados como infraestructura relevante. Su capacidad para expandir el agua de lluvia podr\u00eda ser potencial\u201d.<\/p>\n\n\n\n<p class=\"has-text-align-justify\">Poza Rica es la ciudad m\u00e1s grande de la zona norte de Veracruz. Est\u00e1 ubicada en cuenca del rio cazones y cuenta con un clima h\u00famedo-caluroso. Las precipitaciones no se consideran un factor escaso en la regi\u00f3n sobre todo por los temporales, sin embargo, es una ciudad que padece cortes de agua programados y la disponibilidad del recurso h\u00eddrico es m\u00e1s escasa que otras ciudades del estado, como Xalapa, Puerto de Veracruz o Boca del R\u00edo.<\/p>\n\n\n\n<p class=\"has-text-align-justify\">\u201cLa situaci\u00f3n del agua potable en Poza Rica, como en muchos otros lados, est\u00e1 en problemas. Hay tandeos desde hace varios a\u00f1os  y el ayuntamiento distribuye pipas para abastecer a las colonias, sobre todo en la parte m\u00e1s seca del a\u00f1o, a pesar que en Poza Rica no estamos tan desfavorecidos con respecto a las precipitaciones. Hay mucha agua y con mucha intensidad en la temporada de lluvias, aproximadamente 1200 mm al a\u00f1o\u201d.<\/p>\n\n\n\n<p class=\"has-text-align-justify\">Por ser una ciudad industrial y por su fama de centro petrolero de anta\u00f1o, muchos de sus afluentes, arroyos y cuerpos de agua que rodean a la ciudad se encuentran muy contaminados. Incluso se cree que mucha de la agua de la regi\u00f3n est\u00e1 designadas para proyectos energ\u00e9ticos. <\/p>\n\n\n\n<p class=\"has-text-align-justify\">Mires por donde mires, la ingeniera agr\u00f3noma es un ejemplo para sus alumnos y el resto de nosotros. Por convencimiento y decisi\u00f3n libre (DIY), implemento en su vivienda un sistema de captaci\u00f3n de agua eficiente y funcional. Es una persona convencida, con base a su experiencia, que \u00e9stos sistemas pueden beneficiar a toda la poblaci\u00f3n si se logran escalar. Encontr\u00f3 una oportunidad de construir infraestructura eficiente y desde 5 a\u00f1os a la fecha, contribuye a la sustentabilidad. <\/p>\n\n\n\n<p class=\"has-text-align-right\">Profesora Gloria Luisa, por tu aporte y conciencia ambiental: <\/p>\n\n\n\n<p class=\"has-text-align-right\">\u00a1Muchas gracias y nuestro reconocimiento!<\/p>\n\n\n\n<h2 class=\"wp-block-heading\">M\u00faltiples cuencas recorren el estado: millones de a\u00f1os de transito h\u00famedo<\/h2>\n\n\n\n<p class=\"has-text-align-justify\">En el hipot\u00e9tico caso en donde un arma de geo-ingenier\u00eda alterara los flujos de las corrientes de humedad, aire y polvo, que surgen desde la placa continental africana y cruzan el oc\u00e9ano atl\u00e1ntico hasta abordar la Florida y el Paran\u00e1 en Argentina, la misi\u00f3n de encontrar soluciones al d\u00e9ficit de agua ser\u00eda una misi\u00f3n imposible.<\/p>\n\n\n\n<p class=\"has-text-align-justify\">En cambio, lo que hay, lo tenemos todos los d\u00edas a nuestro paisaje habitual. Un complejo de monta\u00f1as accidentales que hacen una funci\u00f3n vital en nuestro territorio: contener las corrientes de humedad, masa de aire fr\u00edo y caliente, as\u00ed como bloquear las intensas tormentas tropicales que traspasan a las naciones del caribe.<\/p>\n\n\n\n<p class=\"has-text-align-justify\">La sierra madre occidental es la muralla que resetea los ciclos atl\u00e1nticos del agua y que ha estado ah\u00ed durante miles de a\u00f1os. El agua que desciende ha creado las cuencas por todo el territorio veracruzano, r\u00edos descienden por valles y acantilados.<\/p>\n\n\n\n<h2 class=\"wp-block-heading\">Medir, elemento fundamental en casa<\/h2>\n\n\n\n<p class=\"has-text-align-justify\">La infraestructura convencional para distribuci\u00f3n de agua es costosa, deficiente y obsoleta. Tambi\u00e9n causa muchos desperdicios.\u00a0<\/p>\n\n\n\n<p class=\"has-text-align-justify\">Las personas necesitan llevar un registro del agua disponible en casa, saber cu\u00e1nto almacenan y consumen en un d\u00eda. De esta manera, la relaci\u00f3n con nuestros recursos de agua es mucho m\u00e1s profunda. Es un sistema de lectura embebida, ya puede estar disponible en todos nuestros celulares e incorporarlo en cada hogar del pa\u00eds.<\/p>\n\n\n\n<p class=\"has-text-align-justify\">Si bien es cierto que existen regiones del territorio nacional, donde la red de agua potable a\u00fan no da cobertura, implementar este tipo de <em>gadgets<\/em> en las zonas m\u00e1s pobladas, dar\u00eda enormes ventajas de control sobre el consumo diario, as\u00ed como notificar desperdicios y mal uso de agua.<\/p>\n\n\n\n<p>Para consulta:<\/p>\n\n\n\n<p><a href=\"https:\/\/www.wri.org\/\">World Resources Institute <\/a><\/p>\n\n\n\n<p><a href=\"https:\/\/www.wri.org\/aqueduct\">Aqueduct <\/a><\/p>\n\n\n\n<p><a href=\"https:\/\/www.wcrp-climate.org\/wgcm-cmip\/wgcm-cmip6\">CMIP6 (wcrp-climate.org)<\/a><\/p>\n\n\n\n<p><a href=\"https:\/\/www.academia.edu\/74906613\/Peligro_vulnerabilidad_y_riesgo_por_sequ%C3%ADa_en_el_contexto_del_cambio_clim%C3%A1tico_en_M%C3%A9xico\">Peligro, vulnerabilidad y riesgo por sequ\u00eda en el contexto del cambio clim\u00e1tico en M\u00e9xico<\/a><\/p>\n<\/body>","protected":false},"excerpt":{"rendered":"<p>Los \u00faltimos datos clim\u00e1ticos realizados por el WRI \u2013World Resources Institute-, augura una crisis de disponibilidad y escasez del agua severa a nivel planetario. El estudio coincide con la realidad del presente verano. Los monitores de sequ\u00eda en Europa Continental, India, Asia Occidental y la extrema sequ\u00eda del sur de los Estados Unidos y norte [&hellip;]<\/p>\n","protected":false},"author":5,"featured_media":2771,"comment_status":"open","ping_status":"open","sticky":true,"template":"","format":"standard","meta":{"_et_pb_use_builder":"off","_et_pb_old_content":"","_et_gb_content_width":"","_monsterinsights_skip_tracking":false,"_jetpack_memberships_contains_paid_content":false,"footnotes":""},"categories":[273,39],"tags":[914,332,1159,763,1173,1171,1165,158,508,1158,1161,851,1087,380,1172,170,1164,1167,1103,1170,1162],"class_list":["post-2767","post","type-post","status-publish","format-standard","has-post-thumbnail","hentry","category-reviews","category-sociedad","tag-agua","tag-clima","tag-convencimiento","tag-corporacion","tag-do-it-yourself","tag-domo","tag-ecotecnologia","tag-emprendimiento","tag-geoingenieria","tag-hidrico","tag-impacto","tag-implementacion","tag-iniciativa","tag-lluvia","tag-maker","tag-perspectiva","tag-rios","tag-sierra-madre","tag-sistema","tag-sustentable","tag-temporal"],"yoast_head":"<!-- This site is optimized with the Yoast SEO plugin v25.5 - https:\/\/yoast.com\/wordpress\/plugins\/seo\/ -->\n<title>Profesora impulsa la gesti\u00f3n de agua por lluvia<\/title>\n<meta name=\"description\" content=\"\u00bfCu\u00e1l ser\u00e1 el rol de la sociedad de cara a tal escenario? \u00bfPodremos intervenir y crear soluciones que nos beneficien a todos?\" \/>\n<meta name=\"robots\" content=\"index, follow, max-snippet:-1, max-image-preview:large, max-video-preview:-1\" \/>\n<link rel=\"canonical\" href=\"https:\/\/pulsecoder.com.mx\/index.php\/2022\/08\/11\/profesora-impulsa-la-gestion-de-agua-por-lluvia\/\" \/>\n<meta property=\"og:locale\" content=\"es_MX\" \/>\n<meta property=\"og:type\" content=\"article\" \/>\n<meta property=\"og:title\" content=\"Profesora impulsa la gesti\u00f3n de agua por lluvia\" \/>\n<meta property=\"og:description\" content=\"\u00bfCu\u00e1l ser\u00e1 el rol de la sociedad de cara a tal escenario? \u00bfPodremos intervenir y crear soluciones que nos beneficien a todos?\" \/>\n<meta property=\"og:url\" content=\"https:\/\/pulsecoder.com.mx\/index.php\/2022\/08\/11\/profesora-impulsa-la-gestion-de-agua-por-lluvia\/\" \/>\n<meta property=\"og:site_name\" content=\"Pulsecoder\" \/>\n<meta property=\"article:publisher\" content=\"https:\/\/www.facebook.com\/PulsecoderMx\" \/>\n<meta property=\"article:published_time\" content=\"2022-08-11T14:19:00+00:00\" \/>\n<meta property=\"article:modified_time\" content=\"2022-08-13T19:28:21+00:00\" \/>\n<meta property=\"og:image\" content=\"https:\/\/pulsecoder.com.mx\/wp-content\/uploads\/2022\/08\/Gloria.jpg\" \/>\n\t<meta property=\"og:image:width\" content=\"1200\" \/>\n\t<meta property=\"og:image:height\" content=\"675\" \/>\n\t<meta property=\"og:image:type\" content=\"image\/jpeg\" \/>\n<meta name=\"author\" content=\"Ismael Guzm\u00e1n\" \/>\n<meta name=\"twitter:card\" content=\"summary_large_image\" \/>\n<meta name=\"twitter:title\" content=\"Profesora impulsa la gesti\u00f3n de agua por lluvia\" \/>\n<meta name=\"twitter:description\" content=\"\u00bfCu\u00e1l ser\u00e1 el rol de la sociedad de cara a tal escenario? \u00bfPodremos intervenir y crear soluciones que nos beneficien a todos?\" \/>\n<meta name=\"twitter:image\" content=\"https:\/\/i0.wp.com\/pulsecoder.com.mx\/wp-content\/uploads\/2022\/08\/Gloria.jpg?fit=1200%2C675&ssl=1\" \/>\n<meta name=\"twitter:creator\" content=\"@PulsecoderMx\" \/>\n<meta name=\"twitter:site\" content=\"@PulsecoderMx\" \/>\n<meta name=\"twitter:label1\" content=\"Escrito por\" \/>\n\t<meta name=\"twitter:data1\" content=\"Ismael Guzm\u00e1n\" \/>\n\t<meta name=\"twitter:label2\" content=\"Tiempo de lectura\" \/>\n\t<meta name=\"twitter:data2\" content=\"7 minutos\" \/>\n<script type=\"application\/ld+json\" class=\"yoast-schema-graph\">{\"@context\":\"https:\/\/schema.org\",\"@graph\":[{\"@type\":\"Article\",\"@id\":\"https:\/\/pulsecoder.com.mx\/index.php\/2022\/08\/11\/profesora-impulsa-la-gestion-de-agua-por-lluvia\/#article\",\"isPartOf\":{\"@id\":\"https:\/\/pulsecoder.com.mx\/index.php\/2022\/08\/11\/profesora-impulsa-la-gestion-de-agua-por-lluvia\/\"},\"author\":{\"name\":\"Ismael Guzm\u00e1n\",\"@id\":\"https:\/\/pulsecoder.com.mx\/#\/schema\/person\/3b7ec413977e4116b59be466f6b5d25a\"},\"headline\":\"Profesora impulsa la gesti\u00f3n de agua por lluvia\",\"datePublished\":\"2022-08-11T14:19:00+00:00\",\"dateModified\":\"2022-08-13T19:28:21+00:00\",\"mainEntityOfPage\":{\"@id\":\"https:\/\/pulsecoder.com.mx\/index.php\/2022\/08\/11\/profesora-impulsa-la-gestion-de-agua-por-lluvia\/\"},\"wordCount\":1363,\"commentCount\":0,\"publisher\":{\"@id\":\"https:\/\/pulsecoder.com.mx\/#organization\"},\"image\":{\"@id\":\"https:\/\/pulsecoder.com.mx\/index.php\/2022\/08\/11\/profesora-impulsa-la-gestion-de-agua-por-lluvia\/#primaryimage\"},\"thumbnailUrl\":\"https:\/\/i0.wp.com\/pulsecoder.com.mx\/wp-content\/uploads\/2022\/08\/Gloria.jpg?fit=1200%2C675&ssl=1\",\"keywords\":[\"Agua\",\"clima\",\"Convencimiento\",\"Corporaci\u00f3n\",\"Do it yourself\",\"Domo\",\"Ecotecnolog\u00eda\",\"Emprendimiento\",\"Geoingenier\u00eda\",\"H\u00eddrico\",\"Impacto\",\"Implementaci\u00f3n\",\"Iniciativa\",\"Lluvia\",\"Maker\",\"Perspectiva\",\"Rios\",\"Sierra Madre\",\"Sistema\",\"Sustentable\",\"Temporal\"],\"articleSection\":[\"Reviews\",\"Sociedad\"],\"inLanguage\":\"es\",\"potentialAction\":[{\"@type\":\"CommentAction\",\"name\":\"Comment\",\"target\":[\"https:\/\/pulsecoder.com.mx\/index.php\/2022\/08\/11\/profesora-impulsa-la-gestion-de-agua-por-lluvia\/#respond\"]}]},{\"@type\":\"WebPage\",\"@id\":\"https:\/\/pulsecoder.com.mx\/index.php\/2022\/08\/11\/profesora-impulsa-la-gestion-de-agua-por-lluvia\/\",\"url\":\"https:\/\/pulsecoder.com.mx\/index.php\/2022\/08\/11\/profesora-impulsa-la-gestion-de-agua-por-lluvia\/\",\"name\":\"Profesora impulsa la gesti\u00f3n de agua por lluvia\",\"isPartOf\":{\"@id\":\"https:\/\/pulsecoder.com.mx\/#website\"},\"primaryImageOfPage\":{\"@id\":\"https:\/\/pulsecoder.com.mx\/index.php\/2022\/08\/11\/profesora-impulsa-la-gestion-de-agua-por-lluvia\/#primaryimage\"},\"image\":{\"@id\":\"https:\/\/pulsecoder.com.mx\/index.php\/2022\/08\/11\/profesora-impulsa-la-gestion-de-agua-por-lluvia\/#primaryimage\"},\"thumbnailUrl\":\"https:\/\/i0.wp.com\/pulsecoder.com.mx\/wp-content\/uploads\/2022\/08\/Gloria.jpg?fit=1200%2C675&ssl=1\",\"datePublished\":\"2022-08-11T14:19:00+00:00\",\"dateModified\":\"2022-08-13T19:28:21+00:00\",\"description\":\"\u00bfCu\u00e1l ser\u00e1 el rol de la sociedad de cara a tal escenario? \u00bfPodremos intervenir y crear soluciones que nos beneficien a todos?\",\"inLanguage\":\"es\",\"potentialAction\":[{\"@type\":\"ReadAction\",\"target\":[\"https:\/\/pulsecoder.com.mx\/index.php\/2022\/08\/11\/profesora-impulsa-la-gestion-de-agua-por-lluvia\/\"]}]},{\"@type\":\"ImageObject\",\"inLanguage\":\"es\",\"@id\":\"https:\/\/pulsecoder.com.mx\/index.php\/2022\/08\/11\/profesora-impulsa-la-gestion-de-agua-por-lluvia\/#primaryimage\",\"url\":\"https:\/\/i0.wp.com\/pulsecoder.com.mx\/wp-content\/uploads\/2022\/08\/Gloria.jpg?fit=1200%2C675&ssl=1\",\"contentUrl\":\"https:\/\/i0.wp.com\/pulsecoder.com.mx\/wp-content\/uploads\/2022\/08\/Gloria.jpg?fit=1200%2C675&ssl=1\",\"width\":1200,\"height\":675},{\"@type\":\"WebSite\",\"@id\":\"https:\/\/pulsecoder.com.mx\/#website\",\"url\":\"https:\/\/pulsecoder.com.mx\/\",\"name\":\"Pulsecoder\",\"description\":\"Revista digital de tecnolog\u00eda, sociedad e Innovaci\u00f3n\",\"publisher\":{\"@id\":\"https:\/\/pulsecoder.com.mx\/#organization\"},\"potentialAction\":[{\"@type\":\"SearchAction\",\"target\":{\"@type\":\"EntryPoint\",\"urlTemplate\":\"https:\/\/pulsecoder.com.mx\/?s={search_term_string}\"},\"query-input\":{\"@type\":\"PropertyValueSpecification\",\"valueRequired\":true,\"valueName\":\"search_term_string\"}}],\"inLanguage\":\"es\"},{\"@type\":\"Organization\",\"@id\":\"https:\/\/pulsecoder.com.mx\/#organization\",\"name\":\"Pulse Coder Mx\",\"url\":\"https:\/\/pulsecoder.com.mx\/\",\"logo\":{\"@type\":\"ImageObject\",\"inLanguage\":\"es\",\"@id\":\"https:\/\/pulsecoder.com.mx\/#\/schema\/logo\/image\/\",\"url\":\"https:\/\/i0.wp.com\/pulsecoder.com.mx\/wp-content\/uploads\/2021\/10\/Web.png?fit=2047%2C1024&ssl=1\",\"contentUrl\":\"https:\/\/i0.wp.com\/pulsecoder.com.mx\/wp-content\/uploads\/2021\/10\/Web.png?fit=2047%2C1024&ssl=1\",\"width\":2047,\"height\":1024,\"caption\":\"Pulse Coder Mx\"},\"image\":{\"@id\":\"https:\/\/pulsecoder.com.mx\/#\/schema\/logo\/image\/\"},\"sameAs\":[\"https:\/\/www.facebook.com\/PulsecoderMx\",\"https:\/\/x.com\/PulsecoderMx\",\"https:\/\/www.instagram.com\/pulsecodermx\/\",\"https:\/\/www.youtube.com\/channel\/UCci7xZRoiIxGpkwEljqfF9A\"]},{\"@type\":\"Person\",\"@id\":\"https:\/\/pulsecoder.com.mx\/#\/schema\/person\/3b7ec413977e4116b59be466f6b5d25a\",\"name\":\"Ismael Guzm\u00e1n\",\"image\":{\"@type\":\"ImageObject\",\"inLanguage\":\"es\",\"@id\":\"https:\/\/pulsecoder.com.mx\/#\/schema\/person\/image\/\",\"url\":\"https:\/\/secure.gravatar.com\/avatar\/9a10cab8115b61019922c2823d17de70?s=96&d=mm&r=g\",\"contentUrl\":\"https:\/\/secure.gravatar.com\/avatar\/9a10cab8115b61019922c2823d17de70?s=96&d=mm&r=g\",\"caption\":\"Ismael Guzm\u00e1n\"},\"description\":\"Fundador y Director de Pulse Coder. Escribe sobre digitalizaci\u00f3n, ciencia e innovaci\u00f3n tecnol\u00f3gica.\",\"url\":\"https:\/\/pulsecoder.com.mx\/index.php\/author\/ismael-guzman\/\"}]}<\/script>\n<!-- \/ Yoast SEO plugin. -->","yoast_head_json":{"title":"Profesora impulsa la gesti\u00f3n de agua por lluvia","description":"\u00bfCu\u00e1l ser\u00e1 el rol de la sociedad de cara a tal escenario? \u00bfPodremos intervenir y crear soluciones que nos beneficien a todos?","robots":{"index":"index","follow":"follow","max-snippet":"max-snippet:-1","max-image-preview":"max-image-preview:large","max-video-preview":"max-video-preview:-1"},"canonical":"https:\/\/pulsecoder.com.mx\/index.php\/2022\/08\/11\/profesora-impulsa-la-gestion-de-agua-por-lluvia\/","og_locale":"es_MX","og_type":"article","og_title":"Profesora impulsa la gesti\u00f3n de agua por lluvia","og_description":"\u00bfCu\u00e1l ser\u00e1 el rol de la sociedad de cara a tal escenario? \u00bfPodremos intervenir y crear soluciones que nos beneficien a todos?","og_url":"https:\/\/pulsecoder.com.mx\/index.php\/2022\/08\/11\/profesora-impulsa-la-gestion-de-agua-por-lluvia\/","og_site_name":"Pulsecoder","article_publisher":"https:\/\/www.facebook.com\/PulsecoderMx","article_published_time":"2022-08-11T14:19:00+00:00","article_modified_time":"2022-08-13T19:28:21+00:00","og_image":[{"width":1200,"height":675,"url":"https:\/\/pulsecoder.com.mx\/wp-content\/uploads\/2022\/08\/Gloria.jpg","type":"image\/jpeg"}],"author":"Ismael Guzm\u00e1n","twitter_card":"summary_large_image","twitter_title":"Profesora impulsa la gesti\u00f3n de agua por lluvia","twitter_description":"\u00bfCu\u00e1l ser\u00e1 el rol de la sociedad de cara a tal escenario? \u00bfPodremos intervenir y crear soluciones que nos beneficien a todos?","twitter_image":"https:\/\/i0.wp.com\/pulsecoder.com.mx\/wp-content\/uploads\/2022\/08\/Gloria.jpg?fit=1200%2C675&ssl=1","twitter_creator":"@PulsecoderMx","twitter_site":"@PulsecoderMx","twitter_misc":{"Escrito por":"Ismael Guzm\u00e1n","Tiempo de lectura":"7 minutos"},"schema":{"@context":"https:\/\/schema.org","@graph":[{"@type":"Article","@id":"https:\/\/pulsecoder.com.mx\/index.php\/2022\/08\/11\/profesora-impulsa-la-gestion-de-agua-por-lluvia\/#article","isPartOf":{"@id":"https:\/\/pulsecoder.com.mx\/index.php\/2022\/08\/11\/profesora-impulsa-la-gestion-de-agua-por-lluvia\/"},"author":{"name":"Ismael Guzm\u00e1n","@id":"https:\/\/pulsecoder.com.mx\/#\/schema\/person\/3b7ec413977e4116b59be466f6b5d25a"},"headline":"Profesora impulsa la gesti\u00f3n de agua por lluvia","datePublished":"2022-08-11T14:19:00+00:00","dateModified":"2022-08-13T19:28:21+00:00","mainEntityOfPage":{"@id":"https:\/\/pulsecoder.com.mx\/index.php\/2022\/08\/11\/profesora-impulsa-la-gestion-de-agua-por-lluvia\/"},"wordCount":1363,"commentCount":0,"publisher":{"@id":"https:\/\/pulsecoder.com.mx\/#organization"},"image":{"@id":"https:\/\/pulsecoder.com.mx\/index.php\/2022\/08\/11\/profesora-impulsa-la-gestion-de-agua-por-lluvia\/#primaryimage"},"thumbnailUrl":"https:\/\/i0.wp.com\/pulsecoder.com.mx\/wp-content\/uploads\/2022\/08\/Gloria.jpg?fit=1200%2C675&ssl=1","keywords":["Agua","clima","Convencimiento","Corporaci\u00f3n","Do it yourself","Domo","Ecotecnolog\u00eda","Emprendimiento","Geoingenier\u00eda","H\u00eddrico","Impacto","Implementaci\u00f3n","Iniciativa","Lluvia","Maker","Perspectiva","Rios","Sierra Madre","Sistema","Sustentable","Temporal"],"articleSection":["Reviews","Sociedad"],"inLanguage":"es","potentialAction":[{"@type":"CommentAction","name":"Comment","target":["https:\/\/pulsecoder.com.mx\/index.php\/2022\/08\/11\/profesora-impulsa-la-gestion-de-agua-por-lluvia\/#respond"]}]},{"@type":"WebPage","@id":"https:\/\/pulsecoder.com.mx\/index.php\/2022\/08\/11\/profesora-impulsa-la-gestion-de-agua-por-lluvia\/","url":"https:\/\/pulsecoder.com.mx\/index.php\/2022\/08\/11\/profesora-impulsa-la-gestion-de-agua-por-lluvia\/","name":"Profesora impulsa la gesti\u00f3n de agua por lluvia","isPartOf":{"@id":"https:\/\/pulsecoder.com.mx\/#website"},"primaryImageOfPage":{"@id":"https:\/\/pulsecoder.com.mx\/index.php\/2022\/08\/11\/profesora-impulsa-la-gestion-de-agua-por-lluvia\/#primaryimage"},"image":{"@id":"https:\/\/pulsecoder.com.mx\/index.php\/2022\/08\/11\/profesora-impulsa-la-gestion-de-agua-por-lluvia\/#primaryimage"},"thumbnailUrl":"https:\/\/i0.wp.com\/pulsecoder.com.mx\/wp-content\/uploads\/2022\/08\/Gloria.jpg?fit=1200%2C675&ssl=1","datePublished":"2022-08-11T14:19:00+00:00","dateModified":"2022-08-13T19:28:21+00:00","description":"\u00bfCu\u00e1l ser\u00e1 el rol de la sociedad de cara a tal escenario? \u00bfPodremos intervenir y crear soluciones que nos beneficien a todos?","inLanguage":"es","potentialAction":[{"@type":"ReadAction","target":["https:\/\/pulsecoder.com.mx\/index.php\/2022\/08\/11\/profesora-impulsa-la-gestion-de-agua-por-lluvia\/"]}]},{"@type":"ImageObject","inLanguage":"es","@id":"https:\/\/pulsecoder.com.mx\/index.php\/2022\/08\/11\/profesora-impulsa-la-gestion-de-agua-por-lluvia\/#primaryimage","url":"https:\/\/i0.wp.com\/pulsecoder.com.mx\/wp-content\/uploads\/2022\/08\/Gloria.jpg?fit=1200%2C675&ssl=1","contentUrl":"https:\/\/i0.wp.com\/pulsecoder.com.mx\/wp-content\/uploads\/2022\/08\/Gloria.jpg?fit=1200%2C675&ssl=1","width":1200,"height":675},{"@type":"WebSite","@id":"https:\/\/pulsecoder.com.mx\/#website","url":"https:\/\/pulsecoder.com.mx\/","name":"Pulsecoder","description":"Revista digital de tecnolog\u00eda, sociedad e Innovaci\u00f3n","publisher":{"@id":"https:\/\/pulsecoder.com.mx\/#organization"},"potentialAction":[{"@type":"SearchAction","target":{"@type":"EntryPoint","urlTemplate":"https:\/\/pulsecoder.com.mx\/?s={search_term_string}"},"query-input":{"@type":"PropertyValueSpecification","valueRequired":true,"valueName":"search_term_string"}}],"inLanguage":"es"},{"@type":"Organization","@id":"https:\/\/pulsecoder.com.mx\/#organization","name":"Pulse Coder Mx","url":"https:\/\/pulsecoder.com.mx\/","logo":{"@type":"ImageObject","inLanguage":"es","@id":"https:\/\/pulsecoder.com.mx\/#\/schema\/logo\/image\/","url":"https:\/\/i0.wp.com\/pulsecoder.com.mx\/wp-content\/uploads\/2021\/10\/Web.png?fit=2047%2C1024&ssl=1","contentUrl":"https:\/\/i0.wp.com\/pulsecoder.com.mx\/wp-content\/uploads\/2021\/10\/Web.png?fit=2047%2C1024&ssl=1","width":2047,"height":1024,"caption":"Pulse Coder Mx"},"image":{"@id":"https:\/\/pulsecoder.com.mx\/#\/schema\/logo\/image\/"},"sameAs":["https:\/\/www.facebook.com\/PulsecoderMx","https:\/\/x.com\/PulsecoderMx","https:\/\/www.instagram.com\/pulsecodermx\/","https:\/\/www.youtube.com\/channel\/UCci7xZRoiIxGpkwEljqfF9A"]},{"@type":"Person","@id":"https:\/\/pulsecoder.com.mx\/#\/schema\/person\/3b7ec413977e4116b59be466f6b5d25a","name":"Ismael Guzm\u00e1n","image":{"@type":"ImageObject","inLanguage":"es","@id":"https:\/\/pulsecoder.com.mx\/#\/schema\/person\/image\/","url":"https:\/\/secure.gravatar.com\/avatar\/9a10cab8115b61019922c2823d17de70?s=96&d=mm&r=g","contentUrl":"https:\/\/secure.gravatar.com\/avatar\/9a10cab8115b61019922c2823d17de70?s=96&d=mm&r=g","caption":"Ismael Guzm\u00e1n"},"description":"Fundador y Director de Pulse Coder. Escribe sobre digitalizaci\u00f3n, ciencia e innovaci\u00f3n tecnol\u00f3gica.","url":"https:\/\/pulsecoder.com.mx\/index.php\/author\/ismael-guzman\/"}]}},"jetpack_featured_media_url":"https:\/\/i0.wp.com\/pulsecoder.com.mx\/wp-content\/uploads\/2022\/08\/Gloria.jpg?fit=1200%2C675&ssl=1","jetpack_sharing_enabled":true,"amp_enabled":true,"_links":{"self":[{"href":"https:\/\/pulsecoder.com.mx\/index.php\/wp-json\/wp\/v2\/posts\/2767"}],"collection":[{"href":"https:\/\/pulsecoder.com.mx\/index.php\/wp-json\/wp\/v2\/posts"}],"about":[{"href":"https:\/\/pulsecoder.com.mx\/index.php\/wp-json\/wp\/v2\/types\/post"}],"author":[{"embeddable":true,"href":"https:\/\/pulsecoder.com.mx\/index.php\/wp-json\/wp\/v2\/users\/5"}],"replies":[{"embeddable":true,"href":"https:\/\/pulsecoder.com.mx\/index.php\/wp-json\/wp\/v2\/comments?post=2767"}],"version-history":[{"count":20,"href":"https:\/\/pulsecoder.com.mx\/index.php\/wp-json\/wp\/v2\/posts\/2767\/revisions"}],"predecessor-version":[{"id":2798,"href":"https:\/\/pulsecoder.com.mx\/index.php\/wp-json\/wp\/v2\/posts\/2767\/revisions\/2798"}],"wp:featuredmedia":[{"embeddable":true,"href":"https:\/\/pulsecoder.com.mx\/index.php\/wp-json\/wp\/v2\/media\/2771"}],"wp:attachment":[{"href":"https:\/\/pulsecoder.com.mx\/index.php\/wp-json\/wp\/v2\/media?parent=2767"}],"wp:term":[{"taxonomy":"category","embeddable":true,"href":"https:\/\/pulsecoder.com.mx\/index.php\/wp-json\/wp\/v2\/categories?post=2767"},{"taxonomy":"post_tag","embeddable":true,"href":"https:\/\/pulsecoder.com.mx\/index.php\/wp-json\/wp\/v2\/tags?post=2767"}],"curies":[{"name":"wp","href":"https:\/\/api.w.org\/{rel}","templated":true}]}}