{"id":2864,"date":"2022-09-13T11:55:00","date_gmt":"2022-09-13T11:55:00","guid":{"rendered":"https:\/\/pulsecoder.com.mx\/?p=2864"},"modified":"2022-09-14T06:12:15","modified_gmt":"2022-09-14T06:12:15","slug":"protopia-la-tercera-via-para-mejorar-nuestro-futuro","status":"publish","type":"post","link":"https:\/\/pulsecoder.com.mx\/index.php\/2022\/09\/13\/protopia-la-tercera-via-para-mejorar-nuestro-futuro\/","title":{"rendered":"Protop\u00eda: la tercera v\u00eda para mejorar nuestro futuro"},"content":{"rendered":"<body>\n<p class=\"has-text-align-justify\">Al volver a casa despu\u00e9s de nuestra jornada laboral, habitualmente solemos hacer ciertas actividades programadas con nuestro tiempo libre: resolver pendientes del hogar, ejercitarnos, dedicar un tiempo a los proyectos independientes o simplemente, tomar un merecido descanso.<\/p>\n\n\n\n<p class=\"has-text-align-justify\">Si hacemos lo \u00faltimo, es importante entender que nos encontramos -no solo en el trabajo- en un h\u00e1bitat rodeados de dispositivos y pantallas. Es decir,  vivimos en la prontitud de los ingentes vol\u00famenes de informaci\u00f3n. <\/p>\n\n\n\n<p class=\"has-text-align-justify\">Si as\u00ed lo deseamos, en cualquier momento podemos consumir un servicio en <a href=\"https:\/\/espanol.verizon.com\/info\/definitions\/streaming\/\">streaming<\/a>, entrar a nuestra redes sociales, poner el noticiero o mirar algo en youtube. Un sin fin de opciones se nos presentan para no alcanzar un estado de aburrimiento.<\/p>\n\n\n\n<p class=\"has-text-align-justify\">Naturalmente, nos inclinamos con simpat\u00eda a nuestras preferencias y no faltar\u00e1 que en algunas ocasiones, generamos nuestros propios desvelos por finalizar una serie que nos obsesiona. Todo ello parece normal y hasta cierto punto, saludable y terap\u00e9utico. <\/p>\n\n\n\n<p class=\"has-text-align-justify\">Pero m\u00e1s all\u00e1 de evitar el aburrimiento, no podemos ignorar un hecho contundente: <strong>Existe un enorme problema de salud por los excesos de informaci\u00f3n que nos rodean. <\/strong><\/p>\n\n\n\n<p class=\"has-text-align-justify\">En la actualidad se ofertan ideolog\u00edas, posturas, infodemia, manipulaci\u00f3n y herramientas que bombardean a nuestras mentes provocando batallas, como por ejemplo, el intento de magnicidio hacia la vicepresidenta <strong>Cristina Fern\u00e1ndez<\/strong> de Argentina, o en el caso de Colombia, una polarizaci\u00f3n dr\u00e1stica entre los simpatizantes del nuevo proyecto de gobierno y un bloque demandante quienes ostentaban el poder.<\/p>\n\n\n\n<p class=\"has-text-align-justify\">Tambi\u00e9n, las grandes corporaciones medi\u00e1ticas buscan apoderarse de nuestra cerebro, simpat\u00eda y nuestra postura ideol\u00f3gica. M\u00e1s que nunca, el <a href=\"https:\/\/dle.rae.es\/maniqueo\">manique\u00edsmo<\/a> est\u00e1 a alcance de una pantalla. Bandos contrarios, tratando de convencernos uno sobre las maldades del otro o viceversa. Tambi\u00e9n contenidos buscando adaptarnos ciertas conductas, agendas que extiende sus fronteras por las plataformas y se envuelve en el \u00e1mbito de lo pol\u00edticamente correcto.  <\/p>\n\n\n\n<p class=\"has-text-align-justify\">Por si eso fuera poco, se suma los agoreros del futuro con pron\u00f3sticos apocal\u00edpticos y, por otro lado, aquellos que nos llevan a la desconexi\u00f3n en un mundo de fantas\u00eda, donde el \u00fanico requisito y de manera gratuita, es inhibir la realidad y entrar a un proceso de infantilizaci\u00f3n.<\/p>\n\n\n\n<p class=\"has-text-align-justify\">Todas est\u00e1s historias son las que nos contamos diariamente. \u00bfExiste una v\u00eda alternativa que pueda conducirnos a un escenario distinto? <\/p>\n\n\n\n<p class=\"has-text-align-justify\">Abordemos \u00e9ste problema desde el punto de vista filos\u00f3fico y antropol\u00f3gico. <\/p>\n\n\n\n<h2 class=\"wp-block-heading\">Peligros del pensamiento dist\u00f3pico<\/h2>\n\n\n\n<p class=\"has-text-align-justify\"><a href=\"https:\/\/londonspeakerbureau.com\/speaker-profile\/monika-bielskyte\/\">Monika Bielskyte<\/a> es una investigadora dedicada a desarrolla visiones  y enfoques novedosos hacia el futuro, con el objetivo de ayudar a las sociedades a desprogramarse entre los \u00e1mbitos de la utop\u00eda y la distop\u00eda.<\/p>\n\n\n\n<p class=\"has-text-align-justify\">Describe todo los conceptos err\u00f3neos de ambos campos,  las cuales evitan la exploraci\u00f3n de otros marcos e ideas que puedan  llevar a las sociedades a un balance necesario e importante para su desarrollo, sobre todo si se trata de las generaciones j\u00f3venes.<\/p>\n\n\n\n<p class=\"has-text-align-justify\">\u201cLa distop\u00eda es esta idea de un futuro que sali\u00f3 mal. Todo es terrible en \u00e9l y est\u00e1 m\u00e1s all\u00e1 de la reparaci\u00f3n. Hist\u00f3ricamente, las distop\u00edas toman mucha relevancia\u201d. <\/p>\n\n\n\n<p class=\"has-text-align-justify\">\u201cLas pel\u00edculas, series y programas de televisi\u00f3n recientes, se han convertido en una hoja de ruta de un producto, como puede ser el caso de <em><a href=\"https:\/\/www.imdb.com\/title\/tt2085059\/\">Black Mirror<\/a>.<\/em> Desde la visi\u00f3n empresarial e industria del entretenimiento, y en muchos casos los Gobiernos, observan a detalle est\u00e1s distop\u00edas y lo usan para su beneficio. Miran el potencial de poder o la monetizaci\u00f3n dentro de ellas\u201d. <\/p>\n\n\n\n<p class=\"has-text-align-justify\">Tal es el caso de <em><a href=\"https:\/\/www.imdb.com\/title\/tt0181689\/?ref_=nv_sr_srsg_0\">Minority Report<\/a> <\/em><strong>[2002]<\/strong>, pel\u00edcula de gran audiencia que logr\u00f3 colocar de manera favorable un escenario dist\u00f3pico, influy\u00f3 a <a href=\"https:\/\/es.wikipedia.org\/wiki\/Peter_Thiel\">Peter Thiel,<\/a>  el mega-inversor de peso en la compa\u00f1\u00eda tecnol\u00f3gica <strong>Palantir [2003]<\/strong>, la empresa de tecnolog\u00eda de vigilancia predictiva. <\/p>\n\n\n\n<p class=\"has-text-align-justify\"><strong>Thiel<\/strong>, -fundador de paypal junto con Elon Musk- pr\u00e1cticamente, tom\u00f3 una hoja de ruta del producto de esta pel\u00edcula para predecir, en la medida de lo posible, todos aquellos movimientos que vende un  futuro ca\u00f3tico.<\/p>\n\n\n\n<p class=\"has-text-align-justify\">Destruir es mucho m\u00e1s f\u00e1cil que construir.  Incluso se extiende a formas de entretenimiento emergentes. Por est\u00e1 raz\u00f3n la industria de realidad virtual <strong>[VR]<\/strong>, est\u00e1 m\u00e1s inclinada a desarrollar contenidos dist\u00f3picos en lugar de escenarios m\u00e1s inspiradores. Esto puede explicar la extrapolaci\u00f3n de los escenarios negativos que miramos en el mundo y por esa raz\u00f3n, son exitosos monetariamente. <\/p>\n\n\n\n<p class=\"has-text-align-justify\">Sin embargo, el pensamiento dist\u00f3pico suele ser peligroso. Si una sociedad ha padecido la violencia de una guerra, migraciones, inestabilidad social, econ\u00f3mica, o efectos por el cambio clim\u00e1tico, las distop\u00edas se vuelven una especie de burbuja a escala.<\/p>\n\n\n\n<p class=\"has-text-align-justify\">\u201cEl momento en el cu\u00e1l comencemos a creer que el futuro est\u00e1 condenado, que alguien m\u00e1s lo ha decidido as\u00ed en otro lugar, comenzamos un proceso de desconexi\u00f3n. Y esto significa el inicio del consumo obsesivo, m\u00e1s desinformaci\u00f3n y desesperanza\u201d. <\/p>\n\n\n\n<h2 class=\"wp-block-heading\">Utop\u00eda, tan da\u00f1ina como la distop\u00eda<\/h2>\n\n\n\n<p class=\"has-text-align-justify\">Hist\u00f3ricamente, las utop\u00edas han sido la contrapartida de las visiones negativas. Sol\u00edamos mirarlas y aceptarlas mucho antes que cualquier distop\u00eda. Ahora pareciera lo contrario, pues detr\u00e1s hay una industria millonaria y todo un proceso de ingenierizaci\u00f3n social.<\/p>\n\n\n\n<p class=\"has-text-align-justify\">El concepto <strong>utop\u00eda,<\/strong> en s\u00ed mismo significa \u201c<strong>no lugar o lugar que no puede existir<\/strong>\u201c,  pero m\u00e1s all\u00e1 de la definici\u00f3n, su existencia si es real, sobre todo para una minor\u00eda de la sociedad como suelen serlo las monarqu\u00edas o las \u00e9lites, dice <strong>Bielskyte<\/strong>. <\/p>\n\n\n\n<p class=\"has-text-align-justify\">\u201cSorprendentemente, las utop\u00edas y las distop\u00edas no son polos opuestos. Son dos caras de la misma moneda. La mayor\u00eda de los conceptos ut\u00f3picos surgieron de y para la \u00e9lite, eran excluyentes por defecto. Fueron dise\u00f1adas por personas colocadas en torres de marfil y con ello, lograron establecer diferencias con la sociedad de abajo. Las utop\u00edas son eugen\u00e9sicas por decreto y es esa cr\u00edtica la que falta en nuestras sociedades\u201d.  <\/p>\n\n\n\n<p class=\"has-text-align-justify\">Hoy se puede observar como la sociedad carece de cr\u00edtica sobre las visiones pol\u00edticas ut\u00f3picas o por los escenarios propuestos por la industria del entretenimiento, por  que han sido vendidas con cierto \u00e9xito y de alguna manera, evolucionaron con campa\u00f1as de marketing con las cuales se identifican el consumidor, est\u00e9n o no emparejadas con la realidad. <\/p>\n\n\n\n<p class=\"has-text-align-justify\">En resumen, la utop\u00eda suele ser tan da\u00f1ina como la distop\u00eda. Ambos marcos son insatisfactorios para la realidad actual.<\/p>\n\n\n\n<h2 class=\"wp-block-heading\">La tercera v\u00eda<\/h2>\n\n\n\n<p class=\"has-text-align-justify\">El origen del concepto <strong>Protop\u00eda <\/strong>esta acu\u00f1ado directamente a <a href=\"https:\/\/en.wikipedia.org\/wiki\/Kevin_Kelly_(editor)\">Kevin Kelly<\/a>, <strong>fundador de la revista Wired.<\/strong>  Sin embargo, la falta de entendimiento sobre la tercera v\u00eda jam\u00e1s despego, quiz\u00e1 por el hecho de estar muy adelanta a su \u00e9poca. No hubo una verdadera causa para explorar esta idea.<\/p>\n\n\n\n<p class=\"has-text-align-justify\">Dada hoy la complejidad de los ecosistemas sociales y medio ambientales, es prudente desempolvar \u00e9ste marco y emprender su divulgaci\u00f3n como una opci\u00f3n del futuro inmediato. <\/p>\n\n\n\n<p class=\"has-text-align-justify\">\u201cConsiste en crear un futuro m\u00e1s amable y seguro para la mayor\u00eda de nosotros\u201d explica <strong>Bielskyte.<\/strong> \u201cLa protop\u00eda busca atender la discapacidad inmediata. A todas aquellas personas que est\u00e1n en primera l\u00ednea de los efectos negativos, o centrarnos en la discapacidad  de las leyes que est\u00e1n afectando directamente la vida humana en alguna regi\u00f3n, de los derechos ind\u00edgenas, de los problemas ambientales\u201d.<\/p>\n\n\n\n<p class=\"has-text-align-justify\">\u201cCuando la innovaci\u00f3n tecnol\u00f3gica es canalizada a la discapacidad de cualquier sistema, sea de cualquier \u00edndole beneficiando lo social o lo medio ambiental, no es caridad, sino la mayor fuente de innovaci\u00f3n permitiendo mejorar nuestras vidas\u201d <\/p>\n\n\n\n<p class=\"has-text-align-justify\">\u201cSi nuestra respuesta a la pandemia hubiese estado impulsada por la discapacidad, no habr\u00edamos visto a millones de personas morir\u201d comenta <strong>Bilskyte<\/strong>. \u201cTan solo con prestar atenci\u00f3n a la discapacidad inmediata, a los m\u00e1s vulnerables, lograr\u00edamos pol\u00edticas que ayudar\u00edan a todas las naciones a ser m\u00e1s seguras. Podr\u00edamos entrar a un nuevo renacimiento centrado a la conservaci\u00f3n de las especies y los ecosistemas. Este tipo de  armonizaci\u00f3n no es ut\u00f3pica\u201d.<\/p>\n\n\n\n<p class=\"has-text-align-justify\">\u201cCuando hablamos de futuros verdes, debemos discernir entre la visi\u00f3n de las grandes corporaciones, quienes usan fuertes campa\u00f1as de agenda verde,  y la visi\u00f3n de el futuro verde de los ind\u00edgenas, quienes son parte simbi\u00f3tica de las selvas y los bosques. Ellos han sido parte del paisaje durante milenios, con sus costumbres, tradiciones, conocimientos y respeto a la naturaleza, son personajes vitales para  ayudar a preservar los ecosistemas. <\/p>\n\n\n\n<blockquote class=\"wp-block-quote has-text-align-right is-layout-flow wp-block-quote-is-layout-flow\"><p>Tambien puede interesarte:  <a href=\"https:\/\/pulsecoder.com.mx\/index.php\/2020\/10\/31\/inclusion-tecnologica-de-pueblos-indigenas-conservar-su-cosmovision-y-proteger-su-identidad\/\">inclusi\u00f3n tecnol\u00f3gica de pueblos indigenas<\/a><\/p><\/blockquote>\n\n\n\n<p class=\"has-text-align-justify\">El cambio clim\u00e1tico y el colapso ecol\u00f3gico no es un teor\u00eda, es una realidad que vive la gente hoy en d\u00eda.  \u201cHasta que no vayamos m\u00e1s all\u00e1 del dise\u00f1o econ\u00f3mico centrado en el ser humano, ni mirar al paisaje como un recurso para ser saqueado, no podemos considerar soluciones sostenibles. La sostenibilidad no es suficiente, necesitamos reparar los da\u00f1os. Adem\u00e1s, debemos dar voz a las propuestas de todas las personas que se encuentran en la vanguardia o quienes han comenzado a generar impactos para lograr estos cambios\u201d, finaliz\u00f3<strong> Bielskyte<\/strong>.<\/p>\n\n\n\n<h2 class=\"wp-block-heading\">\u00bfC\u00f3mo se empieza a construir Protop\u00eda?<\/h2>\n\n\n\n<p class=\"has-text-align-justify\">Identifica a personas que suelen tener un opini\u00f3n negativa del futuro o quienes se inclina por mirar solo lo negativo de todo lo que les rodea. Puedes sugerirles la siguiente pregunta <strong>\u00bfQu\u00e9 propones para mejorar lo que te molesta? <\/strong><\/p>\n\n\n\n<p class=\"has-text-align-justify\">Si por el contrario, identificas a personas que suelen permanecer en la utop\u00eda, sugiere mirar la realidad como un marco que busca efecto real en la acci\u00f3n humana. <\/p>\n\n\n\n<p class=\"has-text-align-justify\">\u201cSi eres un hombre, busca la perspectiva de una mujer para analizar, complementar, resolver X situaci\u00f3n de alguna problem\u00e1tica en campo de la opini\u00f3n. Identifique las discapacidades de su localidad. Encuentre a personas con carencias y vulnerabilidades, que puedan ser auxiliadas desde el empuje de social\u201d.<\/p>\n\n\n\n<p class=\"has-text-align-justify\">\u201cLa tolerancia no es suficiente. Necesitamos tener curiosidad por los dem\u00e1s. S\u00f3lo uni\u00e9ndonos encontraremos las respuestas para desafiar el status quo y crear prototipos. Los caminos alternativos necesarios.\u201d<\/p>\n\n\n\n<p class=\"has-text-align-justify\">\u201cEl futuro no sucede en otro lugar, ni est\u00e1 decidido por alguien lejano al lugar en donde te encuentras ahora. Somos muchos, hacemos uni\u00f3n e insistimos en que el futuro lo creamos nosotros. Con cada historia que compartamos, estaremos produciendo protop\u00eda\u201d, concluy\u00f3 <strong>Bielskyte.<\/strong><\/p>\n\n\n\n<p>Para consulta:<\/p>\n\n\n\n<p><a href=\"https:\/\/medium.com\/@monikabielskyte\">monika bielskyte \u2013 Medium<\/a><\/p>\n\n\n\n<p><a href=\"https:\/\/londonspeakerbureau.com\/speaker-profile\/monika-bielskyte\/\">https:\/\/londonspeakerbureau.com\/speaker-profile\/monika-bielskyte\/<\/a><\/p>\n\n\n\n<p><\/p>\n\n\n\n<p><\/p>\n\n\n\n<p><\/p>\n\n\n\n<p><\/p>\n\n\n\n<p><\/p>\n<\/body>","protected":false},"excerpt":{"rendered":"<p>Al volver a casa despu\u00e9s de nuestra jornada laboral, habitualmente solemos hacer ciertas actividades programadas con nuestro tiempo libre: resolver pendientes del hogar, ejercitarnos, dedicar un tiempo a los proyectos independientes o simplemente, tomar un merecido descanso. Si hacemos lo \u00faltimo, es importante entender que nos encontramos -no solo en el trabajo- en un h\u00e1bitat [&hellip;]<\/p>\n","protected":false},"author":6,"featured_media":2867,"comment_status":"open","ping_status":"open","sticky":true,"template":"","format":"standard","meta":{"_et_pb_use_builder":"off","_et_pb_old_content":"","_et_gb_content_width":"","_monsterinsights_skip_tracking":false,"_jetpack_memberships_contains_paid_content":false,"footnotes":""},"categories":[766,39],"tags":[1005,1278,501,1280,454,1275,90,1272,157,558,842,1266,1282,1264,69,1274,1267,1283,1279,1277,1268,1270,1276,1271,736,317,716,1284,216,1265,1170,723,1273,1281],"class_list":["post-2864","post","type-post","status-publish","format-standard","has-post-thumbnail","hentry","category-actualidad","category-sociedad","tag-agenda","tag-black-mirror","tag-corporaciones","tag-cultura-digital","tag-datos","tag-derechos-humanos","tag-digitalizacion","tag-distopia","tag-economia","tag-empresas","tag-futuro","tag-ideologias","tag-indigena","tag-infodemia","tag-innovacion","tag-leyes","tag-manipulacion","tag-marcos-teoricos","tag-minority-report","tag-palantir","tag-polarizacion","tag-politica","tag-predictivo","tag-protopia","tag-proyecto","tag-realidad-virtual","tag-redes-sociales","tag-renacimiento","tag-sociedad","tag-streaming","tag-sustentable","tag-terapeutas","tag-utopia","tag-vision-politica"],"yoast_head":"<!-- This site is optimized with the Yoast SEO plugin v25.5 - https:\/\/yoast.com\/wordpress\/plugins\/seo\/ -->\n<title>Protop\u00eda: la tercera v\u00eda para mejorar nuestro futuro<\/title>\n<meta name=\"description\" content=\"El futuro no sucede en otro lugar, ni est\u00e1 decidido por alguien lejano al lugar en donde te encuentras ahora\" \/>\n<meta name=\"robots\" content=\"index, follow, max-snippet:-1, max-image-preview:large, max-video-preview:-1\" \/>\n<link rel=\"canonical\" href=\"https:\/\/pulsecoder.com.mx\/index.php\/2022\/09\/13\/protopia-la-tercera-via-para-mejorar-nuestro-futuro\/\" \/>\n<meta property=\"og:locale\" content=\"es_MX\" \/>\n<meta property=\"og:type\" content=\"article\" \/>\n<meta property=\"og:title\" content=\"Protop\u00eda: la tercera v\u00eda para mejorar nuestro futuro\" \/>\n<meta property=\"og:description\" content=\"El futuro no sucede en otro lugar, ni est\u00e1 decidido por alguien lejano al lugar en donde te encuentras ahora.\" \/>\n<meta property=\"og:url\" content=\"https:\/\/pulsecoder.com.mx\/index.php\/2022\/09\/13\/protopia-la-tercera-via-para-mejorar-nuestro-futuro\/\" \/>\n<meta property=\"og:site_name\" content=\"Pulsecoder\" \/>\n<meta property=\"article:publisher\" content=\"https:\/\/www.facebook.com\/PulsecoderMx\" \/>\n<meta property=\"article:published_time\" content=\"2022-09-13T11:55:00+00:00\" \/>\n<meta property=\"article:modified_time\" content=\"2022-09-14T06:12:15+00:00\" \/>\n<meta property=\"og:image\" content=\"https:\/\/pulsecoder.com.mx\/wp-content\/uploads\/2022\/09\/Protopia.jpg\" \/>\n\t<meta property=\"og:image:width\" content=\"1200\" \/>\n\t<meta property=\"og:image:height\" content=\"675\" \/>\n\t<meta property=\"og:image:type\" content=\"image\/jpeg\" \/>\n<meta name=\"author\" content=\"Paula Campos\" \/>\n<meta name=\"twitter:card\" content=\"summary_large_image\" \/>\n<meta name=\"twitter:title\" content=\"Protop\u00eda: la tercera v\u00eda para mejorar nuestro futuro\" \/>\n<meta name=\"twitter:description\" content=\"El futuro no sucede en otro lugar, ni est\u00e1 decidido por alguien lejano al lugar en donde te encuentras ahora.\" \/>\n<meta name=\"twitter:image\" content=\"https:\/\/i0.wp.com\/pulsecoder.com.mx\/wp-content\/uploads\/2022\/09\/Protopia.jpg?fit=1200%2C675&ssl=1\" \/>\n<meta name=\"twitter:creator\" content=\"@PulsecoderMx\" \/>\n<meta name=\"twitter:site\" content=\"@PulsecoderMx\" \/>\n<meta name=\"twitter:label1\" content=\"Escrito por\" \/>\n\t<meta name=\"twitter:data1\" content=\"Paula Campos\" \/>\n\t<meta name=\"twitter:label2\" content=\"Tiempo de lectura\" \/>\n\t<meta name=\"twitter:data2\" content=\"8 minutos\" \/>\n<script type=\"application\/ld+json\" class=\"yoast-schema-graph\">{\"@context\":\"https:\/\/schema.org\",\"@graph\":[{\"@type\":\"Article\",\"@id\":\"https:\/\/pulsecoder.com.mx\/index.php\/2022\/09\/13\/protopia-la-tercera-via-para-mejorar-nuestro-futuro\/#article\",\"isPartOf\":{\"@id\":\"https:\/\/pulsecoder.com.mx\/index.php\/2022\/09\/13\/protopia-la-tercera-via-para-mejorar-nuestro-futuro\/\"},\"author\":{\"name\":\"Paula Campos\",\"@id\":\"https:\/\/pulsecoder.com.mx\/#\/schema\/person\/ae96446d3a5965f0028dd5154d8c77b4\"},\"headline\":\"Protop\u00eda: la tercera v\u00eda para mejorar nuestro futuro\",\"datePublished\":\"2022-09-13T11:55:00+00:00\",\"dateModified\":\"2022-09-14T06:12:15+00:00\",\"mainEntityOfPage\":{\"@id\":\"https:\/\/pulsecoder.com.mx\/index.php\/2022\/09\/13\/protopia-la-tercera-via-para-mejorar-nuestro-futuro\/\"},\"wordCount\":1771,\"commentCount\":0,\"publisher\":{\"@id\":\"https:\/\/pulsecoder.com.mx\/#organization\"},\"image\":{\"@id\":\"https:\/\/pulsecoder.com.mx\/index.php\/2022\/09\/13\/protopia-la-tercera-via-para-mejorar-nuestro-futuro\/#primaryimage\"},\"thumbnailUrl\":\"https:\/\/i0.wp.com\/pulsecoder.com.mx\/wp-content\/uploads\/2022\/09\/Protopia.jpg?fit=1200%2C675&ssl=1\",\"keywords\":[\"Agenda\",\"Black Mirror\",\"Corporaciones\",\"Cultura Digital\",\"Datos\",\"Derechos Humanos\",\"Digitalizaci\u00f3n\",\"Distop\u00eda\",\"Econom\u00eda\",\"Empresas\",\"Futuro\",\"Ideolog\u00edas\",\"Ind\u00edgena\",\"Infodemia\",\"Innovaci\u00f3n\",\"Leyes\",\"Manipulaci\u00f3n\",\"Marcos Te\u00f3ricos\",\"Minority Report\",\"Palantir\",\"Polarizaci\u00f3n\",\"Pol\u00edtica\",\"Predictivo\",\"Protop\u00eda\",\"Proyecto\",\"Realidad Virtual\",\"Redes Sociales\",\"Renacimiento\",\"Sociedad\",\"Streaming\",\"Sustentable\",\"Terapeutas\",\"Utop\u00eda\",\"Visi\u00f3n Pol\u00edtica\"],\"articleSection\":[\"Actualidad\",\"Sociedad\"],\"inLanguage\":\"es\",\"potentialAction\":[{\"@type\":\"CommentAction\",\"name\":\"Comment\",\"target\":[\"https:\/\/pulsecoder.com.mx\/index.php\/2022\/09\/13\/protopia-la-tercera-via-para-mejorar-nuestro-futuro\/#respond\"]}]},{\"@type\":\"WebPage\",\"@id\":\"https:\/\/pulsecoder.com.mx\/index.php\/2022\/09\/13\/protopia-la-tercera-via-para-mejorar-nuestro-futuro\/\",\"url\":\"https:\/\/pulsecoder.com.mx\/index.php\/2022\/09\/13\/protopia-la-tercera-via-para-mejorar-nuestro-futuro\/\",\"name\":\"Protop\u00eda: la tercera v\u00eda para mejorar nuestro futuro\",\"isPartOf\":{\"@id\":\"https:\/\/pulsecoder.com.mx\/#website\"},\"primaryImageOfPage\":{\"@id\":\"https:\/\/pulsecoder.com.mx\/index.php\/2022\/09\/13\/protopia-la-tercera-via-para-mejorar-nuestro-futuro\/#primaryimage\"},\"image\":{\"@id\":\"https:\/\/pulsecoder.com.mx\/index.php\/2022\/09\/13\/protopia-la-tercera-via-para-mejorar-nuestro-futuro\/#primaryimage\"},\"thumbnailUrl\":\"https:\/\/i0.wp.com\/pulsecoder.com.mx\/wp-content\/uploads\/2022\/09\/Protopia.jpg?fit=1200%2C675&ssl=1\",\"datePublished\":\"2022-09-13T11:55:00+00:00\",\"dateModified\":\"2022-09-14T06:12:15+00:00\",\"description\":\"El futuro no sucede en otro lugar, ni est\u00e1 decidido por alguien lejano al lugar en donde te encuentras ahora\",\"inLanguage\":\"es\",\"potentialAction\":[{\"@type\":\"ReadAction\",\"target\":[\"https:\/\/pulsecoder.com.mx\/index.php\/2022\/09\/13\/protopia-la-tercera-via-para-mejorar-nuestro-futuro\/\"]}]},{\"@type\":\"ImageObject\",\"inLanguage\":\"es\",\"@id\":\"https:\/\/pulsecoder.com.mx\/index.php\/2022\/09\/13\/protopia-la-tercera-via-para-mejorar-nuestro-futuro\/#primaryimage\",\"url\":\"https:\/\/i0.wp.com\/pulsecoder.com.mx\/wp-content\/uploads\/2022\/09\/Protopia.jpg?fit=1200%2C675&ssl=1\",\"contentUrl\":\"https:\/\/i0.wp.com\/pulsecoder.com.mx\/wp-content\/uploads\/2022\/09\/Protopia.jpg?fit=1200%2C675&ssl=1\",\"width\":1200,\"height\":675},{\"@type\":\"WebSite\",\"@id\":\"https:\/\/pulsecoder.com.mx\/#website\",\"url\":\"https:\/\/pulsecoder.com.mx\/\",\"name\":\"Pulsecoder\",\"description\":\"Revista digital de tecnolog\u00eda, sociedad e Innovaci\u00f3n\",\"publisher\":{\"@id\":\"https:\/\/pulsecoder.com.mx\/#organization\"},\"potentialAction\":[{\"@type\":\"SearchAction\",\"target\":{\"@type\":\"EntryPoint\",\"urlTemplate\":\"https:\/\/pulsecoder.com.mx\/?s={search_term_string}\"},\"query-input\":{\"@type\":\"PropertyValueSpecification\",\"valueRequired\":true,\"valueName\":\"search_term_string\"}}],\"inLanguage\":\"es\"},{\"@type\":\"Organization\",\"@id\":\"https:\/\/pulsecoder.com.mx\/#organization\",\"name\":\"Pulse Coder Mx\",\"url\":\"https:\/\/pulsecoder.com.mx\/\",\"logo\":{\"@type\":\"ImageObject\",\"inLanguage\":\"es\",\"@id\":\"https:\/\/pulsecoder.com.mx\/#\/schema\/logo\/image\/\",\"url\":\"https:\/\/i0.wp.com\/pulsecoder.com.mx\/wp-content\/uploads\/2021\/10\/Web.png?fit=2047%2C1024&ssl=1\",\"contentUrl\":\"https:\/\/i0.wp.com\/pulsecoder.com.mx\/wp-content\/uploads\/2021\/10\/Web.png?fit=2047%2C1024&ssl=1\",\"width\":2047,\"height\":1024,\"caption\":\"Pulse Coder Mx\"},\"image\":{\"@id\":\"https:\/\/pulsecoder.com.mx\/#\/schema\/logo\/image\/\"},\"sameAs\":[\"https:\/\/www.facebook.com\/PulsecoderMx\",\"https:\/\/x.com\/PulsecoderMx\",\"https:\/\/www.instagram.com\/pulsecodermx\/\",\"https:\/\/www.youtube.com\/channel\/UCci7xZRoiIxGpkwEljqfF9A\"]},{\"@type\":\"Person\",\"@id\":\"https:\/\/pulsecoder.com.mx\/#\/schema\/person\/ae96446d3a5965f0028dd5154d8c77b4\",\"name\":\"Paula Campos\",\"image\":{\"@type\":\"ImageObject\",\"inLanguage\":\"es\",\"@id\":\"https:\/\/pulsecoder.com.mx\/#\/schema\/person\/image\/\",\"url\":\"https:\/\/secure.gravatar.com\/avatar\/e1ab72df5f67809d6c753f9b51cc4fa9?s=96&d=mm&r=g\",\"contentUrl\":\"https:\/\/secure.gravatar.com\/avatar\/e1ab72df5f67809d6c753f9b51cc4fa9?s=96&d=mm&r=g\",\"caption\":\"Paula Campos\"},\"description\":\"Cofundadora y Articulista de Pulse Coder. Enfocada en t\u00f3picos sobre el medio ambiente, bienestar y pol\u00edticas ambientales.\",\"url\":\"https:\/\/pulsecoder.com.mx\/index.php\/author\/paula-campos\/\"}]}<\/script>\n<!-- \/ Yoast SEO plugin. -->","yoast_head_json":{"title":"Protop\u00eda: la tercera v\u00eda para mejorar nuestro futuro","description":"El futuro no sucede en otro lugar, ni est\u00e1 decidido por alguien lejano al lugar en donde te encuentras ahora","robots":{"index":"index","follow":"follow","max-snippet":"max-snippet:-1","max-image-preview":"max-image-preview:large","max-video-preview":"max-video-preview:-1"},"canonical":"https:\/\/pulsecoder.com.mx\/index.php\/2022\/09\/13\/protopia-la-tercera-via-para-mejorar-nuestro-futuro\/","og_locale":"es_MX","og_type":"article","og_title":"Protop\u00eda: la tercera v\u00eda para mejorar nuestro futuro","og_description":"El futuro no sucede en otro lugar, ni est\u00e1 decidido por alguien lejano al lugar en donde te encuentras ahora.","og_url":"https:\/\/pulsecoder.com.mx\/index.php\/2022\/09\/13\/protopia-la-tercera-via-para-mejorar-nuestro-futuro\/","og_site_name":"Pulsecoder","article_publisher":"https:\/\/www.facebook.com\/PulsecoderMx","article_published_time":"2022-09-13T11:55:00+00:00","article_modified_time":"2022-09-14T06:12:15+00:00","og_image":[{"width":1200,"height":675,"url":"https:\/\/pulsecoder.com.mx\/wp-content\/uploads\/2022\/09\/Protopia.jpg","type":"image\/jpeg"}],"author":"Paula Campos","twitter_card":"summary_large_image","twitter_title":"Protop\u00eda: la tercera v\u00eda para mejorar nuestro futuro","twitter_description":"El futuro no sucede en otro lugar, ni est\u00e1 decidido por alguien lejano al lugar en donde te encuentras ahora.","twitter_image":"https:\/\/i0.wp.com\/pulsecoder.com.mx\/wp-content\/uploads\/2022\/09\/Protopia.jpg?fit=1200%2C675&ssl=1","twitter_creator":"@PulsecoderMx","twitter_site":"@PulsecoderMx","twitter_misc":{"Escrito por":"Paula Campos","Tiempo de lectura":"8 minutos"},"schema":{"@context":"https:\/\/schema.org","@graph":[{"@type":"Article","@id":"https:\/\/pulsecoder.com.mx\/index.php\/2022\/09\/13\/protopia-la-tercera-via-para-mejorar-nuestro-futuro\/#article","isPartOf":{"@id":"https:\/\/pulsecoder.com.mx\/index.php\/2022\/09\/13\/protopia-la-tercera-via-para-mejorar-nuestro-futuro\/"},"author":{"name":"Paula Campos","@id":"https:\/\/pulsecoder.com.mx\/#\/schema\/person\/ae96446d3a5965f0028dd5154d8c77b4"},"headline":"Protop\u00eda: la tercera v\u00eda para mejorar nuestro futuro","datePublished":"2022-09-13T11:55:00+00:00","dateModified":"2022-09-14T06:12:15+00:00","mainEntityOfPage":{"@id":"https:\/\/pulsecoder.com.mx\/index.php\/2022\/09\/13\/protopia-la-tercera-via-para-mejorar-nuestro-futuro\/"},"wordCount":1771,"commentCount":0,"publisher":{"@id":"https:\/\/pulsecoder.com.mx\/#organization"},"image":{"@id":"https:\/\/pulsecoder.com.mx\/index.php\/2022\/09\/13\/protopia-la-tercera-via-para-mejorar-nuestro-futuro\/#primaryimage"},"thumbnailUrl":"https:\/\/i0.wp.com\/pulsecoder.com.mx\/wp-content\/uploads\/2022\/09\/Protopia.jpg?fit=1200%2C675&ssl=1","keywords":["Agenda","Black Mirror","Corporaciones","Cultura Digital","Datos","Derechos Humanos","Digitalizaci\u00f3n","Distop\u00eda","Econom\u00eda","Empresas","Futuro","Ideolog\u00edas","Ind\u00edgena","Infodemia","Innovaci\u00f3n","Leyes","Manipulaci\u00f3n","Marcos Te\u00f3ricos","Minority Report","Palantir","Polarizaci\u00f3n","Pol\u00edtica","Predictivo","Protop\u00eda","Proyecto","Realidad Virtual","Redes Sociales","Renacimiento","Sociedad","Streaming","Sustentable","Terapeutas","Utop\u00eda","Visi\u00f3n Pol\u00edtica"],"articleSection":["Actualidad","Sociedad"],"inLanguage":"es","potentialAction":[{"@type":"CommentAction","name":"Comment","target":["https:\/\/pulsecoder.com.mx\/index.php\/2022\/09\/13\/protopia-la-tercera-via-para-mejorar-nuestro-futuro\/#respond"]}]},{"@type":"WebPage","@id":"https:\/\/pulsecoder.com.mx\/index.php\/2022\/09\/13\/protopia-la-tercera-via-para-mejorar-nuestro-futuro\/","url":"https:\/\/pulsecoder.com.mx\/index.php\/2022\/09\/13\/protopia-la-tercera-via-para-mejorar-nuestro-futuro\/","name":"Protop\u00eda: la tercera v\u00eda para mejorar nuestro futuro","isPartOf":{"@id":"https:\/\/pulsecoder.com.mx\/#website"},"primaryImageOfPage":{"@id":"https:\/\/pulsecoder.com.mx\/index.php\/2022\/09\/13\/protopia-la-tercera-via-para-mejorar-nuestro-futuro\/#primaryimage"},"image":{"@id":"https:\/\/pulsecoder.com.mx\/index.php\/2022\/09\/13\/protopia-la-tercera-via-para-mejorar-nuestro-futuro\/#primaryimage"},"thumbnailUrl":"https:\/\/i0.wp.com\/pulsecoder.com.mx\/wp-content\/uploads\/2022\/09\/Protopia.jpg?fit=1200%2C675&ssl=1","datePublished":"2022-09-13T11:55:00+00:00","dateModified":"2022-09-14T06:12:15+00:00","description":"El futuro no sucede en otro lugar, ni est\u00e1 decidido por alguien lejano al lugar en donde te encuentras ahora","inLanguage":"es","potentialAction":[{"@type":"ReadAction","target":["https:\/\/pulsecoder.com.mx\/index.php\/2022\/09\/13\/protopia-la-tercera-via-para-mejorar-nuestro-futuro\/"]}]},{"@type":"ImageObject","inLanguage":"es","@id":"https:\/\/pulsecoder.com.mx\/index.php\/2022\/09\/13\/protopia-la-tercera-via-para-mejorar-nuestro-futuro\/#primaryimage","url":"https:\/\/i0.wp.com\/pulsecoder.com.mx\/wp-content\/uploads\/2022\/09\/Protopia.jpg?fit=1200%2C675&ssl=1","contentUrl":"https:\/\/i0.wp.com\/pulsecoder.com.mx\/wp-content\/uploads\/2022\/09\/Protopia.jpg?fit=1200%2C675&ssl=1","width":1200,"height":675},{"@type":"WebSite","@id":"https:\/\/pulsecoder.com.mx\/#website","url":"https:\/\/pulsecoder.com.mx\/","name":"Pulsecoder","description":"Revista digital de tecnolog\u00eda, sociedad e Innovaci\u00f3n","publisher":{"@id":"https:\/\/pulsecoder.com.mx\/#organization"},"potentialAction":[{"@type":"SearchAction","target":{"@type":"EntryPoint","urlTemplate":"https:\/\/pulsecoder.com.mx\/?s={search_term_string}"},"query-input":{"@type":"PropertyValueSpecification","valueRequired":true,"valueName":"search_term_string"}}],"inLanguage":"es"},{"@type":"Organization","@id":"https:\/\/pulsecoder.com.mx\/#organization","name":"Pulse Coder Mx","url":"https:\/\/pulsecoder.com.mx\/","logo":{"@type":"ImageObject","inLanguage":"es","@id":"https:\/\/pulsecoder.com.mx\/#\/schema\/logo\/image\/","url":"https:\/\/i0.wp.com\/pulsecoder.com.mx\/wp-content\/uploads\/2021\/10\/Web.png?fit=2047%2C1024&ssl=1","contentUrl":"https:\/\/i0.wp.com\/pulsecoder.com.mx\/wp-content\/uploads\/2021\/10\/Web.png?fit=2047%2C1024&ssl=1","width":2047,"height":1024,"caption":"Pulse Coder Mx"},"image":{"@id":"https:\/\/pulsecoder.com.mx\/#\/schema\/logo\/image\/"},"sameAs":["https:\/\/www.facebook.com\/PulsecoderMx","https:\/\/x.com\/PulsecoderMx","https:\/\/www.instagram.com\/pulsecodermx\/","https:\/\/www.youtube.com\/channel\/UCci7xZRoiIxGpkwEljqfF9A"]},{"@type":"Person","@id":"https:\/\/pulsecoder.com.mx\/#\/schema\/person\/ae96446d3a5965f0028dd5154d8c77b4","name":"Paula Campos","image":{"@type":"ImageObject","inLanguage":"es","@id":"https:\/\/pulsecoder.com.mx\/#\/schema\/person\/image\/","url":"https:\/\/secure.gravatar.com\/avatar\/e1ab72df5f67809d6c753f9b51cc4fa9?s=96&d=mm&r=g","contentUrl":"https:\/\/secure.gravatar.com\/avatar\/e1ab72df5f67809d6c753f9b51cc4fa9?s=96&d=mm&r=g","caption":"Paula Campos"},"description":"Cofundadora y Articulista de Pulse Coder. Enfocada en t\u00f3picos sobre el medio ambiente, bienestar y pol\u00edticas ambientales.","url":"https:\/\/pulsecoder.com.mx\/index.php\/author\/paula-campos\/"}]}},"jetpack_featured_media_url":"https:\/\/i0.wp.com\/pulsecoder.com.mx\/wp-content\/uploads\/2022\/09\/Protopia.jpg?fit=1200%2C675&ssl=1","jetpack_sharing_enabled":true,"amp_enabled":true,"_links":{"self":[{"href":"https:\/\/pulsecoder.com.mx\/index.php\/wp-json\/wp\/v2\/posts\/2864"}],"collection":[{"href":"https:\/\/pulsecoder.com.mx\/index.php\/wp-json\/wp\/v2\/posts"}],"about":[{"href":"https:\/\/pulsecoder.com.mx\/index.php\/wp-json\/wp\/v2\/types\/post"}],"author":[{"embeddable":true,"href":"https:\/\/pulsecoder.com.mx\/index.php\/wp-json\/wp\/v2\/users\/6"}],"replies":[{"embeddable":true,"href":"https:\/\/pulsecoder.com.mx\/index.php\/wp-json\/wp\/v2\/comments?post=2864"}],"version-history":[{"count":29,"href":"https:\/\/pulsecoder.com.mx\/index.php\/wp-json\/wp\/v2\/posts\/2864\/revisions"}],"predecessor-version":[{"id":2921,"href":"https:\/\/pulsecoder.com.mx\/index.php\/wp-json\/wp\/v2\/posts\/2864\/revisions\/2921"}],"wp:featuredmedia":[{"embeddable":true,"href":"https:\/\/pulsecoder.com.mx\/index.php\/wp-json\/wp\/v2\/media\/2867"}],"wp:attachment":[{"href":"https:\/\/pulsecoder.com.mx\/index.php\/wp-json\/wp\/v2\/media?parent=2864"}],"wp:term":[{"taxonomy":"category","embeddable":true,"href":"https:\/\/pulsecoder.com.mx\/index.php\/wp-json\/wp\/v2\/categories?post=2864"},{"taxonomy":"post_tag","embeddable":true,"href":"https:\/\/pulsecoder.com.mx\/index.php\/wp-json\/wp\/v2\/tags?post=2864"}],"curies":[{"name":"wp","href":"https:\/\/api.w.org\/{rel}","templated":true}]}}