{"id":3147,"date":"2023-01-16T10:30:00","date_gmt":"2023-01-16T16:30:00","guid":{"rendered":"https:\/\/pulsecoder.com.mx\/?p=3147"},"modified":"2023-01-25T13:58:34","modified_gmt":"2023-01-25T19:58:34","slug":"5-anos-de-la-muerte-de-dolores-oriordan-homenaje-a-la-iconica-cantante-de-cranberries","status":"publish","type":"post","link":"https:\/\/pulsecoder.com.mx\/index.php\/2023\/01\/16\/5-anos-de-la-muerte-de-dolores-oriordan-homenaje-a-la-iconica-cantante-de-cranberries\/","title":{"rendered":"5 a\u00f1os de la muerte de Dolores O&#8217;Riordan: Homenaje a la ic\u00f3nica cantante de Cranberries"},"content":{"rendered":"<body>\n<p class=\"has-text-align-justify\">Han pasado cinco a\u00f1os desde la prematura muerte de Dolores O\u2019Riordan, la emblem\u00e1tica cantante dela banda de rock irlandesa <strong>The Cranberries<\/strong>. La potente voz de O\u2019Riordan, sus po\u00e9ticas letras y su estilo \u00fanico han dejado una huella indeleble en la industria musical. En este Blue Monday (similar d\u00eda en el que muri\u00f3), repasamos su extraordinaria carrera y el impacto duradero de la m\u00fasica y las actuaciones en directo de<strong> The Cranberries<\/strong>.<\/p>\n\n\n\n<h2 class=\"wp-block-heading\">O\u2019Riordan y The Cranberries<\/h2>\n\n\n\n<p class=\"has-text-align-justify\"><strong>Dolores O\u2019Riordan<\/strong> naci\u00f3 en Limerick (Irlanda) en 1971. Era la menor de siete hermanos y creci\u00f3 en una familia cat\u00f3lica. Empez\u00f3 a cantar y a tocar el piano a una edad temprana, y fue descubierta por el guitarrista principal de <strong>The Cranberries<\/strong>, Noel Hogan, cuando s\u00f3lo ten\u00eda 15 a\u00f1os. O\u2019Riordan se uni\u00f3 a The Cranberries en 1990, y el grupo salt\u00f3 r\u00e1pidamente a la fama con su \u00e1lbum de debut, <strong>Everybody Else Is Doing It, So Why Can\u2019t We?<\/strong><\/p>\n\n\n\n<figure class=\"wp-block-image aligncenter size-full\"><img data-recalc-dims=\"1\" decoding=\"async\" width=\"640\" height=\"640\" src=\"https:\/\/i0.wp.com\/pulsecoder.com.mx\/wp-content\/uploads\/2023\/01\/Debut.jpg?resize=640%2C640&#038;ssl=1\" alt=\"\" class=\"wp-image-3149\" loading=\"lazy\" srcset=\"https:\/\/i0.wp.com\/pulsecoder.com.mx\/wp-content\/uploads\/2023\/01\/Debut.jpg?w=640&amp;ssl=1 640w, https:\/\/i0.wp.com\/pulsecoder.com.mx\/wp-content\/uploads\/2023\/01\/Debut.jpg?resize=300%2C300&amp;ssl=1 300w, https:\/\/i0.wp.com\/pulsecoder.com.mx\/wp-content\/uploads\/2023\/01\/Debut.jpg?resize=150%2C150&amp;ssl=1 150w\" sizes=\"(max-width: 640px) 100vw, 640px\" \/><\/figure>\n\n\n\n<p class=\"has-text-align-justify\"><br>The Cranberries disfrutaron de un inmenso \u00e9xito durante su etapa juntos, con su mezcla \u00fanica de rock alternativo y m\u00fasica folk celta. Fue uno de los grupos m\u00e1s populares de los 90 y su m\u00fasica apareci\u00f3 en pel\u00edculas y programas de televisi\u00f3n. Pero fue la poderosa voz de<strong> O\u2019Riordan<\/strong> lo que les hizo destacar. Ten\u00eda un registro asombroso y un tono cautivador y conmovedor que la hac\u00edan reconocible al instante.<\/p>\n\n\n\n<h2 class=\"wp-block-heading\">Un repaso a la carrera de Dolores O\u2019Riordan<\/h2>\n\n\n\n<p class=\"has-text-align-justify\">O\u2019Riordan fue una vocalista, compositora y m\u00fasica de inmenso talento. Escribi\u00f3 algunas de las canciones m\u00e1s emblem\u00e1ticas de The Cranberries, como \u201cLinger\u201d, \u201cDreams\u201d, \u201cZombie\u201d y \u201cOde to My Family\u201d, que encabezaron las listas de \u00e9xitos. Tambi\u00e9n fue el rostro de la banda, apareciendo en todos sus v\u00eddeos musicales y actuaciones en directo.<\/p>\n\n\n\n<p class=\"has-text-align-justify\">Adem\u00e1s de su trabajo con The Cranberries, O\u2019Riordan public\u00f3 dos \u00e1lbumes en solitario, Are You Listening? y No Baggage. Tambi\u00e9n colabor\u00f3 con otros artistas, como Zucchero, The Smashing Pumpkins y U2. Su trabajo en solitario se alej\u00f3 de su trabajo con The Cranberries, pero tuvo el mismo \u00e9xito.<\/p>\n\n\n\n<h2 class=\"wp-block-heading\">El \u00e9xito de The Cranberries y \u00e1lbums<\/h2>\n\n\n\n<p class=\"has-text-align-justify\">The Cranberries lograron un enorme \u00e9xito durante su carrera, con cinco \u00e1lbumes de estudio consecutivos que alcanzaron el disco de platino. Entre sus \u00e1lbumes figuran Everybody Else Is Doing It, So Why Can\u2019t We?, No Need To Argue, To The Faithful Departed, Bury the Hatchet y Wake Up And Smell The Coffee.<\/p>\n\n\n\n<p class=\"has-text-align-justify\">Los dos primeros \u00e1lbumes de la banda, Everybody Else Is Doing It, So Why Can\u2019t We? y No Need To Argue, est\u00e1n ampliamente considerados como sus mejores trabajos. En ellos se inclu\u00edan algunas de las canciones m\u00e1s populares del grupo, como \u201cLinger\u201d, \u201cDreams\u201d, \u201cZombie\u201d y \u201cOde to My Family\u201d. Estas canciones fueron grandes \u00e9xitos en los 90 y siguen siendo populares hoy en d\u00eda.<\/p>\n\n\n\n<h2 class=\"wp-block-heading\">El impacto de O\u2019Riordan en la industria musical<\/h2>\n\n\n\n<p class=\"has-text-align-justify\">Dolores O\u2019Riordan tuvo un gran impacto en la industria musical. Su estilo vocal \u00fanico y sus poderosas letras la hicieron reconocible al instante. Fue una inspiraci\u00f3n para muchas j\u00f3venes cantantes y compositoras, y su \u00e9xito allan\u00f3 el camino a otras artistas femeninas.<\/p>\n\n\n\n<p class=\"has-text-align-justify\">O\u2019Riordan fue tambi\u00e9n una firme defensora de la autonom\u00eda femenina y la igualdad de g\u00e9nero. Denunci\u00f3 la discriminaci\u00f3n y el sexismo en la industria musical y sirvi\u00f3 de inspiraci\u00f3n a muchas j\u00f3venes. Sus palabras y acciones seguir\u00e1n inspirando a las generaciones venideras.<\/p>\n\n\n\n<h2 class=\"wp-block-heading\">El legado<\/h2>\n\n\n\n<p class=\"has-text-align-justify\">The Cranberries eran conocidos por sus actuaciones en directo, siempre con las entradas agotadas. La potente voz de O\u2019Riordan y su apasionada forma de expresarse hipnotizaban al p\u00fablico, que siempre recib\u00eda con entusiasmo la m\u00fasica del grupo.<\/p>\n\n\n\n<p class=\"has-text-align-justify\">The Cranberries realizaron numerosas giras a lo largo de su carrera, y sus conciertos fueron siempre emocionantes y en\u00e9rgicos. Tambi\u00e9n actuaron en algunos de los mayores festivales del mundo, como Glastonbury, Lollapalooza y Rock am Ring.<\/p>\n\n\n\n<p class=\"has-text-align-justify\">Dolores O\u2019Riordan y The Cranberries han dejado una huella indeleble en la industria musical. Su m\u00fasica ha sido versionada por muchos artistas y sus canciones han aparecido en pel\u00edculas, programas de televisi\u00f3n y videojuegos.<\/p>\n\n\n\n<p class=\"has-text-align-justify\">Las ventas de discos de The Cranberries siguen siendo impresionantes, con millones de copias vendidas en todo el mundo. Tambi\u00e9n han ganado numerosos premios, como nominaciones a los Grammy, los MTV Music Awards y los World Music Awards.<\/p>\n\n\n\n<h2 class=\"wp-block-heading\">El efecto duradero de la m\u00fasica de The Cranberries<\/h2>\n\n\n\n<p class=\"has-text-align-justify\">La m\u00fasica de The Cranberries seguir\u00e1 impactando a generaciones de aficionados. Sus canciones son intemporales y seguir\u00e1n disfrut\u00e1ndose durante muchos a\u00f1os.<\/p>\n\n\n\n<p class=\"has-text-align-justify\">La m\u00fasica del grupo tambi\u00e9n ha influido en otros artistas. Muchos grupos, como Coldplay, Snow Patrol y Keane, citan a The Cranberries como influencia. Su influencia tambi\u00e9n puede verse en la m\u00fasica de otras artistas femeninas, como Florence + The Machine y Paramore.<\/p>\n\n\n\n<h2 class=\"wp-block-heading\">Fans honran el aniversario luctuoso<\/h2>\n\n\n\n<p class=\"has-text-align-justify\">Los fans de The Cranberries siguen honrando la memoria de Dolores O\u2019Riordan. Todos los a\u00f1os se re\u00fanen en su tumba de Limerick para presentar sus respetos. Tambi\u00e9n encienden velas y depositan flores en su memoria.<\/p>\n\n\n\n<p class=\"has-text-align-justify\">Los fans tambi\u00e9n han recurrido a las redes sociales para compartir su amor y admiraci\u00f3n por O\u2019Riordan. Publican homenajes en Twitter, Instagram y Facebook, y a menudo comparten sus recuerdos favoritos de ella.<\/p>\n\n\n\n<p class=\"has-text-align-justify\">Dolores O\u2019Riordan y The Cranberries han dejado una huella indeleble en la industria musical. O\u2019Riordan fue una vocalista, compositora y m\u00fasica incre\u00edble, y su impacto en la industria musical se dejar\u00e1 sentir durante a\u00f1os.<\/p>\n\n\n\n<p class=\"has-text-align-justify\">Hoy honramos la memoria de Dolores O\u2019Riordan y el incre\u00edble legado de The Cranberries. Su m\u00fasica seguir\u00e1 disfrut\u00e1ndose durante muchos a\u00f1os y su influencia perdurar\u00e1 en los corazones y las mentes de sus fans.<\/p>\n\n\n\n<p class=\"has-text-align-justify\">Han pasado cinco a\u00f1os desde la muerte de Dolores O\u2019Riordan, pero su memoria y el legado de The Cranberries vivir\u00e1n para siempre.<\/p>\n<\/body>","protected":false},"excerpt":{"rendered":"<p>Han pasado cinco a\u00f1os desde la prematura muerte de Dolores O\u2019Riordan, la emblem\u00e1tica cantante dela banda de rock irlandesa The Cranberries. La potente voz de O\u2019Riordan, sus po\u00e9ticas letras y su estilo \u00fanico han dejado una huella indeleble en la industria musical. En este Blue Monday (similar d\u00eda en el que muri\u00f3), repasamos su extraordinaria [&hellip;]<\/p>\n","protected":false},"author":5,"featured_media":3148,"comment_status":"open","ping_status":"open","sticky":true,"template":"","format":"standard","meta":{"_et_pb_use_builder":"off","_et_pb_old_content":"","_et_gb_content_width":"","_monsterinsights_skip_tracking":false,"_jetpack_memberships_contains_paid_content":false,"footnotes":""},"categories":[405,821],"tags":[1299,713,881,1422,1419,1423,1420,402,1421],"class_list":["post-3147","post","type-post","status-publish","format-standard","has-post-thumbnail","hentry","category-musica","category-radio","tag-aniversario","tag-blue-monday","tag-cantante","tag-composicion","tag-cranberries","tag-irlanda","tag-lider","tag-rock","tag-voz"],"yoast_head":"<!-- This site is optimized with the Yoast SEO plugin v25.5 - https:\/\/yoast.com\/wordpress\/plugins\/seo\/ -->\n<title>5 a\u00f1os de la muerte de Dolores O&#039;Riordan: Homenaje a la ic\u00f3nica cantante de Cranberries<\/title>\n<meta name=\"description\" content=\"Han pasado cinco a\u00f1os desde la muerte de Dolores O&#039;Riordan, pero su memoria y el legado de The Cranberries vivir\u00e1n para siempre.\" \/>\n<meta name=\"robots\" content=\"index, follow, max-snippet:-1, max-image-preview:large, max-video-preview:-1\" \/>\n<link rel=\"canonical\" href=\"https:\/\/pulsecoder.com.mx\/index.php\/2023\/01\/16\/5-anos-de-la-muerte-de-dolores-oriordan-homenaje-a-la-iconica-cantante-de-cranberries\/\" \/>\n<meta property=\"og:locale\" content=\"es_MX\" \/>\n<meta property=\"og:type\" content=\"article\" \/>\n<meta property=\"og:title\" content=\"5 a\u00f1os de la muerte de Dolores O&#039;Riordan: Homenaje a la ic\u00f3nica cantante de Cranberries\" \/>\n<meta property=\"og:description\" content=\"Han pasado cinco a\u00f1os desde la muerte de Dolores O&#039;Riordan, pero su memoria y el legado de The Cranberries vivir\u00e1n para siempre.\" \/>\n<meta property=\"og:url\" content=\"https:\/\/pulsecoder.com.mx\/index.php\/2023\/01\/16\/5-anos-de-la-muerte-de-dolores-oriordan-homenaje-a-la-iconica-cantante-de-cranberries\/\" \/>\n<meta property=\"og:site_name\" content=\"Pulsecoder\" \/>\n<meta property=\"article:publisher\" content=\"https:\/\/www.facebook.com\/PulsecoderMx\" \/>\n<meta property=\"article:published_time\" content=\"2023-01-16T16:30:00+00:00\" \/>\n<meta property=\"article:modified_time\" content=\"2023-01-25T19:58:34+00:00\" \/>\n<meta property=\"og:image\" content=\"https:\/\/pulsecoder.com.mx\/wp-content\/uploads\/2023\/01\/DoloresORiordan.jpg\" \/>\n\t<meta property=\"og:image:width\" content=\"1200\" \/>\n\t<meta property=\"og:image:height\" content=\"675\" \/>\n\t<meta property=\"og:image:type\" content=\"image\/jpeg\" \/>\n<meta name=\"author\" content=\"Ismael Guzm\u00e1n\" \/>\n<meta name=\"twitter:card\" content=\"summary_large_image\" \/>\n<meta name=\"twitter:title\" content=\"5 a\u00f1os de la muerte de Dolores O&#039;Riordan: Homenaje a la ic\u00f3nica cantante de Cranberries\" \/>\n<meta name=\"twitter:description\" content=\"Han pasado cinco a\u00f1os desde la muerte de Dolores O&#039;Riordan, pero su memoria y el legado de The Cranberries vivir\u00e1n para siempre.\" \/>\n<meta name=\"twitter:image\" content=\"https:\/\/i0.wp.com\/pulsecoder.com.mx\/wp-content\/uploads\/2023\/01\/DoloresORiordan.jpg?fit=1200%2C675&ssl=1\" \/>\n<meta name=\"twitter:creator\" content=\"@PulsecoderMx\" \/>\n<meta name=\"twitter:site\" content=\"@PulsecoderMx\" \/>\n<meta name=\"twitter:label1\" content=\"Escrito por\" \/>\n\t<meta name=\"twitter:data1\" content=\"Ismael Guzm\u00e1n\" \/>\n\t<meta name=\"twitter:label2\" content=\"Tiempo de lectura\" \/>\n\t<meta name=\"twitter:data2\" content=\"5 minutos\" \/>\n<script type=\"application\/ld+json\" class=\"yoast-schema-graph\">{\"@context\":\"https:\/\/schema.org\",\"@graph\":[{\"@type\":\"Article\",\"@id\":\"https:\/\/pulsecoder.com.mx\/index.php\/2023\/01\/16\/5-anos-de-la-muerte-de-dolores-oriordan-homenaje-a-la-iconica-cantante-de-cranberries\/#article\",\"isPartOf\":{\"@id\":\"https:\/\/pulsecoder.com.mx\/index.php\/2023\/01\/16\/5-anos-de-la-muerte-de-dolores-oriordan-homenaje-a-la-iconica-cantante-de-cranberries\/\"},\"author\":{\"name\":\"Ismael Guzm\u00e1n\",\"@id\":\"https:\/\/pulsecoder.com.mx\/#\/schema\/person\/3b7ec413977e4116b59be466f6b5d25a\"},\"headline\":\"5 a\u00f1os de la muerte de Dolores O&#8217;Riordan: Homenaje a la ic\u00f3nica cantante de Cranberries\",\"datePublished\":\"2023-01-16T16:30:00+00:00\",\"dateModified\":\"2023-01-25T19:58:34+00:00\",\"mainEntityOfPage\":{\"@id\":\"https:\/\/pulsecoder.com.mx\/index.php\/2023\/01\/16\/5-anos-de-la-muerte-de-dolores-oriordan-homenaje-a-la-iconica-cantante-de-cranberries\/\"},\"wordCount\":1033,\"commentCount\":0,\"publisher\":{\"@id\":\"https:\/\/pulsecoder.com.mx\/#organization\"},\"image\":{\"@id\":\"https:\/\/pulsecoder.com.mx\/index.php\/2023\/01\/16\/5-anos-de-la-muerte-de-dolores-oriordan-homenaje-a-la-iconica-cantante-de-cranberries\/#primaryimage\"},\"thumbnailUrl\":\"https:\/\/i0.wp.com\/pulsecoder.com.mx\/wp-content\/uploads\/2023\/01\/DoloresORiordan.jpg?fit=1200%2C675&ssl=1\",\"keywords\":[\"Aniversario\",\"Blue Monday\",\"Cantante\",\"Composici\u00f3n\",\"Cranberries\",\"Irlanda\",\"L\u00edder\",\"Rock\",\"Voz\"],\"articleSection\":[\"M\u00fasica\",\"Radio\"],\"inLanguage\":\"es\",\"potentialAction\":[{\"@type\":\"CommentAction\",\"name\":\"Comment\",\"target\":[\"https:\/\/pulsecoder.com.mx\/index.php\/2023\/01\/16\/5-anos-de-la-muerte-de-dolores-oriordan-homenaje-a-la-iconica-cantante-de-cranberries\/#respond\"]}]},{\"@type\":\"WebPage\",\"@id\":\"https:\/\/pulsecoder.com.mx\/index.php\/2023\/01\/16\/5-anos-de-la-muerte-de-dolores-oriordan-homenaje-a-la-iconica-cantante-de-cranberries\/\",\"url\":\"https:\/\/pulsecoder.com.mx\/index.php\/2023\/01\/16\/5-anos-de-la-muerte-de-dolores-oriordan-homenaje-a-la-iconica-cantante-de-cranberries\/\",\"name\":\"5 a\u00f1os de la muerte de Dolores O'Riordan: Homenaje a la ic\u00f3nica cantante de Cranberries\",\"isPartOf\":{\"@id\":\"https:\/\/pulsecoder.com.mx\/#website\"},\"primaryImageOfPage\":{\"@id\":\"https:\/\/pulsecoder.com.mx\/index.php\/2023\/01\/16\/5-anos-de-la-muerte-de-dolores-oriordan-homenaje-a-la-iconica-cantante-de-cranberries\/#primaryimage\"},\"image\":{\"@id\":\"https:\/\/pulsecoder.com.mx\/index.php\/2023\/01\/16\/5-anos-de-la-muerte-de-dolores-oriordan-homenaje-a-la-iconica-cantante-de-cranberries\/#primaryimage\"},\"thumbnailUrl\":\"https:\/\/i0.wp.com\/pulsecoder.com.mx\/wp-content\/uploads\/2023\/01\/DoloresORiordan.jpg?fit=1200%2C675&ssl=1\",\"datePublished\":\"2023-01-16T16:30:00+00:00\",\"dateModified\":\"2023-01-25T19:58:34+00:00\",\"description\":\"Han pasado cinco a\u00f1os desde la muerte de Dolores O'Riordan, pero su memoria y el legado de The Cranberries vivir\u00e1n para siempre.\",\"inLanguage\":\"es\",\"potentialAction\":[{\"@type\":\"ReadAction\",\"target\":[\"https:\/\/pulsecoder.com.mx\/index.php\/2023\/01\/16\/5-anos-de-la-muerte-de-dolores-oriordan-homenaje-a-la-iconica-cantante-de-cranberries\/\"]}]},{\"@type\":\"ImageObject\",\"inLanguage\":\"es\",\"@id\":\"https:\/\/pulsecoder.com.mx\/index.php\/2023\/01\/16\/5-anos-de-la-muerte-de-dolores-oriordan-homenaje-a-la-iconica-cantante-de-cranberries\/#primaryimage\",\"url\":\"https:\/\/i0.wp.com\/pulsecoder.com.mx\/wp-content\/uploads\/2023\/01\/DoloresORiordan.jpg?fit=1200%2C675&ssl=1\",\"contentUrl\":\"https:\/\/i0.wp.com\/pulsecoder.com.mx\/wp-content\/uploads\/2023\/01\/DoloresORiordan.jpg?fit=1200%2C675&ssl=1\",\"width\":1200,\"height\":675},{\"@type\":\"WebSite\",\"@id\":\"https:\/\/pulsecoder.com.mx\/#website\",\"url\":\"https:\/\/pulsecoder.com.mx\/\",\"name\":\"Pulsecoder\",\"description\":\"Revista digital de tecnolog\u00eda, sociedad e Innovaci\u00f3n\",\"publisher\":{\"@id\":\"https:\/\/pulsecoder.com.mx\/#organization\"},\"potentialAction\":[{\"@type\":\"SearchAction\",\"target\":{\"@type\":\"EntryPoint\",\"urlTemplate\":\"https:\/\/pulsecoder.com.mx\/?s={search_term_string}\"},\"query-input\":{\"@type\":\"PropertyValueSpecification\",\"valueRequired\":true,\"valueName\":\"search_term_string\"}}],\"inLanguage\":\"es\"},{\"@type\":\"Organization\",\"@id\":\"https:\/\/pulsecoder.com.mx\/#organization\",\"name\":\"Pulse Coder Mx\",\"url\":\"https:\/\/pulsecoder.com.mx\/\",\"logo\":{\"@type\":\"ImageObject\",\"inLanguage\":\"es\",\"@id\":\"https:\/\/pulsecoder.com.mx\/#\/schema\/logo\/image\/\",\"url\":\"https:\/\/i0.wp.com\/pulsecoder.com.mx\/wp-content\/uploads\/2021\/10\/Web.png?fit=2047%2C1024&ssl=1\",\"contentUrl\":\"https:\/\/i0.wp.com\/pulsecoder.com.mx\/wp-content\/uploads\/2021\/10\/Web.png?fit=2047%2C1024&ssl=1\",\"width\":2047,\"height\":1024,\"caption\":\"Pulse Coder Mx\"},\"image\":{\"@id\":\"https:\/\/pulsecoder.com.mx\/#\/schema\/logo\/image\/\"},\"sameAs\":[\"https:\/\/www.facebook.com\/PulsecoderMx\",\"https:\/\/x.com\/PulsecoderMx\",\"https:\/\/www.instagram.com\/pulsecodermx\/\",\"https:\/\/www.youtube.com\/channel\/UCci7xZRoiIxGpkwEljqfF9A\"]},{\"@type\":\"Person\",\"@id\":\"https:\/\/pulsecoder.com.mx\/#\/schema\/person\/3b7ec413977e4116b59be466f6b5d25a\",\"name\":\"Ismael Guzm\u00e1n\",\"image\":{\"@type\":\"ImageObject\",\"inLanguage\":\"es\",\"@id\":\"https:\/\/pulsecoder.com.mx\/#\/schema\/person\/image\/\",\"url\":\"https:\/\/secure.gravatar.com\/avatar\/9a10cab8115b61019922c2823d17de70?s=96&d=mm&r=g\",\"contentUrl\":\"https:\/\/secure.gravatar.com\/avatar\/9a10cab8115b61019922c2823d17de70?s=96&d=mm&r=g\",\"caption\":\"Ismael Guzm\u00e1n\"},\"description\":\"Fundador y Director de Pulse Coder. Escribe sobre digitalizaci\u00f3n, ciencia e innovaci\u00f3n tecnol\u00f3gica.\",\"url\":\"https:\/\/pulsecoder.com.mx\/index.php\/author\/ismael-guzman\/\"}]}<\/script>\n<!-- \/ Yoast SEO plugin. -->","yoast_head_json":{"title":"5 a\u00f1os de la muerte de Dolores O'Riordan: Homenaje a la ic\u00f3nica cantante de Cranberries","description":"Han pasado cinco a\u00f1os desde la muerte de Dolores O'Riordan, pero su memoria y el legado de The Cranberries vivir\u00e1n para siempre.","robots":{"index":"index","follow":"follow","max-snippet":"max-snippet:-1","max-image-preview":"max-image-preview:large","max-video-preview":"max-video-preview:-1"},"canonical":"https:\/\/pulsecoder.com.mx\/index.php\/2023\/01\/16\/5-anos-de-la-muerte-de-dolores-oriordan-homenaje-a-la-iconica-cantante-de-cranberries\/","og_locale":"es_MX","og_type":"article","og_title":"5 a\u00f1os de la muerte de Dolores O'Riordan: Homenaje a la ic\u00f3nica cantante de Cranberries","og_description":"Han pasado cinco a\u00f1os desde la muerte de Dolores O'Riordan, pero su memoria y el legado de The Cranberries vivir\u00e1n para siempre.","og_url":"https:\/\/pulsecoder.com.mx\/index.php\/2023\/01\/16\/5-anos-de-la-muerte-de-dolores-oriordan-homenaje-a-la-iconica-cantante-de-cranberries\/","og_site_name":"Pulsecoder","article_publisher":"https:\/\/www.facebook.com\/PulsecoderMx","article_published_time":"2023-01-16T16:30:00+00:00","article_modified_time":"2023-01-25T19:58:34+00:00","og_image":[{"width":1200,"height":675,"url":"https:\/\/pulsecoder.com.mx\/wp-content\/uploads\/2023\/01\/DoloresORiordan.jpg","type":"image\/jpeg"}],"author":"Ismael Guzm\u00e1n","twitter_card":"summary_large_image","twitter_title":"5 a\u00f1os de la muerte de Dolores O'Riordan: Homenaje a la ic\u00f3nica cantante de Cranberries","twitter_description":"Han pasado cinco a\u00f1os desde la muerte de Dolores O'Riordan, pero su memoria y el legado de The Cranberries vivir\u00e1n para siempre.","twitter_image":"https:\/\/i0.wp.com\/pulsecoder.com.mx\/wp-content\/uploads\/2023\/01\/DoloresORiordan.jpg?fit=1200%2C675&ssl=1","twitter_creator":"@PulsecoderMx","twitter_site":"@PulsecoderMx","twitter_misc":{"Escrito por":"Ismael Guzm\u00e1n","Tiempo de lectura":"5 minutos"},"schema":{"@context":"https:\/\/schema.org","@graph":[{"@type":"Article","@id":"https:\/\/pulsecoder.com.mx\/index.php\/2023\/01\/16\/5-anos-de-la-muerte-de-dolores-oriordan-homenaje-a-la-iconica-cantante-de-cranberries\/#article","isPartOf":{"@id":"https:\/\/pulsecoder.com.mx\/index.php\/2023\/01\/16\/5-anos-de-la-muerte-de-dolores-oriordan-homenaje-a-la-iconica-cantante-de-cranberries\/"},"author":{"name":"Ismael Guzm\u00e1n","@id":"https:\/\/pulsecoder.com.mx\/#\/schema\/person\/3b7ec413977e4116b59be466f6b5d25a"},"headline":"5 a\u00f1os de la muerte de Dolores O&#8217;Riordan: Homenaje a la ic\u00f3nica cantante de Cranberries","datePublished":"2023-01-16T16:30:00+00:00","dateModified":"2023-01-25T19:58:34+00:00","mainEntityOfPage":{"@id":"https:\/\/pulsecoder.com.mx\/index.php\/2023\/01\/16\/5-anos-de-la-muerte-de-dolores-oriordan-homenaje-a-la-iconica-cantante-de-cranberries\/"},"wordCount":1033,"commentCount":0,"publisher":{"@id":"https:\/\/pulsecoder.com.mx\/#organization"},"image":{"@id":"https:\/\/pulsecoder.com.mx\/index.php\/2023\/01\/16\/5-anos-de-la-muerte-de-dolores-oriordan-homenaje-a-la-iconica-cantante-de-cranberries\/#primaryimage"},"thumbnailUrl":"https:\/\/i0.wp.com\/pulsecoder.com.mx\/wp-content\/uploads\/2023\/01\/DoloresORiordan.jpg?fit=1200%2C675&ssl=1","keywords":["Aniversario","Blue Monday","Cantante","Composici\u00f3n","Cranberries","Irlanda","L\u00edder","Rock","Voz"],"articleSection":["M\u00fasica","Radio"],"inLanguage":"es","potentialAction":[{"@type":"CommentAction","name":"Comment","target":["https:\/\/pulsecoder.com.mx\/index.php\/2023\/01\/16\/5-anos-de-la-muerte-de-dolores-oriordan-homenaje-a-la-iconica-cantante-de-cranberries\/#respond"]}]},{"@type":"WebPage","@id":"https:\/\/pulsecoder.com.mx\/index.php\/2023\/01\/16\/5-anos-de-la-muerte-de-dolores-oriordan-homenaje-a-la-iconica-cantante-de-cranberries\/","url":"https:\/\/pulsecoder.com.mx\/index.php\/2023\/01\/16\/5-anos-de-la-muerte-de-dolores-oriordan-homenaje-a-la-iconica-cantante-de-cranberries\/","name":"5 a\u00f1os de la muerte de Dolores O'Riordan: Homenaje a la ic\u00f3nica cantante de Cranberries","isPartOf":{"@id":"https:\/\/pulsecoder.com.mx\/#website"},"primaryImageOfPage":{"@id":"https:\/\/pulsecoder.com.mx\/index.php\/2023\/01\/16\/5-anos-de-la-muerte-de-dolores-oriordan-homenaje-a-la-iconica-cantante-de-cranberries\/#primaryimage"},"image":{"@id":"https:\/\/pulsecoder.com.mx\/index.php\/2023\/01\/16\/5-anos-de-la-muerte-de-dolores-oriordan-homenaje-a-la-iconica-cantante-de-cranberries\/#primaryimage"},"thumbnailUrl":"https:\/\/i0.wp.com\/pulsecoder.com.mx\/wp-content\/uploads\/2023\/01\/DoloresORiordan.jpg?fit=1200%2C675&ssl=1","datePublished":"2023-01-16T16:30:00+00:00","dateModified":"2023-01-25T19:58:34+00:00","description":"Han pasado cinco a\u00f1os desde la muerte de Dolores O'Riordan, pero su memoria y el legado de The Cranberries vivir\u00e1n para siempre.","inLanguage":"es","potentialAction":[{"@type":"ReadAction","target":["https:\/\/pulsecoder.com.mx\/index.php\/2023\/01\/16\/5-anos-de-la-muerte-de-dolores-oriordan-homenaje-a-la-iconica-cantante-de-cranberries\/"]}]},{"@type":"ImageObject","inLanguage":"es","@id":"https:\/\/pulsecoder.com.mx\/index.php\/2023\/01\/16\/5-anos-de-la-muerte-de-dolores-oriordan-homenaje-a-la-iconica-cantante-de-cranberries\/#primaryimage","url":"https:\/\/i0.wp.com\/pulsecoder.com.mx\/wp-content\/uploads\/2023\/01\/DoloresORiordan.jpg?fit=1200%2C675&ssl=1","contentUrl":"https:\/\/i0.wp.com\/pulsecoder.com.mx\/wp-content\/uploads\/2023\/01\/DoloresORiordan.jpg?fit=1200%2C675&ssl=1","width":1200,"height":675},{"@type":"WebSite","@id":"https:\/\/pulsecoder.com.mx\/#website","url":"https:\/\/pulsecoder.com.mx\/","name":"Pulsecoder","description":"Revista digital de tecnolog\u00eda, sociedad e Innovaci\u00f3n","publisher":{"@id":"https:\/\/pulsecoder.com.mx\/#organization"},"potentialAction":[{"@type":"SearchAction","target":{"@type":"EntryPoint","urlTemplate":"https:\/\/pulsecoder.com.mx\/?s={search_term_string}"},"query-input":{"@type":"PropertyValueSpecification","valueRequired":true,"valueName":"search_term_string"}}],"inLanguage":"es"},{"@type":"Organization","@id":"https:\/\/pulsecoder.com.mx\/#organization","name":"Pulse Coder Mx","url":"https:\/\/pulsecoder.com.mx\/","logo":{"@type":"ImageObject","inLanguage":"es","@id":"https:\/\/pulsecoder.com.mx\/#\/schema\/logo\/image\/","url":"https:\/\/i0.wp.com\/pulsecoder.com.mx\/wp-content\/uploads\/2021\/10\/Web.png?fit=2047%2C1024&ssl=1","contentUrl":"https:\/\/i0.wp.com\/pulsecoder.com.mx\/wp-content\/uploads\/2021\/10\/Web.png?fit=2047%2C1024&ssl=1","width":2047,"height":1024,"caption":"Pulse Coder Mx"},"image":{"@id":"https:\/\/pulsecoder.com.mx\/#\/schema\/logo\/image\/"},"sameAs":["https:\/\/www.facebook.com\/PulsecoderMx","https:\/\/x.com\/PulsecoderMx","https:\/\/www.instagram.com\/pulsecodermx\/","https:\/\/www.youtube.com\/channel\/UCci7xZRoiIxGpkwEljqfF9A"]},{"@type":"Person","@id":"https:\/\/pulsecoder.com.mx\/#\/schema\/person\/3b7ec413977e4116b59be466f6b5d25a","name":"Ismael Guzm\u00e1n","image":{"@type":"ImageObject","inLanguage":"es","@id":"https:\/\/pulsecoder.com.mx\/#\/schema\/person\/image\/","url":"https:\/\/secure.gravatar.com\/avatar\/9a10cab8115b61019922c2823d17de70?s=96&d=mm&r=g","contentUrl":"https:\/\/secure.gravatar.com\/avatar\/9a10cab8115b61019922c2823d17de70?s=96&d=mm&r=g","caption":"Ismael Guzm\u00e1n"},"description":"Fundador y Director de Pulse Coder. Escribe sobre digitalizaci\u00f3n, ciencia e innovaci\u00f3n tecnol\u00f3gica.","url":"https:\/\/pulsecoder.com.mx\/index.php\/author\/ismael-guzman\/"}]}},"jetpack_featured_media_url":"https:\/\/i0.wp.com\/pulsecoder.com.mx\/wp-content\/uploads\/2023\/01\/DoloresORiordan.jpg?fit=1200%2C675&ssl=1","jetpack_sharing_enabled":true,"amp_enabled":true,"_links":{"self":[{"href":"https:\/\/pulsecoder.com.mx\/index.php\/wp-json\/wp\/v2\/posts\/3147"}],"collection":[{"href":"https:\/\/pulsecoder.com.mx\/index.php\/wp-json\/wp\/v2\/posts"}],"about":[{"href":"https:\/\/pulsecoder.com.mx\/index.php\/wp-json\/wp\/v2\/types\/post"}],"author":[{"embeddable":true,"href":"https:\/\/pulsecoder.com.mx\/index.php\/wp-json\/wp\/v2\/users\/5"}],"replies":[{"embeddable":true,"href":"https:\/\/pulsecoder.com.mx\/index.php\/wp-json\/wp\/v2\/comments?post=3147"}],"version-history":[{"count":1,"href":"https:\/\/pulsecoder.com.mx\/index.php\/wp-json\/wp\/v2\/posts\/3147\/revisions"}],"predecessor-version":[{"id":3150,"href":"https:\/\/pulsecoder.com.mx\/index.php\/wp-json\/wp\/v2\/posts\/3147\/revisions\/3150"}],"wp:featuredmedia":[{"embeddable":true,"href":"https:\/\/pulsecoder.com.mx\/index.php\/wp-json\/wp\/v2\/media\/3148"}],"wp:attachment":[{"href":"https:\/\/pulsecoder.com.mx\/index.php\/wp-json\/wp\/v2\/media?parent=3147"}],"wp:term":[{"taxonomy":"category","embeddable":true,"href":"https:\/\/pulsecoder.com.mx\/index.php\/wp-json\/wp\/v2\/categories?post=3147"},{"taxonomy":"post_tag","embeddable":true,"href":"https:\/\/pulsecoder.com.mx\/index.php\/wp-json\/wp\/v2\/tags?post=3147"}],"curies":[{"name":"wp","href":"https:\/\/api.w.org\/{rel}","templated":true}]}}