{"id":3377,"date":"2023-04-24T12:05:00","date_gmt":"2023-04-24T18:05:00","guid":{"rendered":"https:\/\/pulsecoder.com.mx\/?p=3377"},"modified":"2023-04-25T12:11:58","modified_gmt":"2023-04-25T18:11:58","slug":"tierra-para-plantas","status":"publish","type":"post","link":"https:\/\/pulsecoder.com.mx\/index.php\/2023\/04\/24\/tierra-para-plantas\/","title":{"rendered":"Tierra para plantas: el producto de la monta\u00f1a"},"content":{"rendered":"<body>\n<p class=\"has-text-align-justify\">Ella desciende de la alta monta\u00f1a con un gran peso en su espalda. <\/p>\n\n\n\n<p class=\"has-text-align-justify\">Todos los d\u00edas, baja hacia la ciudad con un costal sobre su espalda cargado de tierra, la mejor y m\u00e1s f\u00e9rtil tierra para producir jardines. Lo apalanca fuertemente a su frente\u00a0con una especie de cinta. <\/p>\n\n\n\n<p class=\"has-text-align-justify\">Por cada paso que da, el peso se multiplica, en cada mano carga una cubeta con productos para vender, desde flores hasta remedios naturales. <\/p>\n\n\n\n<p class=\"has-text-align-justify\">Su camino, calculo, es de al menos 15 kil\u00f3metros diarios. Despu\u00e9s de 40 minutos, el cansancio comienza aparecer. <\/p>\n\n\n\n<p class=\"has-text-align-justify\">Ella es la mujer ind\u00edgena que representa esta historia. Incombustible, siempre avanza alegre e insistente.<\/p>\n\n\n\n<p class=\"has-text-align-justify\">Invisible para todos, nunca se desanima en su lucha por buscar una vida mejor.<\/p>\n\n\n\n<p>El d\u00eda que le pregunt\u00e9 su nombre reacciono nerviosa. Se despidi\u00f3 sin dec\u00edrmelo.<\/p>\n\n\n\n<p class=\"has-text-align-justify\">Le acompa\u00f1an sus dos hijas adolescentes, quienes tambi\u00e9n cargan la misma cantidad de peso y bajan a la ciudad a recorrer las calles, de casa en casa tocan las puertas ofreciendo productos recolectados de la naturaleza que les rodea; <em>\u201c\u00bfQuiere tierra para plantas?\u201d, \u201cle dejo el costal a 100 pesos\u201d.<\/em><\/p>\n\n\n\n<p class=\"has-text-align-justify\">Ella es una de tantas personas en el mundo que se encuentra en los m\u00e1rgenes de un sistema al que no le interesa la vida humana, aunque los pueblos ind\u00edgenas son parte importante y factor clave en la lucha contra el deterioro ambiental y el cambio clim\u00e1tico.<\/p>\n\n\n\n<hr class=\"wp-block-separator has-alpha-channel-opacity\">\n\n\n\n<p class=\"has-text-align-justify\">\u201c<strong>Su existencia permite que la conexi\u00f3n entre el ser humano y otras especies sea posible dentro de un contexto socioambiental, donde dicho v\u00ednculo pareciera diluirse en el materialismo y en la carrera incansable hacia la felicidad\u201d.<\/strong><\/p>\n\n\n\n<hr class=\"wp-block-separator has-alpha-channel-opacity\">\n\n\n\n<p>Su tierra contiene la diversidad necesaria para producir tantas plantas como sea posible. Y vende tierra, porque es lo m\u00e1s abundante que ella tiene.<\/p>\n\n\n\n<p class=\"has-text-align-justify\">Anochece y a veces, cuando la suerte es ingrata y nada logr\u00f3 vender, de manera amable su frase cambia por: <em>\u201cay\u00fademe, gu\u00e1rdeme el costal en su casa, ya voy de regreso a la m\u00eda, ya me cans\u00e9\u201d.<\/em><\/p>\n\n\n\n<p><\/p>\n<\/body>","protected":false},"excerpt":{"rendered":"<p>Ella desciende de la alta monta\u00f1a con un gran peso en su espalda. Todos los d\u00edas, baja hacia la ciudad con un costal sobre su espalda cargado de tierra, la mejor y m\u00e1s f\u00e9rtil tierra para producir jardines. Lo apalanca fuertemente a su frente\u00a0con una especie de cinta. Por cada paso que da, el peso [&hellip;]<\/p>\n","protected":false},"author":5,"featured_media":3378,"comment_status":"open","ping_status":"open","sticky":true,"template":"","format":"standard","meta":{"_et_pb_use_builder":"off","_et_pb_old_content":"","_et_gb_content_width":"","_monsterinsights_skip_tracking":false,"_jetpack_memberships_contains_paid_content":false,"footnotes":""},"categories":[39],"tags":[156,1168,1517,1514,1512,1516,1513,1510,1515],"class_list":["post-3377","post","type-post","status-publish","format-standard","has-post-thumbnail","hentry","category-sociedad","tag-economia-circular","tag-montana","tag-naturaleza","tag-plantas","tag-pueblos-autoctonos","tag-pueblos-indigenas","tag-ser-humano","tag-sistema-economico","tag-tierra"],"yoast_head":"<!-- This site is optimized with the Yoast SEO plugin v25.5 - https:\/\/yoast.com\/wordpress\/plugins\/seo\/ -->\n<title>Tierra para plantas: el producto de la monta\u00f1a<\/title>\n<meta name=\"description\" content=\"Todos los d\u00edas, baja hacia la ciudad con un costal sobre su espalda cargado de tierra, la mejor y m\u00e1s f\u00e9rtil tierra para producir jardines.\" \/>\n<meta name=\"robots\" content=\"index, follow, max-snippet:-1, max-image-preview:large, max-video-preview:-1\" \/>\n<link rel=\"canonical\" href=\"https:\/\/pulsecoder.com.mx\/index.php\/2023\/04\/24\/tierra-para-plantas\/\" \/>\n<meta property=\"og:locale\" content=\"es_MX\" \/>\n<meta property=\"og:type\" content=\"article\" \/>\n<meta property=\"og:title\" content=\"Tierra para plantas\" \/>\n<meta property=\"og:description\" content=\"Todos los d\u00edas, baja hacia la ciudad con un costal sobre su espalda cargado de tierra, la mejor y m\u00e1s f\u00e9rtil tierra para producir jardines.\" \/>\n<meta property=\"og:url\" content=\"https:\/\/pulsecoder.com.mx\/index.php\/2023\/04\/24\/tierra-para-plantas\/\" \/>\n<meta property=\"og:site_name\" content=\"Pulsecoder\" \/>\n<meta property=\"article:publisher\" content=\"https:\/\/www.facebook.com\/PulsecoderMx\" \/>\n<meta property=\"article:published_time\" content=\"2023-04-24T18:05:00+00:00\" \/>\n<meta property=\"article:modified_time\" content=\"2023-04-25T18:11:58+00:00\" \/>\n<meta property=\"og:image\" content=\"https:\/\/pulsecoder.com.mx\/wp-content\/uploads\/2023\/04\/Tierra.jpg\" \/>\n\t<meta property=\"og:image:width\" content=\"1200\" \/>\n\t<meta property=\"og:image:height\" content=\"675\" \/>\n\t<meta property=\"og:image:type\" content=\"image\/jpeg\" \/>\n<meta name=\"author\" content=\"Ismael Guzm\u00e1n\" \/>\n<meta name=\"twitter:card\" content=\"summary_large_image\" \/>\n<meta name=\"twitter:title\" content=\"Tierra para plantas\" \/>\n<meta name=\"twitter:description\" content=\"Todos los d\u00edas, baja hacia la ciudad con un costal sobre su espalda cargado de tierra, la mejor y m\u00e1s f\u00e9rtil tierra para producir jardines.\" \/>\n<meta name=\"twitter:image\" content=\"https:\/\/i0.wp.com\/pulsecoder.com.mx\/wp-content\/uploads\/2023\/04\/Tierra.jpg?fit=1200%2C675&ssl=1\" \/>\n<meta name=\"twitter:creator\" content=\"@PulsecoderMx\" \/>\n<meta name=\"twitter:site\" content=\"@PulsecoderMx\" \/>\n<meta name=\"twitter:label1\" content=\"Escrito por\" \/>\n\t<meta name=\"twitter:data1\" content=\"Ismael Guzm\u00e1n\" \/>\n\t<meta name=\"twitter:label2\" content=\"Tiempo de lectura\" \/>\n\t<meta name=\"twitter:data2\" content=\"2 minutos\" \/>\n<script type=\"application\/ld+json\" class=\"yoast-schema-graph\">{\"@context\":\"https:\/\/schema.org\",\"@graph\":[{\"@type\":\"Article\",\"@id\":\"https:\/\/pulsecoder.com.mx\/index.php\/2023\/04\/24\/tierra-para-plantas\/#article\",\"isPartOf\":{\"@id\":\"https:\/\/pulsecoder.com.mx\/index.php\/2023\/04\/24\/tierra-para-plantas\/\"},\"author\":{\"name\":\"Ismael Guzm\u00e1n\",\"@id\":\"https:\/\/pulsecoder.com.mx\/#\/schema\/person\/3b7ec413977e4116b59be466f6b5d25a\"},\"headline\":\"Tierra para plantas: el producto de la monta\u00f1a\",\"datePublished\":\"2023-04-24T18:05:00+00:00\",\"dateModified\":\"2023-04-25T18:11:58+00:00\",\"mainEntityOfPage\":{\"@id\":\"https:\/\/pulsecoder.com.mx\/index.php\/2023\/04\/24\/tierra-para-plantas\/\"},\"wordCount\":354,\"commentCount\":0,\"publisher\":{\"@id\":\"https:\/\/pulsecoder.com.mx\/#organization\"},\"image\":{\"@id\":\"https:\/\/pulsecoder.com.mx\/index.php\/2023\/04\/24\/tierra-para-plantas\/#primaryimage\"},\"thumbnailUrl\":\"https:\/\/i0.wp.com\/pulsecoder.com.mx\/wp-content\/uploads\/2023\/04\/Tierra.jpg?fit=1200%2C675&ssl=1\",\"keywords\":[\"Econom\u00eda Circular\",\"Monta\u00f1a\",\"Naturaleza\",\"Plantas\",\"Pueblos Aut\u00f3ctonos\",\"Pueblos Ind\u00edgenas\",\"Ser Humano\",\"Sistema Econ\u00f3mico\",\"Tierra\"],\"articleSection\":[\"Sociedad\"],\"inLanguage\":\"es\",\"potentialAction\":[{\"@type\":\"CommentAction\",\"name\":\"Comment\",\"target\":[\"https:\/\/pulsecoder.com.mx\/index.php\/2023\/04\/24\/tierra-para-plantas\/#respond\"]}]},{\"@type\":\"WebPage\",\"@id\":\"https:\/\/pulsecoder.com.mx\/index.php\/2023\/04\/24\/tierra-para-plantas\/\",\"url\":\"https:\/\/pulsecoder.com.mx\/index.php\/2023\/04\/24\/tierra-para-plantas\/\",\"name\":\"Tierra para plantas: el producto de la monta\u00f1a\",\"isPartOf\":{\"@id\":\"https:\/\/pulsecoder.com.mx\/#website\"},\"primaryImageOfPage\":{\"@id\":\"https:\/\/pulsecoder.com.mx\/index.php\/2023\/04\/24\/tierra-para-plantas\/#primaryimage\"},\"image\":{\"@id\":\"https:\/\/pulsecoder.com.mx\/index.php\/2023\/04\/24\/tierra-para-plantas\/#primaryimage\"},\"thumbnailUrl\":\"https:\/\/i0.wp.com\/pulsecoder.com.mx\/wp-content\/uploads\/2023\/04\/Tierra.jpg?fit=1200%2C675&ssl=1\",\"datePublished\":\"2023-04-24T18:05:00+00:00\",\"dateModified\":\"2023-04-25T18:11:58+00:00\",\"description\":\"Todos los d\u00edas, baja hacia la ciudad con un costal sobre su espalda cargado de tierra, la mejor y m\u00e1s f\u00e9rtil tierra para producir jardines.\",\"inLanguage\":\"es\",\"potentialAction\":[{\"@type\":\"ReadAction\",\"target\":[\"https:\/\/pulsecoder.com.mx\/index.php\/2023\/04\/24\/tierra-para-plantas\/\"]}]},{\"@type\":\"ImageObject\",\"inLanguage\":\"es\",\"@id\":\"https:\/\/pulsecoder.com.mx\/index.php\/2023\/04\/24\/tierra-para-plantas\/#primaryimage\",\"url\":\"https:\/\/i0.wp.com\/pulsecoder.com.mx\/wp-content\/uploads\/2023\/04\/Tierra.jpg?fit=1200%2C675&ssl=1\",\"contentUrl\":\"https:\/\/i0.wp.com\/pulsecoder.com.mx\/wp-content\/uploads\/2023\/04\/Tierra.jpg?fit=1200%2C675&ssl=1\",\"width\":1200,\"height\":675},{\"@type\":\"WebSite\",\"@id\":\"https:\/\/pulsecoder.com.mx\/#website\",\"url\":\"https:\/\/pulsecoder.com.mx\/\",\"name\":\"Pulsecoder\",\"description\":\"Revista digital de tecnolog\u00eda, sociedad e Innovaci\u00f3n\",\"publisher\":{\"@id\":\"https:\/\/pulsecoder.com.mx\/#organization\"},\"potentialAction\":[{\"@type\":\"SearchAction\",\"target\":{\"@type\":\"EntryPoint\",\"urlTemplate\":\"https:\/\/pulsecoder.com.mx\/?s={search_term_string}\"},\"query-input\":{\"@type\":\"PropertyValueSpecification\",\"valueRequired\":true,\"valueName\":\"search_term_string\"}}],\"inLanguage\":\"es\"},{\"@type\":\"Organization\",\"@id\":\"https:\/\/pulsecoder.com.mx\/#organization\",\"name\":\"Pulse Coder Mx\",\"url\":\"https:\/\/pulsecoder.com.mx\/\",\"logo\":{\"@type\":\"ImageObject\",\"inLanguage\":\"es\",\"@id\":\"https:\/\/pulsecoder.com.mx\/#\/schema\/logo\/image\/\",\"url\":\"https:\/\/i0.wp.com\/pulsecoder.com.mx\/wp-content\/uploads\/2021\/10\/Web.png?fit=2047%2C1024&ssl=1\",\"contentUrl\":\"https:\/\/i0.wp.com\/pulsecoder.com.mx\/wp-content\/uploads\/2021\/10\/Web.png?fit=2047%2C1024&ssl=1\",\"width\":2047,\"height\":1024,\"caption\":\"Pulse Coder Mx\"},\"image\":{\"@id\":\"https:\/\/pulsecoder.com.mx\/#\/schema\/logo\/image\/\"},\"sameAs\":[\"https:\/\/www.facebook.com\/PulsecoderMx\",\"https:\/\/x.com\/PulsecoderMx\",\"https:\/\/www.instagram.com\/pulsecodermx\/\",\"https:\/\/www.youtube.com\/channel\/UCci7xZRoiIxGpkwEljqfF9A\"]},{\"@type\":\"Person\",\"@id\":\"https:\/\/pulsecoder.com.mx\/#\/schema\/person\/3b7ec413977e4116b59be466f6b5d25a\",\"name\":\"Ismael Guzm\u00e1n\",\"image\":{\"@type\":\"ImageObject\",\"inLanguage\":\"es\",\"@id\":\"https:\/\/pulsecoder.com.mx\/#\/schema\/person\/image\/\",\"url\":\"https:\/\/secure.gravatar.com\/avatar\/9a10cab8115b61019922c2823d17de70?s=96&d=mm&r=g\",\"contentUrl\":\"https:\/\/secure.gravatar.com\/avatar\/9a10cab8115b61019922c2823d17de70?s=96&d=mm&r=g\",\"caption\":\"Ismael Guzm\u00e1n\"},\"description\":\"Fundador y Director de Pulse Coder. Escribe sobre digitalizaci\u00f3n, ciencia e innovaci\u00f3n tecnol\u00f3gica.\",\"url\":\"https:\/\/pulsecoder.com.mx\/index.php\/author\/ismael-guzman\/\"}]}<\/script>\n<!-- \/ Yoast SEO plugin. -->","yoast_head_json":{"title":"Tierra para plantas: el producto de la monta\u00f1a","description":"Todos los d\u00edas, baja hacia la ciudad con un costal sobre su espalda cargado de tierra, la mejor y m\u00e1s f\u00e9rtil tierra para producir jardines.","robots":{"index":"index","follow":"follow","max-snippet":"max-snippet:-1","max-image-preview":"max-image-preview:large","max-video-preview":"max-video-preview:-1"},"canonical":"https:\/\/pulsecoder.com.mx\/index.php\/2023\/04\/24\/tierra-para-plantas\/","og_locale":"es_MX","og_type":"article","og_title":"Tierra para plantas","og_description":"Todos los d\u00edas, baja hacia la ciudad con un costal sobre su espalda cargado de tierra, la mejor y m\u00e1s f\u00e9rtil tierra para producir jardines.","og_url":"https:\/\/pulsecoder.com.mx\/index.php\/2023\/04\/24\/tierra-para-plantas\/","og_site_name":"Pulsecoder","article_publisher":"https:\/\/www.facebook.com\/PulsecoderMx","article_published_time":"2023-04-24T18:05:00+00:00","article_modified_time":"2023-04-25T18:11:58+00:00","og_image":[{"width":1200,"height":675,"url":"https:\/\/pulsecoder.com.mx\/wp-content\/uploads\/2023\/04\/Tierra.jpg","type":"image\/jpeg"}],"author":"Ismael Guzm\u00e1n","twitter_card":"summary_large_image","twitter_title":"Tierra para plantas","twitter_description":"Todos los d\u00edas, baja hacia la ciudad con un costal sobre su espalda cargado de tierra, la mejor y m\u00e1s f\u00e9rtil tierra para producir jardines.","twitter_image":"https:\/\/i0.wp.com\/pulsecoder.com.mx\/wp-content\/uploads\/2023\/04\/Tierra.jpg?fit=1200%2C675&ssl=1","twitter_creator":"@PulsecoderMx","twitter_site":"@PulsecoderMx","twitter_misc":{"Escrito por":"Ismael Guzm\u00e1n","Tiempo de lectura":"2 minutos"},"schema":{"@context":"https:\/\/schema.org","@graph":[{"@type":"Article","@id":"https:\/\/pulsecoder.com.mx\/index.php\/2023\/04\/24\/tierra-para-plantas\/#article","isPartOf":{"@id":"https:\/\/pulsecoder.com.mx\/index.php\/2023\/04\/24\/tierra-para-plantas\/"},"author":{"name":"Ismael Guzm\u00e1n","@id":"https:\/\/pulsecoder.com.mx\/#\/schema\/person\/3b7ec413977e4116b59be466f6b5d25a"},"headline":"Tierra para plantas: el producto de la monta\u00f1a","datePublished":"2023-04-24T18:05:00+00:00","dateModified":"2023-04-25T18:11:58+00:00","mainEntityOfPage":{"@id":"https:\/\/pulsecoder.com.mx\/index.php\/2023\/04\/24\/tierra-para-plantas\/"},"wordCount":354,"commentCount":0,"publisher":{"@id":"https:\/\/pulsecoder.com.mx\/#organization"},"image":{"@id":"https:\/\/pulsecoder.com.mx\/index.php\/2023\/04\/24\/tierra-para-plantas\/#primaryimage"},"thumbnailUrl":"https:\/\/i0.wp.com\/pulsecoder.com.mx\/wp-content\/uploads\/2023\/04\/Tierra.jpg?fit=1200%2C675&ssl=1","keywords":["Econom\u00eda Circular","Monta\u00f1a","Naturaleza","Plantas","Pueblos Aut\u00f3ctonos","Pueblos Ind\u00edgenas","Ser Humano","Sistema Econ\u00f3mico","Tierra"],"articleSection":["Sociedad"],"inLanguage":"es","potentialAction":[{"@type":"CommentAction","name":"Comment","target":["https:\/\/pulsecoder.com.mx\/index.php\/2023\/04\/24\/tierra-para-plantas\/#respond"]}]},{"@type":"WebPage","@id":"https:\/\/pulsecoder.com.mx\/index.php\/2023\/04\/24\/tierra-para-plantas\/","url":"https:\/\/pulsecoder.com.mx\/index.php\/2023\/04\/24\/tierra-para-plantas\/","name":"Tierra para plantas: el producto de la monta\u00f1a","isPartOf":{"@id":"https:\/\/pulsecoder.com.mx\/#website"},"primaryImageOfPage":{"@id":"https:\/\/pulsecoder.com.mx\/index.php\/2023\/04\/24\/tierra-para-plantas\/#primaryimage"},"image":{"@id":"https:\/\/pulsecoder.com.mx\/index.php\/2023\/04\/24\/tierra-para-plantas\/#primaryimage"},"thumbnailUrl":"https:\/\/i0.wp.com\/pulsecoder.com.mx\/wp-content\/uploads\/2023\/04\/Tierra.jpg?fit=1200%2C675&ssl=1","datePublished":"2023-04-24T18:05:00+00:00","dateModified":"2023-04-25T18:11:58+00:00","description":"Todos los d\u00edas, baja hacia la ciudad con un costal sobre su espalda cargado de tierra, la mejor y m\u00e1s f\u00e9rtil tierra para producir jardines.","inLanguage":"es","potentialAction":[{"@type":"ReadAction","target":["https:\/\/pulsecoder.com.mx\/index.php\/2023\/04\/24\/tierra-para-plantas\/"]}]},{"@type":"ImageObject","inLanguage":"es","@id":"https:\/\/pulsecoder.com.mx\/index.php\/2023\/04\/24\/tierra-para-plantas\/#primaryimage","url":"https:\/\/i0.wp.com\/pulsecoder.com.mx\/wp-content\/uploads\/2023\/04\/Tierra.jpg?fit=1200%2C675&ssl=1","contentUrl":"https:\/\/i0.wp.com\/pulsecoder.com.mx\/wp-content\/uploads\/2023\/04\/Tierra.jpg?fit=1200%2C675&ssl=1","width":1200,"height":675},{"@type":"WebSite","@id":"https:\/\/pulsecoder.com.mx\/#website","url":"https:\/\/pulsecoder.com.mx\/","name":"Pulsecoder","description":"Revista digital de tecnolog\u00eda, sociedad e Innovaci\u00f3n","publisher":{"@id":"https:\/\/pulsecoder.com.mx\/#organization"},"potentialAction":[{"@type":"SearchAction","target":{"@type":"EntryPoint","urlTemplate":"https:\/\/pulsecoder.com.mx\/?s={search_term_string}"},"query-input":{"@type":"PropertyValueSpecification","valueRequired":true,"valueName":"search_term_string"}}],"inLanguage":"es"},{"@type":"Organization","@id":"https:\/\/pulsecoder.com.mx\/#organization","name":"Pulse Coder Mx","url":"https:\/\/pulsecoder.com.mx\/","logo":{"@type":"ImageObject","inLanguage":"es","@id":"https:\/\/pulsecoder.com.mx\/#\/schema\/logo\/image\/","url":"https:\/\/i0.wp.com\/pulsecoder.com.mx\/wp-content\/uploads\/2021\/10\/Web.png?fit=2047%2C1024&ssl=1","contentUrl":"https:\/\/i0.wp.com\/pulsecoder.com.mx\/wp-content\/uploads\/2021\/10\/Web.png?fit=2047%2C1024&ssl=1","width":2047,"height":1024,"caption":"Pulse Coder Mx"},"image":{"@id":"https:\/\/pulsecoder.com.mx\/#\/schema\/logo\/image\/"},"sameAs":["https:\/\/www.facebook.com\/PulsecoderMx","https:\/\/x.com\/PulsecoderMx","https:\/\/www.instagram.com\/pulsecodermx\/","https:\/\/www.youtube.com\/channel\/UCci7xZRoiIxGpkwEljqfF9A"]},{"@type":"Person","@id":"https:\/\/pulsecoder.com.mx\/#\/schema\/person\/3b7ec413977e4116b59be466f6b5d25a","name":"Ismael Guzm\u00e1n","image":{"@type":"ImageObject","inLanguage":"es","@id":"https:\/\/pulsecoder.com.mx\/#\/schema\/person\/image\/","url":"https:\/\/secure.gravatar.com\/avatar\/9a10cab8115b61019922c2823d17de70?s=96&d=mm&r=g","contentUrl":"https:\/\/secure.gravatar.com\/avatar\/9a10cab8115b61019922c2823d17de70?s=96&d=mm&r=g","caption":"Ismael Guzm\u00e1n"},"description":"Fundador y Director de Pulse Coder. Escribe sobre digitalizaci\u00f3n, ciencia e innovaci\u00f3n tecnol\u00f3gica.","url":"https:\/\/pulsecoder.com.mx\/index.php\/author\/ismael-guzman\/"}]}},"jetpack_featured_media_url":"https:\/\/i0.wp.com\/pulsecoder.com.mx\/wp-content\/uploads\/2023\/04\/Tierra.jpg?fit=1200%2C675&ssl=1","jetpack_sharing_enabled":true,"amp_enabled":true,"_links":{"self":[{"href":"https:\/\/pulsecoder.com.mx\/index.php\/wp-json\/wp\/v2\/posts\/3377"}],"collection":[{"href":"https:\/\/pulsecoder.com.mx\/index.php\/wp-json\/wp\/v2\/posts"}],"about":[{"href":"https:\/\/pulsecoder.com.mx\/index.php\/wp-json\/wp\/v2\/types\/post"}],"author":[{"embeddable":true,"href":"https:\/\/pulsecoder.com.mx\/index.php\/wp-json\/wp\/v2\/users\/5"}],"replies":[{"embeddable":true,"href":"https:\/\/pulsecoder.com.mx\/index.php\/wp-json\/wp\/v2\/comments?post=3377"}],"version-history":[{"count":9,"href":"https:\/\/pulsecoder.com.mx\/index.php\/wp-json\/wp\/v2\/posts\/3377\/revisions"}],"predecessor-version":[{"id":3400,"href":"https:\/\/pulsecoder.com.mx\/index.php\/wp-json\/wp\/v2\/posts\/3377\/revisions\/3400"}],"wp:featuredmedia":[{"embeddable":true,"href":"https:\/\/pulsecoder.com.mx\/index.php\/wp-json\/wp\/v2\/media\/3378"}],"wp:attachment":[{"href":"https:\/\/pulsecoder.com.mx\/index.php\/wp-json\/wp\/v2\/media?parent=3377"}],"wp:term":[{"taxonomy":"category","embeddable":true,"href":"https:\/\/pulsecoder.com.mx\/index.php\/wp-json\/wp\/v2\/categories?post=3377"},{"taxonomy":"post_tag","embeddable":true,"href":"https:\/\/pulsecoder.com.mx\/index.php\/wp-json\/wp\/v2\/tags?post=3377"}],"curies":[{"name":"wp","href":"https:\/\/api.w.org\/{rel}","templated":true}]}}