{"id":3820,"date":"2023-10-31T18:55:35","date_gmt":"2023-11-01T00:55:35","guid":{"rendered":"https:\/\/pulsecoder.com.mx\/?p=3820"},"modified":"2023-10-31T18:55:40","modified_gmt":"2023-11-01T00:55:40","slug":"el-extrano-mundo-de-jack-celebrando-30-anos-de-halloween","status":"publish","type":"post","link":"https:\/\/pulsecoder.com.mx\/index.php\/2023\/10\/31\/el-extrano-mundo-de-jack-celebrando-30-anos-de-halloween\/","title":{"rendered":"El extra\u00f1o mundo de Jack: Celebrando 30 a\u00f1os de Halloween"},"content":{"rendered":"<body>\n<p class=\"has-text-align-justify\">En este octubre del 2023, los amantes del cine y de la festividad de Halloween est\u00e1n emocionados por el 30 aniversario de la pel\u00edcula \u201cEl extra\u00f1o mundo de Jack\u201d. <\/p>\n\n\n\n<p class=\"has-text-align-justify\">Esta pel\u00edcula animada, dirigida por Tim Burton, se ha convertido en un cl\u00e1sico y ha dejado una marca indeleble en la cultura popular. <\/p>\n\n\n\n<p class=\"has-text-align-justify\">En 1993, <strong>\u201cEl extra\u00f1o mundo de Jack\u201d<\/strong> lleg\u00f3 a los cines y cautiv\u00f3 a audiencias de todas las edades con su combinaci\u00f3n \u00fanica de fantas\u00eda y oscuridad. La pel\u00edcula cuenta la historia de Jack Skellington, el rey de Halloween Town, quien descubre la Navidad y decide llevar su propio toque escalofriante a esta festividad. <\/p>\n\n\n\n<p class=\"has-text-align-justify\">Con su est\u00e9tica g\u00f3tica, personajes memorables y una brillante banda sonora compuesta por <strong>Danny Elfman<\/strong>, la pel\u00edcula se convirti\u00f3 r\u00e1pidamente en un \u00e9xito y ha mantenido su popularidad a lo largo de los a\u00f1os.<\/p>\n\n\n\n<h2 class=\"wp-block-heading\">Proyecci\u00f3n en los cines de Estados Unidos<\/h2>\n\n\n\n<p class=\"has-text-align-justify\">En los Estados Unidos, originalmente donde surgi\u00f3 y estreno la pel\u00edcula, se est\u00e1n llevando a cabo diversas celebraciones para conmemorar el 30 aniversario de \u201cEl extra\u00f1o mundo de Jack\u201d. Varios cines han decidido proyectar la pel\u00edcula nuevamente, brindando a los fan\u00e1ticos la oportunidad de revivir la magia en la gran pantalla. Adem\u00e1s de las proyecciones, se han organizado eventos especiales en algunos parques de Disney, donde los visitantes pueden sumergirse en el mundo de Jack Skellington y sus amigos.<\/p>\n\n\n\n<p class=\"has-text-align-justify\">Para deleite de los fan\u00e1ticos, se ha lanzado un disco de vinilo coleccionable con la banda sonora de la pel\u00edcula. Este art\u00edculo de colecci\u00f3n permite a los seguidores, disfrutar de la m\u00fasica ic\u00f3nica de la pel\u00edcula en un formato nost\u00e1lgico. Adem\u00e1s, se han creado ediciones especiales de productos relacionados con la pel\u00edcula, juguetes, ropa y decoraciones tem\u00e1ticas de Halloween.<\/p>\n\n\n\n<h2 class=\"wp-block-heading\">El rumor en Latinoam\u00e9rica<\/h2>\n\n\n\n<p class=\"has-text-align-justify\">El rumor de un posible reestreno en M\u00e9xico surgi\u00f3 en TikTok, pero hasta el momento ni Cin\u00e9polis ni Cinemex, las principales cadenas de cines en el pa\u00eds, han confirmado esta informaci\u00f3n. Por lo tanto, los fan\u00e1ticos latinoamericanos de tendr\u00e1n que mirarlo desde la plataformas como Disney Plus, qui\u00e9n adem\u00e1s ha creado una barra con pel\u00edculas ambientadas para el 31 de Octubre.<\/p>\n\n\n\n<p class=\"has-text-align-justify\">En la era de las redes sociales, los rumores y las noticias falsas pueden extenderse r\u00e1pidamente.  Cuentas de usuarios aseguraron que la pel\u00edcula se reestrenar\u00eda en M\u00e9xico, pero hasta el momento no ha habido confirmaci\u00f3n oficial. Es importante tener en cuenta que la informaci\u00f3n compartida en las redes sociales debe ser verificada antes de darla por sentada.<\/p>\n\n\n\n<h2 class=\"wp-block-heading\">\u00bfPel\u00edcula de Culto?<\/h2>\n\n\n\n<p class=\"has-text-align-justify\"><em>The nightmare before Christmas<\/em>, o en Latinoam\u00e9rica \u201cExtra\u00f1o mundo de Jack\u201d, ha dejado una huella duradera en la celebraci\u00f3n de Halloween y la celebraci\u00f3n cercana a la Navidad. La pel\u00edcula captura la esencia de estas festividades, combinando elementos de misterio, fantas\u00eda y diversi\u00f3n.<\/p>\n\n\n\n<p class=\"has-text-align-justify\">La animaci\u00f3n, hecha en plastilina, es una marca de la cultura pop de los a\u00f1os ochenta y principios de los noventa. La est\u00e9tica g\u00f3tica y los personajes \u00fanicos de la pel\u00edcula han inspirado a muchas personas a incorporarlos en sus celebraciones, ya sea a trav\u00e9s de disfraces, decoraciones o fiestas tem\u00e1ticas.<\/p>\n\n\n\n<p class=\"has-text-align-justify\">Esta pel\u00edcula es un verdadero tesoro cinematogr\u00e1fico que captura la imaginaci\u00f3n y el esp\u00edritu de Halloween de una manera \u00fanica. De este modo, en cada 31 de Octubre, que contin\u00fae siendo una fuente de inspiraci\u00f3n y diversi\u00f3n por muchos a\u00f1os m\u00e1s.<\/p>\n\n\n\n<p>Para consulta:<\/p>\n\n\n\n<p><a href=\"https:\/\/www.rollingstone.com\/tv-movies\/tv-movie-reviews\/tim-burtons-the-nightmare-before-christmas-118171\/\">https:\/\/www.rollingstone.com\/tv-movies\/tv-movie-reviews\/tim-burtons-the-nightmare-before-christmas-118171\/<\/a><\/p>\n\n\n\n<p><\/p>\n<\/body>","protected":false},"excerpt":{"rendered":"<p>En este octubre del 2023, los amantes del cine y de la festividad de Halloween est\u00e1n emocionados por el 30 aniversario de la pel\u00edcula \u201cEl extra\u00f1o mundo de Jack\u201d. Esta pel\u00edcula animada, dirigida por Tim Burton, se ha convertido en un cl\u00e1sico y ha dejado una marca indeleble en la cultura popular. En 1993, \u201cEl [&hellip;]<\/p>\n","protected":false},"author":7,"featured_media":3821,"comment_status":"open","ping_status":"open","sticky":false,"template":"","format":"standard","meta":{"_et_pb_use_builder":"off","_et_pb_old_content":"","_et_gb_content_width":"","_monsterinsights_skip_tracking":false,"_jetpack_memberships_contains_paid_content":false,"footnotes":""},"categories":[273],"tags":[1682,458,302,1677,1684,1678,716,1683,1681,1679],"class_list":["post-3820","post","type-post","status-publish","format-standard","has-post-thumbnail","hentry","category-reviews","tag-30-aniversario","tag-america-latina","tag-cine","tag-halloween","tag-impacto-cultural","tag-oscuridad","tag-redes-sociales","tag-rumor","tag-sally","tag-tim-burton"],"yoast_head":"<!-- This site is optimized with the Yoast SEO plugin v25.5 - https:\/\/yoast.com\/wordpress\/plugins\/seo\/ -->\n<title>El extra\u00f1o mundo de Jack: Celebrando 30 a\u00f1os de Halloween<\/title>\n<meta name=\"description\" content=\"En octubre de 1993, &quot;El extra\u00f1o mundo de Jack&quot; lleg\u00f3 a los cines y cautiv\u00f3 a las audiencias con su combinaci\u00f3n \u00fanica de fantas\u00eda y oscuridad.\" \/>\n<meta name=\"robots\" content=\"index, follow, max-snippet:-1, max-image-preview:large, max-video-preview:-1\" \/>\n<link rel=\"canonical\" href=\"https:\/\/pulsecoder.com.mx\/index.php\/2023\/10\/31\/el-extrano-mundo-de-jack-celebrando-30-anos-de-halloween\/\" \/>\n<meta property=\"og:locale\" content=\"es_MX\" \/>\n<meta property=\"og:type\" content=\"article\" \/>\n<meta property=\"og:title\" content=\"El extra\u00f1o mundo de Jack: Celebrando 30 a\u00f1os de Halloween\" \/>\n<meta property=\"og:description\" content=\"En octubre de 1993, &quot;El extra\u00f1o mundo de Jack&quot; lleg\u00f3 a los cines y cautiv\u00f3 a las audiencias con su combinaci\u00f3n \u00fanica de fantas\u00eda y oscuridad.\" \/>\n<meta property=\"og:url\" content=\"https:\/\/pulsecoder.com.mx\/index.php\/2023\/10\/31\/el-extrano-mundo-de-jack-celebrando-30-anos-de-halloween\/\" \/>\n<meta property=\"og:site_name\" content=\"Pulsecoder\" \/>\n<meta property=\"article:publisher\" content=\"https:\/\/www.facebook.com\/PulsecoderMx\" \/>\n<meta property=\"article:published_time\" content=\"2023-11-01T00:55:35+00:00\" \/>\n<meta property=\"article:modified_time\" content=\"2023-11-01T00:55:40+00:00\" \/>\n<meta property=\"og:image\" content=\"https:\/\/pulsecoder.com.mx\/wp-content\/uploads\/2023\/10\/Jack.jpg\" \/>\n\t<meta property=\"og:image:width\" content=\"1200\" \/>\n\t<meta property=\"og:image:height\" content=\"675\" \/>\n\t<meta property=\"og:image:type\" content=\"image\/jpeg\" \/>\n<meta name=\"author\" content=\"Staff Report\" \/>\n<meta name=\"twitter:card\" content=\"summary_large_image\" \/>\n<meta name=\"twitter:title\" content=\"El extra\u00f1o mundo de Jack: Celebrando 30 a\u00f1os de Halloween\" \/>\n<meta name=\"twitter:description\" content=\"En octubre de 1993, &quot;El extra\u00f1o mundo de Jack&quot; lleg\u00f3 a los cines y cautiv\u00f3 a las audiencias con su combinaci\u00f3n \u00fanica de fantas\u00eda y oscuridad.\" \/>\n<meta name=\"twitter:image\" content=\"https:\/\/i0.wp.com\/pulsecoder.com.mx\/wp-content\/uploads\/2023\/10\/Jack.jpg?fit=1200%2C675&ssl=1\" \/>\n<meta name=\"twitter:creator\" content=\"@PulsecoderMx\" \/>\n<meta name=\"twitter:site\" content=\"@PulsecoderMx\" \/>\n<meta name=\"twitter:label1\" content=\"Escrito por\" \/>\n\t<meta name=\"twitter:data1\" content=\"Staff Report\" \/>\n\t<meta name=\"twitter:label2\" content=\"Tiempo de lectura\" \/>\n\t<meta name=\"twitter:data2\" content=\"3 minutos\" \/>\n<script type=\"application\/ld+json\" class=\"yoast-schema-graph\">{\"@context\":\"https:\/\/schema.org\",\"@graph\":[{\"@type\":\"Article\",\"@id\":\"https:\/\/pulsecoder.com.mx\/index.php\/2023\/10\/31\/el-extrano-mundo-de-jack-celebrando-30-anos-de-halloween\/#article\",\"isPartOf\":{\"@id\":\"https:\/\/pulsecoder.com.mx\/index.php\/2023\/10\/31\/el-extrano-mundo-de-jack-celebrando-30-anos-de-halloween\/\"},\"author\":{\"name\":\"Staff Report\",\"@id\":\"https:\/\/pulsecoder.com.mx\/#\/schema\/person\/75821d99153317e81d70cb23237488dc\"},\"headline\":\"El extra\u00f1o mundo de Jack: Celebrando 30 a\u00f1os de Halloween\",\"datePublished\":\"2023-11-01T00:55:35+00:00\",\"dateModified\":\"2023-11-01T00:55:40+00:00\",\"mainEntityOfPage\":{\"@id\":\"https:\/\/pulsecoder.com.mx\/index.php\/2023\/10\/31\/el-extrano-mundo-de-jack-celebrando-30-anos-de-halloween\/\"},\"wordCount\":631,\"commentCount\":0,\"publisher\":{\"@id\":\"https:\/\/pulsecoder.com.mx\/#organization\"},\"image\":{\"@id\":\"https:\/\/pulsecoder.com.mx\/index.php\/2023\/10\/31\/el-extrano-mundo-de-jack-celebrando-30-anos-de-halloween\/#primaryimage\"},\"thumbnailUrl\":\"https:\/\/i0.wp.com\/pulsecoder.com.mx\/wp-content\/uploads\/2023\/10\/Jack.jpg?fit=1200%2C675&ssl=1\",\"keywords\":[\"30 aniversario\",\"Am\u00e9rica Latina\",\"Cine\",\"Halloween\",\"Impacto Cultural\",\"Oscuridad\",\"Redes Sociales\",\"Rumor\",\"Sally\",\"Tim Burton\"],\"articleSection\":[\"Reviews\"],\"inLanguage\":\"es\",\"potentialAction\":[{\"@type\":\"CommentAction\",\"name\":\"Comment\",\"target\":[\"https:\/\/pulsecoder.com.mx\/index.php\/2023\/10\/31\/el-extrano-mundo-de-jack-celebrando-30-anos-de-halloween\/#respond\"]}]},{\"@type\":\"WebPage\",\"@id\":\"https:\/\/pulsecoder.com.mx\/index.php\/2023\/10\/31\/el-extrano-mundo-de-jack-celebrando-30-anos-de-halloween\/\",\"url\":\"https:\/\/pulsecoder.com.mx\/index.php\/2023\/10\/31\/el-extrano-mundo-de-jack-celebrando-30-anos-de-halloween\/\",\"name\":\"El extra\u00f1o mundo de Jack: Celebrando 30 a\u00f1os de Halloween\",\"isPartOf\":{\"@id\":\"https:\/\/pulsecoder.com.mx\/#website\"},\"primaryImageOfPage\":{\"@id\":\"https:\/\/pulsecoder.com.mx\/index.php\/2023\/10\/31\/el-extrano-mundo-de-jack-celebrando-30-anos-de-halloween\/#primaryimage\"},\"image\":{\"@id\":\"https:\/\/pulsecoder.com.mx\/index.php\/2023\/10\/31\/el-extrano-mundo-de-jack-celebrando-30-anos-de-halloween\/#primaryimage\"},\"thumbnailUrl\":\"https:\/\/i0.wp.com\/pulsecoder.com.mx\/wp-content\/uploads\/2023\/10\/Jack.jpg?fit=1200%2C675&ssl=1\",\"datePublished\":\"2023-11-01T00:55:35+00:00\",\"dateModified\":\"2023-11-01T00:55:40+00:00\",\"description\":\"En octubre de 1993, \\\"El extra\u00f1o mundo de Jack\\\" lleg\u00f3 a los cines y cautiv\u00f3 a las audiencias con su combinaci\u00f3n \u00fanica de fantas\u00eda y oscuridad.\",\"inLanguage\":\"es\",\"potentialAction\":[{\"@type\":\"ReadAction\",\"target\":[\"https:\/\/pulsecoder.com.mx\/index.php\/2023\/10\/31\/el-extrano-mundo-de-jack-celebrando-30-anos-de-halloween\/\"]}]},{\"@type\":\"ImageObject\",\"inLanguage\":\"es\",\"@id\":\"https:\/\/pulsecoder.com.mx\/index.php\/2023\/10\/31\/el-extrano-mundo-de-jack-celebrando-30-anos-de-halloween\/#primaryimage\",\"url\":\"https:\/\/i0.wp.com\/pulsecoder.com.mx\/wp-content\/uploads\/2023\/10\/Jack.jpg?fit=1200%2C675&ssl=1\",\"contentUrl\":\"https:\/\/i0.wp.com\/pulsecoder.com.mx\/wp-content\/uploads\/2023\/10\/Jack.jpg?fit=1200%2C675&ssl=1\",\"width\":1200,\"height\":675},{\"@type\":\"WebSite\",\"@id\":\"https:\/\/pulsecoder.com.mx\/#website\",\"url\":\"https:\/\/pulsecoder.com.mx\/\",\"name\":\"Pulsecoder\",\"description\":\"Revista digital de tecnolog\u00eda, sociedad e Innovaci\u00f3n\",\"publisher\":{\"@id\":\"https:\/\/pulsecoder.com.mx\/#organization\"},\"potentialAction\":[{\"@type\":\"SearchAction\",\"target\":{\"@type\":\"EntryPoint\",\"urlTemplate\":\"https:\/\/pulsecoder.com.mx\/?s={search_term_string}\"},\"query-input\":{\"@type\":\"PropertyValueSpecification\",\"valueRequired\":true,\"valueName\":\"search_term_string\"}}],\"inLanguage\":\"es\"},{\"@type\":\"Organization\",\"@id\":\"https:\/\/pulsecoder.com.mx\/#organization\",\"name\":\"Pulse Coder Mx\",\"url\":\"https:\/\/pulsecoder.com.mx\/\",\"logo\":{\"@type\":\"ImageObject\",\"inLanguage\":\"es\",\"@id\":\"https:\/\/pulsecoder.com.mx\/#\/schema\/logo\/image\/\",\"url\":\"https:\/\/i0.wp.com\/pulsecoder.com.mx\/wp-content\/uploads\/2021\/10\/Web.png?fit=2047%2C1024&ssl=1\",\"contentUrl\":\"https:\/\/i0.wp.com\/pulsecoder.com.mx\/wp-content\/uploads\/2021\/10\/Web.png?fit=2047%2C1024&ssl=1\",\"width\":2047,\"height\":1024,\"caption\":\"Pulse Coder Mx\"},\"image\":{\"@id\":\"https:\/\/pulsecoder.com.mx\/#\/schema\/logo\/image\/\"},\"sameAs\":[\"https:\/\/www.facebook.com\/PulsecoderMx\",\"https:\/\/x.com\/PulsecoderMx\",\"https:\/\/www.instagram.com\/pulsecodermx\/\",\"https:\/\/www.youtube.com\/channel\/UCci7xZRoiIxGpkwEljqfF9A\"]},{\"@type\":\"Person\",\"@id\":\"https:\/\/pulsecoder.com.mx\/#\/schema\/person\/75821d99153317e81d70cb23237488dc\",\"name\":\"Staff Report\",\"image\":{\"@type\":\"ImageObject\",\"inLanguage\":\"es\",\"@id\":\"https:\/\/pulsecoder.com.mx\/#\/schema\/person\/image\/\",\"url\":\"https:\/\/secure.gravatar.com\/avatar\/3e5bd1e39c3b710838b31e5e27daba1a?s=96&d=mm&r=g\",\"contentUrl\":\"https:\/\/secure.gravatar.com\/avatar\/3e5bd1e39c3b710838b31e5e27daba1a?s=96&d=mm&r=g\",\"caption\":\"Staff Report\"},\"description\":\"CODER's | Tech Community Writers\",\"url\":\"https:\/\/pulsecoder.com.mx\/index.php\/author\/staffpulsecoder\/\"}]}<\/script>\n<!-- \/ Yoast SEO plugin. -->","yoast_head_json":{"title":"El extra\u00f1o mundo de Jack: Celebrando 30 a\u00f1os de Halloween","description":"En octubre de 1993, \"El extra\u00f1o mundo de Jack\" lleg\u00f3 a los cines y cautiv\u00f3 a las audiencias con su combinaci\u00f3n \u00fanica de fantas\u00eda y oscuridad.","robots":{"index":"index","follow":"follow","max-snippet":"max-snippet:-1","max-image-preview":"max-image-preview:large","max-video-preview":"max-video-preview:-1"},"canonical":"https:\/\/pulsecoder.com.mx\/index.php\/2023\/10\/31\/el-extrano-mundo-de-jack-celebrando-30-anos-de-halloween\/","og_locale":"es_MX","og_type":"article","og_title":"El extra\u00f1o mundo de Jack: Celebrando 30 a\u00f1os de Halloween","og_description":"En octubre de 1993, \"El extra\u00f1o mundo de Jack\" lleg\u00f3 a los cines y cautiv\u00f3 a las audiencias con su combinaci\u00f3n \u00fanica de fantas\u00eda y oscuridad.","og_url":"https:\/\/pulsecoder.com.mx\/index.php\/2023\/10\/31\/el-extrano-mundo-de-jack-celebrando-30-anos-de-halloween\/","og_site_name":"Pulsecoder","article_publisher":"https:\/\/www.facebook.com\/PulsecoderMx","article_published_time":"2023-11-01T00:55:35+00:00","article_modified_time":"2023-11-01T00:55:40+00:00","og_image":[{"width":1200,"height":675,"url":"https:\/\/pulsecoder.com.mx\/wp-content\/uploads\/2023\/10\/Jack.jpg","type":"image\/jpeg"}],"author":"Staff Report","twitter_card":"summary_large_image","twitter_title":"El extra\u00f1o mundo de Jack: Celebrando 30 a\u00f1os de Halloween","twitter_description":"En octubre de 1993, \"El extra\u00f1o mundo de Jack\" lleg\u00f3 a los cines y cautiv\u00f3 a las audiencias con su combinaci\u00f3n \u00fanica de fantas\u00eda y oscuridad.","twitter_image":"https:\/\/i0.wp.com\/pulsecoder.com.mx\/wp-content\/uploads\/2023\/10\/Jack.jpg?fit=1200%2C675&ssl=1","twitter_creator":"@PulsecoderMx","twitter_site":"@PulsecoderMx","twitter_misc":{"Escrito por":"Staff Report","Tiempo de lectura":"3 minutos"},"schema":{"@context":"https:\/\/schema.org","@graph":[{"@type":"Article","@id":"https:\/\/pulsecoder.com.mx\/index.php\/2023\/10\/31\/el-extrano-mundo-de-jack-celebrando-30-anos-de-halloween\/#article","isPartOf":{"@id":"https:\/\/pulsecoder.com.mx\/index.php\/2023\/10\/31\/el-extrano-mundo-de-jack-celebrando-30-anos-de-halloween\/"},"author":{"name":"Staff Report","@id":"https:\/\/pulsecoder.com.mx\/#\/schema\/person\/75821d99153317e81d70cb23237488dc"},"headline":"El extra\u00f1o mundo de Jack: Celebrando 30 a\u00f1os de Halloween","datePublished":"2023-11-01T00:55:35+00:00","dateModified":"2023-11-01T00:55:40+00:00","mainEntityOfPage":{"@id":"https:\/\/pulsecoder.com.mx\/index.php\/2023\/10\/31\/el-extrano-mundo-de-jack-celebrando-30-anos-de-halloween\/"},"wordCount":631,"commentCount":0,"publisher":{"@id":"https:\/\/pulsecoder.com.mx\/#organization"},"image":{"@id":"https:\/\/pulsecoder.com.mx\/index.php\/2023\/10\/31\/el-extrano-mundo-de-jack-celebrando-30-anos-de-halloween\/#primaryimage"},"thumbnailUrl":"https:\/\/i0.wp.com\/pulsecoder.com.mx\/wp-content\/uploads\/2023\/10\/Jack.jpg?fit=1200%2C675&ssl=1","keywords":["30 aniversario","Am\u00e9rica Latina","Cine","Halloween","Impacto Cultural","Oscuridad","Redes Sociales","Rumor","Sally","Tim Burton"],"articleSection":["Reviews"],"inLanguage":"es","potentialAction":[{"@type":"CommentAction","name":"Comment","target":["https:\/\/pulsecoder.com.mx\/index.php\/2023\/10\/31\/el-extrano-mundo-de-jack-celebrando-30-anos-de-halloween\/#respond"]}]},{"@type":"WebPage","@id":"https:\/\/pulsecoder.com.mx\/index.php\/2023\/10\/31\/el-extrano-mundo-de-jack-celebrando-30-anos-de-halloween\/","url":"https:\/\/pulsecoder.com.mx\/index.php\/2023\/10\/31\/el-extrano-mundo-de-jack-celebrando-30-anos-de-halloween\/","name":"El extra\u00f1o mundo de Jack: Celebrando 30 a\u00f1os de Halloween","isPartOf":{"@id":"https:\/\/pulsecoder.com.mx\/#website"},"primaryImageOfPage":{"@id":"https:\/\/pulsecoder.com.mx\/index.php\/2023\/10\/31\/el-extrano-mundo-de-jack-celebrando-30-anos-de-halloween\/#primaryimage"},"image":{"@id":"https:\/\/pulsecoder.com.mx\/index.php\/2023\/10\/31\/el-extrano-mundo-de-jack-celebrando-30-anos-de-halloween\/#primaryimage"},"thumbnailUrl":"https:\/\/i0.wp.com\/pulsecoder.com.mx\/wp-content\/uploads\/2023\/10\/Jack.jpg?fit=1200%2C675&ssl=1","datePublished":"2023-11-01T00:55:35+00:00","dateModified":"2023-11-01T00:55:40+00:00","description":"En octubre de 1993, \"El extra\u00f1o mundo de Jack\" lleg\u00f3 a los cines y cautiv\u00f3 a las audiencias con su combinaci\u00f3n \u00fanica de fantas\u00eda y oscuridad.","inLanguage":"es","potentialAction":[{"@type":"ReadAction","target":["https:\/\/pulsecoder.com.mx\/index.php\/2023\/10\/31\/el-extrano-mundo-de-jack-celebrando-30-anos-de-halloween\/"]}]},{"@type":"ImageObject","inLanguage":"es","@id":"https:\/\/pulsecoder.com.mx\/index.php\/2023\/10\/31\/el-extrano-mundo-de-jack-celebrando-30-anos-de-halloween\/#primaryimage","url":"https:\/\/i0.wp.com\/pulsecoder.com.mx\/wp-content\/uploads\/2023\/10\/Jack.jpg?fit=1200%2C675&ssl=1","contentUrl":"https:\/\/i0.wp.com\/pulsecoder.com.mx\/wp-content\/uploads\/2023\/10\/Jack.jpg?fit=1200%2C675&ssl=1","width":1200,"height":675},{"@type":"WebSite","@id":"https:\/\/pulsecoder.com.mx\/#website","url":"https:\/\/pulsecoder.com.mx\/","name":"Pulsecoder","description":"Revista digital de tecnolog\u00eda, sociedad e Innovaci\u00f3n","publisher":{"@id":"https:\/\/pulsecoder.com.mx\/#organization"},"potentialAction":[{"@type":"SearchAction","target":{"@type":"EntryPoint","urlTemplate":"https:\/\/pulsecoder.com.mx\/?s={search_term_string}"},"query-input":{"@type":"PropertyValueSpecification","valueRequired":true,"valueName":"search_term_string"}}],"inLanguage":"es"},{"@type":"Organization","@id":"https:\/\/pulsecoder.com.mx\/#organization","name":"Pulse Coder Mx","url":"https:\/\/pulsecoder.com.mx\/","logo":{"@type":"ImageObject","inLanguage":"es","@id":"https:\/\/pulsecoder.com.mx\/#\/schema\/logo\/image\/","url":"https:\/\/i0.wp.com\/pulsecoder.com.mx\/wp-content\/uploads\/2021\/10\/Web.png?fit=2047%2C1024&ssl=1","contentUrl":"https:\/\/i0.wp.com\/pulsecoder.com.mx\/wp-content\/uploads\/2021\/10\/Web.png?fit=2047%2C1024&ssl=1","width":2047,"height":1024,"caption":"Pulse Coder Mx"},"image":{"@id":"https:\/\/pulsecoder.com.mx\/#\/schema\/logo\/image\/"},"sameAs":["https:\/\/www.facebook.com\/PulsecoderMx","https:\/\/x.com\/PulsecoderMx","https:\/\/www.instagram.com\/pulsecodermx\/","https:\/\/www.youtube.com\/channel\/UCci7xZRoiIxGpkwEljqfF9A"]},{"@type":"Person","@id":"https:\/\/pulsecoder.com.mx\/#\/schema\/person\/75821d99153317e81d70cb23237488dc","name":"Staff Report","image":{"@type":"ImageObject","inLanguage":"es","@id":"https:\/\/pulsecoder.com.mx\/#\/schema\/person\/image\/","url":"https:\/\/secure.gravatar.com\/avatar\/3e5bd1e39c3b710838b31e5e27daba1a?s=96&d=mm&r=g","contentUrl":"https:\/\/secure.gravatar.com\/avatar\/3e5bd1e39c3b710838b31e5e27daba1a?s=96&d=mm&r=g","caption":"Staff Report"},"description":"CODER's | Tech Community Writers","url":"https:\/\/pulsecoder.com.mx\/index.php\/author\/staffpulsecoder\/"}]}},"jetpack_featured_media_url":"https:\/\/i0.wp.com\/pulsecoder.com.mx\/wp-content\/uploads\/2023\/10\/Jack.jpg?fit=1200%2C675&ssl=1","jetpack_sharing_enabled":true,"amp_enabled":true,"_links":{"self":[{"href":"https:\/\/pulsecoder.com.mx\/index.php\/wp-json\/wp\/v2\/posts\/3820"}],"collection":[{"href":"https:\/\/pulsecoder.com.mx\/index.php\/wp-json\/wp\/v2\/posts"}],"about":[{"href":"https:\/\/pulsecoder.com.mx\/index.php\/wp-json\/wp\/v2\/types\/post"}],"author":[{"embeddable":true,"href":"https:\/\/pulsecoder.com.mx\/index.php\/wp-json\/wp\/v2\/users\/7"}],"replies":[{"embeddable":true,"href":"https:\/\/pulsecoder.com.mx\/index.php\/wp-json\/wp\/v2\/comments?post=3820"}],"version-history":[{"count":3,"href":"https:\/\/pulsecoder.com.mx\/index.php\/wp-json\/wp\/v2\/posts\/3820\/revisions"}],"predecessor-version":[{"id":3824,"href":"https:\/\/pulsecoder.com.mx\/index.php\/wp-json\/wp\/v2\/posts\/3820\/revisions\/3824"}],"wp:featuredmedia":[{"embeddable":true,"href":"https:\/\/pulsecoder.com.mx\/index.php\/wp-json\/wp\/v2\/media\/3821"}],"wp:attachment":[{"href":"https:\/\/pulsecoder.com.mx\/index.php\/wp-json\/wp\/v2\/media?parent=3820"}],"wp:term":[{"taxonomy":"category","embeddable":true,"href":"https:\/\/pulsecoder.com.mx\/index.php\/wp-json\/wp\/v2\/categories?post=3820"},{"taxonomy":"post_tag","embeddable":true,"href":"https:\/\/pulsecoder.com.mx\/index.php\/wp-json\/wp\/v2\/tags?post=3820"}],"curies":[{"name":"wp","href":"https:\/\/api.w.org\/{rel}","templated":true}]}}