{"id":3825,"date":"2023-11-11T13:30:00","date_gmt":"2023-11-11T19:30:00","guid":{"rendered":"https:\/\/pulsecoder.com.mx\/?p=3825"},"modified":"2023-11-11T20:10:49","modified_gmt":"2023-11-12T02:10:49","slug":"rocio-nahle-y-el-potencial-futuro-de-veracruz","status":"publish","type":"post","link":"https:\/\/pulsecoder.com.mx\/index.php\/2023\/11\/11\/rocio-nahle-y-el-potencial-futuro-de-veracruz\/","title":{"rendered":"Roc\u00edo Nahle y el potencial futuro de Veracruz"},"content":{"rendered":"<body>\n<p><\/p>\n\n\n\n<p class=\"has-text-align-justify\">En los \u00faltimos a\u00f1os, los habitantes de la entidad veracruzana han sido testigos de como un conjunto de decisiones pol\u00edticas, din\u00e1micas sociales, econ\u00f3micas y medio ambientales, modifican la vida y la realidad en escenarios cada vez m\u00e1s complejos.<\/p>\n\n\n\n<p class=\"has-text-align-justify\">Bajo ese contexto, la gobernabilidad actual y del futuro, no puede excluir al <strong>pensamiento sist\u00e9mico<\/strong> de la hoja de ruta.  <\/p>\n\n\n\n<p class=\"has-text-align-justify\">La comprensi\u00f3n de \u00e9stas din\u00e1micas, cada vez m\u00e1s extensas y robustas, desde ahora deben ser atendidas con nuevas planteamientos que incluyen al <strong>sujeto<\/strong> como motor de soluci\u00f3n, acci\u00f3n, producci\u00f3n y cambio; pero a su vez, obliga a las administraciones a crear <strong>marcos para la innovaci\u00f3n p\u00fablica.<\/strong><\/p>\n\n\n\n<p class=\"has-text-align-justify\">Palidece ahora el perfil pol\u00edtico de anta\u00f1o, atado a una l\u00f3gica descontextualizada de los tiempos que hoy suceden. <\/p>\n\n\n\n<p class=\"has-text-align-justify\">Es aqu\u00ed, donde surgen personajes que han entendido la nueva gobernabilidad del futuro, respaldada por nuevas perspectivas, visi\u00f3n a largo plazo, otredad y fe en el recurso humano conformado por mujeres y hombres de este pa\u00eds.<\/p>\n\n\n\n<p class=\"has-text-align-justify\">\u201cEn la d\u00e9cada de los a\u00f1os cuarenta y cincuenta, la gasolina comienza a tener un auge a nivel mundial. Sin embargo, para ese entonces, todas las refinar\u00edas generaban gasolina con 15 mil partes por mill\u00f3n de azufre, algo muy contaminante\u201d.<\/p>\n\n\n\n<p class=\"has-text-align-justify\">De esta manera, la ex secretaria de energ\u00eda <strong>Roc\u00edo Nahle<\/strong>, comienza a describir como los ingenieros de M\u00e9xico lograron avances significativos a nivel internacional, dando pie a nuevas innovaciones tecnol\u00f3gicas que lograron reducir los altos excedentes de gases contaminantes, derivado de la elaboraci\u00f3n de gasolinas a nivel mundial.<\/p>\n\n\n\n<p class=\"has-text-align-justify\">\u201cAl inicio de los a\u00f1os noventa, de 15 mil partes de mill\u00f3n, pasamos a un descenso de 500 partes por mill\u00f3n. La innovaci\u00f3n la tuvo el <strong>Instituto Mexicano del Petr\u00f3leo<\/strong>. Este es un ejemplo de lo que los ingenieros mexicanos podemos lograr\u201d. <\/p>\n\n\n\n<p class=\"has-text-align-justify\">Con este ejemplo, la candidata y aspirante a Gobernadora de Veracruz, refleja una de tantas virtudes que la convierten en una mujer l\u00edder, de visi\u00f3n a mediano y largo plazo, as\u00ed como creyente del potencial humano que integra al territorio. <\/p>\n\n\n\n<p class=\"has-text-align-justify\">\u201cSin embargo, en el periodo neoliberal, poco se foment\u00f3 el ingenio y la capacidad de creaci\u00f3n por pol\u00edticas contrarias que atentaron con las innovaciones propias, que es algo vital para la soberan\u00eda  nacional\u201d.<\/p>\n\n\n\n<p class=\"has-text-align-justify\">Despu\u00e9s de alcanzar las 500 partes por mill\u00f3n -aporte que M\u00e9xico le dio al mundo- hoy en d\u00eda, la gasolina maneja 30 partes por mill\u00f3n de azufre, algo que se considera ultra bajo. <\/p>\n\n\n\n<p class=\"has-text-align-justify\"><strong>Norma Roc\u00edo Nahle Garc\u00eda<\/strong>, es una ingeniera qu\u00edmica mexicana y reconocida pol\u00edtica por su amplia experiencia en el sector energ\u00e9tico. Este reciente 10 de noviembre del 2023,  se convirti\u00f3 en la coordinadora estatal de los Comit\u00e9s para la Defensa de la Cuarta Transformaci\u00f3n por el partido Morena. El perfil m\u00e1s apto y fuerte para la contienda electoral a gobernar el estado de Veracruz en el 2024, lo que podr\u00eda ser el inicio de una etapa boyante que detone a la entidad como una potencia nacional y regional. <\/p>\n\n\n\n<p class=\"has-text-align-justify\">Veracruz, de norte a sur, es un territorio virtuoso que, por muchas d\u00e9cadas, se ha resistido a tomar el lugar que le corresponde, de salir de la media nacional, para alcanzar un lugar selecto en el top de la naci\u00f3n.<\/p>\n\n\n\n<p class=\"has-text-align-justify\">Una potencia cultural con el legado de los pueblos originarios; diversificaci\u00f3n de tradiciones y mixturas de la Huasteca y hasta el Totonacapan;\u00a0con el talento y recurso humano;  productor ganadero y agricultor; potencia energ\u00e9tica del pa\u00eds; monta\u00f1oso, verde, lleno de energ\u00eda y recursos naturales.<\/p>\n\n\n\n<h2 class=\"wp-block-heading\">La haza\u00f1a de Dos Bocas<\/h2>\n\n\n\n<p class=\"has-text-align-justify\">La carrera pol\u00edtica de Roc\u00edo Nahle comenz\u00f3 en 2015 cuando fue elegida diputada federal por el Distrito 11 de Veracruz. Durante su mandato, se destac\u00f3 como coordinadora del Grupo Parlamentario de Morena en la C\u00e1mara de Diputados, demostrando su habilidad para liderar y gestionar iniciativas legislativas en el sector energ\u00e9tico.<\/p>\n\n\n\n<p class=\"has-text-align-justify\">En 2018, Nahle dio un paso adelante al ser seleccionada como secretaria de Energ\u00eda por el presidente Andr\u00e9s Manuel L\u00f3pez Obrador. Esta posici\u00f3n le permiti\u00f3 ejercer un impacto significativo en el desarrollo y la implementaci\u00f3n de pol\u00edticas energ\u00e9ticas en M\u00e9xico.<\/p>\n\n\n\n<p class=\"has-text-align-justify\">Durante su mandato se centr\u00f3 en construir, en tiempo r\u00e9cord,  la Refiner\u00eda de Dos Bocas. Un proyecto estrat\u00e9gico y emblema para la naci\u00f3n que promueve una mayor participaci\u00f3n del sector p\u00fablico en la producci\u00f3n y distribuci\u00f3n de energ\u00eda, con el objetivo de garantizar la soberan\u00eda energ\u00e9tica del pa\u00eds.<\/p>\n\n\n\n<p class=\"has-text-align-justify\">Esta \u00e9pica haza\u00f1a no estuvo ajena a las dificultades. Se tuvo que realizar en un contexto geopol\u00edtico muy complejo a consecuencias de la pandemia del Covid-19, y en un escenario de crisis energ\u00e9tica derivado de la guerra entre Ucrania y Rusia. <\/p>\n\n\n\n<p>\u201cCon esto vemos claramente, el tiempo que toma madurar a la innovaci\u00f3n tecnol\u00f3gica\u201d, a\u00f1adi\u00f3.<\/p>\n\n\n\n<h2 class=\"wp-block-heading\">El Veracruz del futuro<\/h2>\n\n\n\n<p class=\"has-text-align-justify\">En el tiempo que ejerci\u00f3 como secretaria de Energ\u00eda, Roc\u00edo Nahle demostr\u00f3 ser una visionaria con metas claras  hacia futuro en el sector energ\u00e9tico del pa\u00eds. <\/p>\n\n\n\n<p class=\"has-text-align-justify\">Su enfoque se centra en la diversificaci\u00f3n de las fuentes de energ\u00eda y la reducci\u00f3n de la dependencia de los combustibles f\u00f3siles. Busca promover el uso de energ\u00edas renovables y fomentar la investigaci\u00f3n y desarrollo del campo.<\/p>\n\n\n\n<p class=\"has-text-align-justify\">Est\u00e1 comprometida con la creaci\u00f3n de empleos y dar un mayor impulso a la econom\u00eda veracruzana con la entrada de la innovaci\u00f3n tecnol\u00f3gica, a trav\u00e9s de implementaci\u00f3n de pol\u00edticas y programas estrat\u00e9gicos que fomenten la inversi\u00f3n en m\u00faltiples sectores, mejorar la eficiencia de las ciudades y garantizar un suministro confiable de servicios de manera sostenible. <\/p>\n\n\n\n<p class=\"has-text-align-justify\">Su destacada carrera pol\u00edtica la han catapultado a la vanguardia en la toma de decisiones. <\/p>\n\n\n\n<h2 class=\"wp-block-heading\">Logros Destacados<\/h2>\n\n\n\n<p class=\"has-text-align-justify\">A lo largo de su carrera pol\u00edtica y profesional, ha logrado numerosos hitos y reconocimientos. Como miembro del grupo Ingenieros Pemex Constituci\u00f3n de 1917 (G-17) y del Comit\u00e9 Nacional de Estudios de la Energ\u00eda (CNEE) de Am\u00e9rica Latina y el Caribe, ha trabajado en estrecha colaboraci\u00f3n con expertos de la industria para analizar y evaluar la viabilidad de proyectos energ\u00e9ticos en M\u00e9xico.<\/p>\n\n\n\n<p class=\"has-text-align-justify\">Adem\u00e1s, ha sido reconocida como una voz influyente en el \u00e1mbito energ\u00e9tico a nivel internacional. Ha participado en el Parlamento Latinoamericano (Parlatino) y ha compartido sus conocimientos t\u00e9cnicos y experiencias en diversas conferencias y foros internacionales.<\/p>\n\n\n\n<h2 class=\"wp-block-heading\">Cronolog\u00eda y formaci\u00f3n<\/h2>\n\n\n\n<p class=\"has-text-align-justify\">Roc\u00edo Nahle Garc\u00eda naci\u00f3 el 14 de abril de 1964 en R\u00edo Grande, Zacatecas. Desde temprana edad, mostr\u00f3 un gran inter\u00e9s por la ingenier\u00eda qu\u00edmica, lo que la llev\u00f3 a estudiar en la Universidad Aut\u00f3noma de Zacatecas (UAZ), donde obtuvo su licenciatura en ingenier\u00eda qu\u00edmica en 1986. Durante su tiempo en la UAZ, tambi\u00e9n realiz\u00f3 una especialidad en Petroqu\u00edmica, lo que sent\u00f3 las bases para su futuro \u00e9xito en el sector energ\u00e9tico.<\/p>\n\n\n\n<p class=\"has-text-align-justify\">Despu\u00e9s de completar su formaci\u00f3n acad\u00e9mica, comenz\u00f3 su carrera en los complejos petroqu\u00edmicos de Pajaritos, Cangrejera y Morelos de PEMEX. Durante este tiempo, adquiri\u00f3 experiencia en \u00e1reas clave como administraci\u00f3n, finanzas, procesos, planeaci\u00f3n y control de calidad.<\/p>\n\n\n\n<p class=\"has-text-align-justify\">Adem\u00e1s, tambi\u00e9n trabaj\u00f3 en Industrias Resistol, donde desempe\u00f1\u00f3 un papel importante en la planificaci\u00f3n y ejecuci\u00f3n de proyectos en la planta de sulfatos en Coatzacoalcos, Veracruz.<\/p>\n\n\n\n<p><\/p>\n\n\n\n<p>Fuentes:<\/p>\n\n\n\n<p>C\u00e1mara de Diputados<\/p>\n\n\n\n<p>Sistema de Informaci\u00f3n Legislativa<\/p>\n\n\n\n<p>La jornada<\/p>\n\n\n\n<p>El financiero<\/p>\n<\/body>","protected":false},"excerpt":{"rendered":"<p>En los \u00faltimos a\u00f1os, los habitantes de la entidad veracruzana han sido testigos de como un conjunto de decisiones pol\u00edticas, din\u00e1micas sociales, econ\u00f3micas y medio ambientales, modifican la vida y la realidad en escenarios cada vez m\u00e1s complejos. Bajo ese contexto, la gobernabilidad actual y del futuro, no puede excluir al pensamiento sist\u00e9mico de la [&hellip;]<\/p>\n","protected":false},"author":5,"featured_media":3826,"comment_status":"open","ping_status":"open","sticky":true,"template":"","format":"standard","meta":{"_et_pb_use_builder":"off","_et_pb_old_content":"","_et_gb_content_width":"","_monsterinsights_skip_tracking":false,"_jetpack_memberships_contains_paid_content":false,"footnotes":""},"categories":[39],"tags":[1692,157,1027,352,842,69,1694,161,1693],"class_list":["post-3825","post","type-post","status-publish","format-standard","has-post-thumbnail","hentry","category-sociedad","tag-4t","tag-economia","tag-elecciones","tag-energia","tag-futuro","tag-innovacion","tag-mujeres-con-energia","tag-tecnologia","tag-veracruz"],"yoast_head":"<!-- This site is optimized with the Yoast SEO plugin v25.5 - https:\/\/yoast.com\/wordpress\/plugins\/seo\/ -->\n<title>Roc\u00edo Nahle y el potencial futuro de Veracruz<\/title>\n<meta name=\"description\" content=\"Revista digital de innovaci\u00f3n, tecnolog\u00eda y sociedad de Xalapa M\u00e9xico. Grupo multidisciplinario, emprendedores digitales, comunidad tech.\" \/>\n<meta name=\"robots\" content=\"index, follow, max-snippet:-1, max-image-preview:large, max-video-preview:-1\" \/>\n<link rel=\"canonical\" href=\"https:\/\/pulsecoder.com.mx\/index.php\/2023\/11\/11\/rocio-nahle-y-el-potencial-futuro-de-veracruz\/\" \/>\n<meta property=\"og:locale\" content=\"es_MX\" \/>\n<meta property=\"og:type\" content=\"article\" \/>\n<meta property=\"og:title\" content=\"Roc\u00edo Nahle y el potencial futuro de Veracruz\" \/>\n<meta property=\"og:description\" content=\"Revista digital de innovaci\u00f3n, tecnolog\u00eda y sociedad de Xalapa M\u00e9xico. Grupo multidisciplinario, emprendedores digitales, comunidad tech.\" \/>\n<meta property=\"og:url\" content=\"https:\/\/pulsecoder.com.mx\/index.php\/2023\/11\/11\/rocio-nahle-y-el-potencial-futuro-de-veracruz\/\" \/>\n<meta property=\"og:site_name\" content=\"Pulsecoder\" \/>\n<meta property=\"article:publisher\" content=\"https:\/\/www.facebook.com\/PulsecoderMx\" \/>\n<meta property=\"article:published_time\" content=\"2023-11-11T19:30:00+00:00\" \/>\n<meta property=\"article:modified_time\" content=\"2023-11-12T02:10:49+00:00\" \/>\n<meta property=\"og:image\" content=\"https:\/\/pulsecoder.com.mx\/wp-content\/uploads\/2023\/10\/Nahle.jpg\" \/>\n\t<meta property=\"og:image:width\" content=\"1200\" \/>\n\t<meta property=\"og:image:height\" content=\"675\" \/>\n\t<meta property=\"og:image:type\" content=\"image\/jpeg\" \/>\n<meta name=\"author\" content=\"Ismael Guzm\u00e1n\" \/>\n<meta name=\"twitter:card\" content=\"summary_large_image\" \/>\n<meta name=\"twitter:creator\" content=\"@PulsecoderMx\" \/>\n<meta name=\"twitter:site\" content=\"@PulsecoderMx\" \/>\n<meta name=\"twitter:label1\" content=\"Escrito por\" \/>\n\t<meta name=\"twitter:data1\" content=\"Ismael Guzm\u00e1n\" \/>\n\t<meta name=\"twitter:label2\" content=\"Tiempo de lectura\" \/>\n\t<meta name=\"twitter:data2\" content=\"5 minutos\" \/>\n<script type=\"application\/ld+json\" class=\"yoast-schema-graph\">{\"@context\":\"https:\/\/schema.org\",\"@graph\":[{\"@type\":\"Article\",\"@id\":\"https:\/\/pulsecoder.com.mx\/index.php\/2023\/11\/11\/rocio-nahle-y-el-potencial-futuro-de-veracruz\/#article\",\"isPartOf\":{\"@id\":\"https:\/\/pulsecoder.com.mx\/index.php\/2023\/11\/11\/rocio-nahle-y-el-potencial-futuro-de-veracruz\/\"},\"author\":{\"name\":\"Ismael Guzm\u00e1n\",\"@id\":\"https:\/\/pulsecoder.com.mx\/#\/schema\/person\/3b7ec413977e4116b59be466f6b5d25a\"},\"headline\":\"Roc\u00edo Nahle y el potencial futuro de Veracruz\",\"datePublished\":\"2023-11-11T19:30:00+00:00\",\"dateModified\":\"2023-11-12T02:10:49+00:00\",\"mainEntityOfPage\":{\"@id\":\"https:\/\/pulsecoder.com.mx\/index.php\/2023\/11\/11\/rocio-nahle-y-el-potencial-futuro-de-veracruz\/\"},\"wordCount\":1291,\"commentCount\":0,\"publisher\":{\"@id\":\"https:\/\/pulsecoder.com.mx\/#organization\"},\"image\":{\"@id\":\"https:\/\/pulsecoder.com.mx\/index.php\/2023\/11\/11\/rocio-nahle-y-el-potencial-futuro-de-veracruz\/#primaryimage\"},\"thumbnailUrl\":\"https:\/\/i0.wp.com\/pulsecoder.com.mx\/wp-content\/uploads\/2023\/10\/Nahle.jpg?fit=1200%2C675&ssl=1\",\"keywords\":[\"4T\",\"Econom\u00eda\",\"Elecciones\",\"Energ\u00eda\",\"Futuro\",\"Innovaci\u00f3n\",\"Mujeres con Energ\u00eda\",\"Tecnolog\u00eda\",\"Veracruz\"],\"articleSection\":[\"Sociedad\"],\"inLanguage\":\"es\",\"potentialAction\":[{\"@type\":\"CommentAction\",\"name\":\"Comment\",\"target\":[\"https:\/\/pulsecoder.com.mx\/index.php\/2023\/11\/11\/rocio-nahle-y-el-potencial-futuro-de-veracruz\/#respond\"]}]},{\"@type\":\"WebPage\",\"@id\":\"https:\/\/pulsecoder.com.mx\/index.php\/2023\/11\/11\/rocio-nahle-y-el-potencial-futuro-de-veracruz\/\",\"url\":\"https:\/\/pulsecoder.com.mx\/index.php\/2023\/11\/11\/rocio-nahle-y-el-potencial-futuro-de-veracruz\/\",\"name\":\"Roc\u00edo Nahle y el potencial futuro de Veracruz\",\"isPartOf\":{\"@id\":\"https:\/\/pulsecoder.com.mx\/#website\"},\"primaryImageOfPage\":{\"@id\":\"https:\/\/pulsecoder.com.mx\/index.php\/2023\/11\/11\/rocio-nahle-y-el-potencial-futuro-de-veracruz\/#primaryimage\"},\"image\":{\"@id\":\"https:\/\/pulsecoder.com.mx\/index.php\/2023\/11\/11\/rocio-nahle-y-el-potencial-futuro-de-veracruz\/#primaryimage\"},\"thumbnailUrl\":\"https:\/\/i0.wp.com\/pulsecoder.com.mx\/wp-content\/uploads\/2023\/10\/Nahle.jpg?fit=1200%2C675&ssl=1\",\"datePublished\":\"2023-11-11T19:30:00+00:00\",\"dateModified\":\"2023-11-12T02:10:49+00:00\",\"description\":\"Revista digital de innovaci\u00f3n, tecnolog\u00eda y sociedad de Xalapa M\u00e9xico. Grupo multidisciplinario, emprendedores digitales, comunidad tech.\",\"inLanguage\":\"es\",\"potentialAction\":[{\"@type\":\"ReadAction\",\"target\":[\"https:\/\/pulsecoder.com.mx\/index.php\/2023\/11\/11\/rocio-nahle-y-el-potencial-futuro-de-veracruz\/\"]}]},{\"@type\":\"ImageObject\",\"inLanguage\":\"es\",\"@id\":\"https:\/\/pulsecoder.com.mx\/index.php\/2023\/11\/11\/rocio-nahle-y-el-potencial-futuro-de-veracruz\/#primaryimage\",\"url\":\"https:\/\/i0.wp.com\/pulsecoder.com.mx\/wp-content\/uploads\/2023\/10\/Nahle.jpg?fit=1200%2C675&ssl=1\",\"contentUrl\":\"https:\/\/i0.wp.com\/pulsecoder.com.mx\/wp-content\/uploads\/2023\/10\/Nahle.jpg?fit=1200%2C675&ssl=1\",\"width\":1200,\"height\":675},{\"@type\":\"WebSite\",\"@id\":\"https:\/\/pulsecoder.com.mx\/#website\",\"url\":\"https:\/\/pulsecoder.com.mx\/\",\"name\":\"Pulsecoder\",\"description\":\"Revista digital de tecnolog\u00eda, sociedad e Innovaci\u00f3n\",\"publisher\":{\"@id\":\"https:\/\/pulsecoder.com.mx\/#organization\"},\"potentialAction\":[{\"@type\":\"SearchAction\",\"target\":{\"@type\":\"EntryPoint\",\"urlTemplate\":\"https:\/\/pulsecoder.com.mx\/?s={search_term_string}\"},\"query-input\":{\"@type\":\"PropertyValueSpecification\",\"valueRequired\":true,\"valueName\":\"search_term_string\"}}],\"inLanguage\":\"es\"},{\"@type\":\"Organization\",\"@id\":\"https:\/\/pulsecoder.com.mx\/#organization\",\"name\":\"Pulse Coder Mx\",\"url\":\"https:\/\/pulsecoder.com.mx\/\",\"logo\":{\"@type\":\"ImageObject\",\"inLanguage\":\"es\",\"@id\":\"https:\/\/pulsecoder.com.mx\/#\/schema\/logo\/image\/\",\"url\":\"https:\/\/i0.wp.com\/pulsecoder.com.mx\/wp-content\/uploads\/2021\/10\/Web.png?fit=2047%2C1024&ssl=1\",\"contentUrl\":\"https:\/\/i0.wp.com\/pulsecoder.com.mx\/wp-content\/uploads\/2021\/10\/Web.png?fit=2047%2C1024&ssl=1\",\"width\":2047,\"height\":1024,\"caption\":\"Pulse Coder Mx\"},\"image\":{\"@id\":\"https:\/\/pulsecoder.com.mx\/#\/schema\/logo\/image\/\"},\"sameAs\":[\"https:\/\/www.facebook.com\/PulsecoderMx\",\"https:\/\/x.com\/PulsecoderMx\",\"https:\/\/www.instagram.com\/pulsecodermx\/\",\"https:\/\/www.youtube.com\/channel\/UCci7xZRoiIxGpkwEljqfF9A\"]},{\"@type\":\"Person\",\"@id\":\"https:\/\/pulsecoder.com.mx\/#\/schema\/person\/3b7ec413977e4116b59be466f6b5d25a\",\"name\":\"Ismael Guzm\u00e1n\",\"image\":{\"@type\":\"ImageObject\",\"inLanguage\":\"es\",\"@id\":\"https:\/\/pulsecoder.com.mx\/#\/schema\/person\/image\/\",\"url\":\"https:\/\/secure.gravatar.com\/avatar\/9a10cab8115b61019922c2823d17de70?s=96&d=mm&r=g\",\"contentUrl\":\"https:\/\/secure.gravatar.com\/avatar\/9a10cab8115b61019922c2823d17de70?s=96&d=mm&r=g\",\"caption\":\"Ismael Guzm\u00e1n\"},\"description\":\"Fundador y Director de Pulse Coder. Escribe sobre digitalizaci\u00f3n, ciencia e innovaci\u00f3n tecnol\u00f3gica.\",\"url\":\"https:\/\/pulsecoder.com.mx\/index.php\/author\/ismael-guzman\/\"}]}<\/script>\n<!-- \/ Yoast SEO plugin. -->","yoast_head_json":{"title":"Roc\u00edo Nahle y el potencial futuro de Veracruz","description":"Revista digital de innovaci\u00f3n, tecnolog\u00eda y sociedad de Xalapa M\u00e9xico. Grupo multidisciplinario, emprendedores digitales, comunidad tech.","robots":{"index":"index","follow":"follow","max-snippet":"max-snippet:-1","max-image-preview":"max-image-preview:large","max-video-preview":"max-video-preview:-1"},"canonical":"https:\/\/pulsecoder.com.mx\/index.php\/2023\/11\/11\/rocio-nahle-y-el-potencial-futuro-de-veracruz\/","og_locale":"es_MX","og_type":"article","og_title":"Roc\u00edo Nahle y el potencial futuro de Veracruz","og_description":"Revista digital de innovaci\u00f3n, tecnolog\u00eda y sociedad de Xalapa M\u00e9xico. Grupo multidisciplinario, emprendedores digitales, comunidad tech.","og_url":"https:\/\/pulsecoder.com.mx\/index.php\/2023\/11\/11\/rocio-nahle-y-el-potencial-futuro-de-veracruz\/","og_site_name":"Pulsecoder","article_publisher":"https:\/\/www.facebook.com\/PulsecoderMx","article_published_time":"2023-11-11T19:30:00+00:00","article_modified_time":"2023-11-12T02:10:49+00:00","og_image":[{"width":1200,"height":675,"url":"https:\/\/pulsecoder.com.mx\/wp-content\/uploads\/2023\/10\/Nahle.jpg","type":"image\/jpeg"}],"author":"Ismael Guzm\u00e1n","twitter_card":"summary_large_image","twitter_creator":"@PulsecoderMx","twitter_site":"@PulsecoderMx","twitter_misc":{"Escrito por":"Ismael Guzm\u00e1n","Tiempo de lectura":"5 minutos"},"schema":{"@context":"https:\/\/schema.org","@graph":[{"@type":"Article","@id":"https:\/\/pulsecoder.com.mx\/index.php\/2023\/11\/11\/rocio-nahle-y-el-potencial-futuro-de-veracruz\/#article","isPartOf":{"@id":"https:\/\/pulsecoder.com.mx\/index.php\/2023\/11\/11\/rocio-nahle-y-el-potencial-futuro-de-veracruz\/"},"author":{"name":"Ismael Guzm\u00e1n","@id":"https:\/\/pulsecoder.com.mx\/#\/schema\/person\/3b7ec413977e4116b59be466f6b5d25a"},"headline":"Roc\u00edo Nahle y el potencial futuro de Veracruz","datePublished":"2023-11-11T19:30:00+00:00","dateModified":"2023-11-12T02:10:49+00:00","mainEntityOfPage":{"@id":"https:\/\/pulsecoder.com.mx\/index.php\/2023\/11\/11\/rocio-nahle-y-el-potencial-futuro-de-veracruz\/"},"wordCount":1291,"commentCount":0,"publisher":{"@id":"https:\/\/pulsecoder.com.mx\/#organization"},"image":{"@id":"https:\/\/pulsecoder.com.mx\/index.php\/2023\/11\/11\/rocio-nahle-y-el-potencial-futuro-de-veracruz\/#primaryimage"},"thumbnailUrl":"https:\/\/i0.wp.com\/pulsecoder.com.mx\/wp-content\/uploads\/2023\/10\/Nahle.jpg?fit=1200%2C675&ssl=1","keywords":["4T","Econom\u00eda","Elecciones","Energ\u00eda","Futuro","Innovaci\u00f3n","Mujeres con Energ\u00eda","Tecnolog\u00eda","Veracruz"],"articleSection":["Sociedad"],"inLanguage":"es","potentialAction":[{"@type":"CommentAction","name":"Comment","target":["https:\/\/pulsecoder.com.mx\/index.php\/2023\/11\/11\/rocio-nahle-y-el-potencial-futuro-de-veracruz\/#respond"]}]},{"@type":"WebPage","@id":"https:\/\/pulsecoder.com.mx\/index.php\/2023\/11\/11\/rocio-nahle-y-el-potencial-futuro-de-veracruz\/","url":"https:\/\/pulsecoder.com.mx\/index.php\/2023\/11\/11\/rocio-nahle-y-el-potencial-futuro-de-veracruz\/","name":"Roc\u00edo Nahle y el potencial futuro de Veracruz","isPartOf":{"@id":"https:\/\/pulsecoder.com.mx\/#website"},"primaryImageOfPage":{"@id":"https:\/\/pulsecoder.com.mx\/index.php\/2023\/11\/11\/rocio-nahle-y-el-potencial-futuro-de-veracruz\/#primaryimage"},"image":{"@id":"https:\/\/pulsecoder.com.mx\/index.php\/2023\/11\/11\/rocio-nahle-y-el-potencial-futuro-de-veracruz\/#primaryimage"},"thumbnailUrl":"https:\/\/i0.wp.com\/pulsecoder.com.mx\/wp-content\/uploads\/2023\/10\/Nahle.jpg?fit=1200%2C675&ssl=1","datePublished":"2023-11-11T19:30:00+00:00","dateModified":"2023-11-12T02:10:49+00:00","description":"Revista digital de innovaci\u00f3n, tecnolog\u00eda y sociedad de Xalapa M\u00e9xico. Grupo multidisciplinario, emprendedores digitales, comunidad tech.","inLanguage":"es","potentialAction":[{"@type":"ReadAction","target":["https:\/\/pulsecoder.com.mx\/index.php\/2023\/11\/11\/rocio-nahle-y-el-potencial-futuro-de-veracruz\/"]}]},{"@type":"ImageObject","inLanguage":"es","@id":"https:\/\/pulsecoder.com.mx\/index.php\/2023\/11\/11\/rocio-nahle-y-el-potencial-futuro-de-veracruz\/#primaryimage","url":"https:\/\/i0.wp.com\/pulsecoder.com.mx\/wp-content\/uploads\/2023\/10\/Nahle.jpg?fit=1200%2C675&ssl=1","contentUrl":"https:\/\/i0.wp.com\/pulsecoder.com.mx\/wp-content\/uploads\/2023\/10\/Nahle.jpg?fit=1200%2C675&ssl=1","width":1200,"height":675},{"@type":"WebSite","@id":"https:\/\/pulsecoder.com.mx\/#website","url":"https:\/\/pulsecoder.com.mx\/","name":"Pulsecoder","description":"Revista digital de tecnolog\u00eda, sociedad e Innovaci\u00f3n","publisher":{"@id":"https:\/\/pulsecoder.com.mx\/#organization"},"potentialAction":[{"@type":"SearchAction","target":{"@type":"EntryPoint","urlTemplate":"https:\/\/pulsecoder.com.mx\/?s={search_term_string}"},"query-input":{"@type":"PropertyValueSpecification","valueRequired":true,"valueName":"search_term_string"}}],"inLanguage":"es"},{"@type":"Organization","@id":"https:\/\/pulsecoder.com.mx\/#organization","name":"Pulse Coder Mx","url":"https:\/\/pulsecoder.com.mx\/","logo":{"@type":"ImageObject","inLanguage":"es","@id":"https:\/\/pulsecoder.com.mx\/#\/schema\/logo\/image\/","url":"https:\/\/i0.wp.com\/pulsecoder.com.mx\/wp-content\/uploads\/2021\/10\/Web.png?fit=2047%2C1024&ssl=1","contentUrl":"https:\/\/i0.wp.com\/pulsecoder.com.mx\/wp-content\/uploads\/2021\/10\/Web.png?fit=2047%2C1024&ssl=1","width":2047,"height":1024,"caption":"Pulse Coder Mx"},"image":{"@id":"https:\/\/pulsecoder.com.mx\/#\/schema\/logo\/image\/"},"sameAs":["https:\/\/www.facebook.com\/PulsecoderMx","https:\/\/x.com\/PulsecoderMx","https:\/\/www.instagram.com\/pulsecodermx\/","https:\/\/www.youtube.com\/channel\/UCci7xZRoiIxGpkwEljqfF9A"]},{"@type":"Person","@id":"https:\/\/pulsecoder.com.mx\/#\/schema\/person\/3b7ec413977e4116b59be466f6b5d25a","name":"Ismael Guzm\u00e1n","image":{"@type":"ImageObject","inLanguage":"es","@id":"https:\/\/pulsecoder.com.mx\/#\/schema\/person\/image\/","url":"https:\/\/secure.gravatar.com\/avatar\/9a10cab8115b61019922c2823d17de70?s=96&d=mm&r=g","contentUrl":"https:\/\/secure.gravatar.com\/avatar\/9a10cab8115b61019922c2823d17de70?s=96&d=mm&r=g","caption":"Ismael Guzm\u00e1n"},"description":"Fundador y Director de Pulse Coder. Escribe sobre digitalizaci\u00f3n, ciencia e innovaci\u00f3n tecnol\u00f3gica.","url":"https:\/\/pulsecoder.com.mx\/index.php\/author\/ismael-guzman\/"}]}},"jetpack_featured_media_url":"https:\/\/i0.wp.com\/pulsecoder.com.mx\/wp-content\/uploads\/2023\/10\/Nahle.jpg?fit=1200%2C675&ssl=1","jetpack_sharing_enabled":true,"amp_enabled":true,"_links":{"self":[{"href":"https:\/\/pulsecoder.com.mx\/index.php\/wp-json\/wp\/v2\/posts\/3825"}],"collection":[{"href":"https:\/\/pulsecoder.com.mx\/index.php\/wp-json\/wp\/v2\/posts"}],"about":[{"href":"https:\/\/pulsecoder.com.mx\/index.php\/wp-json\/wp\/v2\/types\/post"}],"author":[{"embeddable":true,"href":"https:\/\/pulsecoder.com.mx\/index.php\/wp-json\/wp\/v2\/users\/5"}],"replies":[{"embeddable":true,"href":"https:\/\/pulsecoder.com.mx\/index.php\/wp-json\/wp\/v2\/comments?post=3825"}],"version-history":[{"count":13,"href":"https:\/\/pulsecoder.com.mx\/index.php\/wp-json\/wp\/v2\/posts\/3825\/revisions"}],"predecessor-version":[{"id":3868,"href":"https:\/\/pulsecoder.com.mx\/index.php\/wp-json\/wp\/v2\/posts\/3825\/revisions\/3868"}],"wp:featuredmedia":[{"embeddable":true,"href":"https:\/\/pulsecoder.com.mx\/index.php\/wp-json\/wp\/v2\/media\/3826"}],"wp:attachment":[{"href":"https:\/\/pulsecoder.com.mx\/index.php\/wp-json\/wp\/v2\/media?parent=3825"}],"wp:term":[{"taxonomy":"category","embeddable":true,"href":"https:\/\/pulsecoder.com.mx\/index.php\/wp-json\/wp\/v2\/categories?post=3825"},{"taxonomy":"post_tag","embeddable":true,"href":"https:\/\/pulsecoder.com.mx\/index.php\/wp-json\/wp\/v2\/tags?post=3825"}],"curies":[{"name":"wp","href":"https:\/\/api.w.org\/{rel}","templated":true}]}}