{"id":3889,"date":"2023-12-13T10:21:00","date_gmt":"2023-12-13T16:21:00","guid":{"rendered":"https:\/\/pulsecoder.com.mx\/?p=3889"},"modified":"2024-01-08T22:39:05","modified_gmt":"2024-01-09T04:39:05","slug":"que-ha-resuelto-las-cumbres-climaticas-desde-su-origen","status":"publish","type":"post","link":"https:\/\/pulsecoder.com.mx\/index.php\/2023\/12\/13\/que-ha-resuelto-las-cumbres-climaticas-desde-su-origen\/","title":{"rendered":"\u00bfQu\u00e9 ha resuelto las cumbres clim\u00e1ticas desde su origen?"},"content":{"rendered":"<body>\n<p class=\"has-text-align-justify\">Han transcurrido veintiocho a\u00f1os de la primera conferencia anual sobre el cambio clim\u00e1tico. En un inicio, se le conoc\u00eda como <em>La Conferencia Anual sobre el Clima<\/em> y fue celebrada en Berl\u00edn en 1995.<\/p>\n\n\n\n<p class=\"has-text-align-justify\">Desde ese tiempo a la fecha, la humanidad podr\u00eda identificarse dentro de un escenario cercano al de un juego de futbol. En ese partido, nuestro rival -el cambio clim\u00e1tico- por desgracia, nos aventaja por un amplio marcador. La realidad no dice: perdemos el partido por goleada.<\/p>\n\n\n\n<p class=\"has-text-align-justify\">La evidencia cient\u00edfica es contundente. El a\u00f1o 2023 es ya, oficialmente, el a\u00f1o m\u00e1s caluroso de la historia. La variaci\u00f3n de la temperatura ambiente del planeta registro un aumento de 2\u00b0 Celsius en el promedio anual.<\/p>\n\n\n\n<p class=\"has-text-align-justify\">Pero m\u00e1s all\u00e1 de abordar nuestras obvias responsabilidades como humanidad, surge una clara pregunta \u00bfqu\u00e9 ha resuelto las cumbres clim\u00e1ticas desde su origen? \u00bfsirven de algo?<\/p>\n\n\n\n<h2 class=\"wp-block-heading\">1.5 grados y diferentes puntos de vista<\/h2>\n\n\n\n<p class=\"has-text-align-justify\">Con una gran cobertura medi\u00e1tica, la COP28 celebrada en Dub\u00e1i, Emiratos \u00c1rabes Unidos, por primera vez reuni\u00f3 a miles de participantes procedentes de los pa\u00edses no participantes. En est\u00e1 lista se encontraron los primeros grupos ind\u00edgenas del Amazonas, los representantes de las islas del Sur Pac\u00edfico, as\u00ed como las delegaciones de Uganda, Zambia y Pakist\u00e1n.<\/p>\n\n\n\n<p class=\"has-text-align-justify\">Realizado del 30 de noviembre hasta 12 diciembre, la COP28 estaba enmarcada como la conferencia clave para la revisi\u00f3n y evaluaci\u00f3n del programa del trabajo, firmado ocho a\u00f1os atr\u00e1s.<\/p>\n\n\n\n<p class=\"has-text-align-justify\">Desde el acuerdo de Par\u00eds <strong>[2015]<\/strong>, se inici\u00f3 una ronda de negociaciones y compromisos adquiridos por todas las naciones participantes con el objetivo de reducir gradualmente las emisiones de CO2 causantes del aumento de la temperatura planetaria. <\/p>\n\n\n\n<p class=\"has-text-align-justify\">La sensaci\u00f3n de emergencia, inclu\u00eda la eliminaci\u00f3n gradual de los combustibles f\u00f3siles en las siguientes d\u00e9cadas y, de esta manera, alcanzar la meta de emisiones cero para el a\u00f1o 2050.<\/p>\n\n\n\n<p class=\"has-text-align-justify\">Sin embargo, para no comprometer el modelo econ\u00f3mico vigente, a sabiendas de los riesgos ambientales futuros, se plantearon ambiciosas hip\u00f3tesis. La sustituci\u00f3n de la infraestructura actual basada en energ\u00edas de combustibles f\u00f3siles, pretende un cambio hacia las energ\u00edas renovables como la mayor apuesta desde la cumbre celebrada en la ciudad luz, ahora reafirmada en Dub\u00e1i. \u201cHemos sentado las bases para lograr un cambio hist\u00f3rico\u201d, afirm\u00f3 el Sultan Al Jaber presidente de la COP28.<\/p>\n\n\n\n<p class=\"has-text-align-justify\">No obstante, los acuerdos firmados por la comunidad internacional pudieran pecar de optimismo. Despu\u00e9s de casi una d\u00e9cada, el crecimiento econ\u00f3mico, tal y como lo conocemos, no ha sufrido ning\u00fan tipo de transformaci\u00f3n profunda. Disociar la producci\u00f3n energ\u00e9tica de la econ\u00f3mica, no ha permitido mejoras en los objetivos planteados.<\/p>\n\n\n\n<p class=\"has-text-align-justify\">El modelo econ\u00f3mico que impera, en gran medida, entr\u00f3 en contradicci\u00f3n con los planes de Par\u00eds. Un golpe de realidad que demuestra c\u00f3mo las naciones l\u00edderes no pretenden renunciar al nivel de desarrollo, riqueza y vida moderna gracias al petr\u00f3leo. Por lo tanto, limitar el calentamiento de la tierra estpa directamente ligado a la voluntad de los pa\u00edses m\u00e1s poderosos y quienes son los mayores generadores de emisiones. <\/p>\n\n\n\n<p class=\"has-text-align-justify\">La evaluaci\u00f3n desde la COP de Par\u00eds, tampoco plante\u00f3 un escenario cronol\u00f3gico de car\u00e1cter global con los eventos acontecidos en los \u00faltimos a\u00f1os; la crisis de salud planetaria a consecuencia del Covid-19; los conflictos b\u00e9licos entre Rusia y Ucrania; los atascos maritimos de las cadenas de suministro y por ende, la inflaci\u00f3n econ\u00f3mica. Una clara ense\u00f1anza que demuestra como, a ra\u00edz de los problemas globales, los objetivos medio ambientales por el planeta se ralentizan. <\/p>\n\n\n\n<p class=\"has-text-align-justify\">Hoy cada pa\u00eds tiene sus propias dificultades. Construir eficiencia en el sistema energ\u00e9tico del planeta y potenciar las tecnolog\u00edas renovables siempre se ha calificado con buenos ojos, pero m\u00e1s alla de los acuerdos, vulnera a los pa\u00edses pobres que no cuentan con el financiamiento adecuado, la capacidad de desarrollo y tecnolog\u00eda aplicada. As\u00ed mismo, las naciones que basan su econom\u00eda en producci\u00f3n de petr\u00f3leo, buscan matices que los lleve a la recuperaci\u00f3n econ\u00f3mica.<\/p>\n\n\n\n<p class=\"has-text-align-justify\">Muy al contrario, en ocho a\u00f1os desde lo acordado en Francia, se intensific\u00f3 las din\u00e1micas de consumo y producci\u00f3n en diversos ejes geogr\u00e1ficos y mercados -Norte Global- con el desarrollo de naciones vinculantes a las cadenas log\u00edsticas y suministro. La producci\u00f3n energ\u00e9tica, basada en combustibles f\u00f3siles, el gas de esquisto y la intensa industria a\u00e9rea, tuvieron un auge desde el 2021.<\/p>\n\n\n\n<p class=\"has-text-align-justify\">\u201cEl fracaso de las COP\u2019s se puede medir en t\u00e9rminos de desigualdad social. Son ricos -naciones- quienes emiten m\u00e1s CO2 y m\u00e1s consumen carbono. Son pobres quienes menos lo hacen. En esta desigualdad social y sustancial en el mundo de hoy, es la causa por la cu\u00e1l ha fracasado los objetivos del Acuerdo de Par\u00eds 2015\u201d, acus\u00f3 el presidente de Colombia, Gustavo Petro. <\/p>\n\n\n\n<hr class=\"wp-block-separator has-alpha-channel-opacity\">\n\n\n\n<figure class=\"wp-block-embed is-type-video is-provider-youtube wp-block-embed-youtube wp-embed-aspect-16-9 wp-has-aspect-ratio\"><div class=\"wp-block-embed__wrapper\">\n<iframe loading=\"lazy\" title=\"Intervenci\u00f3n en el marco de la COP28 - Dub\u00e1i, Emiratos \u00c1rabes Unidos.\" width=\"696\" height=\"392\" src=\"https:\/\/www.youtube.com\/embed\/3auQstHfHEc?feature=oembed\" frameborder=\"0\" allow=\"accelerometer; autoplay; clipboard-write; encrypted-media; gyroscope; picture-in-picture; web-share\" allowfullscreen><\/iframe>\n<\/div><figcaption class=\"wp-element-caption\">Intervenci\u00f3n del Presidente de Colombia Gustavo Petro en la COP28 de Dub\u00e1i.  <\/figcaption><\/figure>\n\n\n\n<hr class=\"wp-block-separator has-alpha-channel-opacity\">\n\n\n\n<p class=\"has-text-align-justify\">Las lecciones aprendidas reafirman que no basta la publicidad y la utop\u00eda. Los gobiernos del mundo est\u00e1n muy lejos de cumplir con la agenda marcada por las COP\u2019s y los criterios para alcanzar los objetivos que logren acotar el cambio clim\u00e1tico y las emisiones de carbono. <\/p>\n\n\n\n<p class=\"has-text-align-justify\">El acuerdo de Par\u00eds intento tocar muchas cosas que en teor\u00eda no se llevaron a la pr\u00e1ctica. Por fortuna, la cumbre de Dub\u00e1i sirve para la reconfiguraci\u00f3n de los criterios y reafirmar los objetivos a pesar de los obst\u00e1culos. Ya veremos entonces, si las cumbres son acciones aut\u00e9nticas o si solo son un intento para lavar la cara. <\/p>\n<\/body>","protected":false},"excerpt":{"rendered":"<p>Han transcurrido veintiocho a\u00f1os de la primera conferencia anual sobre el cambio clim\u00e1tico. En un inicio, se le conoc\u00eda como La Conferencia Anual sobre el Clima y fue celebrada en Berl\u00edn en 1995. Desde ese tiempo a la fecha, la humanidad podr\u00eda identificarse dentro de un escenario cercano al de un juego de futbol. En [&hellip;]<\/p>\n","protected":false},"author":6,"featured_media":3890,"comment_status":"open","ping_status":"open","sticky":false,"template":"","format":"standard","meta":{"_et_pb_use_builder":"","_et_pb_old_content":"","_et_gb_content_width":"","_monsterinsights_skip_tracking":false,"_jetpack_memberships_contains_paid_content":false,"footnotes":""},"categories":[28],"tags":[280,65,143,594,1596,1707,1706,157,101,352,842,160,500,1708,971],"class_list":["post-3889","post","type-post","status-publish","format-standard","has-post-thumbnail","hentry","category-medio-ambiente","tag-cadenas-de-suministro","tag-cambio-climatico","tag-co2","tag-conferencia","tag-cop28","tag-cumbre-por-el-clima","tag-dubai-2","tag-economia","tag-emisiones","tag-energia","tag-futuro","tag-mercado","tag-norte-global","tag-petroleo","tag-planeta"],"yoast_head":"<!-- This site is optimized with the Yoast SEO plugin v25.5 - https:\/\/yoast.com\/wordpress\/plugins\/seo\/ -->\n<title>\u00bfQu\u00e9 ha resuelto las cumbres clim\u00e1ticas desde su origen?<\/title>\n<meta name=\"description\" content=\"El 2023 es oficialmente el a\u00f1o m\u00e1s caluroso de la historia. La temperatura ambiente del planeta aumento de 2\u00b0 celcius al promedio anual.\" \/>\n<meta name=\"robots\" content=\"index, follow, max-snippet:-1, max-image-preview:large, max-video-preview:-1\" \/>\n<link rel=\"canonical\" href=\"https:\/\/pulsecoder.com.mx\/index.php\/2023\/12\/13\/que-ha-resuelto-las-cumbres-climaticas-desde-su-origen\/\" \/>\n<meta property=\"og:locale\" content=\"es_MX\" \/>\n<meta property=\"og:type\" content=\"article\" \/>\n<meta property=\"og:title\" content=\"\u00bfQu\u00e9 ha resuelto las cumbres clim\u00e1ticas desde su origen?\" \/>\n<meta property=\"og:description\" content=\"El 2023 es oficialmente el a\u00f1o m\u00e1s caluroso de la historia. La temperatura ambiente del planeta aumento de 2\u00b0 celcius al promedio anual.\" \/>\n<meta property=\"og:url\" content=\"https:\/\/pulsecoder.com.mx\/index.php\/2023\/12\/13\/que-ha-resuelto-las-cumbres-climaticas-desde-su-origen\/\" \/>\n<meta property=\"og:site_name\" content=\"Pulsecoder\" \/>\n<meta property=\"article:publisher\" content=\"https:\/\/www.facebook.com\/PulsecoderMx\" \/>\n<meta property=\"article:published_time\" content=\"2023-12-13T16:21:00+00:00\" \/>\n<meta property=\"article:modified_time\" content=\"2024-01-09T04:39:05+00:00\" \/>\n<meta property=\"og:image\" content=\"https:\/\/pulsecoder.com.mx\/wp-content\/uploads\/2024\/01\/Cop28_ejer.jpg\" \/>\n\t<meta property=\"og:image:width\" content=\"1200\" \/>\n\t<meta property=\"og:image:height\" content=\"675\" \/>\n\t<meta property=\"og:image:type\" content=\"image\/jpeg\" \/>\n<meta name=\"author\" content=\"Paula Campos\" \/>\n<meta name=\"twitter:card\" content=\"summary_large_image\" \/>\n<meta name=\"twitter:title\" content=\"\u00bfQu\u00e9 ha resuelto las cumbres clim\u00e1ticas desde su origen?\" \/>\n<meta name=\"twitter:description\" content=\"El 2023 es oficialmente el a\u00f1o m\u00e1s caluroso de la historia. La temperatura ambiente del planeta aumento de 2\u00b0 celcius al promedio anual.\" \/>\n<meta name=\"twitter:image\" content=\"https:\/\/i0.wp.com\/pulsecoder.com.mx\/wp-content\/uploads\/2024\/01\/Cop28_ejer.jpg?fit=1200%2C675&ssl=1\" \/>\n<meta name=\"twitter:creator\" content=\"@PulsecoderMx\" \/>\n<meta name=\"twitter:site\" content=\"@PulsecoderMx\" \/>\n<meta name=\"twitter:label1\" content=\"Escrito por\" \/>\n\t<meta name=\"twitter:data1\" content=\"Paula Campos\" \/>\n\t<meta name=\"twitter:label2\" content=\"Tiempo de lectura\" \/>\n\t<meta name=\"twitter:data2\" content=\"5 minutos\" \/>\n<script type=\"application\/ld+json\" class=\"yoast-schema-graph\">{\"@context\":\"https:\/\/schema.org\",\"@graph\":[{\"@type\":\"Article\",\"@id\":\"https:\/\/pulsecoder.com.mx\/index.php\/2023\/12\/13\/que-ha-resuelto-las-cumbres-climaticas-desde-su-origen\/#article\",\"isPartOf\":{\"@id\":\"https:\/\/pulsecoder.com.mx\/index.php\/2023\/12\/13\/que-ha-resuelto-las-cumbres-climaticas-desde-su-origen\/\"},\"author\":{\"name\":\"Paula Campos\",\"@id\":\"https:\/\/pulsecoder.com.mx\/#\/schema\/person\/ae96446d3a5965f0028dd5154d8c77b4\"},\"headline\":\"\u00bfQu\u00e9 ha resuelto las cumbres clim\u00e1ticas desde su origen?\",\"datePublished\":\"2023-12-13T16:21:00+00:00\",\"dateModified\":\"2024-01-09T04:39:05+00:00\",\"mainEntityOfPage\":{\"@id\":\"https:\/\/pulsecoder.com.mx\/index.php\/2023\/12\/13\/que-ha-resuelto-las-cumbres-climaticas-desde-su-origen\/\"},\"wordCount\":986,\"commentCount\":0,\"publisher\":{\"@id\":\"https:\/\/pulsecoder.com.mx\/#organization\"},\"image\":{\"@id\":\"https:\/\/pulsecoder.com.mx\/index.php\/2023\/12\/13\/que-ha-resuelto-las-cumbres-climaticas-desde-su-origen\/#primaryimage\"},\"thumbnailUrl\":\"https:\/\/i0.wp.com\/pulsecoder.com.mx\/wp-content\/uploads\/2024\/01\/Cop28_ejer.jpg?fit=1200%2C675&ssl=1\",\"keywords\":[\"Cadenas de suministro\",\"Cambio clim\u00e1tico\",\"CO2\",\"Conferencia\",\"COP28\",\"Cumbre por el clima\",\"Dub\u00e1i\",\"Econom\u00eda\",\"Emisiones\",\"Energ\u00eda\",\"Futuro\",\"Mercado\",\"Norte Global\",\"Petr\u00f3leo\",\"Planeta\"],\"articleSection\":[\"Medio Ambiente\"],\"inLanguage\":\"es\",\"potentialAction\":[{\"@type\":\"CommentAction\",\"name\":\"Comment\",\"target\":[\"https:\/\/pulsecoder.com.mx\/index.php\/2023\/12\/13\/que-ha-resuelto-las-cumbres-climaticas-desde-su-origen\/#respond\"]}]},{\"@type\":\"WebPage\",\"@id\":\"https:\/\/pulsecoder.com.mx\/index.php\/2023\/12\/13\/que-ha-resuelto-las-cumbres-climaticas-desde-su-origen\/\",\"url\":\"https:\/\/pulsecoder.com.mx\/index.php\/2023\/12\/13\/que-ha-resuelto-las-cumbres-climaticas-desde-su-origen\/\",\"name\":\"\u00bfQu\u00e9 ha resuelto las cumbres clim\u00e1ticas desde su origen?\",\"isPartOf\":{\"@id\":\"https:\/\/pulsecoder.com.mx\/#website\"},\"primaryImageOfPage\":{\"@id\":\"https:\/\/pulsecoder.com.mx\/index.php\/2023\/12\/13\/que-ha-resuelto-las-cumbres-climaticas-desde-su-origen\/#primaryimage\"},\"image\":{\"@id\":\"https:\/\/pulsecoder.com.mx\/index.php\/2023\/12\/13\/que-ha-resuelto-las-cumbres-climaticas-desde-su-origen\/#primaryimage\"},\"thumbnailUrl\":\"https:\/\/i0.wp.com\/pulsecoder.com.mx\/wp-content\/uploads\/2024\/01\/Cop28_ejer.jpg?fit=1200%2C675&ssl=1\",\"datePublished\":\"2023-12-13T16:21:00+00:00\",\"dateModified\":\"2024-01-09T04:39:05+00:00\",\"description\":\"El 2023 es oficialmente el a\u00f1o m\u00e1s caluroso de la historia. La temperatura ambiente del planeta aumento de 2\u00b0 celcius al promedio anual.\",\"inLanguage\":\"es\",\"potentialAction\":[{\"@type\":\"ReadAction\",\"target\":[\"https:\/\/pulsecoder.com.mx\/index.php\/2023\/12\/13\/que-ha-resuelto-las-cumbres-climaticas-desde-su-origen\/\"]}]},{\"@type\":\"ImageObject\",\"inLanguage\":\"es\",\"@id\":\"https:\/\/pulsecoder.com.mx\/index.php\/2023\/12\/13\/que-ha-resuelto-las-cumbres-climaticas-desde-su-origen\/#primaryimage\",\"url\":\"https:\/\/i0.wp.com\/pulsecoder.com.mx\/wp-content\/uploads\/2024\/01\/Cop28_ejer.jpg?fit=1200%2C675&ssl=1\",\"contentUrl\":\"https:\/\/i0.wp.com\/pulsecoder.com.mx\/wp-content\/uploads\/2024\/01\/Cop28_ejer.jpg?fit=1200%2C675&ssl=1\",\"width\":1200,\"height\":675},{\"@type\":\"WebSite\",\"@id\":\"https:\/\/pulsecoder.com.mx\/#website\",\"url\":\"https:\/\/pulsecoder.com.mx\/\",\"name\":\"Pulsecoder\",\"description\":\"Revista digital de tecnolog\u00eda, sociedad e Innovaci\u00f3n\",\"publisher\":{\"@id\":\"https:\/\/pulsecoder.com.mx\/#organization\"},\"potentialAction\":[{\"@type\":\"SearchAction\",\"target\":{\"@type\":\"EntryPoint\",\"urlTemplate\":\"https:\/\/pulsecoder.com.mx\/?s={search_term_string}\"},\"query-input\":{\"@type\":\"PropertyValueSpecification\",\"valueRequired\":true,\"valueName\":\"search_term_string\"}}],\"inLanguage\":\"es\"},{\"@type\":\"Organization\",\"@id\":\"https:\/\/pulsecoder.com.mx\/#organization\",\"name\":\"Pulse Coder Mx\",\"url\":\"https:\/\/pulsecoder.com.mx\/\",\"logo\":{\"@type\":\"ImageObject\",\"inLanguage\":\"es\",\"@id\":\"https:\/\/pulsecoder.com.mx\/#\/schema\/logo\/image\/\",\"url\":\"https:\/\/i0.wp.com\/pulsecoder.com.mx\/wp-content\/uploads\/2021\/10\/Web.png?fit=2047%2C1024&ssl=1\",\"contentUrl\":\"https:\/\/i0.wp.com\/pulsecoder.com.mx\/wp-content\/uploads\/2021\/10\/Web.png?fit=2047%2C1024&ssl=1\",\"width\":2047,\"height\":1024,\"caption\":\"Pulse Coder Mx\"},\"image\":{\"@id\":\"https:\/\/pulsecoder.com.mx\/#\/schema\/logo\/image\/\"},\"sameAs\":[\"https:\/\/www.facebook.com\/PulsecoderMx\",\"https:\/\/x.com\/PulsecoderMx\",\"https:\/\/www.instagram.com\/pulsecodermx\/\",\"https:\/\/www.youtube.com\/channel\/UCci7xZRoiIxGpkwEljqfF9A\"]},{\"@type\":\"Person\",\"@id\":\"https:\/\/pulsecoder.com.mx\/#\/schema\/person\/ae96446d3a5965f0028dd5154d8c77b4\",\"name\":\"Paula Campos\",\"image\":{\"@type\":\"ImageObject\",\"inLanguage\":\"es\",\"@id\":\"https:\/\/pulsecoder.com.mx\/#\/schema\/person\/image\/\",\"url\":\"https:\/\/secure.gravatar.com\/avatar\/e1ab72df5f67809d6c753f9b51cc4fa9?s=96&d=mm&r=g\",\"contentUrl\":\"https:\/\/secure.gravatar.com\/avatar\/e1ab72df5f67809d6c753f9b51cc4fa9?s=96&d=mm&r=g\",\"caption\":\"Paula Campos\"},\"description\":\"Cofundadora y Articulista de Pulse Coder. Enfocada en t\u00f3picos sobre el medio ambiente, bienestar y pol\u00edticas ambientales.\",\"url\":\"https:\/\/pulsecoder.com.mx\/index.php\/author\/paula-campos\/\"}]}<\/script>\n<!-- \/ Yoast SEO plugin. -->","yoast_head_json":{"title":"\u00bfQu\u00e9 ha resuelto las cumbres clim\u00e1ticas desde su origen?","description":"El 2023 es oficialmente el a\u00f1o m\u00e1s caluroso de la historia. La temperatura ambiente del planeta aumento de 2\u00b0 celcius al promedio anual.","robots":{"index":"index","follow":"follow","max-snippet":"max-snippet:-1","max-image-preview":"max-image-preview:large","max-video-preview":"max-video-preview:-1"},"canonical":"https:\/\/pulsecoder.com.mx\/index.php\/2023\/12\/13\/que-ha-resuelto-las-cumbres-climaticas-desde-su-origen\/","og_locale":"es_MX","og_type":"article","og_title":"\u00bfQu\u00e9 ha resuelto las cumbres clim\u00e1ticas desde su origen?","og_description":"El 2023 es oficialmente el a\u00f1o m\u00e1s caluroso de la historia. La temperatura ambiente del planeta aumento de 2\u00b0 celcius al promedio anual.","og_url":"https:\/\/pulsecoder.com.mx\/index.php\/2023\/12\/13\/que-ha-resuelto-las-cumbres-climaticas-desde-su-origen\/","og_site_name":"Pulsecoder","article_publisher":"https:\/\/www.facebook.com\/PulsecoderMx","article_published_time":"2023-12-13T16:21:00+00:00","article_modified_time":"2024-01-09T04:39:05+00:00","og_image":[{"width":1200,"height":675,"url":"https:\/\/pulsecoder.com.mx\/wp-content\/uploads\/2024\/01\/Cop28_ejer.jpg","type":"image\/jpeg"}],"author":"Paula Campos","twitter_card":"summary_large_image","twitter_title":"\u00bfQu\u00e9 ha resuelto las cumbres clim\u00e1ticas desde su origen?","twitter_description":"El 2023 es oficialmente el a\u00f1o m\u00e1s caluroso de la historia. La temperatura ambiente del planeta aumento de 2\u00b0 celcius al promedio anual.","twitter_image":"https:\/\/i0.wp.com\/pulsecoder.com.mx\/wp-content\/uploads\/2024\/01\/Cop28_ejer.jpg?fit=1200%2C675&ssl=1","twitter_creator":"@PulsecoderMx","twitter_site":"@PulsecoderMx","twitter_misc":{"Escrito por":"Paula Campos","Tiempo de lectura":"5 minutos"},"schema":{"@context":"https:\/\/schema.org","@graph":[{"@type":"Article","@id":"https:\/\/pulsecoder.com.mx\/index.php\/2023\/12\/13\/que-ha-resuelto-las-cumbres-climaticas-desde-su-origen\/#article","isPartOf":{"@id":"https:\/\/pulsecoder.com.mx\/index.php\/2023\/12\/13\/que-ha-resuelto-las-cumbres-climaticas-desde-su-origen\/"},"author":{"name":"Paula Campos","@id":"https:\/\/pulsecoder.com.mx\/#\/schema\/person\/ae96446d3a5965f0028dd5154d8c77b4"},"headline":"\u00bfQu\u00e9 ha resuelto las cumbres clim\u00e1ticas desde su origen?","datePublished":"2023-12-13T16:21:00+00:00","dateModified":"2024-01-09T04:39:05+00:00","mainEntityOfPage":{"@id":"https:\/\/pulsecoder.com.mx\/index.php\/2023\/12\/13\/que-ha-resuelto-las-cumbres-climaticas-desde-su-origen\/"},"wordCount":986,"commentCount":0,"publisher":{"@id":"https:\/\/pulsecoder.com.mx\/#organization"},"image":{"@id":"https:\/\/pulsecoder.com.mx\/index.php\/2023\/12\/13\/que-ha-resuelto-las-cumbres-climaticas-desde-su-origen\/#primaryimage"},"thumbnailUrl":"https:\/\/i0.wp.com\/pulsecoder.com.mx\/wp-content\/uploads\/2024\/01\/Cop28_ejer.jpg?fit=1200%2C675&ssl=1","keywords":["Cadenas de suministro","Cambio clim\u00e1tico","CO2","Conferencia","COP28","Cumbre por el clima","Dub\u00e1i","Econom\u00eda","Emisiones","Energ\u00eda","Futuro","Mercado","Norte Global","Petr\u00f3leo","Planeta"],"articleSection":["Medio Ambiente"],"inLanguage":"es","potentialAction":[{"@type":"CommentAction","name":"Comment","target":["https:\/\/pulsecoder.com.mx\/index.php\/2023\/12\/13\/que-ha-resuelto-las-cumbres-climaticas-desde-su-origen\/#respond"]}]},{"@type":"WebPage","@id":"https:\/\/pulsecoder.com.mx\/index.php\/2023\/12\/13\/que-ha-resuelto-las-cumbres-climaticas-desde-su-origen\/","url":"https:\/\/pulsecoder.com.mx\/index.php\/2023\/12\/13\/que-ha-resuelto-las-cumbres-climaticas-desde-su-origen\/","name":"\u00bfQu\u00e9 ha resuelto las cumbres clim\u00e1ticas desde su origen?","isPartOf":{"@id":"https:\/\/pulsecoder.com.mx\/#website"},"primaryImageOfPage":{"@id":"https:\/\/pulsecoder.com.mx\/index.php\/2023\/12\/13\/que-ha-resuelto-las-cumbres-climaticas-desde-su-origen\/#primaryimage"},"image":{"@id":"https:\/\/pulsecoder.com.mx\/index.php\/2023\/12\/13\/que-ha-resuelto-las-cumbres-climaticas-desde-su-origen\/#primaryimage"},"thumbnailUrl":"https:\/\/i0.wp.com\/pulsecoder.com.mx\/wp-content\/uploads\/2024\/01\/Cop28_ejer.jpg?fit=1200%2C675&ssl=1","datePublished":"2023-12-13T16:21:00+00:00","dateModified":"2024-01-09T04:39:05+00:00","description":"El 2023 es oficialmente el a\u00f1o m\u00e1s caluroso de la historia. La temperatura ambiente del planeta aumento de 2\u00b0 celcius al promedio anual.","inLanguage":"es","potentialAction":[{"@type":"ReadAction","target":["https:\/\/pulsecoder.com.mx\/index.php\/2023\/12\/13\/que-ha-resuelto-las-cumbres-climaticas-desde-su-origen\/"]}]},{"@type":"ImageObject","inLanguage":"es","@id":"https:\/\/pulsecoder.com.mx\/index.php\/2023\/12\/13\/que-ha-resuelto-las-cumbres-climaticas-desde-su-origen\/#primaryimage","url":"https:\/\/i0.wp.com\/pulsecoder.com.mx\/wp-content\/uploads\/2024\/01\/Cop28_ejer.jpg?fit=1200%2C675&ssl=1","contentUrl":"https:\/\/i0.wp.com\/pulsecoder.com.mx\/wp-content\/uploads\/2024\/01\/Cop28_ejer.jpg?fit=1200%2C675&ssl=1","width":1200,"height":675},{"@type":"WebSite","@id":"https:\/\/pulsecoder.com.mx\/#website","url":"https:\/\/pulsecoder.com.mx\/","name":"Pulsecoder","description":"Revista digital de tecnolog\u00eda, sociedad e Innovaci\u00f3n","publisher":{"@id":"https:\/\/pulsecoder.com.mx\/#organization"},"potentialAction":[{"@type":"SearchAction","target":{"@type":"EntryPoint","urlTemplate":"https:\/\/pulsecoder.com.mx\/?s={search_term_string}"},"query-input":{"@type":"PropertyValueSpecification","valueRequired":true,"valueName":"search_term_string"}}],"inLanguage":"es"},{"@type":"Organization","@id":"https:\/\/pulsecoder.com.mx\/#organization","name":"Pulse Coder Mx","url":"https:\/\/pulsecoder.com.mx\/","logo":{"@type":"ImageObject","inLanguage":"es","@id":"https:\/\/pulsecoder.com.mx\/#\/schema\/logo\/image\/","url":"https:\/\/i0.wp.com\/pulsecoder.com.mx\/wp-content\/uploads\/2021\/10\/Web.png?fit=2047%2C1024&ssl=1","contentUrl":"https:\/\/i0.wp.com\/pulsecoder.com.mx\/wp-content\/uploads\/2021\/10\/Web.png?fit=2047%2C1024&ssl=1","width":2047,"height":1024,"caption":"Pulse Coder Mx"},"image":{"@id":"https:\/\/pulsecoder.com.mx\/#\/schema\/logo\/image\/"},"sameAs":["https:\/\/www.facebook.com\/PulsecoderMx","https:\/\/x.com\/PulsecoderMx","https:\/\/www.instagram.com\/pulsecodermx\/","https:\/\/www.youtube.com\/channel\/UCci7xZRoiIxGpkwEljqfF9A"]},{"@type":"Person","@id":"https:\/\/pulsecoder.com.mx\/#\/schema\/person\/ae96446d3a5965f0028dd5154d8c77b4","name":"Paula Campos","image":{"@type":"ImageObject","inLanguage":"es","@id":"https:\/\/pulsecoder.com.mx\/#\/schema\/person\/image\/","url":"https:\/\/secure.gravatar.com\/avatar\/e1ab72df5f67809d6c753f9b51cc4fa9?s=96&d=mm&r=g","contentUrl":"https:\/\/secure.gravatar.com\/avatar\/e1ab72df5f67809d6c753f9b51cc4fa9?s=96&d=mm&r=g","caption":"Paula Campos"},"description":"Cofundadora y Articulista de Pulse Coder. Enfocada en t\u00f3picos sobre el medio ambiente, bienestar y pol\u00edticas ambientales.","url":"https:\/\/pulsecoder.com.mx\/index.php\/author\/paula-campos\/"}]}},"jetpack_featured_media_url":"https:\/\/i0.wp.com\/pulsecoder.com.mx\/wp-content\/uploads\/2024\/01\/Cop28_ejer.jpg?fit=1200%2C675&ssl=1","jetpack_sharing_enabled":true,"amp_enabled":true,"_links":{"self":[{"href":"https:\/\/pulsecoder.com.mx\/index.php\/wp-json\/wp\/v2\/posts\/3889"}],"collection":[{"href":"https:\/\/pulsecoder.com.mx\/index.php\/wp-json\/wp\/v2\/posts"}],"about":[{"href":"https:\/\/pulsecoder.com.mx\/index.php\/wp-json\/wp\/v2\/types\/post"}],"author":[{"embeddable":true,"href":"https:\/\/pulsecoder.com.mx\/index.php\/wp-json\/wp\/v2\/users\/6"}],"replies":[{"embeddable":true,"href":"https:\/\/pulsecoder.com.mx\/index.php\/wp-json\/wp\/v2\/comments?post=3889"}],"version-history":[{"count":1,"href":"https:\/\/pulsecoder.com.mx\/index.php\/wp-json\/wp\/v2\/posts\/3889\/revisions"}],"predecessor-version":[{"id":3891,"href":"https:\/\/pulsecoder.com.mx\/index.php\/wp-json\/wp\/v2\/posts\/3889\/revisions\/3891"}],"wp:featuredmedia":[{"embeddable":true,"href":"https:\/\/pulsecoder.com.mx\/index.php\/wp-json\/wp\/v2\/media\/3890"}],"wp:attachment":[{"href":"https:\/\/pulsecoder.com.mx\/index.php\/wp-json\/wp\/v2\/media?parent=3889"}],"wp:term":[{"taxonomy":"category","embeddable":true,"href":"https:\/\/pulsecoder.com.mx\/index.php\/wp-json\/wp\/v2\/categories?post=3889"},{"taxonomy":"post_tag","embeddable":true,"href":"https:\/\/pulsecoder.com.mx\/index.php\/wp-json\/wp\/v2\/tags?post=3889"}],"curies":[{"name":"wp","href":"https:\/\/api.w.org\/{rel}","templated":true}]}}