{"id":3923,"date":"2024-01-02T12:40:00","date_gmt":"2024-01-02T18:40:00","guid":{"rendered":"https:\/\/pulsecoder.com.mx\/?p=3923"},"modified":"2024-01-23T18:38:33","modified_gmt":"2024-01-24T00:38:33","slug":"la-inteligencia-artificial-un-problema-etico-en-el-proceso-educativo","status":"publish","type":"post","link":"https:\/\/pulsecoder.com.mx\/index.php\/2024\/01\/02\/la-inteligencia-artificial-un-problema-etico-en-el-proceso-educativo\/","title":{"rendered":"La Inteligencia Artificial: un problema \u00e9tico en el proceso educativo"},"content":{"rendered":"<body>\n<h2 class=\"wp-block-heading\">El proceso educativo<\/h2>\n\n\n\n<p class=\"has-text-align-justify\">Apreciable lector, el <strong>proceso educativo<\/strong> se explica como la relaci\u00f3n que existe entre la educaci\u00f3n, la instrucci\u00f3n, la ense\u00f1anza y el aprendizaje, teniendo como prop\u00f3sito el desarrollo de la personalidad del educando para una vida social, y persigue la adquisici\u00f3n de buenos h\u00e1bitos que se reflejaran en la familia, el trabajo y el entorno.<\/p>\n\n\n\n<h2 class=\"wp-block-heading\">El plagio<\/h2>\n\n\n\n<p class=\"has-text-align-justify\">Los profesores de los diferentes niveles educativos se enfrentan al <strong>plagio<\/strong>, de acuerdo con el diccionario de la Lengua Espa\u00f1ola de la Real Academia, la palabra plagio viene del lat\u00edn tard\u00edo \u201c<strong><em>plagium<\/em><\/strong>, acci\u00f3n de robar esclavos, acci\u00f3n de comprar o vender como esclavos a personas libres\u201d el mismo diccionario se\u00f1ala que la palabra <strong>plagiar<\/strong> es un verbo que se significa: \u201cCopiar\u00a0en\u00a0lo\u00a0sustancial\u00a0obras\u00a0ajenas,\u00a0d\u00e1ndolas\u00a0como\u00a0propias\u201d, y el plagiar tienen los sin\u00f3nimos de \u201ccopiar,\u00a0reproducir,\u00a0imitar,\u00a0calcar,\u00a0fusilar\u201d.<\/p>\n\n\n\n<p class=\"has-text-align-justify\">EL plagio se ha vuelto un problema may\u00fasculo, debido a que se copian desde tareas muy sencillas hasta tesis doctorales, tenemos varios ejemplos en M\u00e9xico de figuras p\u00fablicas que han plagiado sus tesis de licenciatura, maestr\u00eda y doctorado.<\/p>\n\n\n\n<h2 class=\"wp-block-heading\">La inteligencia artificial<\/h2>\n\n\n\n<p class=\"has-text-align-justify\">Como profesor universitario utilizamos las tecnolog\u00edas de la informaci\u00f3n y comunicaci\u00f3n (T.I.C.) disponibles para mejorar los procesos pedag\u00f3gicos sin embargo, hay un problema \u00e9tico y educativo que observo en el <strong>uso inadecuado de \u00e9stas tecnolog\u00edas<\/strong> por ejemplo, al utilizar la <strong>Inteligencia Artificial<\/strong> (I.A.) como medio para elaborar tareas, ensayos y todo tipo de trabajos, <strong>los cuales no son propios<\/strong> incidiendo de forma negativa en el alumno, mismo que al educando no le permite obtener una maduraci\u00f3n de sus habilidades de pensamiento, la resoluci\u00f3n de problemas, obtener una actitud cr\u00edtica y un adecuado an\u00e1lisis de los objetos de estudio.\u00a0 \u00a0<\/p>\n\n\n\n<h2 class=\"wp-block-heading\">El plagio un problema \u00e9tico y moral<\/h2>\n\n\n\n<p class=\"has-text-align-justify\">Nos encontramos con trabajos plagiados por los alumnos de forma constante, en donde hay un problema \u00e9tico de quien los realiza, se ha convertido en una mala pr\u00e1ctica acad\u00e9mica; los alumnos no desarrollan todo su potencial. <strong>La inteligencia artificial<\/strong> y las <strong>tecnolog\u00edas se deben utilizar como fuentes de informaci\u00f3n y no como herramientas para plagiar<\/strong>.<\/p>\n\n\n\n<h2 class=\"wp-block-heading\">Que se entiende por \u00e9tica y moral<\/h2>\n\n\n\n<p class=\"has-text-align-justify\">En este sentido, Soto y C\u00e1rdenas (2007) define a la <strong>\u00e9tica<\/strong> como parte de la filosof\u00eda, la cual trata de la moral y de las <strong>obligaciones del hombre<\/strong> en un aspecto te\u00f3rico; por otra parte, la <strong>moral <\/strong>se explica como la ciencia que trata del <strong>bien en general<\/strong> y de las <strong>acciones humanas<\/strong> en orden de su bondad o malicia, en concreto, la moral tiende m\u00e1s hacia la pr\u00e1ctica.<\/p>\n\n\n\n<h2 class=\"wp-block-heading\"><strong>\u00bfQu\u00e9 podemos hacer para resolver el problema del plagio?<\/strong><\/h2>\n\n\n\n<p class=\"has-text-align-justify\">C\u00f3mo todo problema complejo, se debe de abordar desde diferentes perspectivas, una de ellas es la social que incluye a <strong>la familia,<\/strong> \u00e9sta incide significativamente en la conducta de los ni\u00f1os y j\u00f3venes; en la familia se debe favorecer la ense\u00f1anza y el ejemplo de los valores personales; valores sociales, valores religiosos y valores humanos como el respeto, la honestidad, la justicia, la tolerancia, el amor, la empat\u00eda, la generosidad, el perd\u00f3n y la responsabilidad.<\/p>\n\n\n\n<p class=\"has-text-align-justify\">Otro aspecto para abordar el problema, es impulsar la <strong>ense\u00f1anza<\/strong> de la <strong>\u00e9tica y moral<\/strong> desde los primeros a\u00f1os de estudio hasta la educaci\u00f3n superior, en donde los profesionistas egresados de los diferentes centros de estudio, puedan abordar de una mejor forma los dilemas \u00e9ticos que se enfrentar\u00e1n en su vida social y laboral, <strong>buscando siempre la construcci\u00f3n de un mejor pa\u00eds<\/strong>.<\/p>\n\n\n\n<hr class=\"wp-block-separator has-alpha-channel-opacity\">\n\n\n\n<p>Para conocer m\u00e1s:<\/p>\n\n\n\n<p>Diccionario de la Lengua Espa\u00f1ola de la Real Academia.<\/p>\n\n\n\n<p>Eduardo Soto Pineda y Jos\u00e9 Antonio C\u00e1rdenas. \u00c9tica en las Organizaciones. Edit. McGraw Hill. 2007.<\/p>\n\n\n\n<p>Las Habilidades Cognitivas en la Escuela. Pagina Educativa: http:\/\/www.talentosparalavida.com\/PagEduc\/PagEduc21.pdf<\/p>\n<\/body>","protected":false},"excerpt":{"rendered":"<p>El proceso educativo Apreciable lector, el proceso educativo se explica como la relaci\u00f3n que existe entre la educaci\u00f3n, la instrucci\u00f3n, la ense\u00f1anza y el aprendizaje, teniendo como prop\u00f3sito el desarrollo de la personalidad del educando para una vida social, y persigue la adquisici\u00f3n de buenos h\u00e1bitos que se reflejaran en la familia, el trabajo y [&hellip;]<\/p>\n","protected":false},"author":9,"featured_media":3924,"comment_status":"open","ping_status":"open","sticky":false,"template":"","format":"standard","meta":{"_et_pb_use_builder":"off","_et_pb_old_content":"","_et_gb_content_width":"","_monsterinsights_skip_tracking":false,"_jetpack_memberships_contains_paid_content":false,"footnotes":""},"categories":[128],"tags":[134,1582,1176,1351,842,73,1729],"class_list":["post-3923","post","type-post","status-publish","format-standard","has-post-thumbnail","hentry","category-educacion","tag-educacion","tag-ensenanza","tag-estudiante","tag-etica","tag-futuro","tag-inteligencia-artificial","tag-plagio"],"yoast_head":"<!-- This site is optimized with the Yoast SEO plugin v25.5 - https:\/\/yoast.com\/wordpress\/plugins\/seo\/ -->\n<title>La Inteligencia Artificial: un problema \u00e9tico en el proceso educativo<\/title>\n<meta name=\"description\" content=\"Para el uso de la IA se debe Impulsar la ense\u00f1anza de la \u00e9tica y moral desde los primeros a\u00f1os de estudio y hasta la educaci\u00f3n superior\" \/>\n<meta name=\"robots\" content=\"index, follow, max-snippet:-1, max-image-preview:large, max-video-preview:-1\" \/>\n<link rel=\"canonical\" href=\"https:\/\/pulsecoder.com.mx\/index.php\/2024\/01\/02\/la-inteligencia-artificial-un-problema-etico-en-el-proceso-educativo\/\" \/>\n<meta property=\"og:locale\" content=\"es_MX\" \/>\n<meta property=\"og:type\" content=\"article\" \/>\n<meta property=\"og:title\" content=\"La Inteligencia Artificial: un problema \u00e9tico en el proceso educativo\" \/>\n<meta property=\"og:description\" content=\"Para el uso de la IA se debe Impulsar la ense\u00f1anza de la \u00e9tica y moral desde los primeros a\u00f1os de estudio y hasta la educaci\u00f3n superior\" \/>\n<meta property=\"og:url\" content=\"https:\/\/pulsecoder.com.mx\/index.php\/2024\/01\/02\/la-inteligencia-artificial-un-problema-etico-en-el-proceso-educativo\/\" \/>\n<meta property=\"og:site_name\" content=\"Pulsecoder\" \/>\n<meta property=\"article:publisher\" content=\"https:\/\/www.facebook.com\/PulsecoderMx\" \/>\n<meta property=\"article:published_time\" content=\"2024-01-02T18:40:00+00:00\" \/>\n<meta property=\"article:modified_time\" content=\"2024-01-24T00:38:33+00:00\" \/>\n<meta property=\"og:image\" content=\"https:\/\/pulsecoder.com.mx\/wp-content\/uploads\/2024\/01\/IA_etica.jpg\" \/>\n\t<meta property=\"og:image:width\" content=\"1200\" \/>\n\t<meta property=\"og:image:height\" content=\"675\" \/>\n\t<meta property=\"og:image:type\" content=\"image\/jpeg\" \/>\n<meta name=\"author\" content=\"Ricardo Ortega Santana\" \/>\n<meta name=\"twitter:card\" content=\"summary_large_image\" \/>\n<meta name=\"twitter:title\" content=\"La Inteligencia Artificial: un problema \u00e9tico en el proceso educativo\" \/>\n<meta name=\"twitter:description\" content=\"Para el uso de la IA se debe Impulsar la ense\u00f1anza de la \u00e9tica y moral desde los primeros a\u00f1os de estudio y hasta la educaci\u00f3n superior\" \/>\n<meta name=\"twitter:image\" content=\"https:\/\/i0.wp.com\/pulsecoder.com.mx\/wp-content\/uploads\/2024\/01\/IA_etica.jpg?fit=1200%2C675&ssl=1\" \/>\n<meta name=\"twitter:creator\" content=\"@PulsecoderMx\" \/>\n<meta name=\"twitter:site\" content=\"@PulsecoderMx\" \/>\n<meta name=\"twitter:label1\" content=\"Escrito por\" \/>\n\t<meta name=\"twitter:data1\" content=\"Ricardo Ortega Santana\" \/>\n\t<meta name=\"twitter:label2\" content=\"Tiempo de lectura\" \/>\n\t<meta name=\"twitter:data2\" content=\"3 minutos\" \/>\n<script type=\"application\/ld+json\" class=\"yoast-schema-graph\">{\"@context\":\"https:\/\/schema.org\",\"@graph\":[{\"@type\":\"Article\",\"@id\":\"https:\/\/pulsecoder.com.mx\/index.php\/2024\/01\/02\/la-inteligencia-artificial-un-problema-etico-en-el-proceso-educativo\/#article\",\"isPartOf\":{\"@id\":\"https:\/\/pulsecoder.com.mx\/index.php\/2024\/01\/02\/la-inteligencia-artificial-un-problema-etico-en-el-proceso-educativo\/\"},\"author\":{\"name\":\"Ricardo Ortega Santana\",\"@id\":\"https:\/\/pulsecoder.com.mx\/#\/schema\/person\/7d15cb693f2a6c95afb346295349ebb1\"},\"headline\":\"La Inteligencia Artificial: un problema \u00e9tico en el proceso educativo\",\"datePublished\":\"2024-01-02T18:40:00+00:00\",\"dateModified\":\"2024-01-24T00:38:33+00:00\",\"mainEntityOfPage\":{\"@id\":\"https:\/\/pulsecoder.com.mx\/index.php\/2024\/01\/02\/la-inteligencia-artificial-un-problema-etico-en-el-proceso-educativo\/\"},\"wordCount\":680,\"commentCount\":0,\"publisher\":{\"@id\":\"https:\/\/pulsecoder.com.mx\/#organization\"},\"image\":{\"@id\":\"https:\/\/pulsecoder.com.mx\/index.php\/2024\/01\/02\/la-inteligencia-artificial-un-problema-etico-en-el-proceso-educativo\/#primaryimage\"},\"thumbnailUrl\":\"https:\/\/i0.wp.com\/pulsecoder.com.mx\/wp-content\/uploads\/2024\/01\/IA_etica.jpg?fit=1200%2C675&ssl=1\",\"keywords\":[\"Educaci\u00f3n\",\"Ense\u00f1anza\",\"Estudiante\",\"\u00c9tica\",\"Futuro\",\"Inteligencia Artificial\",\"Plagio\"],\"articleSection\":[\"Educaci\u00f3n\"],\"inLanguage\":\"es\",\"potentialAction\":[{\"@type\":\"CommentAction\",\"name\":\"Comment\",\"target\":[\"https:\/\/pulsecoder.com.mx\/index.php\/2024\/01\/02\/la-inteligencia-artificial-un-problema-etico-en-el-proceso-educativo\/#respond\"]}]},{\"@type\":\"WebPage\",\"@id\":\"https:\/\/pulsecoder.com.mx\/index.php\/2024\/01\/02\/la-inteligencia-artificial-un-problema-etico-en-el-proceso-educativo\/\",\"url\":\"https:\/\/pulsecoder.com.mx\/index.php\/2024\/01\/02\/la-inteligencia-artificial-un-problema-etico-en-el-proceso-educativo\/\",\"name\":\"La Inteligencia Artificial: un problema \u00e9tico en el proceso educativo\",\"isPartOf\":{\"@id\":\"https:\/\/pulsecoder.com.mx\/#website\"},\"primaryImageOfPage\":{\"@id\":\"https:\/\/pulsecoder.com.mx\/index.php\/2024\/01\/02\/la-inteligencia-artificial-un-problema-etico-en-el-proceso-educativo\/#primaryimage\"},\"image\":{\"@id\":\"https:\/\/pulsecoder.com.mx\/index.php\/2024\/01\/02\/la-inteligencia-artificial-un-problema-etico-en-el-proceso-educativo\/#primaryimage\"},\"thumbnailUrl\":\"https:\/\/i0.wp.com\/pulsecoder.com.mx\/wp-content\/uploads\/2024\/01\/IA_etica.jpg?fit=1200%2C675&ssl=1\",\"datePublished\":\"2024-01-02T18:40:00+00:00\",\"dateModified\":\"2024-01-24T00:38:33+00:00\",\"description\":\"Para el uso de la IA se debe Impulsar la ense\u00f1anza de la \u00e9tica y moral desde los primeros a\u00f1os de estudio y hasta la educaci\u00f3n superior\",\"inLanguage\":\"es\",\"potentialAction\":[{\"@type\":\"ReadAction\",\"target\":[\"https:\/\/pulsecoder.com.mx\/index.php\/2024\/01\/02\/la-inteligencia-artificial-un-problema-etico-en-el-proceso-educativo\/\"]}]},{\"@type\":\"ImageObject\",\"inLanguage\":\"es\",\"@id\":\"https:\/\/pulsecoder.com.mx\/index.php\/2024\/01\/02\/la-inteligencia-artificial-un-problema-etico-en-el-proceso-educativo\/#primaryimage\",\"url\":\"https:\/\/i0.wp.com\/pulsecoder.com.mx\/wp-content\/uploads\/2024\/01\/IA_etica.jpg?fit=1200%2C675&ssl=1\",\"contentUrl\":\"https:\/\/i0.wp.com\/pulsecoder.com.mx\/wp-content\/uploads\/2024\/01\/IA_etica.jpg?fit=1200%2C675&ssl=1\",\"width\":1200,\"height\":675},{\"@type\":\"WebSite\",\"@id\":\"https:\/\/pulsecoder.com.mx\/#website\",\"url\":\"https:\/\/pulsecoder.com.mx\/\",\"name\":\"Pulsecoder\",\"description\":\"Revista digital de tecnolog\u00eda, sociedad e Innovaci\u00f3n\",\"publisher\":{\"@id\":\"https:\/\/pulsecoder.com.mx\/#organization\"},\"potentialAction\":[{\"@type\":\"SearchAction\",\"target\":{\"@type\":\"EntryPoint\",\"urlTemplate\":\"https:\/\/pulsecoder.com.mx\/?s={search_term_string}\"},\"query-input\":{\"@type\":\"PropertyValueSpecification\",\"valueRequired\":true,\"valueName\":\"search_term_string\"}}],\"inLanguage\":\"es\"},{\"@type\":\"Organization\",\"@id\":\"https:\/\/pulsecoder.com.mx\/#organization\",\"name\":\"Pulse Coder Mx\",\"url\":\"https:\/\/pulsecoder.com.mx\/\",\"logo\":{\"@type\":\"ImageObject\",\"inLanguage\":\"es\",\"@id\":\"https:\/\/pulsecoder.com.mx\/#\/schema\/logo\/image\/\",\"url\":\"https:\/\/i0.wp.com\/pulsecoder.com.mx\/wp-content\/uploads\/2021\/10\/Web.png?fit=2047%2C1024&ssl=1\",\"contentUrl\":\"https:\/\/i0.wp.com\/pulsecoder.com.mx\/wp-content\/uploads\/2021\/10\/Web.png?fit=2047%2C1024&ssl=1\",\"width\":2047,\"height\":1024,\"caption\":\"Pulse Coder Mx\"},\"image\":{\"@id\":\"https:\/\/pulsecoder.com.mx\/#\/schema\/logo\/image\/\"},\"sameAs\":[\"https:\/\/www.facebook.com\/PulsecoderMx\",\"https:\/\/x.com\/PulsecoderMx\",\"https:\/\/www.instagram.com\/pulsecodermx\/\",\"https:\/\/www.youtube.com\/channel\/UCci7xZRoiIxGpkwEljqfF9A\"]},{\"@type\":\"Person\",\"@id\":\"https:\/\/pulsecoder.com.mx\/#\/schema\/person\/7d15cb693f2a6c95afb346295349ebb1\",\"name\":\"Ricardo Ortega Santana\",\"image\":{\"@type\":\"ImageObject\",\"inLanguage\":\"es\",\"@id\":\"https:\/\/pulsecoder.com.mx\/#\/schema\/person\/image\/\",\"url\":\"https:\/\/secure.gravatar.com\/avatar\/4033e99d3a1b76d84160129684b4ee3b?s=96&d=mm&r=g\",\"contentUrl\":\"https:\/\/secure.gravatar.com\/avatar\/4033e99d3a1b76d84160129684b4ee3b?s=96&d=mm&r=g\",\"caption\":\"Ricardo Ortega Santana\"},\"description\":\"Colaborador y articulista en Pulse Coder. MBA y CPA\",\"url\":\"https:\/\/pulsecoder.com.mx\/index.php\/author\/ricardo-ortega\/\"}]}<\/script>\n<!-- \/ Yoast SEO plugin. -->","yoast_head_json":{"title":"La Inteligencia Artificial: un problema \u00e9tico en el proceso educativo","description":"Para el uso de la IA se debe Impulsar la ense\u00f1anza de la \u00e9tica y moral desde los primeros a\u00f1os de estudio y hasta la educaci\u00f3n superior","robots":{"index":"index","follow":"follow","max-snippet":"max-snippet:-1","max-image-preview":"max-image-preview:large","max-video-preview":"max-video-preview:-1"},"canonical":"https:\/\/pulsecoder.com.mx\/index.php\/2024\/01\/02\/la-inteligencia-artificial-un-problema-etico-en-el-proceso-educativo\/","og_locale":"es_MX","og_type":"article","og_title":"La Inteligencia Artificial: un problema \u00e9tico en el proceso educativo","og_description":"Para el uso de la IA se debe Impulsar la ense\u00f1anza de la \u00e9tica y moral desde los primeros a\u00f1os de estudio y hasta la educaci\u00f3n superior","og_url":"https:\/\/pulsecoder.com.mx\/index.php\/2024\/01\/02\/la-inteligencia-artificial-un-problema-etico-en-el-proceso-educativo\/","og_site_name":"Pulsecoder","article_publisher":"https:\/\/www.facebook.com\/PulsecoderMx","article_published_time":"2024-01-02T18:40:00+00:00","article_modified_time":"2024-01-24T00:38:33+00:00","og_image":[{"width":1200,"height":675,"url":"https:\/\/pulsecoder.com.mx\/wp-content\/uploads\/2024\/01\/IA_etica.jpg","type":"image\/jpeg"}],"author":"Ricardo Ortega Santana","twitter_card":"summary_large_image","twitter_title":"La Inteligencia Artificial: un problema \u00e9tico en el proceso educativo","twitter_description":"Para el uso de la IA se debe Impulsar la ense\u00f1anza de la \u00e9tica y moral desde los primeros a\u00f1os de estudio y hasta la educaci\u00f3n superior","twitter_image":"https:\/\/i0.wp.com\/pulsecoder.com.mx\/wp-content\/uploads\/2024\/01\/IA_etica.jpg?fit=1200%2C675&ssl=1","twitter_creator":"@PulsecoderMx","twitter_site":"@PulsecoderMx","twitter_misc":{"Escrito por":"Ricardo Ortega Santana","Tiempo de lectura":"3 minutos"},"schema":{"@context":"https:\/\/schema.org","@graph":[{"@type":"Article","@id":"https:\/\/pulsecoder.com.mx\/index.php\/2024\/01\/02\/la-inteligencia-artificial-un-problema-etico-en-el-proceso-educativo\/#article","isPartOf":{"@id":"https:\/\/pulsecoder.com.mx\/index.php\/2024\/01\/02\/la-inteligencia-artificial-un-problema-etico-en-el-proceso-educativo\/"},"author":{"name":"Ricardo Ortega Santana","@id":"https:\/\/pulsecoder.com.mx\/#\/schema\/person\/7d15cb693f2a6c95afb346295349ebb1"},"headline":"La Inteligencia Artificial: un problema \u00e9tico en el proceso educativo","datePublished":"2024-01-02T18:40:00+00:00","dateModified":"2024-01-24T00:38:33+00:00","mainEntityOfPage":{"@id":"https:\/\/pulsecoder.com.mx\/index.php\/2024\/01\/02\/la-inteligencia-artificial-un-problema-etico-en-el-proceso-educativo\/"},"wordCount":680,"commentCount":0,"publisher":{"@id":"https:\/\/pulsecoder.com.mx\/#organization"},"image":{"@id":"https:\/\/pulsecoder.com.mx\/index.php\/2024\/01\/02\/la-inteligencia-artificial-un-problema-etico-en-el-proceso-educativo\/#primaryimage"},"thumbnailUrl":"https:\/\/i0.wp.com\/pulsecoder.com.mx\/wp-content\/uploads\/2024\/01\/IA_etica.jpg?fit=1200%2C675&ssl=1","keywords":["Educaci\u00f3n","Ense\u00f1anza","Estudiante","\u00c9tica","Futuro","Inteligencia Artificial","Plagio"],"articleSection":["Educaci\u00f3n"],"inLanguage":"es","potentialAction":[{"@type":"CommentAction","name":"Comment","target":["https:\/\/pulsecoder.com.mx\/index.php\/2024\/01\/02\/la-inteligencia-artificial-un-problema-etico-en-el-proceso-educativo\/#respond"]}]},{"@type":"WebPage","@id":"https:\/\/pulsecoder.com.mx\/index.php\/2024\/01\/02\/la-inteligencia-artificial-un-problema-etico-en-el-proceso-educativo\/","url":"https:\/\/pulsecoder.com.mx\/index.php\/2024\/01\/02\/la-inteligencia-artificial-un-problema-etico-en-el-proceso-educativo\/","name":"La Inteligencia Artificial: un problema \u00e9tico en el proceso educativo","isPartOf":{"@id":"https:\/\/pulsecoder.com.mx\/#website"},"primaryImageOfPage":{"@id":"https:\/\/pulsecoder.com.mx\/index.php\/2024\/01\/02\/la-inteligencia-artificial-un-problema-etico-en-el-proceso-educativo\/#primaryimage"},"image":{"@id":"https:\/\/pulsecoder.com.mx\/index.php\/2024\/01\/02\/la-inteligencia-artificial-un-problema-etico-en-el-proceso-educativo\/#primaryimage"},"thumbnailUrl":"https:\/\/i0.wp.com\/pulsecoder.com.mx\/wp-content\/uploads\/2024\/01\/IA_etica.jpg?fit=1200%2C675&ssl=1","datePublished":"2024-01-02T18:40:00+00:00","dateModified":"2024-01-24T00:38:33+00:00","description":"Para el uso de la IA se debe Impulsar la ense\u00f1anza de la \u00e9tica y moral desde los primeros a\u00f1os de estudio y hasta la educaci\u00f3n superior","inLanguage":"es","potentialAction":[{"@type":"ReadAction","target":["https:\/\/pulsecoder.com.mx\/index.php\/2024\/01\/02\/la-inteligencia-artificial-un-problema-etico-en-el-proceso-educativo\/"]}]},{"@type":"ImageObject","inLanguage":"es","@id":"https:\/\/pulsecoder.com.mx\/index.php\/2024\/01\/02\/la-inteligencia-artificial-un-problema-etico-en-el-proceso-educativo\/#primaryimage","url":"https:\/\/i0.wp.com\/pulsecoder.com.mx\/wp-content\/uploads\/2024\/01\/IA_etica.jpg?fit=1200%2C675&ssl=1","contentUrl":"https:\/\/i0.wp.com\/pulsecoder.com.mx\/wp-content\/uploads\/2024\/01\/IA_etica.jpg?fit=1200%2C675&ssl=1","width":1200,"height":675},{"@type":"WebSite","@id":"https:\/\/pulsecoder.com.mx\/#website","url":"https:\/\/pulsecoder.com.mx\/","name":"Pulsecoder","description":"Revista digital de tecnolog\u00eda, sociedad e Innovaci\u00f3n","publisher":{"@id":"https:\/\/pulsecoder.com.mx\/#organization"},"potentialAction":[{"@type":"SearchAction","target":{"@type":"EntryPoint","urlTemplate":"https:\/\/pulsecoder.com.mx\/?s={search_term_string}"},"query-input":{"@type":"PropertyValueSpecification","valueRequired":true,"valueName":"search_term_string"}}],"inLanguage":"es"},{"@type":"Organization","@id":"https:\/\/pulsecoder.com.mx\/#organization","name":"Pulse Coder Mx","url":"https:\/\/pulsecoder.com.mx\/","logo":{"@type":"ImageObject","inLanguage":"es","@id":"https:\/\/pulsecoder.com.mx\/#\/schema\/logo\/image\/","url":"https:\/\/i0.wp.com\/pulsecoder.com.mx\/wp-content\/uploads\/2021\/10\/Web.png?fit=2047%2C1024&ssl=1","contentUrl":"https:\/\/i0.wp.com\/pulsecoder.com.mx\/wp-content\/uploads\/2021\/10\/Web.png?fit=2047%2C1024&ssl=1","width":2047,"height":1024,"caption":"Pulse Coder Mx"},"image":{"@id":"https:\/\/pulsecoder.com.mx\/#\/schema\/logo\/image\/"},"sameAs":["https:\/\/www.facebook.com\/PulsecoderMx","https:\/\/x.com\/PulsecoderMx","https:\/\/www.instagram.com\/pulsecodermx\/","https:\/\/www.youtube.com\/channel\/UCci7xZRoiIxGpkwEljqfF9A"]},{"@type":"Person","@id":"https:\/\/pulsecoder.com.mx\/#\/schema\/person\/7d15cb693f2a6c95afb346295349ebb1","name":"Ricardo Ortega Santana","image":{"@type":"ImageObject","inLanguage":"es","@id":"https:\/\/pulsecoder.com.mx\/#\/schema\/person\/image\/","url":"https:\/\/secure.gravatar.com\/avatar\/4033e99d3a1b76d84160129684b4ee3b?s=96&d=mm&r=g","contentUrl":"https:\/\/secure.gravatar.com\/avatar\/4033e99d3a1b76d84160129684b4ee3b?s=96&d=mm&r=g","caption":"Ricardo Ortega Santana"},"description":"Colaborador y articulista en Pulse Coder. MBA y CPA","url":"https:\/\/pulsecoder.com.mx\/index.php\/author\/ricardo-ortega\/"}]}},"jetpack_featured_media_url":"https:\/\/i0.wp.com\/pulsecoder.com.mx\/wp-content\/uploads\/2024\/01\/IA_etica.jpg?fit=1200%2C675&ssl=1","jetpack_sharing_enabled":true,"amp_enabled":true,"_links":{"self":[{"href":"https:\/\/pulsecoder.com.mx\/index.php\/wp-json\/wp\/v2\/posts\/3923"}],"collection":[{"href":"https:\/\/pulsecoder.com.mx\/index.php\/wp-json\/wp\/v2\/posts"}],"about":[{"href":"https:\/\/pulsecoder.com.mx\/index.php\/wp-json\/wp\/v2\/types\/post"}],"author":[{"embeddable":true,"href":"https:\/\/pulsecoder.com.mx\/index.php\/wp-json\/wp\/v2\/users\/9"}],"replies":[{"embeddable":true,"href":"https:\/\/pulsecoder.com.mx\/index.php\/wp-json\/wp\/v2\/comments?post=3923"}],"version-history":[{"count":1,"href":"https:\/\/pulsecoder.com.mx\/index.php\/wp-json\/wp\/v2\/posts\/3923\/revisions"}],"predecessor-version":[{"id":3925,"href":"https:\/\/pulsecoder.com.mx\/index.php\/wp-json\/wp\/v2\/posts\/3923\/revisions\/3925"}],"wp:featuredmedia":[{"embeddable":true,"href":"https:\/\/pulsecoder.com.mx\/index.php\/wp-json\/wp\/v2\/media\/3924"}],"wp:attachment":[{"href":"https:\/\/pulsecoder.com.mx\/index.php\/wp-json\/wp\/v2\/media?parent=3923"}],"wp:term":[{"taxonomy":"category","embeddable":true,"href":"https:\/\/pulsecoder.com.mx\/index.php\/wp-json\/wp\/v2\/categories?post=3923"},{"taxonomy":"post_tag","embeddable":true,"href":"https:\/\/pulsecoder.com.mx\/index.php\/wp-json\/wp\/v2\/tags?post=3923"}],"curies":[{"name":"wp","href":"https:\/\/api.w.org\/{rel}","templated":true}]}}