{"id":3926,"date":"2024-01-15T11:39:00","date_gmt":"2024-01-15T17:39:00","guid":{"rendered":"https:\/\/pulsecoder.com.mx\/?p=3926"},"modified":"2024-01-23T19:25:23","modified_gmt":"2024-01-24T01:25:23","slug":"estimulo-social-para-la-accion-climatica","status":"publish","type":"post","link":"https:\/\/pulsecoder.com.mx\/index.php\/2024\/01\/15\/estimulo-social-para-la-accion-climatica\/","title":{"rendered":"Est\u00edmulo social para la acci\u00f3n clim\u00e1tica"},"content":{"rendered":"<body>\n<p class=\"has-text-align-justify\">Hace algunas semanas atr\u00e1s me vi envuelto en una conversaci\u00f3n en la que al parecer, y sin previo aviso, fui cuestionado por mis intenciones de realizar propuestas, plantear ideas, esquemas y acciones favorables que contribuyan a mejorar la situaci\u00f3n h\u00eddrica de mi ciudad, de cara a una primavera que pinta complicada por falta de disponibilidad de agua.<\/p>\n\n\n\n<p class=\"has-text-align-justify\">Desde luego, el poco \u00e9xito de esa conversaci\u00f3n se puede explicar por los siguientes factores:<\/p>\n\n\n\n<ul class=\"wp-block-list\">\n<li>Las personas se retraen de la realidad ante escenarios complejos<\/li>\n\n\n\n<li>Existe poca divulgaci\u00f3n sobre la cultura del agua<\/li>\n\n\n\n<li>Vac\u00edos de informaci\u00f3n o desinter\u00e9s en el tema ambiental<\/li>\n\n\n\n<li>Verticalidad pol\u00edtica<\/li>\n\n\n\n<li>Credibilidad solo a instituciones<\/li>\n<\/ul>\n\n\n\n<hr class=\"wp-block-separator has-alpha-channel-opacity\">\n\n\n\n<p class=\"has-text-align-justify\">Este tema es un acercamiento con quienes puedan identificarse de la misma forma que lo hace un colectivo. Es un impulso dirigido a aquellas personas preocupadas por la situaci\u00f3n de escasez de agua hacia el futuro.<\/p>\n\n\n\n<p class=\"has-text-align-justify\">Por lo general, el entendimiento e interacci\u00f3n de las conversaciones se establece de manera m\u00e1s arm\u00f3nica, siempre y su vez, se haga con personas de un perfil acad\u00e9mico afin, quienes comparten un entendimiento relacionado por la formaci\u00f3n. No obstante, la vanguardia del conocimiento se sit\u00faa cada vez m\u00e1s en el estudio de los Sistemas Complejos. Nuevos planteamientos que incluyen al <strong>sujeto<\/strong> como <strong>motor de acci\u00f3n, producci\u00f3n, soluci\u00f3n y cambio.<\/strong><\/p>\n\n\n\n<p class=\"has-text-align-justify\">Por tal raz\u00f3n, la mayor cantidad de divulgaci\u00f3n posible podr\u00eda facilitar el entedimiento y generar el est\u00edmulo social para enfrentar este colosal reto.<\/p>\n\n\n\n<p class=\"has-text-align-justify\">Actualizarnos y mantenermos en la vanguardia del conocimiento, incluye un binomio entre el sujeto y las administraciones, creando marcos para la innovaci\u00f3n p\u00fablica.<\/p>\n\n\n\n<h2 class=\"wp-block-heading\">El an\u00e1lisis arroja lo que es, no lo que deber\u00eda ser<\/h2>\n\n\n\n<p class=\"has-text-align-justify\">En los a\u00f1os m\u00e1s recientes, el acceso al agua potable se ha convertido en un problema estructural para la ciudad de Xalapa, a pesar del promedio anual de lluvia en la regi\u00f3n que est\u00e1 en el orden de 1500 mil\u00edmetros por metro cuadro<em> (par\u00e1metro del a\u00f1o 2021\/ Conagua).<\/em><\/p>\n\n\n\n<p class=\"has-text-align-justify\">Pero m\u00e1s alla de indicadores anuales conocidos, algo esta cambiando. Los sistemas de precipitaciones tiene variaciones y m\u00e1rgenes cada vez m\u00e1s irregulares. Esto significa que las lluvias se retrasan y en otros casos, arrojan mayor volumen de agua modificando los par\u00e1metros conocidos.<\/p>\n\n\n\n<p class=\"has-text-align-justify\">Esto tiene un impacto directo en el medioambiente. Las ciudades de han convertido en grandes extensiones de cemento que imposibilita el sano funcionamiento del suelo y del ciclo hidrol\u00f3gico.<\/p>\n\n\n\n<p>Sin embargo, uno de los problemas m\u00e1s cr\u00edticos del actual modelo de distribuci\u00f3n hidr\u00e1ulica, es el desperdicio de agua por fugas en las redes subterr\u00e1neas.<\/p>\n\n\n\n<p class=\"has-text-align-justify\">La detecci\u00f3n de fugas subterr\u00e1neas es una de las tareas m\u00e1s complejas y casi imposible de resolver, pues la mayor\u00eda de ellas se detectan de manera visual. En otros casos se detectan por el hundimiento del suelo o por la formaci\u00f3n de socavones.<\/p>\n\n\n\n<h2 class=\"wp-block-heading\">Grupos Multidisciplinarios<\/h2>\n\n\n\n<p class=\"has-text-align-justify\">Los organismos de Gobierno, facultados para la praxis administrativa, enfrentan problem\u00e1ticas cada vez mayores. Son los encargados de la operatividad establecida desde la concepci\u00f3n estructural. Sin embargo, su eficiencia y respuesta para la resoluci\u00f3n de problemas necesita apoyo y nuevos enfoques.<\/p>\n\n\n\n<p class=\"has-text-align-justify\">Por otro lado, las entidades acad\u00e9micas cuentan a su vez con ecosistemas y observatorios de investigaci\u00f3n. Han logrado positivamente, penetraci\u00f3n e interacci\u00f3n social. A pesar de ello, los marcos te\u00f3ricos propuestos muchas veces no logran cohesi\u00f3n, sea por un alto grado t\u00e9cnico o metodolog\u00edas sin apego a las condiciones locales, la falta de entendimiento, etc.<\/p>\n\n\n\n<p class=\"has-text-align-justify\">El despertar de un tercer pilar son las organizaciones multidisciplinarias, quienes plantean alternativas fuera de caja. Comunidades que entienden las complejidades de los entornos sociales y medioambientales, pero con una proyecci\u00f3n p\u00fablica. Su nivel de organizaci\u00f3n parte del marco de las sociedades del conocimiento.<\/p>\n\n\n\n<h2 class=\"wp-block-heading\">Sociedades del conocimiento<\/h2>\n\n\n\n<p class=\"has-text-align-justify\">Este abarca dimensiones sociales, \u00e9ticas y pol\u00edticas mucho m\u00e1s amplias. Seg\u00fan la UNESCO, las sociedades del conocimiento tienen que ver con las capacidades para identificar, producir, procesar, transformar, difundir y utilizar informaci\u00f3n para construir y aplicar conocimientos para el desarrollo humano.<\/p>\n\n\n\n<p>Requieren una visi\u00f3n y participaci\u00f3n social <em>(Fuente: Oficina Internacional de Educaci\u00f3n).<\/em><\/p>\n\n\n\n<p class=\"has-text-align-justify\">La configuraci\u00f3n de estos grupos puede establecerse como iniciativas, comunidades, cooperativas, coordinadoras, etc. Tambi\u00e9n cuentan con herramientas y competencias digitales. La anal\u00edtica parte de la observaci\u00f3n de variables f\u00edsicas y la medici\u00f3n.<\/p>\n\n\n\n<hr class=\"wp-block-separator has-alpha-channel-opacity\">\n\n\n\n<figure class=\"wp-block-image aligncenter size-full\"><img data-recalc-dims=\"1\" decoding=\"async\" width=\"696\" height=\"464\" src=\"https:\/\/i0.wp.com\/pulsecoder.com.mx\/wp-content\/uploads\/2024\/01\/manantial-scaled.jpg?resize=696%2C464&#038;ssl=1\" alt=\"\" class=\"wp-image-3928\" loading=\"lazy\" srcset=\"https:\/\/i0.wp.com\/pulsecoder.com.mx\/wp-content\/uploads\/2024\/01\/manantial-scaled.jpg?w=2560&amp;ssl=1 2560w, https:\/\/i0.wp.com\/pulsecoder.com.mx\/wp-content\/uploads\/2024\/01\/manantial-scaled.jpg?resize=300%2C200&amp;ssl=1 300w, https:\/\/i0.wp.com\/pulsecoder.com.mx\/wp-content\/uploads\/2024\/01\/manantial-scaled.jpg?w=1392&amp;ssl=1 1392w, https:\/\/i0.wp.com\/pulsecoder.com.mx\/wp-content\/uploads\/2024\/01\/manantial-scaled.jpg?w=2088&amp;ssl=1 2088w\" sizes=\"(max-width: 696px) 100vw, 696px\" \/><figcaption class=\"wp-element-caption\">Manantial. Paseo de los Lagos Xalapa, M\u00e9xico. <\/figcaption><\/figure>\n\n\n\n<hr class=\"wp-block-separator has-alpha-channel-opacity\">\n\n\n\n<p class=\"has-text-align-justify\">Con la firme intenci\u00f3n de fomentar la cultura h\u00eddrica en la ciudad, el tercer foro <strong>El Futuro del agua: Xalapa y la regi\u00f3n central<\/strong>, abordar\u00e1 nuevos esquemas, modelos y an\u00e1lisis del problema, con una justificaci\u00f3n genuina adem\u00e1s de enfoques basados en la observaci\u00f3n e innovaci\u00f3n tecnol\u00f3gica.<\/p>\n\n\n\n<p class=\"has-text-align-justify\">No importa tu profesi\u00f3n o tu filosof\u00eda de vida, existe toda una serie de par\u00e1metros en los cu\u00e1les todos podemos involucrarnos, particularmente si del futuro del agua se trata.<\/p>\n\n\n\n<p>Para consuta: <\/p>\n\n\n\n<p><a href=\"https:\/\/www.c3.unam.mx\/\">Centro de ciencias de la complejidad<\/a><\/p>\n<\/body>","protected":false},"excerpt":{"rendered":"<p>Hace algunas semanas atr\u00e1s me vi envuelto en una conversaci\u00f3n en la que al parecer, y sin previo aviso, fui cuestionado por mis intenciones de realizar propuestas, plantear ideas, esquemas y acciones favorables que contribuyan a mejorar la situaci\u00f3n h\u00eddrica de mi ciudad, de cara a una primavera que pinta complicada por falta de disponibilidad [&hellip;]<\/p>\n","protected":false},"author":5,"featured_media":3927,"comment_status":"open","ping_status":"open","sticky":true,"template":"","format":"standard","meta":{"_et_pb_use_builder":"off","_et_pb_old_content":"","_et_gb_content_width":"","_monsterinsights_skip_tracking":false,"_jetpack_memberships_contains_paid_content":false,"footnotes":""},"categories":[28],"tags":[1731,1730,65,331,152,1295,1732,69,1733,197,216],"class_list":["post-3926","post","type-post","status-publish","format-standard","has-post-thumbnail","hentry","category-medio-ambiente","tag-accion","tag-agente-de-cambio","tag-cambio-climatico","tag-ciudad","tag-comunidad","tag-desafio","tag-estimulo-social","tag-innovacion","tag-juventud","tag-sequia","tag-sociedad"],"yoast_head":"<!-- This site is optimized with the Yoast SEO plugin v25.5 - https:\/\/yoast.com\/wordpress\/plugins\/seo\/ -->\n<title>Est\u00edmulo social para la acci\u00f3n clim\u00e1tica<\/title>\n<meta name=\"description\" content=\"La mayor cantidad de divulgaci\u00f3n posible podr\u00eda facilitar el entedimiento y generar el est\u00edmulo social para enfrentar el colosal reto\" \/>\n<meta name=\"robots\" content=\"index, follow, max-snippet:-1, max-image-preview:large, max-video-preview:-1\" \/>\n<link rel=\"canonical\" href=\"https:\/\/pulsecoder.com.mx\/index.php\/2024\/01\/15\/estimulo-social-para-la-accion-climatica\/\" \/>\n<meta property=\"og:locale\" content=\"es_MX\" \/>\n<meta property=\"og:type\" content=\"article\" \/>\n<meta property=\"og:title\" content=\"Est\u00edmulo social para la acci\u00f3n clim\u00e1tica\" \/>\n<meta property=\"og:description\" content=\"La mayor cantidad de divulgaci\u00f3n posible podr\u00eda facilitar el entedimiento y generar el est\u00edmulo social para enfrentar el colosal reto\" \/>\n<meta property=\"og:url\" content=\"https:\/\/pulsecoder.com.mx\/index.php\/2024\/01\/15\/estimulo-social-para-la-accion-climatica\/\" \/>\n<meta property=\"og:site_name\" content=\"Pulsecoder\" \/>\n<meta property=\"article:publisher\" content=\"https:\/\/www.facebook.com\/PulsecoderMx\" \/>\n<meta property=\"article:published_time\" content=\"2024-01-15T17:39:00+00:00\" \/>\n<meta property=\"article:modified_time\" content=\"2024-01-24T01:25:23+00:00\" \/>\n<meta property=\"og:image\" content=\"https:\/\/pulsecoder.com.mx\/wp-content\/uploads\/2024\/01\/ES_1.jpg\" \/>\n\t<meta property=\"og:image:width\" content=\"1200\" \/>\n\t<meta property=\"og:image:height\" content=\"675\" \/>\n\t<meta property=\"og:image:type\" content=\"image\/jpeg\" \/>\n<meta name=\"author\" content=\"Ismael Guzm\u00e1n\" \/>\n<meta name=\"twitter:card\" content=\"summary_large_image\" \/>\n<meta name=\"twitter:title\" content=\"Est\u00edmulo social para la acci\u00f3n clim\u00e1tica\" \/>\n<meta name=\"twitter:description\" content=\"La mayor cantidad de divulgaci\u00f3n posible podr\u00eda facilitar el entedimiento y generar el est\u00edmulo social para enfrentar el colosal reto\" \/>\n<meta name=\"twitter:image\" content=\"https:\/\/i0.wp.com\/pulsecoder.com.mx\/wp-content\/uploads\/2024\/01\/ES_1.jpg?fit=1200%2C675&ssl=1\" \/>\n<meta name=\"twitter:creator\" content=\"@PulsecoderMx\" \/>\n<meta name=\"twitter:site\" content=\"@PulsecoderMx\" \/>\n<meta name=\"twitter:label1\" content=\"Escrito por\" \/>\n\t<meta name=\"twitter:data1\" content=\"Ismael Guzm\u00e1n\" \/>\n\t<meta name=\"twitter:label2\" content=\"Tiempo de lectura\" \/>\n\t<meta name=\"twitter:data2\" content=\"4 minutos\" \/>\n<script type=\"application\/ld+json\" class=\"yoast-schema-graph\">{\"@context\":\"https:\/\/schema.org\",\"@graph\":[{\"@type\":\"Article\",\"@id\":\"https:\/\/pulsecoder.com.mx\/index.php\/2024\/01\/15\/estimulo-social-para-la-accion-climatica\/#article\",\"isPartOf\":{\"@id\":\"https:\/\/pulsecoder.com.mx\/index.php\/2024\/01\/15\/estimulo-social-para-la-accion-climatica\/\"},\"author\":{\"name\":\"Ismael Guzm\u00e1n\",\"@id\":\"https:\/\/pulsecoder.com.mx\/#\/schema\/person\/3b7ec413977e4116b59be466f6b5d25a\"},\"headline\":\"Est\u00edmulo social para la acci\u00f3n clim\u00e1tica\",\"datePublished\":\"2024-01-15T17:39:00+00:00\",\"dateModified\":\"2024-01-24T01:25:23+00:00\",\"mainEntityOfPage\":{\"@id\":\"https:\/\/pulsecoder.com.mx\/index.php\/2024\/01\/15\/estimulo-social-para-la-accion-climatica\/\"},\"wordCount\":871,\"commentCount\":0,\"publisher\":{\"@id\":\"https:\/\/pulsecoder.com.mx\/#organization\"},\"image\":{\"@id\":\"https:\/\/pulsecoder.com.mx\/index.php\/2024\/01\/15\/estimulo-social-para-la-accion-climatica\/#primaryimage\"},\"thumbnailUrl\":\"https:\/\/i0.wp.com\/pulsecoder.com.mx\/wp-content\/uploads\/2024\/01\/ES_1.jpg?fit=1200%2C675&ssl=1\",\"keywords\":[\"Acci\u00f3n\",\"Agente de cambio\",\"Cambio clim\u00e1tico\",\"ciudad\",\"Comunidad\",\"Desaf\u00edo\",\"Est\u00edmulo social\",\"Innovaci\u00f3n\",\"Juventud\",\"Sequ\u00eda\",\"Sociedad\"],\"articleSection\":[\"Medio Ambiente\"],\"inLanguage\":\"es\",\"potentialAction\":[{\"@type\":\"CommentAction\",\"name\":\"Comment\",\"target\":[\"https:\/\/pulsecoder.com.mx\/index.php\/2024\/01\/15\/estimulo-social-para-la-accion-climatica\/#respond\"]}]},{\"@type\":\"WebPage\",\"@id\":\"https:\/\/pulsecoder.com.mx\/index.php\/2024\/01\/15\/estimulo-social-para-la-accion-climatica\/\",\"url\":\"https:\/\/pulsecoder.com.mx\/index.php\/2024\/01\/15\/estimulo-social-para-la-accion-climatica\/\",\"name\":\"Est\u00edmulo social para la acci\u00f3n clim\u00e1tica\",\"isPartOf\":{\"@id\":\"https:\/\/pulsecoder.com.mx\/#website\"},\"primaryImageOfPage\":{\"@id\":\"https:\/\/pulsecoder.com.mx\/index.php\/2024\/01\/15\/estimulo-social-para-la-accion-climatica\/#primaryimage\"},\"image\":{\"@id\":\"https:\/\/pulsecoder.com.mx\/index.php\/2024\/01\/15\/estimulo-social-para-la-accion-climatica\/#primaryimage\"},\"thumbnailUrl\":\"https:\/\/i0.wp.com\/pulsecoder.com.mx\/wp-content\/uploads\/2024\/01\/ES_1.jpg?fit=1200%2C675&ssl=1\",\"datePublished\":\"2024-01-15T17:39:00+00:00\",\"dateModified\":\"2024-01-24T01:25:23+00:00\",\"description\":\"La mayor cantidad de divulgaci\u00f3n posible podr\u00eda facilitar el entedimiento y generar el est\u00edmulo social para enfrentar el colosal reto\",\"inLanguage\":\"es\",\"potentialAction\":[{\"@type\":\"ReadAction\",\"target\":[\"https:\/\/pulsecoder.com.mx\/index.php\/2024\/01\/15\/estimulo-social-para-la-accion-climatica\/\"]}]},{\"@type\":\"ImageObject\",\"inLanguage\":\"es\",\"@id\":\"https:\/\/pulsecoder.com.mx\/index.php\/2024\/01\/15\/estimulo-social-para-la-accion-climatica\/#primaryimage\",\"url\":\"https:\/\/i0.wp.com\/pulsecoder.com.mx\/wp-content\/uploads\/2024\/01\/ES_1.jpg?fit=1200%2C675&ssl=1\",\"contentUrl\":\"https:\/\/i0.wp.com\/pulsecoder.com.mx\/wp-content\/uploads\/2024\/01\/ES_1.jpg?fit=1200%2C675&ssl=1\",\"width\":1200,\"height\":675},{\"@type\":\"WebSite\",\"@id\":\"https:\/\/pulsecoder.com.mx\/#website\",\"url\":\"https:\/\/pulsecoder.com.mx\/\",\"name\":\"Pulsecoder\",\"description\":\"Revista digital de tecnolog\u00eda, sociedad e Innovaci\u00f3n\",\"publisher\":{\"@id\":\"https:\/\/pulsecoder.com.mx\/#organization\"},\"potentialAction\":[{\"@type\":\"SearchAction\",\"target\":{\"@type\":\"EntryPoint\",\"urlTemplate\":\"https:\/\/pulsecoder.com.mx\/?s={search_term_string}\"},\"query-input\":{\"@type\":\"PropertyValueSpecification\",\"valueRequired\":true,\"valueName\":\"search_term_string\"}}],\"inLanguage\":\"es\"},{\"@type\":\"Organization\",\"@id\":\"https:\/\/pulsecoder.com.mx\/#organization\",\"name\":\"Pulse Coder Mx\",\"url\":\"https:\/\/pulsecoder.com.mx\/\",\"logo\":{\"@type\":\"ImageObject\",\"inLanguage\":\"es\",\"@id\":\"https:\/\/pulsecoder.com.mx\/#\/schema\/logo\/image\/\",\"url\":\"https:\/\/i0.wp.com\/pulsecoder.com.mx\/wp-content\/uploads\/2021\/10\/Web.png?fit=2047%2C1024&ssl=1\",\"contentUrl\":\"https:\/\/i0.wp.com\/pulsecoder.com.mx\/wp-content\/uploads\/2021\/10\/Web.png?fit=2047%2C1024&ssl=1\",\"width\":2047,\"height\":1024,\"caption\":\"Pulse Coder Mx\"},\"image\":{\"@id\":\"https:\/\/pulsecoder.com.mx\/#\/schema\/logo\/image\/\"},\"sameAs\":[\"https:\/\/www.facebook.com\/PulsecoderMx\",\"https:\/\/x.com\/PulsecoderMx\",\"https:\/\/www.instagram.com\/pulsecodermx\/\",\"https:\/\/www.youtube.com\/channel\/UCci7xZRoiIxGpkwEljqfF9A\"]},{\"@type\":\"Person\",\"@id\":\"https:\/\/pulsecoder.com.mx\/#\/schema\/person\/3b7ec413977e4116b59be466f6b5d25a\",\"name\":\"Ismael Guzm\u00e1n\",\"image\":{\"@type\":\"ImageObject\",\"inLanguage\":\"es\",\"@id\":\"https:\/\/pulsecoder.com.mx\/#\/schema\/person\/image\/\",\"url\":\"https:\/\/secure.gravatar.com\/avatar\/9a10cab8115b61019922c2823d17de70?s=96&d=mm&r=g\",\"contentUrl\":\"https:\/\/secure.gravatar.com\/avatar\/9a10cab8115b61019922c2823d17de70?s=96&d=mm&r=g\",\"caption\":\"Ismael Guzm\u00e1n\"},\"description\":\"Fundador y Director de Pulse Coder. Escribe sobre digitalizaci\u00f3n, ciencia e innovaci\u00f3n tecnol\u00f3gica.\",\"url\":\"https:\/\/pulsecoder.com.mx\/index.php\/author\/ismael-guzman\/\"}]}<\/script>\n<!-- \/ Yoast SEO plugin. -->","yoast_head_json":{"title":"Est\u00edmulo social para la acci\u00f3n clim\u00e1tica","description":"La mayor cantidad de divulgaci\u00f3n posible podr\u00eda facilitar el entedimiento y generar el est\u00edmulo social para enfrentar el colosal reto","robots":{"index":"index","follow":"follow","max-snippet":"max-snippet:-1","max-image-preview":"max-image-preview:large","max-video-preview":"max-video-preview:-1"},"canonical":"https:\/\/pulsecoder.com.mx\/index.php\/2024\/01\/15\/estimulo-social-para-la-accion-climatica\/","og_locale":"es_MX","og_type":"article","og_title":"Est\u00edmulo social para la acci\u00f3n clim\u00e1tica","og_description":"La mayor cantidad de divulgaci\u00f3n posible podr\u00eda facilitar el entedimiento y generar el est\u00edmulo social para enfrentar el colosal reto","og_url":"https:\/\/pulsecoder.com.mx\/index.php\/2024\/01\/15\/estimulo-social-para-la-accion-climatica\/","og_site_name":"Pulsecoder","article_publisher":"https:\/\/www.facebook.com\/PulsecoderMx","article_published_time":"2024-01-15T17:39:00+00:00","article_modified_time":"2024-01-24T01:25:23+00:00","og_image":[{"width":1200,"height":675,"url":"https:\/\/pulsecoder.com.mx\/wp-content\/uploads\/2024\/01\/ES_1.jpg","type":"image\/jpeg"}],"author":"Ismael Guzm\u00e1n","twitter_card":"summary_large_image","twitter_title":"Est\u00edmulo social para la acci\u00f3n clim\u00e1tica","twitter_description":"La mayor cantidad de divulgaci\u00f3n posible podr\u00eda facilitar el entedimiento y generar el est\u00edmulo social para enfrentar el colosal reto","twitter_image":"https:\/\/i0.wp.com\/pulsecoder.com.mx\/wp-content\/uploads\/2024\/01\/ES_1.jpg?fit=1200%2C675&ssl=1","twitter_creator":"@PulsecoderMx","twitter_site":"@PulsecoderMx","twitter_misc":{"Escrito por":"Ismael Guzm\u00e1n","Tiempo de lectura":"4 minutos"},"schema":{"@context":"https:\/\/schema.org","@graph":[{"@type":"Article","@id":"https:\/\/pulsecoder.com.mx\/index.php\/2024\/01\/15\/estimulo-social-para-la-accion-climatica\/#article","isPartOf":{"@id":"https:\/\/pulsecoder.com.mx\/index.php\/2024\/01\/15\/estimulo-social-para-la-accion-climatica\/"},"author":{"name":"Ismael Guzm\u00e1n","@id":"https:\/\/pulsecoder.com.mx\/#\/schema\/person\/3b7ec413977e4116b59be466f6b5d25a"},"headline":"Est\u00edmulo social para la acci\u00f3n clim\u00e1tica","datePublished":"2024-01-15T17:39:00+00:00","dateModified":"2024-01-24T01:25:23+00:00","mainEntityOfPage":{"@id":"https:\/\/pulsecoder.com.mx\/index.php\/2024\/01\/15\/estimulo-social-para-la-accion-climatica\/"},"wordCount":871,"commentCount":0,"publisher":{"@id":"https:\/\/pulsecoder.com.mx\/#organization"},"image":{"@id":"https:\/\/pulsecoder.com.mx\/index.php\/2024\/01\/15\/estimulo-social-para-la-accion-climatica\/#primaryimage"},"thumbnailUrl":"https:\/\/i0.wp.com\/pulsecoder.com.mx\/wp-content\/uploads\/2024\/01\/ES_1.jpg?fit=1200%2C675&ssl=1","keywords":["Acci\u00f3n","Agente de cambio","Cambio clim\u00e1tico","ciudad","Comunidad","Desaf\u00edo","Est\u00edmulo social","Innovaci\u00f3n","Juventud","Sequ\u00eda","Sociedad"],"articleSection":["Medio Ambiente"],"inLanguage":"es","potentialAction":[{"@type":"CommentAction","name":"Comment","target":["https:\/\/pulsecoder.com.mx\/index.php\/2024\/01\/15\/estimulo-social-para-la-accion-climatica\/#respond"]}]},{"@type":"WebPage","@id":"https:\/\/pulsecoder.com.mx\/index.php\/2024\/01\/15\/estimulo-social-para-la-accion-climatica\/","url":"https:\/\/pulsecoder.com.mx\/index.php\/2024\/01\/15\/estimulo-social-para-la-accion-climatica\/","name":"Est\u00edmulo social para la acci\u00f3n clim\u00e1tica","isPartOf":{"@id":"https:\/\/pulsecoder.com.mx\/#website"},"primaryImageOfPage":{"@id":"https:\/\/pulsecoder.com.mx\/index.php\/2024\/01\/15\/estimulo-social-para-la-accion-climatica\/#primaryimage"},"image":{"@id":"https:\/\/pulsecoder.com.mx\/index.php\/2024\/01\/15\/estimulo-social-para-la-accion-climatica\/#primaryimage"},"thumbnailUrl":"https:\/\/i0.wp.com\/pulsecoder.com.mx\/wp-content\/uploads\/2024\/01\/ES_1.jpg?fit=1200%2C675&ssl=1","datePublished":"2024-01-15T17:39:00+00:00","dateModified":"2024-01-24T01:25:23+00:00","description":"La mayor cantidad de divulgaci\u00f3n posible podr\u00eda facilitar el entedimiento y generar el est\u00edmulo social para enfrentar el colosal reto","inLanguage":"es","potentialAction":[{"@type":"ReadAction","target":["https:\/\/pulsecoder.com.mx\/index.php\/2024\/01\/15\/estimulo-social-para-la-accion-climatica\/"]}]},{"@type":"ImageObject","inLanguage":"es","@id":"https:\/\/pulsecoder.com.mx\/index.php\/2024\/01\/15\/estimulo-social-para-la-accion-climatica\/#primaryimage","url":"https:\/\/i0.wp.com\/pulsecoder.com.mx\/wp-content\/uploads\/2024\/01\/ES_1.jpg?fit=1200%2C675&ssl=1","contentUrl":"https:\/\/i0.wp.com\/pulsecoder.com.mx\/wp-content\/uploads\/2024\/01\/ES_1.jpg?fit=1200%2C675&ssl=1","width":1200,"height":675},{"@type":"WebSite","@id":"https:\/\/pulsecoder.com.mx\/#website","url":"https:\/\/pulsecoder.com.mx\/","name":"Pulsecoder","description":"Revista digital de tecnolog\u00eda, sociedad e Innovaci\u00f3n","publisher":{"@id":"https:\/\/pulsecoder.com.mx\/#organization"},"potentialAction":[{"@type":"SearchAction","target":{"@type":"EntryPoint","urlTemplate":"https:\/\/pulsecoder.com.mx\/?s={search_term_string}"},"query-input":{"@type":"PropertyValueSpecification","valueRequired":true,"valueName":"search_term_string"}}],"inLanguage":"es"},{"@type":"Organization","@id":"https:\/\/pulsecoder.com.mx\/#organization","name":"Pulse Coder Mx","url":"https:\/\/pulsecoder.com.mx\/","logo":{"@type":"ImageObject","inLanguage":"es","@id":"https:\/\/pulsecoder.com.mx\/#\/schema\/logo\/image\/","url":"https:\/\/i0.wp.com\/pulsecoder.com.mx\/wp-content\/uploads\/2021\/10\/Web.png?fit=2047%2C1024&ssl=1","contentUrl":"https:\/\/i0.wp.com\/pulsecoder.com.mx\/wp-content\/uploads\/2021\/10\/Web.png?fit=2047%2C1024&ssl=1","width":2047,"height":1024,"caption":"Pulse Coder Mx"},"image":{"@id":"https:\/\/pulsecoder.com.mx\/#\/schema\/logo\/image\/"},"sameAs":["https:\/\/www.facebook.com\/PulsecoderMx","https:\/\/x.com\/PulsecoderMx","https:\/\/www.instagram.com\/pulsecodermx\/","https:\/\/www.youtube.com\/channel\/UCci7xZRoiIxGpkwEljqfF9A"]},{"@type":"Person","@id":"https:\/\/pulsecoder.com.mx\/#\/schema\/person\/3b7ec413977e4116b59be466f6b5d25a","name":"Ismael Guzm\u00e1n","image":{"@type":"ImageObject","inLanguage":"es","@id":"https:\/\/pulsecoder.com.mx\/#\/schema\/person\/image\/","url":"https:\/\/secure.gravatar.com\/avatar\/9a10cab8115b61019922c2823d17de70?s=96&d=mm&r=g","contentUrl":"https:\/\/secure.gravatar.com\/avatar\/9a10cab8115b61019922c2823d17de70?s=96&d=mm&r=g","caption":"Ismael Guzm\u00e1n"},"description":"Fundador y Director de Pulse Coder. Escribe sobre digitalizaci\u00f3n, ciencia e innovaci\u00f3n tecnol\u00f3gica.","url":"https:\/\/pulsecoder.com.mx\/index.php\/author\/ismael-guzman\/"}]}},"jetpack_featured_media_url":"https:\/\/i0.wp.com\/pulsecoder.com.mx\/wp-content\/uploads\/2024\/01\/ES_1.jpg?fit=1200%2C675&ssl=1","jetpack_sharing_enabled":true,"amp_enabled":true,"_links":{"self":[{"href":"https:\/\/pulsecoder.com.mx\/index.php\/wp-json\/wp\/v2\/posts\/3926"}],"collection":[{"href":"https:\/\/pulsecoder.com.mx\/index.php\/wp-json\/wp\/v2\/posts"}],"about":[{"href":"https:\/\/pulsecoder.com.mx\/index.php\/wp-json\/wp\/v2\/types\/post"}],"author":[{"embeddable":true,"href":"https:\/\/pulsecoder.com.mx\/index.php\/wp-json\/wp\/v2\/users\/5"}],"replies":[{"embeddable":true,"href":"https:\/\/pulsecoder.com.mx\/index.php\/wp-json\/wp\/v2\/comments?post=3926"}],"version-history":[{"count":2,"href":"https:\/\/pulsecoder.com.mx\/index.php\/wp-json\/wp\/v2\/posts\/3926\/revisions"}],"predecessor-version":[{"id":3930,"href":"https:\/\/pulsecoder.com.mx\/index.php\/wp-json\/wp\/v2\/posts\/3926\/revisions\/3930"}],"wp:featuredmedia":[{"embeddable":true,"href":"https:\/\/pulsecoder.com.mx\/index.php\/wp-json\/wp\/v2\/media\/3927"}],"wp:attachment":[{"href":"https:\/\/pulsecoder.com.mx\/index.php\/wp-json\/wp\/v2\/media?parent=3926"}],"wp:term":[{"taxonomy":"category","embeddable":true,"href":"https:\/\/pulsecoder.com.mx\/index.php\/wp-json\/wp\/v2\/categories?post=3926"},{"taxonomy":"post_tag","embeddable":true,"href":"https:\/\/pulsecoder.com.mx\/index.php\/wp-json\/wp\/v2\/tags?post=3926"}],"curies":[{"name":"wp","href":"https:\/\/api.w.org\/{rel}","templated":true}]}}