{"id":3948,"date":"2024-02-12T16:11:11","date_gmt":"2024-02-12T22:11:11","guid":{"rendered":"https:\/\/pulsecoder.com.mx\/?p=3948"},"modified":"2024-02-21T00:47:58","modified_gmt":"2024-02-21T06:47:58","slug":"cerebros-alados","status":"publish","type":"post","link":"https:\/\/pulsecoder.com.mx\/index.php\/2024\/02\/12\/cerebros-alados\/","title":{"rendered":"Cerebros alados"},"content":{"rendered":"<body>\n<p class=\"has-text-align-justify\">Hace un par de meses participe en un di\u00e1logo online sobre <strong>la estimulaci\u00f3n al talento en la era de la digitalizaci\u00f3n<\/strong>. Una iniciativa que tiene como finalidad activar sectores econ\u00f3micos y puestos de trabajo para las nuevas generaciones.<\/p>\n\n\n\n<p class=\"has-text-align-justify\">Despu\u00e9s de escuchar variadas y enriquecedoras posturas de algunos profesionales participando en tal causa, fue momento de dirigirme a todos ellos.<\/p>\n\n\n\n<p class=\"has-text-align-justify\">Mi experiencia en este campo, a excepci\u00f3n del \u00e1mbito acad\u00e9mico o de instituciones en las que afortunadamente trabaj\u00e9 con j\u00f3venes, por el momento es relativamente corta.<\/p>\n\n\n\n<p class=\"has-text-align-justify\">No obstante, durante estos 3 a\u00f1os, como fundador y director de una naciente revista digital, reconozco dos motores fundamentales que estimulan el talento: <strong>\u00a0motivaci\u00f3n y convicci\u00f3n<\/strong>.<\/p>\n\n\n\n<p class=\"has-text-align-justify\">La primera es el voltaje vivo de nuestras neuronas. La segunda, ardientes llamas en nuestro pecho. A esta grandiosa ecuaci\u00f3n agrego la virtud de la <strong>determinaci\u00f3n<\/strong>, cualidad que es el origen de nuestro despertar, impulso a la acci\u00f3n y movimiento.<\/p>\n\n\n\n<p class=\"has-text-align-justify\">A partir de estos tres incombustibles, y reconociendo en nosotros mismos la existencia de una chispa de arranque, podemos impulsarnos al mar abierto. Y hasta aqu\u00ed, todo esta bien.<\/p>\n\n\n\n<p class=\"has-text-align-justify\">Puede que te cueste un poco de tiempo, pero es importante reconocer que el terreno y el campo de acci\u00f3n no te lo pondr\u00e1 f\u00e1cil. Es duro, pedregoso y muchas veces hostil. \u00a0Genera vac\u00edos en el est\u00f3mago y cortos circuitos en la cabeza. Nubla el recorrido que por momentos se percib\u00eda despejado.<\/p>\n\n\n\n<p class=\"has-text-align-justify\">Durante este camino nos entenderemos como personas imperfectas, por lo tanto, cometeremos errores. A pesar de ello, todo error es v\u00e1lido pues genera aprendizaje y activa en nosotros el ingenio de resolver problemas. M\u00e1s a\u00fan cuando trabajamos en equipo.<\/p>\n\n\n\n<p class=\"has-text-align-justify\">Mi equipo es un grupo de personas con cerebros alados (imaginaci\u00f3n) que dan color y sentido a las cosas. Nos motivamos unos a otros. Unimos esfuerzos y nos adue\u00f1amos del presente. Por supuesto, habr\u00e1 fricciones y diferencias como parte natural del proceso.<\/p>\n\n\n\n<p class=\"has-text-align-justify\">Sin embargo, tambi\u00e9n hay pesos que no pueden ser parte del equipaje. Es decir, aspectos que inclinan la balanza al retroceso, que te llevan a un paso de caer rendidos en mediocridad y al fracaso. <\/p>\n\n\n\n<p class=\"has-text-align-justify\">El trabajo de equipo no permite agujeros de gusano, pues devoran la energ\u00eda de los dem\u00e1s. Incluso, es el origen de una falla en el coraz\u00f3n de una organizaci\u00f3n.<\/p>\n\n\n\n<p class=\"has-text-align-justify\">Es vital la sinceridad con nosotros mismos y preguntarnos de vez en cuando c\u00f3mo estamos. Si iexiste algo interno que nos detiene o nos obstaculiza. \u00a0<\/p>\n\n\n\n<p class=\"has-text-align-justify\">Yendo m\u00e1s al exterior, hay mucho depredador humano dispuesto a limitarte, encasillarte, frenarte. Y esto es una verdad. Determinados entes con poder frenan las ideas, las visiones, las carreras, las oportunidades. Pasa igual con competidores desleales. Y de vez en cuando, nos toparemos con restadores de energ\u00eda, conocidos tambi\u00e9n como vampiros energ\u00e9ticos.<\/p>\n\n\n\n<p class=\"has-text-align-justify\">El tiempo que intentes colocar tu marca, iniciativa o negocio, var\u00eda en funci\u00f3n de la segmentaci\u00f3n, aceptaci\u00f3n, reconocimiento social o incluso, cultura. \u00a0Los comparativos pueden ser positivos, pero es vital no presionarte con el \u00e9xito inmediato. No existe un cron\u00f3metro igual para todos.<\/p>\n\n\n\n<p class=\"has-text-align-justify\">Tambi\u00e9n hay f\u00f3rmulas a tu alrededor. Algunas ser\u00e1n realistas y otras surrealistas. Dependiendo del lugar donde ofrezcas tu trabajo, habr\u00e1 -o no- margen para la innovaci\u00f3n.<\/p>\n\n\n\n<p class=\"has-text-align-justify\">Tendr\u00e1s sensaciones de mareo e incluso, momentos donde querr\u00e1s tirar la toalla. En tu cabeza habr\u00e1 ciertas preguntas: \u00bfqu\u00e9 estoy haciendo? \u00bfestoy haciendo algo importante? \u00bfvale la pena? \u00bfconseguir\u00e9 el \u00e9xito?<\/p>\n\n\n\n<p class=\"has-text-align-justify\">Como emprendedor, sin anclajes s\u00f3lidos en nuestras virtudes, ser\u00e1 f\u00e1cil perderse. Y perder el origen es perder la originalidad.<\/p>\n\n\n\n<p class=\"has-text-align-justify\">As\u00ed que cada vez que te sientas desbordado, lev\u00e1ntate, gira el cuello, truena los huesos, respira hondo. Despeja. Llama a tu energ\u00eda, dispara el voltaje que pone en marcha tu motor.<\/p>\n\n\n\n<p>En este universo no hay nada m\u00e1s r\u00e1pido que tu mente y solo la mente es capaz de ordenar el caos. Y cuando regrese la calma, volver\u00e1s a mirar el claro camino que te llevo a esta aventura.<\/p>\n\n\n\n<p>Y m\u00e1s all\u00e1 de los conocimientos, tambi\u00e9n se trata de determinadas cualidades. <\/p>\n<\/body>","protected":false},"excerpt":{"rendered":"<p>Hace un par de meses participe en un di\u00e1logo online sobre la estimulaci\u00f3n al talento en la era de la digitalizaci\u00f3n. Una iniciativa que tiene como finalidad activar sectores econ\u00f3micos y puestos de trabajo para las nuevas generaciones. Despu\u00e9s de escuchar variadas y enriquecedoras posturas de algunos profesionales participando en tal causa, fue momento de [&hellip;]<\/p>\n","protected":false},"author":5,"featured_media":3963,"comment_status":"open","ping_status":"open","sticky":true,"template":"","format":"standard","meta":{"_et_pb_use_builder":"off","_et_pb_old_content":"","_et_gb_content_width":"","_monsterinsights_skip_tracking":false,"_jetpack_memberships_contains_paid_content":false,"footnotes":""},"categories":[1592],"tags":[682,548,90,352,789,1746,842,1744,935,248,560,1651,1019],"class_list":["post-3948","post","type-post","status-publish","format-standard","has-post-thumbnail","hentry","category-emprendedores","tag-competencia","tag-conocimientos","tag-digitalizacion","tag-energia","tag-equipo","tag-estimulo","tag-futuro","tag-juvetud","tag-mente","tag-oportunidades","tag-servicios","tag-talento","tag-trabajo"],"yoast_head":"<!-- This site is optimized with the Yoast SEO plugin v25.5 - https:\/\/yoast.com\/wordpress\/plugins\/seo\/ -->\n<title>Cerebros alados<\/title>\n<meta name=\"description\" content=\"Como emprendedor, sin anclajes s\u00f3lidos en nuestras virtudes, ser\u00e1 f\u00e1cil perderse. Y perder el origen es perder la originalidad.\" \/>\n<meta name=\"robots\" content=\"index, follow, max-snippet:-1, max-image-preview:large, max-video-preview:-1\" \/>\n<link rel=\"canonical\" href=\"https:\/\/pulsecoder.com.mx\/index.php\/2024\/02\/12\/cerebros-alados\/\" \/>\n<meta property=\"og:locale\" content=\"es_MX\" \/>\n<meta property=\"og:type\" content=\"article\" \/>\n<meta property=\"og:title\" content=\"Cerebros alados\" \/>\n<meta property=\"og:description\" content=\"Como emprendedor, sin anclajes s\u00f3lidos en nuestras virtudes, ser\u00e1 f\u00e1cil perderse. Y perder el origen es perder la originalidad.\" \/>\n<meta property=\"og:url\" content=\"https:\/\/pulsecoder.com.mx\/index.php\/2024\/02\/12\/cerebros-alados\/\" \/>\n<meta property=\"og:site_name\" content=\"Pulsecoder\" \/>\n<meta property=\"article:publisher\" content=\"https:\/\/www.facebook.com\/PulsecoderMx\" \/>\n<meta property=\"article:published_time\" content=\"2024-02-12T22:11:11+00:00\" \/>\n<meta property=\"article:modified_time\" content=\"2024-02-21T06:47:58+00:00\" \/>\n<meta property=\"og:image\" content=\"https:\/\/pulsecoder.com.mx\/wp-content\/uploads\/2024\/02\/Cerebros-1.jpg\" \/>\n\t<meta property=\"og:image:width\" content=\"1200\" \/>\n\t<meta property=\"og:image:height\" content=\"675\" \/>\n\t<meta property=\"og:image:type\" content=\"image\/jpeg\" \/>\n<meta name=\"author\" content=\"Ismael Guzm\u00e1n\" \/>\n<meta name=\"twitter:card\" content=\"summary_large_image\" \/>\n<meta name=\"twitter:title\" content=\"Cerebros alados\" \/>\n<meta name=\"twitter:description\" content=\"Como emprendedor, sin anclajes s\u00f3lidos en nuestras virtudes, ser\u00e1 f\u00e1cil perderse. Y perder el origen es perder la originalidad.\" \/>\n<meta name=\"twitter:image\" content=\"https:\/\/i0.wp.com\/pulsecoder.com.mx\/wp-content\/uploads\/2024\/02\/Cerebros-1.jpg?fit=1200%2C675&ssl=1\" \/>\n<meta name=\"twitter:creator\" content=\"@PulsecoderMx\" \/>\n<meta name=\"twitter:site\" content=\"@PulsecoderMx\" \/>\n<meta name=\"twitter:label1\" content=\"Escrito por\" \/>\n\t<meta name=\"twitter:data1\" content=\"Ismael Guzm\u00e1n\" \/>\n\t<meta name=\"twitter:label2\" content=\"Tiempo de lectura\" \/>\n\t<meta name=\"twitter:data2\" content=\"4 minutos\" \/>\n<script type=\"application\/ld+json\" class=\"yoast-schema-graph\">{\"@context\":\"https:\/\/schema.org\",\"@graph\":[{\"@type\":\"Article\",\"@id\":\"https:\/\/pulsecoder.com.mx\/index.php\/2024\/02\/12\/cerebros-alados\/#article\",\"isPartOf\":{\"@id\":\"https:\/\/pulsecoder.com.mx\/index.php\/2024\/02\/12\/cerebros-alados\/\"},\"author\":{\"name\":\"Ismael Guzm\u00e1n\",\"@id\":\"https:\/\/pulsecoder.com.mx\/#\/schema\/person\/3b7ec413977e4116b59be466f6b5d25a\"},\"headline\":\"Cerebros alados\",\"datePublished\":\"2024-02-12T22:11:11+00:00\",\"dateModified\":\"2024-02-21T06:47:58+00:00\",\"mainEntityOfPage\":{\"@id\":\"https:\/\/pulsecoder.com.mx\/index.php\/2024\/02\/12\/cerebros-alados\/\"},\"wordCount\":713,\"commentCount\":0,\"publisher\":{\"@id\":\"https:\/\/pulsecoder.com.mx\/#organization\"},\"image\":{\"@id\":\"https:\/\/pulsecoder.com.mx\/index.php\/2024\/02\/12\/cerebros-alados\/#primaryimage\"},\"thumbnailUrl\":\"https:\/\/i0.wp.com\/pulsecoder.com.mx\/wp-content\/uploads\/2024\/02\/Cerebros-II.jpg?fit=1200%2C675&ssl=1\",\"keywords\":[\"Competencia\",\"Conocimientos\",\"Digitalizaci\u00f3n\",\"Energ\u00eda\",\"Equipo\",\"Est\u00edmulo\",\"Futuro\",\"Juvetud\",\"Mente\",\"Oportunidades\",\"Servicios\",\"Talento\",\"Trabajo\"],\"articleSection\":[\"Emprendedores\"],\"inLanguage\":\"es\",\"potentialAction\":[{\"@type\":\"CommentAction\",\"name\":\"Comment\",\"target\":[\"https:\/\/pulsecoder.com.mx\/index.php\/2024\/02\/12\/cerebros-alados\/#respond\"]}]},{\"@type\":\"WebPage\",\"@id\":\"https:\/\/pulsecoder.com.mx\/index.php\/2024\/02\/12\/cerebros-alados\/\",\"url\":\"https:\/\/pulsecoder.com.mx\/index.php\/2024\/02\/12\/cerebros-alados\/\",\"name\":\"Cerebros alados\",\"isPartOf\":{\"@id\":\"https:\/\/pulsecoder.com.mx\/#website\"},\"primaryImageOfPage\":{\"@id\":\"https:\/\/pulsecoder.com.mx\/index.php\/2024\/02\/12\/cerebros-alados\/#primaryimage\"},\"image\":{\"@id\":\"https:\/\/pulsecoder.com.mx\/index.php\/2024\/02\/12\/cerebros-alados\/#primaryimage\"},\"thumbnailUrl\":\"https:\/\/i0.wp.com\/pulsecoder.com.mx\/wp-content\/uploads\/2024\/02\/Cerebros-II.jpg?fit=1200%2C675&ssl=1\",\"datePublished\":\"2024-02-12T22:11:11+00:00\",\"dateModified\":\"2024-02-21T06:47:58+00:00\",\"description\":\"Como emprendedor, sin anclajes s\u00f3lidos en nuestras virtudes, ser\u00e1 f\u00e1cil perderse. Y perder el origen es perder la originalidad.\",\"inLanguage\":\"es\",\"potentialAction\":[{\"@type\":\"ReadAction\",\"target\":[\"https:\/\/pulsecoder.com.mx\/index.php\/2024\/02\/12\/cerebros-alados\/\"]}]},{\"@type\":\"ImageObject\",\"inLanguage\":\"es\",\"@id\":\"https:\/\/pulsecoder.com.mx\/index.php\/2024\/02\/12\/cerebros-alados\/#primaryimage\",\"url\":\"https:\/\/i0.wp.com\/pulsecoder.com.mx\/wp-content\/uploads\/2024\/02\/Cerebros-II.jpg?fit=1200%2C675&ssl=1\",\"contentUrl\":\"https:\/\/i0.wp.com\/pulsecoder.com.mx\/wp-content\/uploads\/2024\/02\/Cerebros-II.jpg?fit=1200%2C675&ssl=1\",\"width\":1200,\"height\":675},{\"@type\":\"WebSite\",\"@id\":\"https:\/\/pulsecoder.com.mx\/#website\",\"url\":\"https:\/\/pulsecoder.com.mx\/\",\"name\":\"Pulsecoder\",\"description\":\"Revista digital de tecnolog\u00eda, sociedad e Innovaci\u00f3n\",\"publisher\":{\"@id\":\"https:\/\/pulsecoder.com.mx\/#organization\"},\"potentialAction\":[{\"@type\":\"SearchAction\",\"target\":{\"@type\":\"EntryPoint\",\"urlTemplate\":\"https:\/\/pulsecoder.com.mx\/?s={search_term_string}\"},\"query-input\":{\"@type\":\"PropertyValueSpecification\",\"valueRequired\":true,\"valueName\":\"search_term_string\"}}],\"inLanguage\":\"es\"},{\"@type\":\"Organization\",\"@id\":\"https:\/\/pulsecoder.com.mx\/#organization\",\"name\":\"Pulse Coder Mx\",\"url\":\"https:\/\/pulsecoder.com.mx\/\",\"logo\":{\"@type\":\"ImageObject\",\"inLanguage\":\"es\",\"@id\":\"https:\/\/pulsecoder.com.mx\/#\/schema\/logo\/image\/\",\"url\":\"https:\/\/i0.wp.com\/pulsecoder.com.mx\/wp-content\/uploads\/2021\/10\/Web.png?fit=2047%2C1024&ssl=1\",\"contentUrl\":\"https:\/\/i0.wp.com\/pulsecoder.com.mx\/wp-content\/uploads\/2021\/10\/Web.png?fit=2047%2C1024&ssl=1\",\"width\":2047,\"height\":1024,\"caption\":\"Pulse Coder Mx\"},\"image\":{\"@id\":\"https:\/\/pulsecoder.com.mx\/#\/schema\/logo\/image\/\"},\"sameAs\":[\"https:\/\/www.facebook.com\/PulsecoderMx\",\"https:\/\/x.com\/PulsecoderMx\",\"https:\/\/www.instagram.com\/pulsecodermx\/\",\"https:\/\/www.youtube.com\/channel\/UCci7xZRoiIxGpkwEljqfF9A\"]},{\"@type\":\"Person\",\"@id\":\"https:\/\/pulsecoder.com.mx\/#\/schema\/person\/3b7ec413977e4116b59be466f6b5d25a\",\"name\":\"Ismael Guzm\u00e1n\",\"image\":{\"@type\":\"ImageObject\",\"inLanguage\":\"es\",\"@id\":\"https:\/\/pulsecoder.com.mx\/#\/schema\/person\/image\/\",\"url\":\"https:\/\/secure.gravatar.com\/avatar\/9a10cab8115b61019922c2823d17de70?s=96&d=mm&r=g\",\"contentUrl\":\"https:\/\/secure.gravatar.com\/avatar\/9a10cab8115b61019922c2823d17de70?s=96&d=mm&r=g\",\"caption\":\"Ismael Guzm\u00e1n\"},\"description\":\"Fundador y Director de Pulse Coder. Escribe sobre digitalizaci\u00f3n, ciencia e innovaci\u00f3n tecnol\u00f3gica.\",\"url\":\"https:\/\/pulsecoder.com.mx\/index.php\/author\/ismael-guzman\/\"}]}<\/script>\n<!-- \/ Yoast SEO plugin. -->","yoast_head_json":{"title":"Cerebros alados","description":"Como emprendedor, sin anclajes s\u00f3lidos en nuestras virtudes, ser\u00e1 f\u00e1cil perderse. Y perder el origen es perder la originalidad.","robots":{"index":"index","follow":"follow","max-snippet":"max-snippet:-1","max-image-preview":"max-image-preview:large","max-video-preview":"max-video-preview:-1"},"canonical":"https:\/\/pulsecoder.com.mx\/index.php\/2024\/02\/12\/cerebros-alados\/","og_locale":"es_MX","og_type":"article","og_title":"Cerebros alados","og_description":"Como emprendedor, sin anclajes s\u00f3lidos en nuestras virtudes, ser\u00e1 f\u00e1cil perderse. Y perder el origen es perder la originalidad.","og_url":"https:\/\/pulsecoder.com.mx\/index.php\/2024\/02\/12\/cerebros-alados\/","og_site_name":"Pulsecoder","article_publisher":"https:\/\/www.facebook.com\/PulsecoderMx","article_published_time":"2024-02-12T22:11:11+00:00","article_modified_time":"2024-02-21T06:47:58+00:00","og_image":[{"width":1200,"height":675,"url":"https:\/\/pulsecoder.com.mx\/wp-content\/uploads\/2024\/02\/Cerebros-1.jpg","type":"image\/jpeg"}],"author":"Ismael Guzm\u00e1n","twitter_card":"summary_large_image","twitter_title":"Cerebros alados","twitter_description":"Como emprendedor, sin anclajes s\u00f3lidos en nuestras virtudes, ser\u00e1 f\u00e1cil perderse. Y perder el origen es perder la originalidad.","twitter_image":"https:\/\/i0.wp.com\/pulsecoder.com.mx\/wp-content\/uploads\/2024\/02\/Cerebros-1.jpg?fit=1200%2C675&ssl=1","twitter_creator":"@PulsecoderMx","twitter_site":"@PulsecoderMx","twitter_misc":{"Escrito por":"Ismael Guzm\u00e1n","Tiempo de lectura":"4 minutos"},"schema":{"@context":"https:\/\/schema.org","@graph":[{"@type":"Article","@id":"https:\/\/pulsecoder.com.mx\/index.php\/2024\/02\/12\/cerebros-alados\/#article","isPartOf":{"@id":"https:\/\/pulsecoder.com.mx\/index.php\/2024\/02\/12\/cerebros-alados\/"},"author":{"name":"Ismael Guzm\u00e1n","@id":"https:\/\/pulsecoder.com.mx\/#\/schema\/person\/3b7ec413977e4116b59be466f6b5d25a"},"headline":"Cerebros alados","datePublished":"2024-02-12T22:11:11+00:00","dateModified":"2024-02-21T06:47:58+00:00","mainEntityOfPage":{"@id":"https:\/\/pulsecoder.com.mx\/index.php\/2024\/02\/12\/cerebros-alados\/"},"wordCount":713,"commentCount":0,"publisher":{"@id":"https:\/\/pulsecoder.com.mx\/#organization"},"image":{"@id":"https:\/\/pulsecoder.com.mx\/index.php\/2024\/02\/12\/cerebros-alados\/#primaryimage"},"thumbnailUrl":"https:\/\/i0.wp.com\/pulsecoder.com.mx\/wp-content\/uploads\/2024\/02\/Cerebros-II.jpg?fit=1200%2C675&ssl=1","keywords":["Competencia","Conocimientos","Digitalizaci\u00f3n","Energ\u00eda","Equipo","Est\u00edmulo","Futuro","Juvetud","Mente","Oportunidades","Servicios","Talento","Trabajo"],"articleSection":["Emprendedores"],"inLanguage":"es","potentialAction":[{"@type":"CommentAction","name":"Comment","target":["https:\/\/pulsecoder.com.mx\/index.php\/2024\/02\/12\/cerebros-alados\/#respond"]}]},{"@type":"WebPage","@id":"https:\/\/pulsecoder.com.mx\/index.php\/2024\/02\/12\/cerebros-alados\/","url":"https:\/\/pulsecoder.com.mx\/index.php\/2024\/02\/12\/cerebros-alados\/","name":"Cerebros alados","isPartOf":{"@id":"https:\/\/pulsecoder.com.mx\/#website"},"primaryImageOfPage":{"@id":"https:\/\/pulsecoder.com.mx\/index.php\/2024\/02\/12\/cerebros-alados\/#primaryimage"},"image":{"@id":"https:\/\/pulsecoder.com.mx\/index.php\/2024\/02\/12\/cerebros-alados\/#primaryimage"},"thumbnailUrl":"https:\/\/i0.wp.com\/pulsecoder.com.mx\/wp-content\/uploads\/2024\/02\/Cerebros-II.jpg?fit=1200%2C675&ssl=1","datePublished":"2024-02-12T22:11:11+00:00","dateModified":"2024-02-21T06:47:58+00:00","description":"Como emprendedor, sin anclajes s\u00f3lidos en nuestras virtudes, ser\u00e1 f\u00e1cil perderse. Y perder el origen es perder la originalidad.","inLanguage":"es","potentialAction":[{"@type":"ReadAction","target":["https:\/\/pulsecoder.com.mx\/index.php\/2024\/02\/12\/cerebros-alados\/"]}]},{"@type":"ImageObject","inLanguage":"es","@id":"https:\/\/pulsecoder.com.mx\/index.php\/2024\/02\/12\/cerebros-alados\/#primaryimage","url":"https:\/\/i0.wp.com\/pulsecoder.com.mx\/wp-content\/uploads\/2024\/02\/Cerebros-II.jpg?fit=1200%2C675&ssl=1","contentUrl":"https:\/\/i0.wp.com\/pulsecoder.com.mx\/wp-content\/uploads\/2024\/02\/Cerebros-II.jpg?fit=1200%2C675&ssl=1","width":1200,"height":675},{"@type":"WebSite","@id":"https:\/\/pulsecoder.com.mx\/#website","url":"https:\/\/pulsecoder.com.mx\/","name":"Pulsecoder","description":"Revista digital de tecnolog\u00eda, sociedad e Innovaci\u00f3n","publisher":{"@id":"https:\/\/pulsecoder.com.mx\/#organization"},"potentialAction":[{"@type":"SearchAction","target":{"@type":"EntryPoint","urlTemplate":"https:\/\/pulsecoder.com.mx\/?s={search_term_string}"},"query-input":{"@type":"PropertyValueSpecification","valueRequired":true,"valueName":"search_term_string"}}],"inLanguage":"es"},{"@type":"Organization","@id":"https:\/\/pulsecoder.com.mx\/#organization","name":"Pulse Coder Mx","url":"https:\/\/pulsecoder.com.mx\/","logo":{"@type":"ImageObject","inLanguage":"es","@id":"https:\/\/pulsecoder.com.mx\/#\/schema\/logo\/image\/","url":"https:\/\/i0.wp.com\/pulsecoder.com.mx\/wp-content\/uploads\/2021\/10\/Web.png?fit=2047%2C1024&ssl=1","contentUrl":"https:\/\/i0.wp.com\/pulsecoder.com.mx\/wp-content\/uploads\/2021\/10\/Web.png?fit=2047%2C1024&ssl=1","width":2047,"height":1024,"caption":"Pulse Coder Mx"},"image":{"@id":"https:\/\/pulsecoder.com.mx\/#\/schema\/logo\/image\/"},"sameAs":["https:\/\/www.facebook.com\/PulsecoderMx","https:\/\/x.com\/PulsecoderMx","https:\/\/www.instagram.com\/pulsecodermx\/","https:\/\/www.youtube.com\/channel\/UCci7xZRoiIxGpkwEljqfF9A"]},{"@type":"Person","@id":"https:\/\/pulsecoder.com.mx\/#\/schema\/person\/3b7ec413977e4116b59be466f6b5d25a","name":"Ismael Guzm\u00e1n","image":{"@type":"ImageObject","inLanguage":"es","@id":"https:\/\/pulsecoder.com.mx\/#\/schema\/person\/image\/","url":"https:\/\/secure.gravatar.com\/avatar\/9a10cab8115b61019922c2823d17de70?s=96&d=mm&r=g","contentUrl":"https:\/\/secure.gravatar.com\/avatar\/9a10cab8115b61019922c2823d17de70?s=96&d=mm&r=g","caption":"Ismael Guzm\u00e1n"},"description":"Fundador y Director de Pulse Coder. Escribe sobre digitalizaci\u00f3n, ciencia e innovaci\u00f3n tecnol\u00f3gica.","url":"https:\/\/pulsecoder.com.mx\/index.php\/author\/ismael-guzman\/"}]}},"jetpack_featured_media_url":"https:\/\/i0.wp.com\/pulsecoder.com.mx\/wp-content\/uploads\/2024\/02\/Cerebros-II.jpg?fit=1200%2C675&ssl=1","jetpack_sharing_enabled":true,"amp_enabled":true,"_links":{"self":[{"href":"https:\/\/pulsecoder.com.mx\/index.php\/wp-json\/wp\/v2\/posts\/3948"}],"collection":[{"href":"https:\/\/pulsecoder.com.mx\/index.php\/wp-json\/wp\/v2\/posts"}],"about":[{"href":"https:\/\/pulsecoder.com.mx\/index.php\/wp-json\/wp\/v2\/types\/post"}],"author":[{"embeddable":true,"href":"https:\/\/pulsecoder.com.mx\/index.php\/wp-json\/wp\/v2\/users\/5"}],"replies":[{"embeddable":true,"href":"https:\/\/pulsecoder.com.mx\/index.php\/wp-json\/wp\/v2\/comments?post=3948"}],"version-history":[{"count":9,"href":"https:\/\/pulsecoder.com.mx\/index.php\/wp-json\/wp\/v2\/posts\/3948\/revisions"}],"predecessor-version":[{"id":4015,"href":"https:\/\/pulsecoder.com.mx\/index.php\/wp-json\/wp\/v2\/posts\/3948\/revisions\/4015"}],"wp:featuredmedia":[{"embeddable":true,"href":"https:\/\/pulsecoder.com.mx\/index.php\/wp-json\/wp\/v2\/media\/3963"}],"wp:attachment":[{"href":"https:\/\/pulsecoder.com.mx\/index.php\/wp-json\/wp\/v2\/media?parent=3948"}],"wp:term":[{"taxonomy":"category","embeddable":true,"href":"https:\/\/pulsecoder.com.mx\/index.php\/wp-json\/wp\/v2\/categories?post=3948"},{"taxonomy":"post_tag","embeddable":true,"href":"https:\/\/pulsecoder.com.mx\/index.php\/wp-json\/wp\/v2\/tags?post=3948"}],"curies":[{"name":"wp","href":"https:\/\/api.w.org\/{rel}","templated":true}]}}