{"id":4019,"date":"2024-02-22T22:05:50","date_gmt":"2024-02-23T04:05:50","guid":{"rendered":"https:\/\/pulsecoder.com.mx\/?p=4019"},"modified":"2024-02-26T17:17:07","modified_gmt":"2024-02-26T23:17:07","slug":"a-10-anos-sin-de-paco-de-lucia","status":"publish","type":"post","link":"https:\/\/pulsecoder.com.mx\/index.php\/2024\/02\/22\/a-10-anos-sin-de-paco-de-lucia\/","title":{"rendered":"A 10 a\u00f1os sin Paco De Luc\u00eda"},"content":{"rendered":"<body>\n<p class=\"has-text-align-justify\">Si en alguna ocasi\u00f3n tuviste oportunidad de mirar el documental \u201cSoy Francisco S\u00e1nchez<strong> <\/strong>alias <strong>Paco de Luc\u00eda [2004]<\/strong>\u201d, te habr\u00e1s enterado que, detr\u00e1s del fenomenal monstruo guitarr\u00edstico, en realidad, se encontraba un hombre afligido por la responsabilidad que conlleva ser un fen\u00f3meno en el mundo, en cualquiera que sea el \u00e1mbito.  <\/p>\n\n\n\n<p class=\"has-text-align-justify\">Desde luego para la m\u00fasica es un ser irrepetible. En sus \u00faltimos a\u00f1os las giras internacionales no le apetec\u00edan tanto como hecho de nadar por el caribe mexicano. En m\u00faltiples ocasiones mencionaba c\u00f3mo su paz se ve\u00eda reducida por la intensidad de las giras,  aeropuertos y escenarios. \u00a0<\/p>\n\n\n\n<p class=\"has-text-align-justify\">El filme pone mucho \u00e9nfasis a la parte humana del guitarrista. Aborda las distintas facetas del m\u00fasico y lo proyecta como esa persona que, desde luego, no est\u00e1 exento de experimentar comportamientos de ansiedad y dudas. Poco a poco vamos adentrandonos en la personalidad del genio. <\/p>\n\n\n\n<p class=\"has-text-align-justify\">Al parecer, <strong>Francisco S\u00e1nchez<\/strong> siempre tuvo la habilidad de ejercer dos personalidades. Por un lado,  el hombre sencillo y hogare\u00f1o que se refugia en la comodidad de una rutina. Por otra parte, el revitalizado m\u00fasico internacional capaz de dibujar los patrones m\u00e1s complejos de la m\u00fasica espa\u00f1ola en cualquier escenario.<\/p>\n\n\n\n<p class=\"has-text-align-justify\">Como todo artista profesional, <strong>Paco de Luc\u00eda<\/strong> conoc\u00eda de ciertos menesteres que lo volv\u00edan a colocar en \u00f3rbita. Entonces, reanimado para salir de casa, part\u00eda hacia los m\u00e1s importantes auditorios del mundo.<\/p>\n\n\n\n<p class=\"has-text-align-justify\">Una vez ya sobre el escenario, las dudas se disipaban. Ni las prisas ni la catarsis ten\u00edan cabida. Una cualidad que hablaba de si mismo. Muy probablemente, ten\u00eda un m\u00e9todo personal para resetear sus emociones. <\/p>\n\n\n\n<p class=\"has-text-align-justify\">Y una vez recogido el poder que causa la calidez de los aplausos, el ejecutante proyectaba hacia el p\u00fablico un <em>performance<\/em> inigualable, similar al mejor atleta que puedas mirar en unos juegos ol\u00edmpicos, respaldado por los grandes m\u00fasicos que le acompa\u00f1aron en vida. \u00a0<\/p>\n\n\n\n<p class=\"has-text-align-justify\">Durante medio a\u00f1o permanec\u00eda en giras internacionales tocando en una veintena de pa\u00edses  donde sol\u00edan destacar  los Estados Unidos, Jap\u00f3n, Australia, Reino Unido, Argentina, Brasil, etc. \u00a0<\/p>\n\n\n\n<p class=\"has-text-align-justify\">El resto del a\u00f1o permanec\u00eda en casa junto con su familia, en una atm\u00f3sfera envidiable con conexi\u00f3n al mar y su compa\u00f1era, la guitarra flamenca. <\/p>\n\n\n\n<p class=\"has-text-align-justify\">Unas horas antes de merendar los productos del mar, emprend\u00eda el viaje en b\u00fasqueda del pez id\u00f3neo. Disfrutaba del paseo en lancha, bucear y conectarse al mundo acu\u00e1tico, quiz\u00e1 como fuente de creatividad e inspiraci\u00f3n.<\/p>\n\n\n\n<p class=\"has-text-align-justify\">Y justo en su refugio, en ese para\u00edso del caribe, la innovaci\u00f3n en su m\u00fasica no pod\u00eda esperar. Estudioso de las nuevas herramientas tecnol\u00f3gicas para la composici\u00f3n, dedicaba semanas enteras a crear nuevos temas y nuevos atajos para la improvisaci\u00f3n.<\/p>\n\n\n\n<p class=\"has-text-align-justify\">Su humilde y sencillo proceder influy\u00f3 para permanecer distante de la fama del artista y refugiarse as\u00ed en un peque\u00f1o pueblito del caribe mexicano donde fue feliz durante 30 a\u00f1os. <\/p>\n\n\n\n<hr class=\"wp-block-separator has-alpha-channel-opacity\">\n\n\n\n<figure class=\"wp-block-image aligncenter size-full\"><img data-recalc-dims=\"1\" decoding=\"async\" width=\"696\" height=\"392\" src=\"https:\/\/i0.wp.com\/pulsecoder.com.mx\/wp-content\/uploads\/2024\/02\/carnigie.jpg?resize=696%2C392&#038;ssl=1\" alt=\"\" class=\"wp-image-4022\" loading=\"lazy\" srcset=\"https:\/\/i0.wp.com\/pulsecoder.com.mx\/wp-content\/uploads\/2024\/02\/carnigie.jpg?w=847&amp;ssl=1 847w, https:\/\/i0.wp.com\/pulsecoder.com.mx\/wp-content\/uploads\/2024\/02\/carnigie.jpg?resize=300%2C169&amp;ssl=1 300w, https:\/\/i0.wp.com\/pulsecoder.com.mx\/wp-content\/uploads\/2024\/02\/carnigie.jpg?resize=768%2C433&amp;ssl=1 768w, https:\/\/i0.wp.com\/pulsecoder.com.mx\/wp-content\/uploads\/2024\/02\/carnigie.jpg?resize=696%2C392&amp;ssl=1 696w\" sizes=\"(max-width: 696px) 100vw, 696px\" \/><figcaption class=\"wp-element-caption\">Artistas se despiden en el  tributo \u201cPaco de Luc\u00eda Legacy Festival\u201d  en Carnigie Hall, New York. <\/figcaption><\/figure>\n\n\n\n<hr class=\"wp-block-separator has-alpha-channel-opacity\">\n\n\n\n<p class=\"has-text-align-justify\">Para celebrar el d\u00e9cimo aniversario luctuoso del virtuoso de Algeciras, este 21 de febrero se present\u00f3, en el afamado <strong>Carnegie Hall<\/strong> de Nueva York, un formidable concierto en honor a su obra y legado.<\/p>\n\n\n\n<p class=\"has-text-align-justify\"><strong>Al Di Meola<\/strong>, <strong>Rub\u00e9n Blades<\/strong> y <strong>Diego El Cigala<\/strong> fueron algunos de los muchos artistas que el martes por la noche homenajearon al guitarrista y compositor espa\u00f1ol. Un m\u00fasico que no s\u00f3lo destac\u00f3 por ser el m\u00e1ximo ejecutante del flamenco sino ser un colosal compositor, logrando explotar y enriquecer la musicalidad de este g\u00e9nero a un nivel jam\u00e1s imaginado.<\/p>\n\n\n\n<p class=\"has-text-align-justify\">Pero al hablar de <strong>Paco de Luc\u00eda<\/strong> tambi\u00e9n podr\u00eda mencionarse su rebeld\u00eda y pensamiento pol\u00edtico. A consecuencia, tuvo una serie de diferencias con el ministerio de cultura de Espa\u00f1a, siendo relegado, muchas veces, de los grandes festivales del pa\u00eds peninsular. Sobre todo en la \u00e9poca donde manifest\u00f3 ser un hombre de la izquierda, haciendo referencia a su mano m\u00e1s h\u00e1bil,  en aquella legendaria entrevista en los a\u00f1os setenta.<\/p>\n\n\n\n<p class=\"has-text-align-justify\">Para aquel entonces, <strong>Paco de Luc\u00eda<\/strong> no era a\u00fan la leyenda en la que se convirti\u00f3 a\u00f1os despu\u00e9s. Sobre todo con la apertura cultural que Espa\u00f1a mostr\u00f3 al mundo durante <strong>Barcelona 1992<\/strong>.<\/p>\n\n\n\n<p class=\"has-text-align-justify\">Luego de haber creado  perlas musicales de gran calado y virtuosidad como Almoraima, Monasterio de Sal, Zyryab -entre una decena m\u00e1s-  y llevar las obras de <strong>Manuel de Falla y Joaquin Rodrigo <\/strong>al caracter m\u00e1s nacionalista de la musica espa\u00f1ola, finalmente lograba el reconocimiento en la escena interna, algo que se resist\u00eda por los  fundamentalistas del flamenco y de la m\u00fasica cl\u00e1sica. <\/p>\n\n\n\n<p class=\"has-text-align-justify\">A partir de entonces fue un abanderado honor\u00edfico de la marca<strong> <em>Espa\u00f1a<\/em><\/strong> cuando, de fondo, se produc\u00edan im\u00e1genes con su m\u00fasica para promocionar al pa\u00eds de manera internacional.<\/p>\n\n\n\n<p class=\"has-text-align-justify\">Finalmente, aquellos m\u00fasicos m\u00e1s ortodoxos del flamenco que lo desestimaron, reconocieron en \u00e9l a la estrella m\u00e1s grande de todas poco tiempo despu\u00e9s de su muerte. Francisco S\u00e1nchez alias <strong>Paco de Luc\u00eda, <\/strong>muri\u00f3 un 25 de febrero del 2014 en <strong>Canc\u00fan, M\u00e9xico. <\/strong><\/p>\n\n\n\n<p>Su m\u00fasica tiene un cierto efecto que reamina, tal y como \u00e9l mismo se refer\u00eda al escuchar al gran compositor espa\u00f1ol <strong> Manuel de Falla.<\/strong> <\/p>\n\n\n\n<p>Para consulta:<\/p>\n\n\n\n<p>Documental<em> Francisco Sanchez, Paco de Luc\u00eda 2004<\/em><\/p>\n\n\n\n<hr class=\"wp-block-separator has-alpha-channel-opacity\">\n\n\n\n<figure class=\"wp-block-embed is-type-video is-provider-youtube wp-block-embed-youtube wp-embed-aspect-16-9 wp-has-aspect-ratio\"><div class=\"wp-block-embed__wrapper\">\n<iframe loading=\"lazy\" title=\"Francisco S\u00e1nchez, Paco de Luc\u00eda english subtitles\" width=\"696\" height=\"392\" src=\"https:\/\/www.youtube.com\/embed\/HuigQEXzDlM?feature=oembed\" frameborder=\"0\" allow=\"accelerometer; autoplay; clipboard-write; encrypted-media; gyroscope; picture-in-picture; web-share\" allowfullscreen><\/iframe>\n<\/div><\/figure>\n<\/body>","protected":false},"excerpt":{"rendered":"<p>Si en alguna ocasi\u00f3n tuviste oportunidad de mirar el documental \u201cSoy Francisco S\u00e1nchez alias Paco de Luc\u00eda [2004]\u201d, te habr\u00e1s enterado que, detr\u00e1s del fenomenal monstruo guitarr\u00edstico, en realidad, se encontraba un hombre afligido por la responsabilidad que conlleva ser un fen\u00f3meno en el mundo, en cualquiera que sea el \u00e1mbito. Desde luego para la [&hellip;]<\/p>\n","protected":false},"author":5,"featured_media":4020,"comment_status":"open","ping_status":"open","sticky":true,"template":"","format":"standard","meta":{"_et_pb_use_builder":"off","_et_pb_old_content":"","_et_gb_content_width":"","_monsterinsights_skip_tracking":false,"_jetpack_memberships_contains_paid_content":false,"footnotes":""},"categories":[405],"tags":[1299,1022,1772,1769,1770,1160,1586,1766,1767,994,1616,1768,1771],"class_list":["post-4019","post","type-post","status-publish","format-standard","has-post-thumbnail","hentry","category-musica","tag-aniversario","tag-artista","tag-auditorio","tag-carnegie-hall","tag-compositor","tag-cultura","tag-escenario","tag-espana","tag-flamenco","tag-guitarra","tag-homenaje","tag-tributo","tag-virtuosidad"],"yoast_head":"<!-- This site is optimized with the Yoast SEO plugin v25.5 - https:\/\/yoast.com\/wordpress\/plugins\/seo\/ -->\n<title>A 10 a\u00f1os sin Paco De Luc\u00eda<\/title>\n<meta name=\"description\" content=\"Paco de Luc\u00eda proyectaba al p\u00fablico un performance inigualable, similar al del mejor atleta que puedas mirar en unos juegos ol\u00edmpicos\" \/>\n<meta name=\"robots\" content=\"index, follow, max-snippet:-1, max-image-preview:large, max-video-preview:-1\" \/>\n<link rel=\"canonical\" href=\"https:\/\/pulsecoder.com.mx\/index.php\/2024\/02\/22\/a-10-anos-sin-de-paco-de-lucia\/\" \/>\n<meta property=\"og:locale\" content=\"es_MX\" \/>\n<meta property=\"og:type\" content=\"article\" \/>\n<meta property=\"og:title\" content=\"A 10 a\u00f1os sin Paco De Luc\u00eda\" \/>\n<meta property=\"og:description\" content=\"Paco de Luc\u00eda proyectaba al p\u00fablico un performance inigualable, similar al del mejor atleta que puedas mirar en unos juegos ol\u00edmpicos\" \/>\n<meta property=\"og:url\" content=\"https:\/\/pulsecoder.com.mx\/index.php\/2024\/02\/22\/a-10-anos-sin-de-paco-de-lucia\/\" \/>\n<meta property=\"og:site_name\" content=\"Pulsecoder\" \/>\n<meta property=\"article:publisher\" content=\"https:\/\/www.facebook.com\/PulsecoderMx\" \/>\n<meta property=\"article:published_time\" content=\"2024-02-23T04:05:50+00:00\" \/>\n<meta property=\"article:modified_time\" content=\"2024-02-26T23:17:07+00:00\" \/>\n<meta property=\"og:image\" content=\"https:\/\/pulsecoder.com.mx\/wp-content\/uploads\/2024\/02\/Featured-Images-II.jpg\" \/>\n\t<meta property=\"og:image:width\" content=\"1200\" \/>\n\t<meta property=\"og:image:height\" content=\"675\" \/>\n\t<meta property=\"og:image:type\" content=\"image\/jpeg\" \/>\n<meta name=\"author\" content=\"Ismael Guzm\u00e1n\" \/>\n<meta name=\"twitter:card\" content=\"summary_large_image\" \/>\n<meta name=\"twitter:title\" content=\"A 10 a\u00f1os sin Paco De Luc\u00eda\" \/>\n<meta name=\"twitter:description\" content=\"Paco de Luc\u00eda proyectaba al p\u00fablico un performance inigualable, similar al del mejor atleta que puedas mirar en unos juegos ol\u00edmpicos\" \/>\n<meta name=\"twitter:image\" content=\"https:\/\/i0.wp.com\/pulsecoder.com.mx\/wp-content\/uploads\/2024\/02\/Featured-Images-II.jpg?fit=1200%2C675&ssl=1\" \/>\n<meta name=\"twitter:creator\" content=\"@PulsecoderMx\" \/>\n<meta name=\"twitter:site\" content=\"@PulsecoderMx\" \/>\n<meta name=\"twitter:label1\" content=\"Escrito por\" \/>\n\t<meta name=\"twitter:data1\" content=\"Ismael Guzm\u00e1n\" \/>\n\t<meta name=\"twitter:label2\" content=\"Tiempo de lectura\" \/>\n\t<meta name=\"twitter:data2\" content=\"5 minutos\" \/>\n<script type=\"application\/ld+json\" class=\"yoast-schema-graph\">{\"@context\":\"https:\/\/schema.org\",\"@graph\":[{\"@type\":\"Article\",\"@id\":\"https:\/\/pulsecoder.com.mx\/index.php\/2024\/02\/22\/a-10-anos-sin-de-paco-de-lucia\/#article\",\"isPartOf\":{\"@id\":\"https:\/\/pulsecoder.com.mx\/index.php\/2024\/02\/22\/a-10-anos-sin-de-paco-de-lucia\/\"},\"author\":{\"name\":\"Ismael Guzm\u00e1n\",\"@id\":\"https:\/\/pulsecoder.com.mx\/#\/schema\/person\/3b7ec413977e4116b59be466f6b5d25a\"},\"headline\":\"A 10 a\u00f1os sin Paco De Luc\u00eda\",\"datePublished\":\"2024-02-23T04:05:50+00:00\",\"dateModified\":\"2024-02-26T23:17:07+00:00\",\"mainEntityOfPage\":{\"@id\":\"https:\/\/pulsecoder.com.mx\/index.php\/2024\/02\/22\/a-10-anos-sin-de-paco-de-lucia\/\"},\"wordCount\":950,\"commentCount\":0,\"publisher\":{\"@id\":\"https:\/\/pulsecoder.com.mx\/#organization\"},\"image\":{\"@id\":\"https:\/\/pulsecoder.com.mx\/index.php\/2024\/02\/22\/a-10-anos-sin-de-paco-de-lucia\/#primaryimage\"},\"thumbnailUrl\":\"https:\/\/i0.wp.com\/pulsecoder.com.mx\/wp-content\/uploads\/2024\/02\/Featured-Images-II.jpg?fit=1200%2C675&ssl=1\",\"keywords\":[\"Aniversario\",\"Artista\",\"Auditorio\",\"Carnegie Hall\",\"Compositor\",\"Cultura\",\"Escenario\",\"Espa\u00f1a\",\"Flamenco\",\"Guitarra\",\"Homenaje\",\"Tributo\",\"Virtuosidad\"],\"articleSection\":[\"M\u00fasica\"],\"inLanguage\":\"es\",\"potentialAction\":[{\"@type\":\"CommentAction\",\"name\":\"Comment\",\"target\":[\"https:\/\/pulsecoder.com.mx\/index.php\/2024\/02\/22\/a-10-anos-sin-de-paco-de-lucia\/#respond\"]}]},{\"@type\":\"WebPage\",\"@id\":\"https:\/\/pulsecoder.com.mx\/index.php\/2024\/02\/22\/a-10-anos-sin-de-paco-de-lucia\/\",\"url\":\"https:\/\/pulsecoder.com.mx\/index.php\/2024\/02\/22\/a-10-anos-sin-de-paco-de-lucia\/\",\"name\":\"A 10 a\u00f1os sin Paco De Luc\u00eda\",\"isPartOf\":{\"@id\":\"https:\/\/pulsecoder.com.mx\/#website\"},\"primaryImageOfPage\":{\"@id\":\"https:\/\/pulsecoder.com.mx\/index.php\/2024\/02\/22\/a-10-anos-sin-de-paco-de-lucia\/#primaryimage\"},\"image\":{\"@id\":\"https:\/\/pulsecoder.com.mx\/index.php\/2024\/02\/22\/a-10-anos-sin-de-paco-de-lucia\/#primaryimage\"},\"thumbnailUrl\":\"https:\/\/i0.wp.com\/pulsecoder.com.mx\/wp-content\/uploads\/2024\/02\/Featured-Images-II.jpg?fit=1200%2C675&ssl=1\",\"datePublished\":\"2024-02-23T04:05:50+00:00\",\"dateModified\":\"2024-02-26T23:17:07+00:00\",\"description\":\"Paco de Luc\u00eda proyectaba al p\u00fablico un performance inigualable, similar al del mejor atleta que puedas mirar en unos juegos ol\u00edmpicos\",\"inLanguage\":\"es\",\"potentialAction\":[{\"@type\":\"ReadAction\",\"target\":[\"https:\/\/pulsecoder.com.mx\/index.php\/2024\/02\/22\/a-10-anos-sin-de-paco-de-lucia\/\"]}]},{\"@type\":\"ImageObject\",\"inLanguage\":\"es\",\"@id\":\"https:\/\/pulsecoder.com.mx\/index.php\/2024\/02\/22\/a-10-anos-sin-de-paco-de-lucia\/#primaryimage\",\"url\":\"https:\/\/i0.wp.com\/pulsecoder.com.mx\/wp-content\/uploads\/2024\/02\/Featured-Images-II.jpg?fit=1200%2C675&ssl=1\",\"contentUrl\":\"https:\/\/i0.wp.com\/pulsecoder.com.mx\/wp-content\/uploads\/2024\/02\/Featured-Images-II.jpg?fit=1200%2C675&ssl=1\",\"width\":1200,\"height\":675},{\"@type\":\"WebSite\",\"@id\":\"https:\/\/pulsecoder.com.mx\/#website\",\"url\":\"https:\/\/pulsecoder.com.mx\/\",\"name\":\"Pulsecoder\",\"description\":\"Revista digital de tecnolog\u00eda, sociedad e Innovaci\u00f3n\",\"publisher\":{\"@id\":\"https:\/\/pulsecoder.com.mx\/#organization\"},\"potentialAction\":[{\"@type\":\"SearchAction\",\"target\":{\"@type\":\"EntryPoint\",\"urlTemplate\":\"https:\/\/pulsecoder.com.mx\/?s={search_term_string}\"},\"query-input\":{\"@type\":\"PropertyValueSpecification\",\"valueRequired\":true,\"valueName\":\"search_term_string\"}}],\"inLanguage\":\"es\"},{\"@type\":\"Organization\",\"@id\":\"https:\/\/pulsecoder.com.mx\/#organization\",\"name\":\"Pulse Coder Mx\",\"url\":\"https:\/\/pulsecoder.com.mx\/\",\"logo\":{\"@type\":\"ImageObject\",\"inLanguage\":\"es\",\"@id\":\"https:\/\/pulsecoder.com.mx\/#\/schema\/logo\/image\/\",\"url\":\"https:\/\/i0.wp.com\/pulsecoder.com.mx\/wp-content\/uploads\/2021\/10\/Web.png?fit=2047%2C1024&ssl=1\",\"contentUrl\":\"https:\/\/i0.wp.com\/pulsecoder.com.mx\/wp-content\/uploads\/2021\/10\/Web.png?fit=2047%2C1024&ssl=1\",\"width\":2047,\"height\":1024,\"caption\":\"Pulse Coder Mx\"},\"image\":{\"@id\":\"https:\/\/pulsecoder.com.mx\/#\/schema\/logo\/image\/\"},\"sameAs\":[\"https:\/\/www.facebook.com\/PulsecoderMx\",\"https:\/\/x.com\/PulsecoderMx\",\"https:\/\/www.instagram.com\/pulsecodermx\/\",\"https:\/\/www.youtube.com\/channel\/UCci7xZRoiIxGpkwEljqfF9A\"]},{\"@type\":\"Person\",\"@id\":\"https:\/\/pulsecoder.com.mx\/#\/schema\/person\/3b7ec413977e4116b59be466f6b5d25a\",\"name\":\"Ismael Guzm\u00e1n\",\"image\":{\"@type\":\"ImageObject\",\"inLanguage\":\"es\",\"@id\":\"https:\/\/pulsecoder.com.mx\/#\/schema\/person\/image\/\",\"url\":\"https:\/\/secure.gravatar.com\/avatar\/9a10cab8115b61019922c2823d17de70?s=96&d=mm&r=g\",\"contentUrl\":\"https:\/\/secure.gravatar.com\/avatar\/9a10cab8115b61019922c2823d17de70?s=96&d=mm&r=g\",\"caption\":\"Ismael Guzm\u00e1n\"},\"description\":\"Fundador y Director de Pulse Coder. Escribe sobre digitalizaci\u00f3n, ciencia e innovaci\u00f3n tecnol\u00f3gica.\",\"url\":\"https:\/\/pulsecoder.com.mx\/index.php\/author\/ismael-guzman\/\"}]}<\/script>\n<!-- \/ Yoast SEO plugin. -->","yoast_head_json":{"title":"A 10 a\u00f1os sin Paco De Luc\u00eda","description":"Paco de Luc\u00eda proyectaba al p\u00fablico un performance inigualable, similar al del mejor atleta que puedas mirar en unos juegos ol\u00edmpicos","robots":{"index":"index","follow":"follow","max-snippet":"max-snippet:-1","max-image-preview":"max-image-preview:large","max-video-preview":"max-video-preview:-1"},"canonical":"https:\/\/pulsecoder.com.mx\/index.php\/2024\/02\/22\/a-10-anos-sin-de-paco-de-lucia\/","og_locale":"es_MX","og_type":"article","og_title":"A 10 a\u00f1os sin Paco De Luc\u00eda","og_description":"Paco de Luc\u00eda proyectaba al p\u00fablico un performance inigualable, similar al del mejor atleta que puedas mirar en unos juegos ol\u00edmpicos","og_url":"https:\/\/pulsecoder.com.mx\/index.php\/2024\/02\/22\/a-10-anos-sin-de-paco-de-lucia\/","og_site_name":"Pulsecoder","article_publisher":"https:\/\/www.facebook.com\/PulsecoderMx","article_published_time":"2024-02-23T04:05:50+00:00","article_modified_time":"2024-02-26T23:17:07+00:00","og_image":[{"width":1200,"height":675,"url":"https:\/\/pulsecoder.com.mx\/wp-content\/uploads\/2024\/02\/Featured-Images-II.jpg","type":"image\/jpeg"}],"author":"Ismael Guzm\u00e1n","twitter_card":"summary_large_image","twitter_title":"A 10 a\u00f1os sin Paco De Luc\u00eda","twitter_description":"Paco de Luc\u00eda proyectaba al p\u00fablico un performance inigualable, similar al del mejor atleta que puedas mirar en unos juegos ol\u00edmpicos","twitter_image":"https:\/\/i0.wp.com\/pulsecoder.com.mx\/wp-content\/uploads\/2024\/02\/Featured-Images-II.jpg?fit=1200%2C675&ssl=1","twitter_creator":"@PulsecoderMx","twitter_site":"@PulsecoderMx","twitter_misc":{"Escrito por":"Ismael Guzm\u00e1n","Tiempo de lectura":"5 minutos"},"schema":{"@context":"https:\/\/schema.org","@graph":[{"@type":"Article","@id":"https:\/\/pulsecoder.com.mx\/index.php\/2024\/02\/22\/a-10-anos-sin-de-paco-de-lucia\/#article","isPartOf":{"@id":"https:\/\/pulsecoder.com.mx\/index.php\/2024\/02\/22\/a-10-anos-sin-de-paco-de-lucia\/"},"author":{"name":"Ismael Guzm\u00e1n","@id":"https:\/\/pulsecoder.com.mx\/#\/schema\/person\/3b7ec413977e4116b59be466f6b5d25a"},"headline":"A 10 a\u00f1os sin Paco De Luc\u00eda","datePublished":"2024-02-23T04:05:50+00:00","dateModified":"2024-02-26T23:17:07+00:00","mainEntityOfPage":{"@id":"https:\/\/pulsecoder.com.mx\/index.php\/2024\/02\/22\/a-10-anos-sin-de-paco-de-lucia\/"},"wordCount":950,"commentCount":0,"publisher":{"@id":"https:\/\/pulsecoder.com.mx\/#organization"},"image":{"@id":"https:\/\/pulsecoder.com.mx\/index.php\/2024\/02\/22\/a-10-anos-sin-de-paco-de-lucia\/#primaryimage"},"thumbnailUrl":"https:\/\/i0.wp.com\/pulsecoder.com.mx\/wp-content\/uploads\/2024\/02\/Featured-Images-II.jpg?fit=1200%2C675&ssl=1","keywords":["Aniversario","Artista","Auditorio","Carnegie Hall","Compositor","Cultura","Escenario","Espa\u00f1a","Flamenco","Guitarra","Homenaje","Tributo","Virtuosidad"],"articleSection":["M\u00fasica"],"inLanguage":"es","potentialAction":[{"@type":"CommentAction","name":"Comment","target":["https:\/\/pulsecoder.com.mx\/index.php\/2024\/02\/22\/a-10-anos-sin-de-paco-de-lucia\/#respond"]}]},{"@type":"WebPage","@id":"https:\/\/pulsecoder.com.mx\/index.php\/2024\/02\/22\/a-10-anos-sin-de-paco-de-lucia\/","url":"https:\/\/pulsecoder.com.mx\/index.php\/2024\/02\/22\/a-10-anos-sin-de-paco-de-lucia\/","name":"A 10 a\u00f1os sin Paco De Luc\u00eda","isPartOf":{"@id":"https:\/\/pulsecoder.com.mx\/#website"},"primaryImageOfPage":{"@id":"https:\/\/pulsecoder.com.mx\/index.php\/2024\/02\/22\/a-10-anos-sin-de-paco-de-lucia\/#primaryimage"},"image":{"@id":"https:\/\/pulsecoder.com.mx\/index.php\/2024\/02\/22\/a-10-anos-sin-de-paco-de-lucia\/#primaryimage"},"thumbnailUrl":"https:\/\/i0.wp.com\/pulsecoder.com.mx\/wp-content\/uploads\/2024\/02\/Featured-Images-II.jpg?fit=1200%2C675&ssl=1","datePublished":"2024-02-23T04:05:50+00:00","dateModified":"2024-02-26T23:17:07+00:00","description":"Paco de Luc\u00eda proyectaba al p\u00fablico un performance inigualable, similar al del mejor atleta que puedas mirar en unos juegos ol\u00edmpicos","inLanguage":"es","potentialAction":[{"@type":"ReadAction","target":["https:\/\/pulsecoder.com.mx\/index.php\/2024\/02\/22\/a-10-anos-sin-de-paco-de-lucia\/"]}]},{"@type":"ImageObject","inLanguage":"es","@id":"https:\/\/pulsecoder.com.mx\/index.php\/2024\/02\/22\/a-10-anos-sin-de-paco-de-lucia\/#primaryimage","url":"https:\/\/i0.wp.com\/pulsecoder.com.mx\/wp-content\/uploads\/2024\/02\/Featured-Images-II.jpg?fit=1200%2C675&ssl=1","contentUrl":"https:\/\/i0.wp.com\/pulsecoder.com.mx\/wp-content\/uploads\/2024\/02\/Featured-Images-II.jpg?fit=1200%2C675&ssl=1","width":1200,"height":675},{"@type":"WebSite","@id":"https:\/\/pulsecoder.com.mx\/#website","url":"https:\/\/pulsecoder.com.mx\/","name":"Pulsecoder","description":"Revista digital de tecnolog\u00eda, sociedad e Innovaci\u00f3n","publisher":{"@id":"https:\/\/pulsecoder.com.mx\/#organization"},"potentialAction":[{"@type":"SearchAction","target":{"@type":"EntryPoint","urlTemplate":"https:\/\/pulsecoder.com.mx\/?s={search_term_string}"},"query-input":{"@type":"PropertyValueSpecification","valueRequired":true,"valueName":"search_term_string"}}],"inLanguage":"es"},{"@type":"Organization","@id":"https:\/\/pulsecoder.com.mx\/#organization","name":"Pulse Coder Mx","url":"https:\/\/pulsecoder.com.mx\/","logo":{"@type":"ImageObject","inLanguage":"es","@id":"https:\/\/pulsecoder.com.mx\/#\/schema\/logo\/image\/","url":"https:\/\/i0.wp.com\/pulsecoder.com.mx\/wp-content\/uploads\/2021\/10\/Web.png?fit=2047%2C1024&ssl=1","contentUrl":"https:\/\/i0.wp.com\/pulsecoder.com.mx\/wp-content\/uploads\/2021\/10\/Web.png?fit=2047%2C1024&ssl=1","width":2047,"height":1024,"caption":"Pulse Coder Mx"},"image":{"@id":"https:\/\/pulsecoder.com.mx\/#\/schema\/logo\/image\/"},"sameAs":["https:\/\/www.facebook.com\/PulsecoderMx","https:\/\/x.com\/PulsecoderMx","https:\/\/www.instagram.com\/pulsecodermx\/","https:\/\/www.youtube.com\/channel\/UCci7xZRoiIxGpkwEljqfF9A"]},{"@type":"Person","@id":"https:\/\/pulsecoder.com.mx\/#\/schema\/person\/3b7ec413977e4116b59be466f6b5d25a","name":"Ismael Guzm\u00e1n","image":{"@type":"ImageObject","inLanguage":"es","@id":"https:\/\/pulsecoder.com.mx\/#\/schema\/person\/image\/","url":"https:\/\/secure.gravatar.com\/avatar\/9a10cab8115b61019922c2823d17de70?s=96&d=mm&r=g","contentUrl":"https:\/\/secure.gravatar.com\/avatar\/9a10cab8115b61019922c2823d17de70?s=96&d=mm&r=g","caption":"Ismael Guzm\u00e1n"},"description":"Fundador y Director de Pulse Coder. Escribe sobre digitalizaci\u00f3n, ciencia e innovaci\u00f3n tecnol\u00f3gica.","url":"https:\/\/pulsecoder.com.mx\/index.php\/author\/ismael-guzman\/"}]}},"jetpack_featured_media_url":"https:\/\/i0.wp.com\/pulsecoder.com.mx\/wp-content\/uploads\/2024\/02\/Featured-Images-II.jpg?fit=1200%2C675&ssl=1","jetpack_sharing_enabled":true,"amp_enabled":true,"_links":{"self":[{"href":"https:\/\/pulsecoder.com.mx\/index.php\/wp-json\/wp\/v2\/posts\/4019"}],"collection":[{"href":"https:\/\/pulsecoder.com.mx\/index.php\/wp-json\/wp\/v2\/posts"}],"about":[{"href":"https:\/\/pulsecoder.com.mx\/index.php\/wp-json\/wp\/v2\/types\/post"}],"author":[{"embeddable":true,"href":"https:\/\/pulsecoder.com.mx\/index.php\/wp-json\/wp\/v2\/users\/5"}],"replies":[{"embeddable":true,"href":"https:\/\/pulsecoder.com.mx\/index.php\/wp-json\/wp\/v2\/comments?post=4019"}],"version-history":[{"count":12,"href":"https:\/\/pulsecoder.com.mx\/index.php\/wp-json\/wp\/v2\/posts\/4019\/revisions"}],"predecessor-version":[{"id":4056,"href":"https:\/\/pulsecoder.com.mx\/index.php\/wp-json\/wp\/v2\/posts\/4019\/revisions\/4056"}],"wp:featuredmedia":[{"embeddable":true,"href":"https:\/\/pulsecoder.com.mx\/index.php\/wp-json\/wp\/v2\/media\/4020"}],"wp:attachment":[{"href":"https:\/\/pulsecoder.com.mx\/index.php\/wp-json\/wp\/v2\/media?parent=4019"}],"wp:term":[{"taxonomy":"category","embeddable":true,"href":"https:\/\/pulsecoder.com.mx\/index.php\/wp-json\/wp\/v2\/categories?post=4019"},{"taxonomy":"post_tag","embeddable":true,"href":"https:\/\/pulsecoder.com.mx\/index.php\/wp-json\/wp\/v2\/tags?post=4019"}],"curies":[{"name":"wp","href":"https:\/\/api.w.org\/{rel}","templated":true}]}}