{"id":4274,"date":"2024-05-24T18:56:09","date_gmt":"2024-05-25T00:56:09","guid":{"rendered":"https:\/\/pulsecoder.com.mx\/?p=4274"},"modified":"2024-05-24T18:59:20","modified_gmt":"2024-05-25T00:59:20","slug":"informe-sobre-prevencion-de-incendios-en-los-bosques-de-la-zona-central-de-veracruz","status":"publish","type":"post","link":"https:\/\/pulsecoder.com.mx\/index.php\/2024\/05\/24\/informe-sobre-prevencion-de-incendios-en-los-bosques-de-la-zona-central-de-veracruz\/","title":{"rendered":"Informe sobre prevenci\u00f3n de incendios en los bosques de la zona central de Veracruz"},"content":{"rendered":"<body>\n<p class=\"has-text-align-justify\">Los incendios forestales representan una amenaza grave para los ecosistemas, la biodiversidad y las comunidades humanas en todo el mundo.<\/p>\n\n\n\n<p class=\"has-text-align-justify\">No solo causan da\u00f1os ambientales significativos, tambi\u00e9n pueden tener impactos socioecon\u00f3micos devastadores, incluida la p\u00e9rdida de vidas humanas, la destrucci\u00f3n de propiedades y la interrupci\u00f3n de actividades econ\u00f3micas.<\/p>\n\n\n\n<hr class=\"wp-block-separator has-alpha-channel-opacity\">\n\n\n\n<p class=\"has-text-align-justify\">Los incendios forestales en la zona monta\u00f1osa central de Veracruz son el resultado de una combinaci\u00f3n de factores, incluidos factores naturales, como el clima seco y las altas temperaturas de la primavera del presente a\u00f1o. Sin embargo, las actividades humanas aumentan las posibilidades del siniestro, como la actividad agr\u00edcola no regulada, la deforestaci\u00f3n, la quema de desechos, la negligencia, adem\u00e1s de c\u00e9lulas delincuenciales. <\/p>\n\n\n\n<p class=\"has-text-align-justify\">Para abordar eficazmente este problema, se busca comprender todas las din\u00e1micas sociales y econ\u00f3micas que subyacen a estos incendios. Adem\u00e1s de la implementaci\u00f3n de instrumentos tecnol\u00f3gicos de recolecci\u00f3n de datos orientados a la antelaci\u00f3n de estos fen\u00f3menos y la frecuencia con la que suceder\u00e1n en el futuro.<\/p>\n\n\n\n<p>La parte monta\u00f1osa central de Veracruz cuenta con una extensi\u00f3n de 180 km, que comprende la accidentada geograf\u00eda desde Mart\u00ednez de la Torre hasta Tezonapa en la frontera con el estado de Oaxaca.<\/p>\n\n\n\n<p class=\"has-text-align-justify\">En este extenso territorio, m\u00e1s all\u00e1 de los sistemas de informaci\u00f3n por parte del sistema meteorol\u00f3gico nacional la cu\u00e1l incluye el monitoreo satelital partiendo de la informaci\u00f3n de un an\u00e1lisis macro y a\u00e9reo, no existe entidad o sistema preventivo alguno que brinde la informaci\u00f3n clave que permita el desarrollo de estrat\u00e9gicas  anti-incendios a un nivel terrestre.<\/p>\n\n\n\n<p class=\"has-text-align-justify\">Por tal raz\u00f3n, se carece de sistemas de monitoreo que identifican el fuego en una fase incipiente, limitando la posibilidad de la prevenci\u00f3n, el control y extinci\u00f3n con la finalidad de minimizar los impactos en la regi\u00f3n.<\/p>\n\n\n\n<h2 class=\"wp-block-heading\">Ciencia de datos para la prevenci\u00f3n de incendios<\/h2>\n\n\n\n<p class=\"has-text-align-justify\">El uso de la ciencia de datos puede proporcionar informaci\u00f3n valiosa sobre los patrones y las tendencias de los incendios forestales, as\u00ed como sobre las causas subyacentes y los factores de riesgo asociados. <\/p>\n\n\n\n<p class=\"has-text-align-justify\">Mediante el an\u00e1lisis de datos socioecon\u00f3micos y ambientales, se pueden identificar \u00e1reas de alta vulnerabilidad y priorizar recursos y esfuerzos de prevenci\u00f3n. Otra rama  de la ciencia de datos, son aquellos eventos e indicadores que provienen de la se\u00f1ales f\u00edsicas. <\/p>\n\n\n\n<p><strong>\u00bfC\u00f3mo se logra log\u00edsticamente? <\/strong><\/p>\n\n\n\n<p class=\"has-text-align-justify\">Se basa en los \u00faltimos avances en el \u00e1mbito de las aplicaciones inform\u00e1ticas, las comunicaciones y los dispositivos m\u00f3viles para favorecer la colaboraci\u00f3n fluida entre entidades y los grupos de emergencia constituidos.<\/p>\n\n\n\n<p class=\"has-text-align-justify\">Sistemas que emplean el uso de una red de sensores inal\u00e1mbricos de bajo consumo. Dispositivos con base en protocolos estandar para las capas bajas de comunicaci\u00f3n y que tienen como principales rasgos diferenciales el modo<em> Sleep<\/em>. <\/p>\n\n\n\n<p class=\"has-text-align-justify\">Estos m\u00f3dulos se han posicionado como las mejores soluciones inal\u00e1mbricas para equipos de control desplegados en el campo de <em>metering<\/em>, ya que pueden operar mediante bater\u00edas. Tienen la capacidad de despertar ante eventos f\u00edsicos emitiendo se\u00f1ales hacia los modulos m\u00e1s cercanos hasta cubrir una red tipo mesh.  <\/p>\n\n\n\n<p class=\"has-text-align-justify\">Adem\u00e1s de adquirir una detecci\u00f3n de incendios m\u00e1s precisa, es un modelo de retroalimentaci\u00f3n de se\u00f1ales. Estos dispositivos, en su principal el suministro de energ\u00eda, se alimentan por bater\u00edas recargables y adem\u00e1s cuentan con un suministro de energ\u00eda solar secundario. As\u00ed se logra la implementaci\u00f3n de un sistema inform\u00e1tico independiente de las fuentes electricas durante per\u00edodos prolongados.<\/p>\n\n\n\n<hr class=\"wp-block-separator has-alpha-channel-opacity\">\n\n\n\n<figure class=\"wp-block-video aligncenter\"><video controls src=\"https:\/\/pulsecoder.com.mx\/wp-content\/uploads\/2024\/05\/Enviroment-Monitoring.mp4\"><\/video><\/figure>\n\n\n\n<hr class=\"wp-block-separator has-alpha-channel-opacity\">\n\n\n\n<p class=\"has-text-align-justify\">Pero no solo es la eficiencia y el bajo consumo de energ\u00eda las principales ventajas de este conjunto de m\u00f3dulos. Su principal caracter\u00edstica la detecci\u00f3n y monitorizaci\u00f3n de la temperatura, la humedad, nivel de CO2, intensidad de luz, etc\u00e9tera.<\/p>\n\n\n\n<p class=\"has-text-align-justify\">A estos sistemas de monitorizaci\u00f3n terrestre pueden complementarse con sistemas de vigilancia peri\u00f3dica, implementando rutas de vuelo de dron, en temporadas de mayor frencuencia de incendios. <\/p>\n\n\n\n<p class=\"has-text-align-justify\">Se han implementado tecnolog\u00edas innovadoras con \u00e9xito para la prevenci\u00f3n de incendios forestales. Australia, se utiliza el sistema <strong>Fire Danger Rating<\/strong> (FDR) que combina datos meteorol\u00f3gicos, topogr\u00e1ficos y de combustibilidad para predecir el riesgo de incendios y alertar a las autoridades y a la poblaci\u00f3n.<\/p>\n\n\n\n<hr class=\"wp-block-separator has-alpha-channel-opacity\">\n\n\n\n<p>Para consulta:<\/p>\n\n\n\n<p><a href=\"https:\/\/www.sostenibilidad.com\/\">Sostenibilidad<\/a><\/p>\n\n\n\n<p><\/p>\n<\/body>","protected":false},"excerpt":{"rendered":"<p>Los incendios forestales representan una amenaza grave para los ecosistemas, la biodiversidad y las comunidades humanas en todo el mundo. No solo causan da\u00f1os ambientales significativos, tambi\u00e9n pueden tener impactos socioecon\u00f3micos devastadores, incluida la p\u00e9rdida de vidas humanas, la destrucci\u00f3n de propiedades y la interrupci\u00f3n de actividades econ\u00f3micas. Los incendios forestales en la zona monta\u00f1osa [&hellip;]<\/p>\n","protected":false},"author":7,"featured_media":4275,"comment_status":"open","ping_status":"open","sticky":false,"template":"","format":"standard","meta":{"_et_pb_use_builder":"off","_et_pb_old_content":"","_et_gb_content_width":"","_monsterinsights_skip_tracking":false,"_jetpack_memberships_contains_paid_content":false,"footnotes":""},"categories":[28],"tags":[],"class_list":["post-4274","post","type-post","status-publish","format-standard","has-post-thumbnail","hentry","category-medio-ambiente"],"yoast_head":"<!-- This site is optimized with the Yoast SEO plugin v25.5 - https:\/\/yoast.com\/wordpress\/plugins\/seo\/ -->\n<title>Informe sobre prevenci\u00f3n de incendios en los bosques de la zona central de Veracruz<\/title>\n<meta name=\"description\" content=\"Revista digital de innovaci\u00f3n, tecnolog\u00eda y sociedad de Xalapa M\u00e9xico. Grupo multidisciplinario, emprendedores digitales, comunidad tech.\" \/>\n<meta name=\"robots\" content=\"index, follow, max-snippet:-1, max-image-preview:large, max-video-preview:-1\" \/>\n<link rel=\"canonical\" href=\"https:\/\/pulsecoder.com.mx\/index.php\/2024\/05\/24\/informe-sobre-prevencion-de-incendios-en-los-bosques-de-la-zona-central-de-veracruz\/\" \/>\n<meta property=\"og:locale\" content=\"es_MX\" \/>\n<meta property=\"og:type\" content=\"article\" \/>\n<meta property=\"og:title\" content=\"Informe sobre prevenci\u00f3n de incendios en los bosques de la zona central de Veracruz\" \/>\n<meta property=\"og:description\" content=\"Los incendios forestales representan una amenaza grave para los ecosistemas forestales, la biodiversidad y las comunidades humanas en todo el mundo.\" \/>\n<meta property=\"og:url\" content=\"https:\/\/pulsecoder.com.mx\/index.php\/2024\/05\/24\/informe-sobre-prevencion-de-incendios-en-los-bosques-de-la-zona-central-de-veracruz\/\" \/>\n<meta property=\"og:site_name\" content=\"Pulsecoder\" \/>\n<meta property=\"article:publisher\" content=\"https:\/\/www.facebook.com\/PulsecoderMx\" \/>\n<meta property=\"article:published_time\" content=\"2024-05-25T00:56:09+00:00\" \/>\n<meta property=\"article:modified_time\" content=\"2024-05-25T00:59:20+00:00\" \/>\n<meta property=\"og:image\" content=\"https:\/\/pulsecoder.com.mx\/wp-content\/uploads\/2024\/05\/5.jpg\" \/>\n\t<meta property=\"og:image:width\" content=\"1200\" \/>\n\t<meta property=\"og:image:height\" content=\"675\" \/>\n\t<meta property=\"og:image:type\" content=\"image\/jpeg\" \/>\n<meta name=\"author\" content=\"Staff Report\" \/>\n<meta name=\"twitter:card\" content=\"summary_large_image\" \/>\n<meta name=\"twitter:title\" content=\"Informe sobre prevenci\u00f3n de incendios en los bosques de la zona central de Veracruz\" \/>\n<meta name=\"twitter:description\" content=\"Los incendios forestales representan una amenaza grave para los ecosistemas forestales, la biodiversidad y las comunidades humanas en todo el mundo.\" \/>\n<meta name=\"twitter:image\" content=\"https:\/\/i0.wp.com\/pulsecoder.com.mx\/wp-content\/uploads\/2024\/05\/5.jpg?fit=1200%2C675&ssl=1\" \/>\n<meta name=\"twitter:creator\" content=\"@PulsecoderMx\" \/>\n<meta name=\"twitter:site\" content=\"@PulsecoderMx\" \/>\n<meta name=\"twitter:label1\" content=\"Escrito por\" \/>\n\t<meta name=\"twitter:data1\" content=\"Staff Report\" \/>\n\t<meta name=\"twitter:label2\" content=\"Tiempo de lectura\" \/>\n\t<meta name=\"twitter:data2\" content=\"4 minutos\" \/>\n<script type=\"application\/ld+json\" class=\"yoast-schema-graph\">{\"@context\":\"https:\/\/schema.org\",\"@graph\":[{\"@type\":\"Article\",\"@id\":\"https:\/\/pulsecoder.com.mx\/index.php\/2024\/05\/24\/informe-sobre-prevencion-de-incendios-en-los-bosques-de-la-zona-central-de-veracruz\/#article\",\"isPartOf\":{\"@id\":\"https:\/\/pulsecoder.com.mx\/index.php\/2024\/05\/24\/informe-sobre-prevencion-de-incendios-en-los-bosques-de-la-zona-central-de-veracruz\/\"},\"author\":{\"name\":\"Staff Report\",\"@id\":\"https:\/\/pulsecoder.com.mx\/#\/schema\/person\/75821d99153317e81d70cb23237488dc\"},\"headline\":\"Informe sobre prevenci\u00f3n de incendios en los bosques de la zona central de Veracruz\",\"datePublished\":\"2024-05-25T00:56:09+00:00\",\"dateModified\":\"2024-05-25T00:59:20+00:00\",\"mainEntityOfPage\":{\"@id\":\"https:\/\/pulsecoder.com.mx\/index.php\/2024\/05\/24\/informe-sobre-prevencion-de-incendios-en-los-bosques-de-la-zona-central-de-veracruz\/\"},\"wordCount\":753,\"commentCount\":0,\"publisher\":{\"@id\":\"https:\/\/pulsecoder.com.mx\/#organization\"},\"image\":{\"@id\":\"https:\/\/pulsecoder.com.mx\/index.php\/2024\/05\/24\/informe-sobre-prevencion-de-incendios-en-los-bosques-de-la-zona-central-de-veracruz\/#primaryimage\"},\"thumbnailUrl\":\"https:\/\/i0.wp.com\/pulsecoder.com.mx\/wp-content\/uploads\/2024\/05\/5.jpg?fit=1200%2C675&ssl=1\",\"articleSection\":[\"Medio Ambiente\"],\"inLanguage\":\"es\",\"potentialAction\":[{\"@type\":\"CommentAction\",\"name\":\"Comment\",\"target\":[\"https:\/\/pulsecoder.com.mx\/index.php\/2024\/05\/24\/informe-sobre-prevencion-de-incendios-en-los-bosques-de-la-zona-central-de-veracruz\/#respond\"]}]},{\"@type\":\"WebPage\",\"@id\":\"https:\/\/pulsecoder.com.mx\/index.php\/2024\/05\/24\/informe-sobre-prevencion-de-incendios-en-los-bosques-de-la-zona-central-de-veracruz\/\",\"url\":\"https:\/\/pulsecoder.com.mx\/index.php\/2024\/05\/24\/informe-sobre-prevencion-de-incendios-en-los-bosques-de-la-zona-central-de-veracruz\/\",\"name\":\"Informe sobre prevenci\u00f3n de incendios en los bosques de la zona central de Veracruz\",\"isPartOf\":{\"@id\":\"https:\/\/pulsecoder.com.mx\/#website\"},\"primaryImageOfPage\":{\"@id\":\"https:\/\/pulsecoder.com.mx\/index.php\/2024\/05\/24\/informe-sobre-prevencion-de-incendios-en-los-bosques-de-la-zona-central-de-veracruz\/#primaryimage\"},\"image\":{\"@id\":\"https:\/\/pulsecoder.com.mx\/index.php\/2024\/05\/24\/informe-sobre-prevencion-de-incendios-en-los-bosques-de-la-zona-central-de-veracruz\/#primaryimage\"},\"thumbnailUrl\":\"https:\/\/i0.wp.com\/pulsecoder.com.mx\/wp-content\/uploads\/2024\/05\/5.jpg?fit=1200%2C675&ssl=1\",\"datePublished\":\"2024-05-25T00:56:09+00:00\",\"dateModified\":\"2024-05-25T00:59:20+00:00\",\"description\":\"Revista digital de innovaci\u00f3n, tecnolog\u00eda y sociedad de Xalapa M\u00e9xico. Grupo multidisciplinario, emprendedores digitales, comunidad tech.\",\"inLanguage\":\"es\",\"potentialAction\":[{\"@type\":\"ReadAction\",\"target\":[\"https:\/\/pulsecoder.com.mx\/index.php\/2024\/05\/24\/informe-sobre-prevencion-de-incendios-en-los-bosques-de-la-zona-central-de-veracruz\/\"]}]},{\"@type\":\"ImageObject\",\"inLanguage\":\"es\",\"@id\":\"https:\/\/pulsecoder.com.mx\/index.php\/2024\/05\/24\/informe-sobre-prevencion-de-incendios-en-los-bosques-de-la-zona-central-de-veracruz\/#primaryimage\",\"url\":\"https:\/\/i0.wp.com\/pulsecoder.com.mx\/wp-content\/uploads\/2024\/05\/5.jpg?fit=1200%2C675&ssl=1\",\"contentUrl\":\"https:\/\/i0.wp.com\/pulsecoder.com.mx\/wp-content\/uploads\/2024\/05\/5.jpg?fit=1200%2C675&ssl=1\",\"width\":1200,\"height\":675},{\"@type\":\"WebSite\",\"@id\":\"https:\/\/pulsecoder.com.mx\/#website\",\"url\":\"https:\/\/pulsecoder.com.mx\/\",\"name\":\"Pulsecoder\",\"description\":\"Revista digital de tecnolog\u00eda, sociedad e Innovaci\u00f3n\",\"publisher\":{\"@id\":\"https:\/\/pulsecoder.com.mx\/#organization\"},\"potentialAction\":[{\"@type\":\"SearchAction\",\"target\":{\"@type\":\"EntryPoint\",\"urlTemplate\":\"https:\/\/pulsecoder.com.mx\/?s={search_term_string}\"},\"query-input\":{\"@type\":\"PropertyValueSpecification\",\"valueRequired\":true,\"valueName\":\"search_term_string\"}}],\"inLanguage\":\"es\"},{\"@type\":\"Organization\",\"@id\":\"https:\/\/pulsecoder.com.mx\/#organization\",\"name\":\"Pulse Coder Mx\",\"url\":\"https:\/\/pulsecoder.com.mx\/\",\"logo\":{\"@type\":\"ImageObject\",\"inLanguage\":\"es\",\"@id\":\"https:\/\/pulsecoder.com.mx\/#\/schema\/logo\/image\/\",\"url\":\"https:\/\/i0.wp.com\/pulsecoder.com.mx\/wp-content\/uploads\/2021\/10\/Web.png?fit=2047%2C1024&ssl=1\",\"contentUrl\":\"https:\/\/i0.wp.com\/pulsecoder.com.mx\/wp-content\/uploads\/2021\/10\/Web.png?fit=2047%2C1024&ssl=1\",\"width\":2047,\"height\":1024,\"caption\":\"Pulse Coder Mx\"},\"image\":{\"@id\":\"https:\/\/pulsecoder.com.mx\/#\/schema\/logo\/image\/\"},\"sameAs\":[\"https:\/\/www.facebook.com\/PulsecoderMx\",\"https:\/\/x.com\/PulsecoderMx\",\"https:\/\/www.instagram.com\/pulsecodermx\/\",\"https:\/\/www.youtube.com\/channel\/UCci7xZRoiIxGpkwEljqfF9A\"]},{\"@type\":\"Person\",\"@id\":\"https:\/\/pulsecoder.com.mx\/#\/schema\/person\/75821d99153317e81d70cb23237488dc\",\"name\":\"Staff Report\",\"image\":{\"@type\":\"ImageObject\",\"inLanguage\":\"es\",\"@id\":\"https:\/\/pulsecoder.com.mx\/#\/schema\/person\/image\/\",\"url\":\"https:\/\/secure.gravatar.com\/avatar\/3e5bd1e39c3b710838b31e5e27daba1a?s=96&d=mm&r=g\",\"contentUrl\":\"https:\/\/secure.gravatar.com\/avatar\/3e5bd1e39c3b710838b31e5e27daba1a?s=96&d=mm&r=g\",\"caption\":\"Staff Report\"},\"description\":\"CODER's | Tech Community Writers\",\"url\":\"https:\/\/pulsecoder.com.mx\/index.php\/author\/staffpulsecoder\/\"}]}<\/script>\n<!-- \/ Yoast SEO plugin. -->","yoast_head_json":{"title":"Informe sobre prevenci\u00f3n de incendios en los bosques de la zona central de Veracruz","description":"Revista digital de innovaci\u00f3n, tecnolog\u00eda y sociedad de Xalapa M\u00e9xico. Grupo multidisciplinario, emprendedores digitales, comunidad tech.","robots":{"index":"index","follow":"follow","max-snippet":"max-snippet:-1","max-image-preview":"max-image-preview:large","max-video-preview":"max-video-preview:-1"},"canonical":"https:\/\/pulsecoder.com.mx\/index.php\/2024\/05\/24\/informe-sobre-prevencion-de-incendios-en-los-bosques-de-la-zona-central-de-veracruz\/","og_locale":"es_MX","og_type":"article","og_title":"Informe sobre prevenci\u00f3n de incendios en los bosques de la zona central de Veracruz","og_description":"Los incendios forestales representan una amenaza grave para los ecosistemas forestales, la biodiversidad y las comunidades humanas en todo el mundo.","og_url":"https:\/\/pulsecoder.com.mx\/index.php\/2024\/05\/24\/informe-sobre-prevencion-de-incendios-en-los-bosques-de-la-zona-central-de-veracruz\/","og_site_name":"Pulsecoder","article_publisher":"https:\/\/www.facebook.com\/PulsecoderMx","article_published_time":"2024-05-25T00:56:09+00:00","article_modified_time":"2024-05-25T00:59:20+00:00","og_image":[{"width":1200,"height":675,"url":"https:\/\/pulsecoder.com.mx\/wp-content\/uploads\/2024\/05\/5.jpg","type":"image\/jpeg"}],"author":"Staff Report","twitter_card":"summary_large_image","twitter_title":"Informe sobre prevenci\u00f3n de incendios en los bosques de la zona central de Veracruz","twitter_description":"Los incendios forestales representan una amenaza grave para los ecosistemas forestales, la biodiversidad y las comunidades humanas en todo el mundo.","twitter_image":"https:\/\/i0.wp.com\/pulsecoder.com.mx\/wp-content\/uploads\/2024\/05\/5.jpg?fit=1200%2C675&ssl=1","twitter_creator":"@PulsecoderMx","twitter_site":"@PulsecoderMx","twitter_misc":{"Escrito por":"Staff Report","Tiempo de lectura":"4 minutos"},"schema":{"@context":"https:\/\/schema.org","@graph":[{"@type":"Article","@id":"https:\/\/pulsecoder.com.mx\/index.php\/2024\/05\/24\/informe-sobre-prevencion-de-incendios-en-los-bosques-de-la-zona-central-de-veracruz\/#article","isPartOf":{"@id":"https:\/\/pulsecoder.com.mx\/index.php\/2024\/05\/24\/informe-sobre-prevencion-de-incendios-en-los-bosques-de-la-zona-central-de-veracruz\/"},"author":{"name":"Staff Report","@id":"https:\/\/pulsecoder.com.mx\/#\/schema\/person\/75821d99153317e81d70cb23237488dc"},"headline":"Informe sobre prevenci\u00f3n de incendios en los bosques de la zona central de Veracruz","datePublished":"2024-05-25T00:56:09+00:00","dateModified":"2024-05-25T00:59:20+00:00","mainEntityOfPage":{"@id":"https:\/\/pulsecoder.com.mx\/index.php\/2024\/05\/24\/informe-sobre-prevencion-de-incendios-en-los-bosques-de-la-zona-central-de-veracruz\/"},"wordCount":753,"commentCount":0,"publisher":{"@id":"https:\/\/pulsecoder.com.mx\/#organization"},"image":{"@id":"https:\/\/pulsecoder.com.mx\/index.php\/2024\/05\/24\/informe-sobre-prevencion-de-incendios-en-los-bosques-de-la-zona-central-de-veracruz\/#primaryimage"},"thumbnailUrl":"https:\/\/i0.wp.com\/pulsecoder.com.mx\/wp-content\/uploads\/2024\/05\/5.jpg?fit=1200%2C675&ssl=1","articleSection":["Medio Ambiente"],"inLanguage":"es","potentialAction":[{"@type":"CommentAction","name":"Comment","target":["https:\/\/pulsecoder.com.mx\/index.php\/2024\/05\/24\/informe-sobre-prevencion-de-incendios-en-los-bosques-de-la-zona-central-de-veracruz\/#respond"]}]},{"@type":"WebPage","@id":"https:\/\/pulsecoder.com.mx\/index.php\/2024\/05\/24\/informe-sobre-prevencion-de-incendios-en-los-bosques-de-la-zona-central-de-veracruz\/","url":"https:\/\/pulsecoder.com.mx\/index.php\/2024\/05\/24\/informe-sobre-prevencion-de-incendios-en-los-bosques-de-la-zona-central-de-veracruz\/","name":"Informe sobre prevenci\u00f3n de incendios en los bosques de la zona central de Veracruz","isPartOf":{"@id":"https:\/\/pulsecoder.com.mx\/#website"},"primaryImageOfPage":{"@id":"https:\/\/pulsecoder.com.mx\/index.php\/2024\/05\/24\/informe-sobre-prevencion-de-incendios-en-los-bosques-de-la-zona-central-de-veracruz\/#primaryimage"},"image":{"@id":"https:\/\/pulsecoder.com.mx\/index.php\/2024\/05\/24\/informe-sobre-prevencion-de-incendios-en-los-bosques-de-la-zona-central-de-veracruz\/#primaryimage"},"thumbnailUrl":"https:\/\/i0.wp.com\/pulsecoder.com.mx\/wp-content\/uploads\/2024\/05\/5.jpg?fit=1200%2C675&ssl=1","datePublished":"2024-05-25T00:56:09+00:00","dateModified":"2024-05-25T00:59:20+00:00","description":"Revista digital de innovaci\u00f3n, tecnolog\u00eda y sociedad de Xalapa M\u00e9xico. Grupo multidisciplinario, emprendedores digitales, comunidad tech.","inLanguage":"es","potentialAction":[{"@type":"ReadAction","target":["https:\/\/pulsecoder.com.mx\/index.php\/2024\/05\/24\/informe-sobre-prevencion-de-incendios-en-los-bosques-de-la-zona-central-de-veracruz\/"]}]},{"@type":"ImageObject","inLanguage":"es","@id":"https:\/\/pulsecoder.com.mx\/index.php\/2024\/05\/24\/informe-sobre-prevencion-de-incendios-en-los-bosques-de-la-zona-central-de-veracruz\/#primaryimage","url":"https:\/\/i0.wp.com\/pulsecoder.com.mx\/wp-content\/uploads\/2024\/05\/5.jpg?fit=1200%2C675&ssl=1","contentUrl":"https:\/\/i0.wp.com\/pulsecoder.com.mx\/wp-content\/uploads\/2024\/05\/5.jpg?fit=1200%2C675&ssl=1","width":1200,"height":675},{"@type":"WebSite","@id":"https:\/\/pulsecoder.com.mx\/#website","url":"https:\/\/pulsecoder.com.mx\/","name":"Pulsecoder","description":"Revista digital de tecnolog\u00eda, sociedad e Innovaci\u00f3n","publisher":{"@id":"https:\/\/pulsecoder.com.mx\/#organization"},"potentialAction":[{"@type":"SearchAction","target":{"@type":"EntryPoint","urlTemplate":"https:\/\/pulsecoder.com.mx\/?s={search_term_string}"},"query-input":{"@type":"PropertyValueSpecification","valueRequired":true,"valueName":"search_term_string"}}],"inLanguage":"es"},{"@type":"Organization","@id":"https:\/\/pulsecoder.com.mx\/#organization","name":"Pulse Coder Mx","url":"https:\/\/pulsecoder.com.mx\/","logo":{"@type":"ImageObject","inLanguage":"es","@id":"https:\/\/pulsecoder.com.mx\/#\/schema\/logo\/image\/","url":"https:\/\/i0.wp.com\/pulsecoder.com.mx\/wp-content\/uploads\/2021\/10\/Web.png?fit=2047%2C1024&ssl=1","contentUrl":"https:\/\/i0.wp.com\/pulsecoder.com.mx\/wp-content\/uploads\/2021\/10\/Web.png?fit=2047%2C1024&ssl=1","width":2047,"height":1024,"caption":"Pulse Coder Mx"},"image":{"@id":"https:\/\/pulsecoder.com.mx\/#\/schema\/logo\/image\/"},"sameAs":["https:\/\/www.facebook.com\/PulsecoderMx","https:\/\/x.com\/PulsecoderMx","https:\/\/www.instagram.com\/pulsecodermx\/","https:\/\/www.youtube.com\/channel\/UCci7xZRoiIxGpkwEljqfF9A"]},{"@type":"Person","@id":"https:\/\/pulsecoder.com.mx\/#\/schema\/person\/75821d99153317e81d70cb23237488dc","name":"Staff Report","image":{"@type":"ImageObject","inLanguage":"es","@id":"https:\/\/pulsecoder.com.mx\/#\/schema\/person\/image\/","url":"https:\/\/secure.gravatar.com\/avatar\/3e5bd1e39c3b710838b31e5e27daba1a?s=96&d=mm&r=g","contentUrl":"https:\/\/secure.gravatar.com\/avatar\/3e5bd1e39c3b710838b31e5e27daba1a?s=96&d=mm&r=g","caption":"Staff Report"},"description":"CODER's | Tech Community Writers","url":"https:\/\/pulsecoder.com.mx\/index.php\/author\/staffpulsecoder\/"}]}},"jetpack_featured_media_url":"https:\/\/i0.wp.com\/pulsecoder.com.mx\/wp-content\/uploads\/2024\/05\/5.jpg?fit=1200%2C675&ssl=1","jetpack_sharing_enabled":true,"amp_enabled":true,"_links":{"self":[{"href":"https:\/\/pulsecoder.com.mx\/index.php\/wp-json\/wp\/v2\/posts\/4274"}],"collection":[{"href":"https:\/\/pulsecoder.com.mx\/index.php\/wp-json\/wp\/v2\/posts"}],"about":[{"href":"https:\/\/pulsecoder.com.mx\/index.php\/wp-json\/wp\/v2\/types\/post"}],"author":[{"embeddable":true,"href":"https:\/\/pulsecoder.com.mx\/index.php\/wp-json\/wp\/v2\/users\/7"}],"replies":[{"embeddable":true,"href":"https:\/\/pulsecoder.com.mx\/index.php\/wp-json\/wp\/v2\/comments?post=4274"}],"version-history":[{"count":7,"href":"https:\/\/pulsecoder.com.mx\/index.php\/wp-json\/wp\/v2\/posts\/4274\/revisions"}],"predecessor-version":[{"id":4284,"href":"https:\/\/pulsecoder.com.mx\/index.php\/wp-json\/wp\/v2\/posts\/4274\/revisions\/4284"}],"wp:featuredmedia":[{"embeddable":true,"href":"https:\/\/pulsecoder.com.mx\/index.php\/wp-json\/wp\/v2\/media\/4275"}],"wp:attachment":[{"href":"https:\/\/pulsecoder.com.mx\/index.php\/wp-json\/wp\/v2\/media?parent=4274"}],"wp:term":[{"taxonomy":"category","embeddable":true,"href":"https:\/\/pulsecoder.com.mx\/index.php\/wp-json\/wp\/v2\/categories?post=4274"},{"taxonomy":"post_tag","embeddable":true,"href":"https:\/\/pulsecoder.com.mx\/index.php\/wp-json\/wp\/v2\/tags?post=4274"}],"curies":[{"name":"wp","href":"https:\/\/api.w.org\/{rel}","templated":true}]}}