{"id":4334,"date":"2024-05-28T20:06:00","date_gmt":"2024-05-29T02:06:00","guid":{"rendered":"https:\/\/pulsecoder.com.mx\/?p=4334"},"modified":"2024-05-31T10:26:04","modified_gmt":"2024-05-31T16:26:04","slug":"concluye-en-bali-el-foro-mundial-del-agua","status":"publish","type":"post","link":"https:\/\/pulsecoder.com.mx\/index.php\/2024\/05\/28\/concluye-en-bali-el-foro-mundial-del-agua\/","title":{"rendered":"Concluye en Bali el Foro Mundial del Agua"},"content":{"rendered":"<body>\n<p class=\"has-text-align-justify\">Con sede en la fant\u00e1stica y paradis\u00edaca ciudad de Bali, Indonesia, concluy\u00f3 la d\u00e9cima edici\u00f3n del <strong>Foro Mundial del Agua<\/strong>. Un evento donde participaron <strong>106 pa\u00edses y 27 organizaciones internacionales.<\/strong><\/p>\n\n\n\n<p class=\"has-text-align-justify\">Con una jornada de trabajo de seis d\u00edas, se profundiz\u00f3 sobre la problem\u00e1tica global del agua y se expuso un centenar de proyectos para mejorar su acceso y gesti\u00f3n, bajo el lema <em>\u201cAgua para una prosperidad compartida\u201d.<\/em><\/p>\n\n\n\n<p class=\"has-text-align-justify\">Dentro de los acuerdos, las naciones participantes reconocieron su compromiso con una declaraci\u00f3n ministerial sobre el derecho al agua potable y al saneamiento para las poblaciones del mundo.<\/p>\n\n\n\n<p class=\"has-text-align-justify\">Adem\u00e1s, fueron presentados 113 proyectos valorados en 9,400 millones de d\u00f3lares. Con esta inyeccci\u00f3n de capital se pretende brindar disponibilidad del recurso h\u00eddrico a 3 millones de hogares e invertir en iniciativas para resolver el tratamiento de las aguas residuales, en llugares estrategicos de los sectores vulnerables.<\/p>\n\n\n\n<p class=\"has-text-align-justify\">Se habl\u00f3 de declarar, oficialmente, el d\u00eda mundial de los lagos, adem\u00e1s de impulsar un centro internacional de divulgaci\u00f3n para la resilencia del agua y el clima.<\/p>\n\n\n\n<hr class=\"wp-block-separator has-alpha-channel-opacity\">\n\n\n\n<h2 class=\"wp-block-heading\">La intervenci\u00f3n de Elon Musk<\/h2>\n\n\n\n<hr class=\"wp-block-separator has-alpha-channel-opacity\">\n\n\n\n<figure class=\"wp-block-image aligncenter size-full\"><img data-recalc-dims=\"1\" decoding=\"async\" width=\"696\" height=\"432\" src=\"https:\/\/i0.wp.com\/pulsecoder.com.mx\/wp-content\/uploads\/2024\/05\/musk.jpg?resize=696%2C432&#038;ssl=1\" alt=\"\" class=\"wp-image-4345\" loading=\"lazy\" srcset=\"https:\/\/i0.wp.com\/pulsecoder.com.mx\/wp-content\/uploads\/2024\/05\/musk.jpg?w=877&amp;ssl=1 877w, https:\/\/i0.wp.com\/pulsecoder.com.mx\/wp-content\/uploads\/2024\/05\/musk.jpg?resize=300%2C186&amp;ssl=1 300w, https:\/\/i0.wp.com\/pulsecoder.com.mx\/wp-content\/uploads\/2024\/05\/musk.jpg?resize=768%2C476&amp;ssl=1 768w, https:\/\/i0.wp.com\/pulsecoder.com.mx\/wp-content\/uploads\/2024\/05\/musk.jpg?resize=696%2C432&amp;ssl=1 696w\" sizes=\"(max-width: 696px) 100vw, 696px\" \/><figcaption class=\"wp-element-caption\">Elon Musk en el Aeropuerto Internacional de Bali. Foto: Foro Mundial del Agua.<\/figcaption><\/figure>\n\n\n\n<hr class=\"wp-block-separator has-alpha-channel-opacity\">\n\n\n\n<p class=\"has-text-align-justify\">Como dato anecd\u00f3tico, el empresario tecnol\u00f3gico <strong>Elon Musk<\/strong> se presento en el evento ofreciendo una conferencia de prensa y proponiendo una soluci\u00f3n al problema de la escasez del agua:<\/p>\n\n\n\n<p class=\"has-text-align-justify\"><em>\u201cT\u00e9cnicamente, si los extraterrestres llegaran a la \u2018Tierra\u2019, la llamar\u00edan \u2018Agua\u2019, por que somos 70% agua y s\u00f3lo 30% tierra. Entonces, significa que el potencial para resolver cualquier problema h\u00eddrico es extremadamente bueno, porque hay mucha agua\u201d.<\/em><\/p>\n\n\n\n<p class=\"has-text-align-justify\"><strong>Musk<\/strong> se refer\u00eda a desalinizar el agua del mar, una vieja propuesta que, incluso, ya se lleva acabo en los pa\u00edses ricos que sufren de extrema escasez de agua, como podr\u00edan ser aquellas naciones petroleras y tecnol\u00f3gicas ubicadas en la pen\u00ednsula ar\u00e1biga.<\/p>\n\n\n\n<p class=\"has-text-align-justify\">Seg\u00fan sus dichos, la desalinizaci\u00f3n se ha vuelto muy barata. Agreg\u00f3: <em>\u201cAs\u00ed que la disponibilidad de agua dulce depende en realidad de la energ\u00eda y el transporte\u201d.<\/em><\/p>\n\n\n\n<p class=\"has-text-align-justify\"><em>\u201cLa cuesti\u00f3n es de donde viene la energ\u00eda. Y aqu\u00ed es donde creo que la energ\u00eda solar esta infravalorada en cuanto a su capacidad. Si se hacen c\u00e1lculos aproximados, para abastecer a Estados Unidos, que es una naci\u00f3n que consume demasiada electricidad, se necesitar\u00eda menos de 200 Km de \u00e1rea, por 200 Km de paneles solares para alimentarlo todo\u201d.<\/em><\/p>\n\n\n\n<p class=\"has-text-align-justify\"><em>\u201cLa escasez de agua tiene soluciones tecnol\u00f3gicas, y esas soluciones ahora son asequibles. Cualquier estudio que sugiera lo contrario probablemente este obsoleto o este elaborado con base en precios obsoletos\u201d.<\/em><\/p>\n\n\n\n<p class=\"has-text-align-justify\">Tambi\u00e9n mencion\u00f3 lo barato que es el proceso de desalinizaci\u00f3n actualmente, sum\u00e1ndolo a una ecuaci\u00f3n perfecta por los bajos costes en la generaci\u00f3n de la energ\u00eda solar.<\/p>\n\n\n\n<p class=\"has-text-align-justify\"><em>\u201cEl costo de la energ\u00eda solar a disminuido dramaticamente en los \u00faltimos 10 a\u00f1os. Si echaramos un vistazo al precio de hace 5, 10 o 20 a\u00f1os, habr\u00eda sido un costo prohibitivo. Hoy es extremandamente bajo y el coste de las bater\u00edas para alamacenar la energ\u00eda tambi\u00e9n disminuy\u00f3 dr\u00e1sticamente\u201d<\/em><\/p>\n\n\n\n<p class=\"has-text-align-justify\">La eficiencia en la tecnolog\u00eda de desalinizaci\u00f3n, ciertamente, ha mejorado bastante desde 1970. Seg\u00fan la <strong>Asociaci\u00f3n Internacional del Agua<\/strong>, las mejores tecnolog\u00edas tienen una demanda entre <strong>20 y 30 kWh<\/strong> (kilowatts por hora) de energ\u00eda por metro c\u00fabico de agua.<\/p>\n\n\n\n<p class=\"has-text-align-justify\">Un ejemplo a la eficiencia en la desalinizaci\u00f3n del agua, lo cual deriv\u00f3 al record guiness en marzo del 2021, fue hecha por parte de la empresa saudi-arabe <strong>Saline Water Conversion Corporation<\/strong> (SWCC), utilizando la tecnolog\u00eda de osmosis inversa para producir 5.000 metros c\u00fabicos de agua dulce, utilizando<strong> 2.271 kWh<\/strong> al d\u00eda.<\/p>\n\n\n\n<p class=\"has-text-align-justify\">En cuanto a los precios, se espera que la nueva planta desalinizadora <strong>Sorek B <\/strong>de Israel, comience su funcionamiento en el segundo semestre del presente a\u00f1o, utilizando una tecnolog\u00eda de \u00f3smosis inversa similar pero manejando 134 veces el volumen de la planta saudita SWCC. <\/p>\n\n\n\n<p class=\"has-text-align-justify\"><strong>Sorek B <\/strong>tiene un contrato para producir esta agua a un notable precio de<strong> 0,41 d\u00f3lares por metro c\u00fabico<\/strong>, lo que Israel afirma que es \u201cun nuevo punto de referencia para los precios del agua de desalinizaci\u00f3n de agua de mar a escala mundial\u201d.<\/p>\n\n\n\n<hr class=\"wp-block-separator has-alpha-channel-opacity\">\n\n\n\n<h2 class=\"wp-block-heading\">El dominio de China en capacidad de manufactura y cadenas de suministro<\/h2>\n\n\n\n<p class=\"has-text-align-justify\">En teor\u00eda, los planes de Elon Musk para resolver la escasez h\u00eddrica de las naciones tienden a plantearse en escenarios favorables y en las condiciones ideales. Sin embargo, m\u00e1s all\u00e1 del discurso,  la realidad afirma que, en la actualidad, el gigante asi\u00e1tico China no solo domina la fabricaci\u00f3n de paneles solares, sino la cadena de suministros.<\/p>\n\n\n\n<p class=\"has-text-align-justify\">Desde la fabricaci\u00f3n de polisilicio, hasta la soldadura de c\u00e9lulas y m\u00f3dulos solares terminados en paneles, China tiene la mayor participaci\u00f3n en cada etapa de la fabricaci\u00f3n de paneles solares. <\/p>\n\n\n\n<hr class=\"wp-block-separator has-alpha-channel-opacity\">\n\n\n\n<figure class=\"wp-block-image aligncenter size-full\"><img data-recalc-dims=\"1\" decoding=\"async\" width=\"696\" height=\"573\" src=\"https:\/\/i0.wp.com\/pulsecoder.com.mx\/wp-content\/uploads\/2024\/05\/Panel.jpg?resize=696%2C573&#038;ssl=1\" alt=\"\" class=\"wp-image-4336\" loading=\"lazy\" srcset=\"https:\/\/i0.wp.com\/pulsecoder.com.mx\/wp-content\/uploads\/2024\/05\/Panel.jpg?w=837&amp;ssl=1 837w, https:\/\/i0.wp.com\/pulsecoder.com.mx\/wp-content\/uploads\/2024\/05\/Panel.jpg?resize=300%2C247&amp;ssl=1 300w, https:\/\/i0.wp.com\/pulsecoder.com.mx\/wp-content\/uploads\/2024\/05\/Panel.jpg?resize=768%2C632&amp;ssl=1 768w, https:\/\/i0.wp.com\/pulsecoder.com.mx\/wp-content\/uploads\/2024\/05\/Panel.jpg?resize=696%2C573&amp;ssl=1 696w\" sizes=\"(max-width: 696px) 100vw, 696px\" \/><figcaption class=\"wp-element-caption\">China, posee la fabricaci\u00f3n y a gran mayor\u00eda de la cadena de suministro de paneles solares del mundo, controlando al menos el 75% de cada etapa clave de la fabricaci\u00f3n y el procesamiento de paneles solares fotovolt\u00e1icos. Fuente:  Elements by Visual Capitalist<\/figcaption><\/figure>\n\n\n\n<hr class=\"wp-block-separator has-alpha-channel-opacity\">\n\n\n\n<h2 class=\"wp-block-heading\">Acuerdo por el Planeta<\/h2>\n\n\n\n<p class=\"has-text-align-justify\">Desde 2016 las relaciones diplom\u00e1ticas y comerciales entre las dos potencias econ\u00f3micas del mundo [EEUU-China] comenzaron a fragmentarse.<\/p>\n\n\n\n<p class=\"has-text-align-justify\">No solo es la disputa el mercado de litio, las telecomunicaciones, la tecnolog\u00eda 5G &amp; +; por la infraestructura espacial y la miner\u00eda por tierras raras. Con esta conyuntura, salta a la mente la siguiente pregunta:<\/p>\n\n\n\n<p class=\"has-text-align-justify\">Dado que existe una dependencia mundial hacia el fabricante y proveedor de paneles solares, si se optara un plan global para que los pa\u00edses pobres pudieran tener acceso a tecnolog\u00eda por un precio justo con base a los planes propuestos por Elon Musk para la creaci\u00f3n de energ\u00eda \u00bfc\u00f3mo podr\u00eda asegurarse que ese acuerdo se lleve acabo sin la intervenci\u00f3n hegem\u00f3nica, comercial y volatil de los Estados Unidos?<\/p>\n\n\n\n<p class=\"has-text-align-justify\">No olvidemos que el agua es un <strong>Commodity<\/strong> y desde el a\u00f1o 2020 ya cotiza en <strong>Wall Street<\/strong>. <\/p>\n\n\n\n<p class=\"has-text-align-justify\">Muchas preguntas para desarrollar en los siguientes Foros Mundiales del Agua.<\/p>\n\n\n\n<hr class=\"wp-block-separator has-alpha-channel-opacity\">\n\n\n\n<p>Otras fuentes:<\/p>\n\n\n\n<p><a href=\"https:\/\/www.worldwatercouncil.org\/en\/world-water-council\">World Water Council <\/a><\/p>\n\n\n\n<p><a href=\"https:\/\/www.visualcapitalist.com\/visualizing-chinas-dominance-in-the-solar-panel-supply-chain\">https:\/\/www.visualcapitalist.com\/visualizing-chinas-dominance-in-the-solar-panel-supply-chain<\/a><\/p>\n\n\n\n<p><a href=\"https:\/\/newatlas.com\/environment\/elon-water-plan\">https:\/\/newatlas.com\/environment\/elon-water-plan<\/a><\/p>\n\n\n\n<p><\/p>\n<\/body>","protected":false},"excerpt":{"rendered":"<p>Con sede en la fant\u00e1stica y paradis\u00edaca ciudad de Bali, Indonesia, concluy\u00f3 la d\u00e9cima edici\u00f3n del Foro Mundial del Agua. Un evento donde participaron 106 pa\u00edses y 27 organizaciones internacionales. Con una jornada de trabajo de seis d\u00edas, se profundiz\u00f3 sobre la problem\u00e1tica global del agua y se expuso un centenar de proyectos para mejorar [&hellip;]<\/p>\n","protected":false},"author":3,"featured_media":4343,"comment_status":"open","ping_status":"open","sticky":false,"template":"","format":"standard","meta":{"_et_pb_use_builder":"off","_et_pb_old_content":"","_et_gb_content_width":"","_monsterinsights_skip_tracking":false,"_jetpack_memberships_contains_paid_content":false,"footnotes":""},"categories":[19],"tags":[1901,436,253,1895,172,352,1102,1899,1897,1893,358,69,968,1896,1900,505,1894,217,736,1898,161],"class_list":["post-4334","post","type-post","status-publish","format-standard","has-post-thumbnail","hentry","category-global","tag-acuerdos","tag-cadena-de-suministro","tag-china","tag-desalinizacion","tag-elon-musk","tag-energia","tag-escasez-hidrica","tag-estudios","tag-fondos","tag-foro-mundial-del-agua","tag-infraestructura","tag-innovacion","tag-inversion","tag-kilowat","tag-osmosis","tag-paneles-solares","tag-planes-intergubernamentales","tag-pobreza","tag-proyecto","tag-soluciones","tag-tecnologia"],"yoast_head":"<!-- This site is optimized with the Yoast SEO plugin v25.5 - https:\/\/yoast.com\/wordpress\/plugins\/seo\/ -->\n<title>Concluye en Bali el Foro Mundial del Agua<\/title>\n<meta name=\"description\" content=\"Bajo el lema &quot;Agua para una prosperidad compartida&quot; se expuso la problem\u00e1tica global del agua y sus posibles soluciones\" \/>\n<meta name=\"robots\" content=\"index, follow, max-snippet:-1, max-image-preview:large, max-video-preview:-1\" \/>\n<link rel=\"canonical\" href=\"https:\/\/pulsecoder.com.mx\/index.php\/2024\/05\/28\/concluye-en-bali-el-foro-mundial-del-agua\/\" \/>\n<meta property=\"og:locale\" content=\"es_MX\" \/>\n<meta property=\"og:type\" content=\"article\" \/>\n<meta property=\"og:title\" content=\"Concluye en Bali el Foro Mundial del Agua\" \/>\n<meta property=\"og:description\" content=\"Bajo el lema &quot;Agua para una prosperidad compartida&quot; se expuso la problem\u00e1tica global del agua y sus posibles soluciones\" \/>\n<meta property=\"og:url\" content=\"https:\/\/pulsecoder.com.mx\/index.php\/2024\/05\/28\/concluye-en-bali-el-foro-mundial-del-agua\/\" \/>\n<meta property=\"og:site_name\" content=\"Pulsecoder\" \/>\n<meta property=\"article:publisher\" content=\"https:\/\/www.facebook.com\/PulsecoderMx\" \/>\n<meta property=\"article:published_time\" content=\"2024-05-29T02:06:00+00:00\" \/>\n<meta property=\"article:modified_time\" content=\"2024-05-31T16:26:04+00:00\" \/>\n<meta property=\"og:image\" content=\"https:\/\/pulsecoder.com.mx\/wp-content\/uploads\/2024\/05\/Featured-Images-II-1.jpg\" \/>\n\t<meta property=\"og:image:width\" content=\"1200\" \/>\n\t<meta property=\"og:image:height\" content=\"675\" \/>\n\t<meta property=\"og:image:type\" content=\"image\/jpeg\" \/>\n<meta name=\"author\" content=\"Albert Landa\" \/>\n<meta name=\"twitter:card\" content=\"summary_large_image\" \/>\n<meta name=\"twitter:title\" content=\"Concluye en Bali el Foro Mundial del Agua\" \/>\n<meta name=\"twitter:description\" content=\"Bajo el lema &quot;Agua para una prosperidad compartida&quot; se expuso la problem\u00e1tica global del agua y sus posibles soluciones\" \/>\n<meta name=\"twitter:image\" content=\"https:\/\/i0.wp.com\/pulsecoder.com.mx\/wp-content\/uploads\/2024\/05\/Featured-Images-II-1.jpg?fit=1200%2C675&ssl=1\" \/>\n<meta name=\"twitter:creator\" content=\"@PulsecoderMx\" \/>\n<meta name=\"twitter:site\" content=\"@PulsecoderMx\" \/>\n<meta name=\"twitter:label1\" content=\"Escrito por\" \/>\n\t<meta name=\"twitter:data1\" content=\"Albert Landa\" \/>\n\t<meta name=\"twitter:label2\" content=\"Tiempo de lectura\" \/>\n\t<meta name=\"twitter:data2\" content=\"5 minutos\" \/>\n<script type=\"application\/ld+json\" class=\"yoast-schema-graph\">{\"@context\":\"https:\/\/schema.org\",\"@graph\":[{\"@type\":\"Article\",\"@id\":\"https:\/\/pulsecoder.com.mx\/index.php\/2024\/05\/28\/concluye-en-bali-el-foro-mundial-del-agua\/#article\",\"isPartOf\":{\"@id\":\"https:\/\/pulsecoder.com.mx\/index.php\/2024\/05\/28\/concluye-en-bali-el-foro-mundial-del-agua\/\"},\"author\":{\"name\":\"Albert Landa\",\"@id\":\"https:\/\/pulsecoder.com.mx\/#\/schema\/person\/e6d9f4714d365c9078cf98479722f6d0\"},\"headline\":\"Concluye en Bali el Foro Mundial del Agua\",\"datePublished\":\"2024-05-29T02:06:00+00:00\",\"dateModified\":\"2024-05-31T16:26:04+00:00\",\"mainEntityOfPage\":{\"@id\":\"https:\/\/pulsecoder.com.mx\/index.php\/2024\/05\/28\/concluye-en-bali-el-foro-mundial-del-agua\/\"},\"wordCount\":1057,\"commentCount\":0,\"publisher\":{\"@id\":\"https:\/\/pulsecoder.com.mx\/#organization\"},\"image\":{\"@id\":\"https:\/\/pulsecoder.com.mx\/index.php\/2024\/05\/28\/concluye-en-bali-el-foro-mundial-del-agua\/#primaryimage\"},\"thumbnailUrl\":\"https:\/\/i0.wp.com\/pulsecoder.com.mx\/wp-content\/uploads\/2024\/05\/Featured-Images-II-1.jpg?fit=1200%2C675&ssl=1\",\"keywords\":[\"Acuerdos\",\"Cadena de suministro\",\"China\",\"Desalinizaci\u00f3n\",\"Elon Musk\",\"Energ\u00eda\",\"Escasez H\u00eddrica\",\"Estudios\",\"Fondos\",\"Foro Mundial del Agua\",\"Infraestructura\",\"Innovaci\u00f3n\",\"Inversi\u00f3n\",\"Kilowat\",\"Osmosis\",\"Paneles Solares\",\"Planes intergubernamentales\",\"Pobreza\",\"Proyecto\",\"Soluciones\",\"Tecnolog\u00eda\"],\"articleSection\":[\"Global\"],\"inLanguage\":\"es\",\"potentialAction\":[{\"@type\":\"CommentAction\",\"name\":\"Comment\",\"target\":[\"https:\/\/pulsecoder.com.mx\/index.php\/2024\/05\/28\/concluye-en-bali-el-foro-mundial-del-agua\/#respond\"]}]},{\"@type\":\"WebPage\",\"@id\":\"https:\/\/pulsecoder.com.mx\/index.php\/2024\/05\/28\/concluye-en-bali-el-foro-mundial-del-agua\/\",\"url\":\"https:\/\/pulsecoder.com.mx\/index.php\/2024\/05\/28\/concluye-en-bali-el-foro-mundial-del-agua\/\",\"name\":\"Concluye en Bali el Foro Mundial del Agua\",\"isPartOf\":{\"@id\":\"https:\/\/pulsecoder.com.mx\/#website\"},\"primaryImageOfPage\":{\"@id\":\"https:\/\/pulsecoder.com.mx\/index.php\/2024\/05\/28\/concluye-en-bali-el-foro-mundial-del-agua\/#primaryimage\"},\"image\":{\"@id\":\"https:\/\/pulsecoder.com.mx\/index.php\/2024\/05\/28\/concluye-en-bali-el-foro-mundial-del-agua\/#primaryimage\"},\"thumbnailUrl\":\"https:\/\/i0.wp.com\/pulsecoder.com.mx\/wp-content\/uploads\/2024\/05\/Featured-Images-II-1.jpg?fit=1200%2C675&ssl=1\",\"datePublished\":\"2024-05-29T02:06:00+00:00\",\"dateModified\":\"2024-05-31T16:26:04+00:00\",\"description\":\"Bajo el lema \\\"Agua para una prosperidad compartida\\\" se expuso la problem\u00e1tica global del agua y sus posibles soluciones\",\"inLanguage\":\"es\",\"potentialAction\":[{\"@type\":\"ReadAction\",\"target\":[\"https:\/\/pulsecoder.com.mx\/index.php\/2024\/05\/28\/concluye-en-bali-el-foro-mundial-del-agua\/\"]}]},{\"@type\":\"ImageObject\",\"inLanguage\":\"es\",\"@id\":\"https:\/\/pulsecoder.com.mx\/index.php\/2024\/05\/28\/concluye-en-bali-el-foro-mundial-del-agua\/#primaryimage\",\"url\":\"https:\/\/i0.wp.com\/pulsecoder.com.mx\/wp-content\/uploads\/2024\/05\/Featured-Images-II-1.jpg?fit=1200%2C675&ssl=1\",\"contentUrl\":\"https:\/\/i0.wp.com\/pulsecoder.com.mx\/wp-content\/uploads\/2024\/05\/Featured-Images-II-1.jpg?fit=1200%2C675&ssl=1\",\"width\":1200,\"height\":675},{\"@type\":\"WebSite\",\"@id\":\"https:\/\/pulsecoder.com.mx\/#website\",\"url\":\"https:\/\/pulsecoder.com.mx\/\",\"name\":\"Pulsecoder\",\"description\":\"Revista digital de tecnolog\u00eda, sociedad e Innovaci\u00f3n\",\"publisher\":{\"@id\":\"https:\/\/pulsecoder.com.mx\/#organization\"},\"potentialAction\":[{\"@type\":\"SearchAction\",\"target\":{\"@type\":\"EntryPoint\",\"urlTemplate\":\"https:\/\/pulsecoder.com.mx\/?s={search_term_string}\"},\"query-input\":{\"@type\":\"PropertyValueSpecification\",\"valueRequired\":true,\"valueName\":\"search_term_string\"}}],\"inLanguage\":\"es\"},{\"@type\":\"Organization\",\"@id\":\"https:\/\/pulsecoder.com.mx\/#organization\",\"name\":\"Pulse Coder Mx\",\"url\":\"https:\/\/pulsecoder.com.mx\/\",\"logo\":{\"@type\":\"ImageObject\",\"inLanguage\":\"es\",\"@id\":\"https:\/\/pulsecoder.com.mx\/#\/schema\/logo\/image\/\",\"url\":\"https:\/\/i0.wp.com\/pulsecoder.com.mx\/wp-content\/uploads\/2021\/10\/Web.png?fit=2047%2C1024&ssl=1\",\"contentUrl\":\"https:\/\/i0.wp.com\/pulsecoder.com.mx\/wp-content\/uploads\/2021\/10\/Web.png?fit=2047%2C1024&ssl=1\",\"width\":2047,\"height\":1024,\"caption\":\"Pulse Coder Mx\"},\"image\":{\"@id\":\"https:\/\/pulsecoder.com.mx\/#\/schema\/logo\/image\/\"},\"sameAs\":[\"https:\/\/www.facebook.com\/PulsecoderMx\",\"https:\/\/x.com\/PulsecoderMx\",\"https:\/\/www.instagram.com\/pulsecodermx\/\",\"https:\/\/www.youtube.com\/channel\/UCci7xZRoiIxGpkwEljqfF9A\"]},{\"@type\":\"Person\",\"@id\":\"https:\/\/pulsecoder.com.mx\/#\/schema\/person\/e6d9f4714d365c9078cf98479722f6d0\",\"name\":\"Albert Landa\",\"image\":{\"@type\":\"ImageObject\",\"inLanguage\":\"es\",\"@id\":\"https:\/\/pulsecoder.com.mx\/#\/schema\/person\/image\/\",\"url\":\"https:\/\/secure.gravatar.com\/avatar\/6d0d6795eace2a403b2c8cf167330665?s=96&d=mm&r=g\",\"contentUrl\":\"https:\/\/secure.gravatar.com\/avatar\/6d0d6795eace2a403b2c8cf167330665?s=96&d=mm&r=g\",\"caption\":\"Albert Landa\"},\"description\":\"Cofundador y COO en Pulse Coder. Escribe sobre tecnolog\u00eda y sociedad.\",\"url\":\"https:\/\/pulsecoder.com.mx\/index.php\/author\/albert-landa\/\"}]}<\/script>\n<!-- \/ Yoast SEO plugin. -->","yoast_head_json":{"title":"Concluye en Bali el Foro Mundial del Agua","description":"Bajo el lema \"Agua para una prosperidad compartida\" se expuso la problem\u00e1tica global del agua y sus posibles soluciones","robots":{"index":"index","follow":"follow","max-snippet":"max-snippet:-1","max-image-preview":"max-image-preview:large","max-video-preview":"max-video-preview:-1"},"canonical":"https:\/\/pulsecoder.com.mx\/index.php\/2024\/05\/28\/concluye-en-bali-el-foro-mundial-del-agua\/","og_locale":"es_MX","og_type":"article","og_title":"Concluye en Bali el Foro Mundial del Agua","og_description":"Bajo el lema \"Agua para una prosperidad compartida\" se expuso la problem\u00e1tica global del agua y sus posibles soluciones","og_url":"https:\/\/pulsecoder.com.mx\/index.php\/2024\/05\/28\/concluye-en-bali-el-foro-mundial-del-agua\/","og_site_name":"Pulsecoder","article_publisher":"https:\/\/www.facebook.com\/PulsecoderMx","article_published_time":"2024-05-29T02:06:00+00:00","article_modified_time":"2024-05-31T16:26:04+00:00","og_image":[{"width":1200,"height":675,"url":"https:\/\/pulsecoder.com.mx\/wp-content\/uploads\/2024\/05\/Featured-Images-II-1.jpg","type":"image\/jpeg"}],"author":"Albert Landa","twitter_card":"summary_large_image","twitter_title":"Concluye en Bali el Foro Mundial del Agua","twitter_description":"Bajo el lema \"Agua para una prosperidad compartida\" se expuso la problem\u00e1tica global del agua y sus posibles soluciones","twitter_image":"https:\/\/i0.wp.com\/pulsecoder.com.mx\/wp-content\/uploads\/2024\/05\/Featured-Images-II-1.jpg?fit=1200%2C675&ssl=1","twitter_creator":"@PulsecoderMx","twitter_site":"@PulsecoderMx","twitter_misc":{"Escrito por":"Albert Landa","Tiempo de lectura":"5 minutos"},"schema":{"@context":"https:\/\/schema.org","@graph":[{"@type":"Article","@id":"https:\/\/pulsecoder.com.mx\/index.php\/2024\/05\/28\/concluye-en-bali-el-foro-mundial-del-agua\/#article","isPartOf":{"@id":"https:\/\/pulsecoder.com.mx\/index.php\/2024\/05\/28\/concluye-en-bali-el-foro-mundial-del-agua\/"},"author":{"name":"Albert Landa","@id":"https:\/\/pulsecoder.com.mx\/#\/schema\/person\/e6d9f4714d365c9078cf98479722f6d0"},"headline":"Concluye en Bali el Foro Mundial del Agua","datePublished":"2024-05-29T02:06:00+00:00","dateModified":"2024-05-31T16:26:04+00:00","mainEntityOfPage":{"@id":"https:\/\/pulsecoder.com.mx\/index.php\/2024\/05\/28\/concluye-en-bali-el-foro-mundial-del-agua\/"},"wordCount":1057,"commentCount":0,"publisher":{"@id":"https:\/\/pulsecoder.com.mx\/#organization"},"image":{"@id":"https:\/\/pulsecoder.com.mx\/index.php\/2024\/05\/28\/concluye-en-bali-el-foro-mundial-del-agua\/#primaryimage"},"thumbnailUrl":"https:\/\/i0.wp.com\/pulsecoder.com.mx\/wp-content\/uploads\/2024\/05\/Featured-Images-II-1.jpg?fit=1200%2C675&ssl=1","keywords":["Acuerdos","Cadena de suministro","China","Desalinizaci\u00f3n","Elon Musk","Energ\u00eda","Escasez H\u00eddrica","Estudios","Fondos","Foro Mundial del Agua","Infraestructura","Innovaci\u00f3n","Inversi\u00f3n","Kilowat","Osmosis","Paneles Solares","Planes intergubernamentales","Pobreza","Proyecto","Soluciones","Tecnolog\u00eda"],"articleSection":["Global"],"inLanguage":"es","potentialAction":[{"@type":"CommentAction","name":"Comment","target":["https:\/\/pulsecoder.com.mx\/index.php\/2024\/05\/28\/concluye-en-bali-el-foro-mundial-del-agua\/#respond"]}]},{"@type":"WebPage","@id":"https:\/\/pulsecoder.com.mx\/index.php\/2024\/05\/28\/concluye-en-bali-el-foro-mundial-del-agua\/","url":"https:\/\/pulsecoder.com.mx\/index.php\/2024\/05\/28\/concluye-en-bali-el-foro-mundial-del-agua\/","name":"Concluye en Bali el Foro Mundial del Agua","isPartOf":{"@id":"https:\/\/pulsecoder.com.mx\/#website"},"primaryImageOfPage":{"@id":"https:\/\/pulsecoder.com.mx\/index.php\/2024\/05\/28\/concluye-en-bali-el-foro-mundial-del-agua\/#primaryimage"},"image":{"@id":"https:\/\/pulsecoder.com.mx\/index.php\/2024\/05\/28\/concluye-en-bali-el-foro-mundial-del-agua\/#primaryimage"},"thumbnailUrl":"https:\/\/i0.wp.com\/pulsecoder.com.mx\/wp-content\/uploads\/2024\/05\/Featured-Images-II-1.jpg?fit=1200%2C675&ssl=1","datePublished":"2024-05-29T02:06:00+00:00","dateModified":"2024-05-31T16:26:04+00:00","description":"Bajo el lema \"Agua para una prosperidad compartida\" se expuso la problem\u00e1tica global del agua y sus posibles soluciones","inLanguage":"es","potentialAction":[{"@type":"ReadAction","target":["https:\/\/pulsecoder.com.mx\/index.php\/2024\/05\/28\/concluye-en-bali-el-foro-mundial-del-agua\/"]}]},{"@type":"ImageObject","inLanguage":"es","@id":"https:\/\/pulsecoder.com.mx\/index.php\/2024\/05\/28\/concluye-en-bali-el-foro-mundial-del-agua\/#primaryimage","url":"https:\/\/i0.wp.com\/pulsecoder.com.mx\/wp-content\/uploads\/2024\/05\/Featured-Images-II-1.jpg?fit=1200%2C675&ssl=1","contentUrl":"https:\/\/i0.wp.com\/pulsecoder.com.mx\/wp-content\/uploads\/2024\/05\/Featured-Images-II-1.jpg?fit=1200%2C675&ssl=1","width":1200,"height":675},{"@type":"WebSite","@id":"https:\/\/pulsecoder.com.mx\/#website","url":"https:\/\/pulsecoder.com.mx\/","name":"Pulsecoder","description":"Revista digital de tecnolog\u00eda, sociedad e Innovaci\u00f3n","publisher":{"@id":"https:\/\/pulsecoder.com.mx\/#organization"},"potentialAction":[{"@type":"SearchAction","target":{"@type":"EntryPoint","urlTemplate":"https:\/\/pulsecoder.com.mx\/?s={search_term_string}"},"query-input":{"@type":"PropertyValueSpecification","valueRequired":true,"valueName":"search_term_string"}}],"inLanguage":"es"},{"@type":"Organization","@id":"https:\/\/pulsecoder.com.mx\/#organization","name":"Pulse Coder Mx","url":"https:\/\/pulsecoder.com.mx\/","logo":{"@type":"ImageObject","inLanguage":"es","@id":"https:\/\/pulsecoder.com.mx\/#\/schema\/logo\/image\/","url":"https:\/\/i0.wp.com\/pulsecoder.com.mx\/wp-content\/uploads\/2021\/10\/Web.png?fit=2047%2C1024&ssl=1","contentUrl":"https:\/\/i0.wp.com\/pulsecoder.com.mx\/wp-content\/uploads\/2021\/10\/Web.png?fit=2047%2C1024&ssl=1","width":2047,"height":1024,"caption":"Pulse Coder Mx"},"image":{"@id":"https:\/\/pulsecoder.com.mx\/#\/schema\/logo\/image\/"},"sameAs":["https:\/\/www.facebook.com\/PulsecoderMx","https:\/\/x.com\/PulsecoderMx","https:\/\/www.instagram.com\/pulsecodermx\/","https:\/\/www.youtube.com\/channel\/UCci7xZRoiIxGpkwEljqfF9A"]},{"@type":"Person","@id":"https:\/\/pulsecoder.com.mx\/#\/schema\/person\/e6d9f4714d365c9078cf98479722f6d0","name":"Albert Landa","image":{"@type":"ImageObject","inLanguage":"es","@id":"https:\/\/pulsecoder.com.mx\/#\/schema\/person\/image\/","url":"https:\/\/secure.gravatar.com\/avatar\/6d0d6795eace2a403b2c8cf167330665?s=96&d=mm&r=g","contentUrl":"https:\/\/secure.gravatar.com\/avatar\/6d0d6795eace2a403b2c8cf167330665?s=96&d=mm&r=g","caption":"Albert Landa"},"description":"Cofundador y COO en Pulse Coder. Escribe sobre tecnolog\u00eda y sociedad.","url":"https:\/\/pulsecoder.com.mx\/index.php\/author\/albert-landa\/"}]}},"jetpack_featured_media_url":"https:\/\/i0.wp.com\/pulsecoder.com.mx\/wp-content\/uploads\/2024\/05\/Featured-Images-II-1.jpg?fit=1200%2C675&ssl=1","jetpack_sharing_enabled":true,"amp_enabled":true,"_links":{"self":[{"href":"https:\/\/pulsecoder.com.mx\/index.php\/wp-json\/wp\/v2\/posts\/4334"}],"collection":[{"href":"https:\/\/pulsecoder.com.mx\/index.php\/wp-json\/wp\/v2\/posts"}],"about":[{"href":"https:\/\/pulsecoder.com.mx\/index.php\/wp-json\/wp\/v2\/types\/post"}],"author":[{"embeddable":true,"href":"https:\/\/pulsecoder.com.mx\/index.php\/wp-json\/wp\/v2\/users\/3"}],"replies":[{"embeddable":true,"href":"https:\/\/pulsecoder.com.mx\/index.php\/wp-json\/wp\/v2\/comments?post=4334"}],"version-history":[{"count":5,"href":"https:\/\/pulsecoder.com.mx\/index.php\/wp-json\/wp\/v2\/posts\/4334\/revisions"}],"predecessor-version":[{"id":4358,"href":"https:\/\/pulsecoder.com.mx\/index.php\/wp-json\/wp\/v2\/posts\/4334\/revisions\/4358"}],"wp:featuredmedia":[{"embeddable":true,"href":"https:\/\/pulsecoder.com.mx\/index.php\/wp-json\/wp\/v2\/media\/4343"}],"wp:attachment":[{"href":"https:\/\/pulsecoder.com.mx\/index.php\/wp-json\/wp\/v2\/media?parent=4334"}],"wp:term":[{"taxonomy":"category","embeddable":true,"href":"https:\/\/pulsecoder.com.mx\/index.php\/wp-json\/wp\/v2\/categories?post=4334"},{"taxonomy":"post_tag","embeddable":true,"href":"https:\/\/pulsecoder.com.mx\/index.php\/wp-json\/wp\/v2\/tags?post=4334"}],"curies":[{"name":"wp","href":"https:\/\/api.w.org\/{rel}","templated":true}]}}