{"id":4386,"date":"2024-07-15T14:07:53","date_gmt":"2024-07-15T20:07:53","guid":{"rendered":"https:\/\/pulsecoder.com.mx\/?p=4386"},"modified":"2024-07-18T17:47:50","modified_gmt":"2024-07-18T23:47:50","slug":"semillero-de-historias-iii-emision","status":"publish","type":"post","link":"https:\/\/pulsecoder.com.mx\/index.php\/2024\/07\/15\/semillero-de-historias-iii-emision\/","title":{"rendered":"Semillero de Historias: III Emisi\u00f3n"},"content":{"rendered":"<body>\n<p>El teatro Juan J. Herrera ha pasado por diversos periodos. En alguna etapa permaneci\u00f3 cerrado, en otras, retom\u00f3 el impulso de la actividad art\u00edstica y, por algunos momentos, fue un espacio donde se realizaron eventos no ligados al sector cultural.<\/p>\n\n\n\n<p>Sin embargo, hay un momento clave en el 2006. Justo el a\u00f1o donde Manuel Montoro y Billy Barclay crearon un puente de comunicaci\u00f3n con Mar\u00eda Eugenia Ostos -entonces due\u00f1a del recinto- y Fidel Herrara, Ex-Gobernador del Estado de Veracruz [2004- 2010].<\/p>\n\n\n\n<p>Al respecto el maestro Beverido [2017] comenta lo siguiente:<\/p>\n\n\n\n<hr class=\"wp-block-separator has-alpha-channel-opacity\">\n\n\n\n<pre class=\"wp-block-verse\">Manuel y Billy sirven como puente de contacto entre Fidel y Mar\u00eda Eugenia para que el Gobierno del Estado adquiera el teatro y que sea una instituci\u00f3n oficial y no privada; despu\u00e9s de muchas negociaciones finalmente Mar\u00eda Eugenia s\u00ed vende el teatro al Gobierno del Estado. En ese momento Billy que hab\u00eda tenido estudios de arquitectura, hace una revisi\u00f3n y ven que est\u00e1 bastante deteriorado y le dicen al gobernador que hay que rehabilitarlo, lo que significaba una gran inversi\u00f3n, hab\u00eda algunas partes que deb\u00edan echar abajo. [\u2026] <br>Llega un momento al final de la administraci\u00f3n de Fidel que le cambia el nombre, le entrega la direcci\u00f3n a un patronato donde est\u00e1n Manuel y Billy, con la intensi\u00f3n de que ellos dos sean los directores del teatro, pero, con estas cuestiones estructurales hab\u00eda que remodelar muchas cosas, en algunos casos hab\u00eda que tirar abajo\u2026 finalmente no se concreta nada, la intenci\u00f3n del Ayuntamiento en aquel momento con Fidel era que el Ayuntamiento administrara, aunque lo dirigiera Manuel Montoro. Finalmente, con la administraci\u00f3n de Am\u00e9rico se aclara que por ser del Ayuntamiento es el Ayuntamiento quien se encarga de remodelarlo y dirigirlo (P\u00e1g. 7).<\/pre>\n\n\n\n<hr class=\"wp-block-separator has-alpha-channel-opacity\">\n\n\n\n<p>En diferentes ocasiones y por diversos medios buscamos a Barclay y Montoro para conocer el plan estructural que hab\u00edan hecho sobre el teatro, pues es muy sabido que existen riesgos contundentes por reaperturar el teatro sin atender estas indicaciones; sin embargo, en ninguna ocasi\u00f3n obtuvimos una respuesta favorable a nuestras solicitudes.<\/p>\n\n\n\n<p>Desafortunadamente Montoro fallece en 2022, llev\u00e1ndose consigo esta parte de la historia.<\/p>\n\n\n\n<p>Seg\u00fan una nota del peri\u00f3dico Al calor Pol\u00edtico (2012) el Teatro J. J. Herrera mostraba cicatrices de abandono.\u00a0 En 2010 Fidel Herrera reinaugura el teatro cediendo en comodato por 10 a\u00f1os la superficie de 478 mtrs<sup>2<\/sup> ubicada en Miguel Palacios N. 12, a la Fundaci\u00f3n para las Artes Esc\u00e9nicas de Veracruz A. C., del que forman parte el escultor Rafael Villar; la antrop\u00f3loga Sara Ladr\u00f3n de Guevara; las promotoras culturales Rebeca Bouchez y Claudia Bandala; la periodista Celia \u00c1lvarez, entre otras personalidades.<\/p>\n\n\n\n<p>El plan operativo de la Fundaci\u00f3n era organizar talleres, montajes, presentaciones de libro, lecturas, exposiciones entre otras actividades permanentes en cartelera, sin embargo, esto no fue posible:<\/p>\n\n\n\n<hr class=\"wp-block-separator has-alpha-channel-opacity\">\n\n\n\n<div class=\"wp-block-jetpack-tiled-gallery aligncenter is-style-rectangular\"><div class=\"\"><div class=\"tiled-gallery__gallery\"><div class=\"tiled-gallery__row\"><div class=\"tiled-gallery__col\" style=\"flex-basis:57.04687%\"><figure class=\"tiled-gallery__item\"><img decoding=\"async\" srcset=\"https:\/\/i1.wp.com\/pulsecoder.com.mx\/wp-content\/uploads\/2024\/07\/Rehab-3-1.jpg?strip=info&amp;w=551&amp;ssl=1 551w\" alt=\"\" data-height=\"311\" data-id=\"4391\" data-link=\"https:\/\/pulsecoder.com.mx\/?attachment_id=4391\" data-url=\"https:\/\/pulsecoder.com.mx\/wp-content\/uploads\/2024\/07\/Rehab-3-1.jpg\" data-width=\"551\" src=\"https:\/\/i1.wp.com\/pulsecoder.com.mx\/wp-content\/uploads\/2024\/07\/Rehab-3-1.jpg?ssl=1\" data-amp-layout=\"responsive\" aria-label=\"Open image 1 of 3 in full-screen\" loading=\"lazy\"><\/figure><\/div><div class=\"tiled-gallery__col\" style=\"flex-basis:21.51083%\"><figure class=\"tiled-gallery__item\"><img decoding=\"async\" srcset=\"https:\/\/i1.wp.com\/pulsecoder.com.mx\/wp-content\/uploads\/2024\/07\/Rehab-1-1.jpg?strip=info&amp;w=207&amp;ssl=1 207w\" alt=\"\" data-height=\"311\" data-id=\"4392\" data-link=\"https:\/\/pulsecoder.com.mx\/?attachment_id=4392\" data-url=\"https:\/\/pulsecoder.com.mx\/wp-content\/uploads\/2024\/07\/Rehab-1-1.jpg\" data-width=\"207\" src=\"https:\/\/i1.wp.com\/pulsecoder.com.mx\/wp-content\/uploads\/2024\/07\/Rehab-1-1.jpg?ssl=1\" data-amp-layout=\"responsive\" aria-label=\"Open image 2 of 3 in full-screen\" loading=\"lazy\"><\/figure><\/div><div class=\"tiled-gallery__col\" style=\"flex-basis:21.44229%\"><figure class=\"tiled-gallery__item\"><img decoding=\"async\" srcset=\"https:\/\/i0.wp.com\/pulsecoder.com.mx\/wp-content\/uploads\/2024\/07\/Rehab-2.jpg?strip=info&amp;w=207&amp;ssl=1 207w\" alt=\"\" data-height=\"312\" data-id=\"4393\" data-link=\"https:\/\/pulsecoder.com.mx\/?attachment_id=4393\" data-url=\"https:\/\/pulsecoder.com.mx\/wp-content\/uploads\/2024\/07\/Rehab-2.jpg\" data-width=\"207\" src=\"https:\/\/i0.wp.com\/pulsecoder.com.mx\/wp-content\/uploads\/2024\/07\/Rehab-2.jpg?ssl=1\" data-amp-layout=\"responsive\" aria-label=\"Open image 3 of 3 in full-screen\" loading=\"lazy\"><\/figure><\/div><\/div><\/div><\/div><\/div>\n\n\n\n<hr class=\"wp-block-separator has-alpha-channel-opacity\">\n\n\n\n<p>La nota finaliza recalcando la importancia que deber\u00eda tener la rehabilitaci\u00f3n de este espacio, al cual se refiere como Teatro de la Ciudad por parte de los tres niveles de gobierno, lo contrario derivar\u00eda en el incumplimiento del derecho ciudadano por conocer, apropiarse y hacer uso de los lenguajes art\u00edsticos.<\/p>\n\n\n\n<p>Afortunadamente, en 2015 el Teatro pasa a manos del Ayuntamiento a cargo de Am\u00e9rico Z\u00fa\u00f1iga [2014-2017]. Este movimiento se realiz\u00f3 con la finalidad de reactivar la actividad art\u00edstica del espacio, bajo la pol\u00edtica cultural de recuperaci\u00f3n de espacios p\u00fablicos que buscan dar a los habitantes xalape\u00f1os un espacio digno para su recreaci\u00f3n.<\/p>\n\n\n\n<hr class=\"wp-block-separator has-alpha-channel-opacity\">\n\n\n\n<figure class=\"wp-block-gallery has-nested-images columns-default is-cropped wp-block-gallery-1 is-layout-flex wp-block-gallery-is-layout-flex\">\n<figure class=\"wp-block-image size-large\"><img data-recalc-dims=\"1\" decoding=\"async\" width=\"696\" height=\"457\" data-id=\"4394\" src=\"https:\/\/i0.wp.com\/pulsecoder.com.mx\/wp-content\/uploads\/2024\/07\/Rehab-4.jpg?resize=696%2C457&#038;ssl=1\" alt=\"\" class=\"wp-image-4394\" loading=\"lazy\" srcset=\"https:\/\/i0.wp.com\/pulsecoder.com.mx\/wp-content\/uploads\/2024\/07\/Rehab-4.jpg?resize=1024%2C673&amp;ssl=1 1024w, https:\/\/i0.wp.com\/pulsecoder.com.mx\/wp-content\/uploads\/2024\/07\/Rehab-4.jpg?resize=300%2C197&amp;ssl=1 300w, https:\/\/i0.wp.com\/pulsecoder.com.mx\/wp-content\/uploads\/2024\/07\/Rehab-4.jpg?resize=768%2C505&amp;ssl=1 768w, https:\/\/i0.wp.com\/pulsecoder.com.mx\/wp-content\/uploads\/2024\/07\/Rehab-4.jpg?resize=1536%2C1010&amp;ssl=1 1536w, https:\/\/i0.wp.com\/pulsecoder.com.mx\/wp-content\/uploads\/2024\/07\/Rehab-4.jpg?resize=696%2C458&amp;ssl=1 696w, https:\/\/i0.wp.com\/pulsecoder.com.mx\/wp-content\/uploads\/2024\/07\/Rehab-4.jpg?resize=1068%2C702&amp;ssl=1 1068w, https:\/\/i0.wp.com\/pulsecoder.com.mx\/wp-content\/uploads\/2024\/07\/Rehab-4.jpg?resize=1080%2C710&amp;ssl=1 1080w, https:\/\/i0.wp.com\/pulsecoder.com.mx\/wp-content\/uploads\/2024\/07\/Rehab-4.jpg?w=1545&amp;ssl=1 1545w, https:\/\/i0.wp.com\/pulsecoder.com.mx\/wp-content\/uploads\/2024\/07\/Rehab-4.jpg?w=1392&amp;ssl=1 1392w\" sizes=\"(max-width: 696px) 100vw, 696px\" \/><\/figure>\n<\/figure>\n\n\n\n<hr class=\"wp-block-separator has-alpha-channel-opacity\">\n\n\n\n<p>Ante las cicatrices de abandono mencionadas anteriormente, en palabras de <strong>Aleksandar Lalicki<\/strong> [2017], parte del equipo de rehabilitaci\u00f3n, agrega:<\/p>\n\n\n\n<hr class=\"wp-block-separator has-alpha-channel-opacity\">\n\n\n\n<pre class=\"wp-block-verse\">La primera sensaci\u00f3n al entrar al Teatro J.J. Herrera fue de desagrado. Era un espacio muy da\u00f1ado, muy sucio, lleno de desechos de animales, incluyendo esqueletos de pajaros, ratas, pedacer\u00eda de gatos, etc.<br><br>Sin embargo, mi sensaci\u00f3n real y mi sentimiento fue de profundo y justo enojo por la situaci\u00f3n en la cual se encontraba un espacio que perfectamente bien podr\u00eda utilizarse. Da much\u00edsimo coraje, esta es mi real y verdadera sensaci\u00f3n. Lo mejor que pudo sucederle al teatro es que lo recupera el municipio (p\u00e1g. 5)<\/pre>\n\n\n\n<hr class=\"wp-block-separator has-alpha-channel-opacity\">\n\n\n\n<p>Fue entonces que bajo las gestiones de Am\u00e9rico Zu\u00f1iga, la Sceretar\u00eda de Cultura y el Municipio, acompa\u00f1ados de un gran equipo de trabajo y expertos en la materia, se conjuntan esfuerzos y capacidades con el prop\u00f3sito de rehabilitar y equipar el Teatro J.J. Herrera en un periodo no mayor de diez meses mediante el recurso generado con el Programa de apoyo a la Infraestructura Cultural en los Estados, m\u00e1s adelante PAICE.<\/p>\n\n\n\n<p>Se invierten $5,800,000.00 (cinco millones ochocientos miel pesos 00\/100 M.N), beneficiando a la infraestructura del lugar, lo que signific\u00f3 mejoras en los ba\u00f1os, el piso, el techo y el reequipamiento en iluminarias y audio de gran calidad.<\/p>\n\n\n\n<p>Ante todas estas acciones, el teatro se coloca como uno de los mejores espacios provistos para el quehacer art\u00edstico.<\/p>\n\n\n\n<p><\/p>\n<\/body>","protected":false},"excerpt":{"rendered":"<p>El teatro Juan J. Herrera ha pasado por diversos periodos. En alguna etapa permaneci\u00f3 cerrado, en otras, retom\u00f3 el impulso de la actividad art\u00edstica y, por algunos momentos, fue un espacio donde se realizaron eventos no ligados al sector cultural. Sin embargo, hay un momento clave en el 2006. Justo el a\u00f1o donde Manuel Montoro [&hellip;]<\/p>\n","protected":false},"author":11,"featured_media":4387,"comment_status":"open","ping_status":"open","sticky":false,"template":"","format":"standard","meta":{"_et_pb_use_builder":"off","_et_pb_old_content":"","_et_gb_content_width":"","_monsterinsights_skip_tracking":false,"_jetpack_memberships_contains_paid_content":false,"footnotes":""},"categories":[1700,39],"tags":[1576,1932,1429,884,968,736,1933,931,1931],"class_list":["post-4386","post","type-post","status-publish","format-standard","has-post-thumbnail","hentry","category-cultura","category-sociedad","tag-ayuntamiento","tag-citas","tag-cronologia","tag-historia","tag-inversion","tag-proyecto","tag-reapertura","tag-rehabilitacion","tag-voluntad-politica"],"yoast_head":"<!-- This site is optimized with the Yoast SEO plugin v25.5 - https:\/\/yoast.com\/wordpress\/plugins\/seo\/ -->\n<title>Semillero de Historias: III Emisi\u00f3n<\/title>\n<meta name=\"description\" content=\"Ante todas estas acciones, el teatro J.J. Herrera se coloca como uno de los mejores espacios provistos para el quehacer art\u00edstico\" \/>\n<meta name=\"robots\" content=\"index, follow, max-snippet:-1, max-image-preview:large, max-video-preview:-1\" \/>\n<link rel=\"canonical\" href=\"https:\/\/pulsecoder.com.mx\/index.php\/2024\/07\/15\/semillero-de-historias-iii-emision\/\" \/>\n<meta property=\"og:locale\" content=\"es_MX\" \/>\n<meta property=\"og:type\" content=\"article\" \/>\n<meta property=\"og:title\" content=\"Semillero de historias: III emisi\u00f3n\" \/>\n<meta property=\"og:description\" content=\"Ante todas estas acciones el teatro J.J. Herrera se coloca como uno de los mejores espacios provistos para el quehacer art\u00edstico\" \/>\n<meta property=\"og:url\" content=\"https:\/\/pulsecoder.com.mx\/index.php\/2024\/07\/15\/semillero-de-historias-iii-emision\/\" \/>\n<meta property=\"og:site_name\" content=\"Pulsecoder\" \/>\n<meta property=\"article:publisher\" content=\"https:\/\/www.facebook.com\/PulsecoderMx\" \/>\n<meta property=\"article:author\" content=\"https:\/\/www.facebook.com\/lamularoja.teatro\/\" \/>\n<meta property=\"article:published_time\" content=\"2024-07-15T20:07:53+00:00\" \/>\n<meta property=\"article:modified_time\" content=\"2024-07-18T23:47:50+00:00\" \/>\n<meta property=\"og:image\" content=\"https:\/\/pulsecoder.com.mx\/wp-content\/uploads\/2024\/07\/Featured-Images-II.jpg\" \/>\n\t<meta property=\"og:image:width\" content=\"1200\" \/>\n\t<meta property=\"og:image:height\" content=\"675\" \/>\n\t<meta property=\"og:image:type\" content=\"image\/jpeg\" \/>\n<meta name=\"author\" content=\"georgina.escobar\" \/>\n<meta name=\"twitter:card\" content=\"summary_large_image\" \/>\n<meta name=\"twitter:title\" content=\"Semillero de historias: III emisi\u00f3n\" \/>\n<meta name=\"twitter:description\" content=\"Ante todas estas acciones, el teatro J.J. Herrera se coloca como uno de los mejores espacios provistos para el quehacer art\u00edstico\" \/>\n<meta name=\"twitter:image\" content=\"https:\/\/i0.wp.com\/pulsecoder.com.mx\/wp-content\/uploads\/2024\/07\/Featured-Images-II.jpg?fit=1200%2C675&ssl=1\" \/>\n<meta name=\"twitter:creator\" content=\"@PulsecoderMx\" \/>\n<meta name=\"twitter:site\" content=\"@PulsecoderMx\" \/>\n<meta name=\"twitter:label1\" content=\"Escrito por\" \/>\n\t<meta name=\"twitter:data1\" content=\"georgina.escobar\" \/>\n\t<meta name=\"twitter:label2\" content=\"Tiempo de lectura\" \/>\n\t<meta name=\"twitter:data2\" content=\"4 minutos\" \/>\n<script type=\"application\/ld+json\" class=\"yoast-schema-graph\">{\"@context\":\"https:\/\/schema.org\",\"@graph\":[{\"@type\":\"Article\",\"@id\":\"https:\/\/pulsecoder.com.mx\/index.php\/2024\/07\/15\/semillero-de-historias-iii-emision\/#article\",\"isPartOf\":{\"@id\":\"https:\/\/pulsecoder.com.mx\/index.php\/2024\/07\/15\/semillero-de-historias-iii-emision\/\"},\"author\":{\"name\":\"georgina.escobar\",\"@id\":\"https:\/\/pulsecoder.com.mx\/#\/schema\/person\/859b0aa70de29666d56cd1323f5ae1e5\"},\"headline\":\"Semillero de Historias: III Emisi\u00f3n\",\"datePublished\":\"2024-07-15T20:07:53+00:00\",\"dateModified\":\"2024-07-18T23:47:50+00:00\",\"mainEntityOfPage\":{\"@id\":\"https:\/\/pulsecoder.com.mx\/index.php\/2024\/07\/15\/semillero-de-historias-iii-emision\/\"},\"wordCount\":543,\"commentCount\":0,\"publisher\":{\"@id\":\"https:\/\/pulsecoder.com.mx\/#organization\"},\"image\":{\"@id\":\"https:\/\/pulsecoder.com.mx\/index.php\/2024\/07\/15\/semillero-de-historias-iii-emision\/#primaryimage\"},\"thumbnailUrl\":\"https:\/\/i0.wp.com\/pulsecoder.com.mx\/wp-content\/uploads\/2024\/07\/Featured-Images-II.jpg?fit=1200%2C675&ssl=1\",\"keywords\":[\"Ayuntamiento\",\"Citas\",\"Cronolog\u00eda\",\"Historia\",\"Inversi\u00f3n\",\"Proyecto\",\"Reapertura\",\"Rehabilitaci\u00f3n\",\"Voluntad Pol\u00edtica\"],\"articleSection\":[\"Cultura\",\"Sociedad\"],\"inLanguage\":\"es\",\"potentialAction\":[{\"@type\":\"CommentAction\",\"name\":\"Comment\",\"target\":[\"https:\/\/pulsecoder.com.mx\/index.php\/2024\/07\/15\/semillero-de-historias-iii-emision\/#respond\"]}]},{\"@type\":\"WebPage\",\"@id\":\"https:\/\/pulsecoder.com.mx\/index.php\/2024\/07\/15\/semillero-de-historias-iii-emision\/\",\"url\":\"https:\/\/pulsecoder.com.mx\/index.php\/2024\/07\/15\/semillero-de-historias-iii-emision\/\",\"name\":\"Semillero de Historias: III Emisi\u00f3n\",\"isPartOf\":{\"@id\":\"https:\/\/pulsecoder.com.mx\/#website\"},\"primaryImageOfPage\":{\"@id\":\"https:\/\/pulsecoder.com.mx\/index.php\/2024\/07\/15\/semillero-de-historias-iii-emision\/#primaryimage\"},\"image\":{\"@id\":\"https:\/\/pulsecoder.com.mx\/index.php\/2024\/07\/15\/semillero-de-historias-iii-emision\/#primaryimage\"},\"thumbnailUrl\":\"https:\/\/i0.wp.com\/pulsecoder.com.mx\/wp-content\/uploads\/2024\/07\/Featured-Images-II.jpg?fit=1200%2C675&ssl=1\",\"datePublished\":\"2024-07-15T20:07:53+00:00\",\"dateModified\":\"2024-07-18T23:47:50+00:00\",\"description\":\"Ante todas estas acciones, el teatro J.J. Herrera se coloca como uno de los mejores espacios provistos para el quehacer art\u00edstico\",\"inLanguage\":\"es\",\"potentialAction\":[{\"@type\":\"ReadAction\",\"target\":[\"https:\/\/pulsecoder.com.mx\/index.php\/2024\/07\/15\/semillero-de-historias-iii-emision\/\"]}]},{\"@type\":\"ImageObject\",\"inLanguage\":\"es\",\"@id\":\"https:\/\/pulsecoder.com.mx\/index.php\/2024\/07\/15\/semillero-de-historias-iii-emision\/#primaryimage\",\"url\":\"https:\/\/i0.wp.com\/pulsecoder.com.mx\/wp-content\/uploads\/2024\/07\/Featured-Images-II.jpg?fit=1200%2C675&ssl=1\",\"contentUrl\":\"https:\/\/i0.wp.com\/pulsecoder.com.mx\/wp-content\/uploads\/2024\/07\/Featured-Images-II.jpg?fit=1200%2C675&ssl=1\",\"width\":1200,\"height\":675},{\"@type\":\"WebSite\",\"@id\":\"https:\/\/pulsecoder.com.mx\/#website\",\"url\":\"https:\/\/pulsecoder.com.mx\/\",\"name\":\"Pulsecoder\",\"description\":\"Revista digital de tecnolog\u00eda, sociedad e Innovaci\u00f3n\",\"publisher\":{\"@id\":\"https:\/\/pulsecoder.com.mx\/#organization\"},\"potentialAction\":[{\"@type\":\"SearchAction\",\"target\":{\"@type\":\"EntryPoint\",\"urlTemplate\":\"https:\/\/pulsecoder.com.mx\/?s={search_term_string}\"},\"query-input\":{\"@type\":\"PropertyValueSpecification\",\"valueRequired\":true,\"valueName\":\"search_term_string\"}}],\"inLanguage\":\"es\"},{\"@type\":\"Organization\",\"@id\":\"https:\/\/pulsecoder.com.mx\/#organization\",\"name\":\"Pulse Coder Mx\",\"url\":\"https:\/\/pulsecoder.com.mx\/\",\"logo\":{\"@type\":\"ImageObject\",\"inLanguage\":\"es\",\"@id\":\"https:\/\/pulsecoder.com.mx\/#\/schema\/logo\/image\/\",\"url\":\"https:\/\/i0.wp.com\/pulsecoder.com.mx\/wp-content\/uploads\/2021\/10\/Web.png?fit=2047%2C1024&ssl=1\",\"contentUrl\":\"https:\/\/i0.wp.com\/pulsecoder.com.mx\/wp-content\/uploads\/2021\/10\/Web.png?fit=2047%2C1024&ssl=1\",\"width\":2047,\"height\":1024,\"caption\":\"Pulse Coder Mx\"},\"image\":{\"@id\":\"https:\/\/pulsecoder.com.mx\/#\/schema\/logo\/image\/\"},\"sameAs\":[\"https:\/\/www.facebook.com\/PulsecoderMx\",\"https:\/\/x.com\/PulsecoderMx\",\"https:\/\/www.instagram.com\/pulsecodermx\/\",\"https:\/\/www.youtube.com\/channel\/UCci7xZRoiIxGpkwEljqfF9A\"]},{\"@type\":\"Person\",\"@id\":\"https:\/\/pulsecoder.com.mx\/#\/schema\/person\/859b0aa70de29666d56cd1323f5ae1e5\",\"name\":\"georgina.escobar\",\"image\":{\"@type\":\"ImageObject\",\"inLanguage\":\"es\",\"@id\":\"https:\/\/pulsecoder.com.mx\/#\/schema\/person\/image\/\",\"url\":\"https:\/\/secure.gravatar.com\/avatar\/3b18cb352c1bb16096d20c382f866a60?s=96&d=mm&r=g\",\"contentUrl\":\"https:\/\/secure.gravatar.com\/avatar\/3b18cb352c1bb16096d20c382f866a60?s=96&d=mm&r=g\",\"caption\":\"georgina.escobar\"},\"description\":\"Integrante del grupo teatral La Mula Roja\",\"sameAs\":[\"https:\/\/www.youtube.com\/@LamularojaTeatro\",\"https:\/\/www.facebook.com\/lamularoja.teatro\/\"],\"url\":\"https:\/\/pulsecoder.com.mx\/index.php\/author\/georgina\/\"}]}<\/script>\n<!-- \/ Yoast SEO plugin. -->","yoast_head_json":{"title":"Semillero de Historias: III Emisi\u00f3n","description":"Ante todas estas acciones, el teatro J.J. Herrera se coloca como uno de los mejores espacios provistos para el quehacer art\u00edstico","robots":{"index":"index","follow":"follow","max-snippet":"max-snippet:-1","max-image-preview":"max-image-preview:large","max-video-preview":"max-video-preview:-1"},"canonical":"https:\/\/pulsecoder.com.mx\/index.php\/2024\/07\/15\/semillero-de-historias-iii-emision\/","og_locale":"es_MX","og_type":"article","og_title":"Semillero de historias: III emisi\u00f3n","og_description":"Ante todas estas acciones el teatro J.J. Herrera se coloca como uno de los mejores espacios provistos para el quehacer art\u00edstico","og_url":"https:\/\/pulsecoder.com.mx\/index.php\/2024\/07\/15\/semillero-de-historias-iii-emision\/","og_site_name":"Pulsecoder","article_publisher":"https:\/\/www.facebook.com\/PulsecoderMx","article_author":"https:\/\/www.facebook.com\/lamularoja.teatro\/","article_published_time":"2024-07-15T20:07:53+00:00","article_modified_time":"2024-07-18T23:47:50+00:00","og_image":[{"width":1200,"height":675,"url":"https:\/\/pulsecoder.com.mx\/wp-content\/uploads\/2024\/07\/Featured-Images-II.jpg","type":"image\/jpeg"}],"author":"georgina.escobar","twitter_card":"summary_large_image","twitter_title":"Semillero de historias: III emisi\u00f3n","twitter_description":"Ante todas estas acciones, el teatro J.J. Herrera se coloca como uno de los mejores espacios provistos para el quehacer art\u00edstico","twitter_image":"https:\/\/i0.wp.com\/pulsecoder.com.mx\/wp-content\/uploads\/2024\/07\/Featured-Images-II.jpg?fit=1200%2C675&ssl=1","twitter_creator":"@PulsecoderMx","twitter_site":"@PulsecoderMx","twitter_misc":{"Escrito por":"georgina.escobar","Tiempo de lectura":"4 minutos"},"schema":{"@context":"https:\/\/schema.org","@graph":[{"@type":"Article","@id":"https:\/\/pulsecoder.com.mx\/index.php\/2024\/07\/15\/semillero-de-historias-iii-emision\/#article","isPartOf":{"@id":"https:\/\/pulsecoder.com.mx\/index.php\/2024\/07\/15\/semillero-de-historias-iii-emision\/"},"author":{"name":"georgina.escobar","@id":"https:\/\/pulsecoder.com.mx\/#\/schema\/person\/859b0aa70de29666d56cd1323f5ae1e5"},"headline":"Semillero de Historias: III Emisi\u00f3n","datePublished":"2024-07-15T20:07:53+00:00","dateModified":"2024-07-18T23:47:50+00:00","mainEntityOfPage":{"@id":"https:\/\/pulsecoder.com.mx\/index.php\/2024\/07\/15\/semillero-de-historias-iii-emision\/"},"wordCount":543,"commentCount":0,"publisher":{"@id":"https:\/\/pulsecoder.com.mx\/#organization"},"image":{"@id":"https:\/\/pulsecoder.com.mx\/index.php\/2024\/07\/15\/semillero-de-historias-iii-emision\/#primaryimage"},"thumbnailUrl":"https:\/\/i0.wp.com\/pulsecoder.com.mx\/wp-content\/uploads\/2024\/07\/Featured-Images-II.jpg?fit=1200%2C675&ssl=1","keywords":["Ayuntamiento","Citas","Cronolog\u00eda","Historia","Inversi\u00f3n","Proyecto","Reapertura","Rehabilitaci\u00f3n","Voluntad Pol\u00edtica"],"articleSection":["Cultura","Sociedad"],"inLanguage":"es","potentialAction":[{"@type":"CommentAction","name":"Comment","target":["https:\/\/pulsecoder.com.mx\/index.php\/2024\/07\/15\/semillero-de-historias-iii-emision\/#respond"]}]},{"@type":"WebPage","@id":"https:\/\/pulsecoder.com.mx\/index.php\/2024\/07\/15\/semillero-de-historias-iii-emision\/","url":"https:\/\/pulsecoder.com.mx\/index.php\/2024\/07\/15\/semillero-de-historias-iii-emision\/","name":"Semillero de Historias: III Emisi\u00f3n","isPartOf":{"@id":"https:\/\/pulsecoder.com.mx\/#website"},"primaryImageOfPage":{"@id":"https:\/\/pulsecoder.com.mx\/index.php\/2024\/07\/15\/semillero-de-historias-iii-emision\/#primaryimage"},"image":{"@id":"https:\/\/pulsecoder.com.mx\/index.php\/2024\/07\/15\/semillero-de-historias-iii-emision\/#primaryimage"},"thumbnailUrl":"https:\/\/i0.wp.com\/pulsecoder.com.mx\/wp-content\/uploads\/2024\/07\/Featured-Images-II.jpg?fit=1200%2C675&ssl=1","datePublished":"2024-07-15T20:07:53+00:00","dateModified":"2024-07-18T23:47:50+00:00","description":"Ante todas estas acciones, el teatro J.J. Herrera se coloca como uno de los mejores espacios provistos para el quehacer art\u00edstico","inLanguage":"es","potentialAction":[{"@type":"ReadAction","target":["https:\/\/pulsecoder.com.mx\/index.php\/2024\/07\/15\/semillero-de-historias-iii-emision\/"]}]},{"@type":"ImageObject","inLanguage":"es","@id":"https:\/\/pulsecoder.com.mx\/index.php\/2024\/07\/15\/semillero-de-historias-iii-emision\/#primaryimage","url":"https:\/\/i0.wp.com\/pulsecoder.com.mx\/wp-content\/uploads\/2024\/07\/Featured-Images-II.jpg?fit=1200%2C675&ssl=1","contentUrl":"https:\/\/i0.wp.com\/pulsecoder.com.mx\/wp-content\/uploads\/2024\/07\/Featured-Images-II.jpg?fit=1200%2C675&ssl=1","width":1200,"height":675},{"@type":"WebSite","@id":"https:\/\/pulsecoder.com.mx\/#website","url":"https:\/\/pulsecoder.com.mx\/","name":"Pulsecoder","description":"Revista digital de tecnolog\u00eda, sociedad e Innovaci\u00f3n","publisher":{"@id":"https:\/\/pulsecoder.com.mx\/#organization"},"potentialAction":[{"@type":"SearchAction","target":{"@type":"EntryPoint","urlTemplate":"https:\/\/pulsecoder.com.mx\/?s={search_term_string}"},"query-input":{"@type":"PropertyValueSpecification","valueRequired":true,"valueName":"search_term_string"}}],"inLanguage":"es"},{"@type":"Organization","@id":"https:\/\/pulsecoder.com.mx\/#organization","name":"Pulse Coder Mx","url":"https:\/\/pulsecoder.com.mx\/","logo":{"@type":"ImageObject","inLanguage":"es","@id":"https:\/\/pulsecoder.com.mx\/#\/schema\/logo\/image\/","url":"https:\/\/i0.wp.com\/pulsecoder.com.mx\/wp-content\/uploads\/2021\/10\/Web.png?fit=2047%2C1024&ssl=1","contentUrl":"https:\/\/i0.wp.com\/pulsecoder.com.mx\/wp-content\/uploads\/2021\/10\/Web.png?fit=2047%2C1024&ssl=1","width":2047,"height":1024,"caption":"Pulse Coder Mx"},"image":{"@id":"https:\/\/pulsecoder.com.mx\/#\/schema\/logo\/image\/"},"sameAs":["https:\/\/www.facebook.com\/PulsecoderMx","https:\/\/x.com\/PulsecoderMx","https:\/\/www.instagram.com\/pulsecodermx\/","https:\/\/www.youtube.com\/channel\/UCci7xZRoiIxGpkwEljqfF9A"]},{"@type":"Person","@id":"https:\/\/pulsecoder.com.mx\/#\/schema\/person\/859b0aa70de29666d56cd1323f5ae1e5","name":"georgina.escobar","image":{"@type":"ImageObject","inLanguage":"es","@id":"https:\/\/pulsecoder.com.mx\/#\/schema\/person\/image\/","url":"https:\/\/secure.gravatar.com\/avatar\/3b18cb352c1bb16096d20c382f866a60?s=96&d=mm&r=g","contentUrl":"https:\/\/secure.gravatar.com\/avatar\/3b18cb352c1bb16096d20c382f866a60?s=96&d=mm&r=g","caption":"georgina.escobar"},"description":"Integrante del grupo teatral La Mula Roja","sameAs":["https:\/\/www.youtube.com\/@LamularojaTeatro","https:\/\/www.facebook.com\/lamularoja.teatro\/"],"url":"https:\/\/pulsecoder.com.mx\/index.php\/author\/georgina\/"}]}},"jetpack_featured_media_url":"https:\/\/i0.wp.com\/pulsecoder.com.mx\/wp-content\/uploads\/2024\/07\/Featured-Images-II.jpg?fit=1200%2C675&ssl=1","jetpack_sharing_enabled":true,"amp_enabled":true,"_links":{"self":[{"href":"https:\/\/pulsecoder.com.mx\/index.php\/wp-json\/wp\/v2\/posts\/4386"}],"collection":[{"href":"https:\/\/pulsecoder.com.mx\/index.php\/wp-json\/wp\/v2\/posts"}],"about":[{"href":"https:\/\/pulsecoder.com.mx\/index.php\/wp-json\/wp\/v2\/types\/post"}],"author":[{"embeddable":true,"href":"https:\/\/pulsecoder.com.mx\/index.php\/wp-json\/wp\/v2\/users\/11"}],"replies":[{"embeddable":true,"href":"https:\/\/pulsecoder.com.mx\/index.php\/wp-json\/wp\/v2\/comments?post=4386"}],"version-history":[{"count":1,"href":"https:\/\/pulsecoder.com.mx\/index.php\/wp-json\/wp\/v2\/posts\/4386\/revisions"}],"predecessor-version":[{"id":4395,"href":"https:\/\/pulsecoder.com.mx\/index.php\/wp-json\/wp\/v2\/posts\/4386\/revisions\/4395"}],"wp:featuredmedia":[{"embeddable":true,"href":"https:\/\/pulsecoder.com.mx\/index.php\/wp-json\/wp\/v2\/media\/4387"}],"wp:attachment":[{"href":"https:\/\/pulsecoder.com.mx\/index.php\/wp-json\/wp\/v2\/media?parent=4386"}],"wp:term":[{"taxonomy":"category","embeddable":true,"href":"https:\/\/pulsecoder.com.mx\/index.php\/wp-json\/wp\/v2\/categories?post=4386"},{"taxonomy":"post_tag","embeddable":true,"href":"https:\/\/pulsecoder.com.mx\/index.php\/wp-json\/wp\/v2\/tags?post=4386"}],"curies":[{"name":"wp","href":"https:\/\/api.w.org\/{rel}","templated":true}]}}