{"id":4424,"date":"2024-07-18T11:27:00","date_gmt":"2024-07-18T17:27:00","guid":{"rendered":"https:\/\/pulsecoder.com.mx\/?p=4424"},"modified":"2024-07-18T17:44:27","modified_gmt":"2024-07-18T23:44:27","slug":"semillero-de-historias-iv-emision","status":"publish","type":"post","link":"https:\/\/pulsecoder.com.mx\/index.php\/2024\/07\/18\/semillero-de-historias-iv-emision\/","title":{"rendered":"Semillero de Historias: IV Emisi\u00f3n"},"content":{"rendered":"<body>\n<p class=\"has-text-align-left\">Del teatro Juan J. Herrera, a este punto de la historia, debemos resaltar las personalidades sembradas como semillas hoy florecientes en la escena nacional. La suma de esfuerzos, voluntades pol\u00edticas, gestiones; sobre todo la capacidad creativa y art\u00edstica, lo mantienen vivo pese a las ponderaciones y circunstancias. Esto, actualmente, se traduce en un gran logro para su vigente funcionamiento.<\/p>\n\n\n\n<p>Por lo tanto, vale la pena retomar la premisa inicial afirmando que el Teatro J.J. Herrera es un espacio privilegiado para dar vida a las artes esc\u00e9nicas, cuyas ventajas son:<\/p>\n\n\n\n<hr class=\"wp-block-separator has-alpha-channel-opacity\">\n\n\n\n<pre class=\"wp-block-verse\">- La n\u00f3mina del personal operativo y administrativo del teatro son cubiertos por el H.Ayuntamiento de Xalapa, as\u00ed como los servicios b\u00e1sicos de luz, agua e internet. <br><br>- No hay cobro para los artistas por parte del uso del espacio, sin embargo, s\u00ed se les solicita un donativo voluntario que contribuya al mantenimiento del teatro, como pintura, l\u00e1mparas, botiqu\u00edn, etc\u00e9tera.<br><br>- Hay eventos institucionales e independientes, lo que significa que algunos eventos son entrada libre y otros con costo, proporcionando una cartelera variada y accesible.<br><br>- En cuanto a recursos t\u00e9cnicos, el teatro cuanta con equipamiento profesional de audio, iluminaci\u00f3n y video-proyecci\u00f3n.<br><br><\/pre>\n\n\n\n<hr class=\"wp-block-separator has-alpha-channel-opacity\">\n\n\n\n<p>Cabe se\u00f1alar que, el funcionamiento del recinto a\u00fan es perfectible. Las sucesivas administraciones deben ocuparse no solo de agendar eventos, sino de ser m\u00e1s ambiciosas dise\u00f1ando una planeaci\u00f3n estrat\u00e9gica que contribuya al crecimiento y consolidaci\u00f3n del espacio como semillero de historias imborrables para la escena mexicana y para el sentido identitario de la ciudad.<\/p>\n\n\n\n<p>Quien asuma la direcci\u00f3n del teatro, debe ser un promotor cultural, buscando no solo el mantenimiento adecuado del recinto, sino promoviendo su crecimiento y evoluci\u00f3n con resultados tangibles y cuantificables edificando un espacio con relevancia para la ciudad y el pa\u00eds.<\/p>\n\n\n\n<p>Afortunadamente, en esta etapa no es tan f\u00e1cil modificar la vocaci\u00f3n que tiene el teatro con las artes y la cultura, pues al haber sido un espacio rehabilitado y equipado con presupuesto del Programa de Apoyo a la Infraestructura Cultural en los Estados (PAICE); su misi\u00f3n y visi\u00f3n tiene que estar alineada al desarrollo y aprovechamiento de estos.\u00a0 <\/p>\n\n\n\n<p>Sin embargo, la labor que desempe\u00f1en los coordinadores del teatro ser\u00e1 de vital importancia para su desarrollo. A continuaci\u00f3n, una cronolog\u00eda de directivos del recinto de marzo de 2018 a la actualidad (2024):<\/p>\n\n\n\n<ul class=\"wp-block-list\">\n<li>Laura Jayme Barrientos | marzo \u2013 diciembre 2018<\/li>\n\n\n\n<li>Alberto Chavela Covarrubias | dic 2018 \u2013 sep 2019<\/li>\n\n\n\n<li>Leonor Arelly Tellez | Sep 2019 \u2013 Feb 2021<\/li>\n\n\n\n<li>Thania Mariela Garc\u00eda Carri\u00f3n | Mar 2021 \u2013 Dic 2023<\/li>\n\n\n\n<li>Ra\u00fal Andr\u00e9s Barrientos Barredo | Ene 2024 a la fecha<\/li>\n<\/ul>\n\n\n\n<hr class=\"wp-block-separator has-alpha-channel-opacity\">\n\n\n\n<figure class=\"wp-block-image aligncenter size-full\"><img data-recalc-dims=\"1\" decoding=\"async\" width=\"696\" height=\"391\" src=\"https:\/\/i0.wp.com\/pulsecoder.com.mx\/wp-content\/uploads\/2024\/07\/lighting.jpg?resize=696%2C391&#038;ssl=1\" alt=\"\" class=\"wp-image-4429\" loading=\"lazy\" srcset=\"https:\/\/i0.wp.com\/pulsecoder.com.mx\/wp-content\/uploads\/2024\/07\/lighting.jpg?w=790&amp;ssl=1 790w, https:\/\/i0.wp.com\/pulsecoder.com.mx\/wp-content\/uploads\/2024\/07\/lighting.jpg?resize=300%2C169&amp;ssl=1 300w, https:\/\/i0.wp.com\/pulsecoder.com.mx\/wp-content\/uploads\/2024\/07\/lighting.jpg?resize=768%2C432&amp;ssl=1 768w, https:\/\/i0.wp.com\/pulsecoder.com.mx\/wp-content\/uploads\/2024\/07\/lighting.jpg?resize=696%2C391&amp;ssl=1 696w\" sizes=\"(max-width: 696px) 100vw, 696px\" \/><figcaption class=\"wp-element-caption\">Perspectiva.  Foto por Pulse Coder Mx<\/figcaption><\/figure>\n\n\n\n<hr class=\"wp-block-separator has-alpha-channel-opacity\">\n\n\n\n<p>Al solicitar una fecha en el recinto, les es otorgado el siguiente croquis y raider t\u00e9cnico a las agrupaciones art\u00edsticas para el dise\u00f1o y log\u00edstica de su evento:<\/p>\n\n\n\n<hr class=\"wp-block-separator has-alpha-channel-opacity\">\n\n\n\n<figure class=\"wp-block-image aligncenter size-full\"><img data-recalc-dims=\"1\" decoding=\"async\" width=\"696\" height=\"513\" src=\"https:\/\/i0.wp.com\/pulsecoder.com.mx\/wp-content\/uploads\/2024\/07\/raider.jpg?resize=696%2C513&#038;ssl=1\" alt=\"\" class=\"wp-image-4425\" loading=\"lazy\" srcset=\"https:\/\/i0.wp.com\/pulsecoder.com.mx\/wp-content\/uploads\/2024\/07\/raider.jpg?w=732&amp;ssl=1 732w, https:\/\/i0.wp.com\/pulsecoder.com.mx\/wp-content\/uploads\/2024\/07\/raider.jpg?resize=300%2C221&amp;ssl=1 300w, https:\/\/i0.wp.com\/pulsecoder.com.mx\/wp-content\/uploads\/2024\/07\/raider.jpg?resize=696%2C513&amp;ssl=1 696w, https:\/\/i0.wp.com\/pulsecoder.com.mx\/wp-content\/uploads\/2024\/07\/raider.jpg?resize=80%2C60&amp;ssl=1 80w\" sizes=\"(max-width: 696px) 100vw, 696px\" \/><figcaption class=\"wp-element-caption\">Raider t\u00e9cnico: Teatro Juan J. Herrera. Estra\u00eddo del archivo de la administraci\u00f3n del mismo recinto 2023.<\/figcaption><\/figure>\n\n\n\n<hr class=\"wp-block-separator has-alpha-channel-opacity\">\n\n\n\n<p>La historia de este espacio sigue en construcci\u00f3n. Habr\u00e1 muchos m\u00e1s personajes quienes pisaron este escenario y que, seguramente,  est\u00e1n traspapelados entre tantos a\u00f1os. Sin embargo, no guardo el \u00edmpetu de formar un recorrido cronol\u00f3gico por los sucesos relevantes o los eventos que se\u00f1alan -sin titubeos- a este recinto como el Teatro de la Ciudad de las Flores. <\/p>\n\n\n\n<p>Por estas historias, y las que faltan por contarse, la autora del presente documento queda atenta a comentarios, sugerencias y m\u00e1s an\u00e9cdotas de este semillero de historias.<\/p>\n\n\n\n<hr class=\"wp-block-separator has-alpha-channel-opacity\">\n\n\n\n<p class=\"has-text-align-center\"><strong>Citas y Referentes:<\/strong><\/p>\n\n\n\n<p>1. Jos\u00e9 Zayden. Entrevista presencial 2019. Paloma Medina y Georgina Escobar Trejo.<\/p>\n\n\n\n<p>2. Entrevista presencial a Laura Jayme Barrientos. Georgina Escobar Trejo 2019.<\/p>\n\n\n\n<p>3. Revista Cultural Zona de Ocio, 2015. Art\u00edculo de Olivia Dom\u00ednguez.<\/p>\n\n\n\n<p>4. Cronolog\u00eda b\u00e1sica de las actividades teatrales realizadas en la ciudad de Xalapa desde 1945 hasta la actualidad (1999) Francisco Beverido Duhalt<\/p>\n\n\n\n<p>5. Entrevista presencial. Entrevistado: Francisco Beverido. Realizador: Laura Jayme. 2017<\/p>\n\n\n\n<p>6. Entrevista presencial. Entrevistadora: Laura Jayme. Entrevistada: Mar\u00eda Eugenia Ostos. 2017<\/p>\n\n\n\n<p>7. Entrevista presencial. Entrevistado: Don Rub\u00ed. Entrevistadora: Georgina Escobar Trejo. 2018.<\/p>\n\n\n\n<p>8. Entrevista presencial. Entrevistado: Arturo Messeguer. Entrevistadora: Laura Jayme 2017<\/p>\n\n\n\n<p>9. Testimonio de Laura Crotte. 2018.<\/p>\n\n\n\n<p>10. Entrevista presencial. Entrevistada: Leticia Colina. Entrevistadora: Laura Jayme. 2017<\/p>\n\n\n\n<p>11. Entrevista presencial. Entrevistados: David Aaron y Lorenzo Portillo. Entrevistadora: Laura Jayme.<\/p>\n\n\n\n<p>12. Nota al Calor pol\u00edtico. Cicatrices de abandono. 2012. <a href=\"https:\/\/www.alcalorpolitico.com\/informacion\/remodelado-el-teatro-jj-herrera-se-entrego-a-particulares-y-esta-abandonado-87215.html\">https:\/\/www.alcalorpolitico.com\/informacion\/remodelado-el-teatro-jj-herrera-se-entrego-a-particulares-y-esta-abandonado-87215.html<\/a><\/p>\n\n\n\n<p>13. Plan de Desarrollo Municipal H. Ayuntamiento de Xalapa 2014- 2017.<\/p>\n\n\n\n<p>14. Entrevista presencial. Entrevistado: Alexander Lallicky. Entrevistadora: Laura Jayme. 2017<\/p>\n\n\n\n<p>15. Tercer informe de gobierno. Am\u00e9rico Z\u00fa\u00f1iga 2016.<\/p>\n\n\n\n<p>16. Convenio de colaboraci\u00f3n para la aplicaci\u00f3n del apoyo a la infraestructura cultural en el estado de Veracruz. Septiembre 2016.<\/p>\n\n\n\n<p>17. Semblanza Laura Jayme Barrientos. Archivo personal<\/p>\n\n\n\n<p>18. Semblanza Alberto Covarrubias. Archivo personal.<\/p>\n\n\n\n<p>19. Semblanza Leonor Arely. Archivo personal.<\/p>\n\n\n\n<p>20. Semblanza Thania Garc\u00eda. Archivo personal.<\/p>\n\n\n\n<p>21. Misi\u00f3n\/Visi\u00f3n Teatro J. J. Herrera.<\/p>\n\n\n\n<p class=\"has-text-align-center\"><strong>Referencia de im\u00e1genes<\/strong><\/p>\n\n\n\n<p>1. Cartel Moctezuma II. Centro de Documentaci\u00f3n teatral Candileja. Archivo Dagoberto Guillaum\u00edn.<\/p>\n\n\n\n<p>2. Fotograf\u00eda Moctezuma II. Archivo personal de Guadalupe Marinero Uribe.<\/p>\n\n\n\n<p>3. Fotograf\u00eda Juan Jes\u00fas Herrera Cisneros. Archivo personal Mar\u00eda Eugenia Ostos.<\/p>\n\n\n\n<p>4. Imagen 4. Calle Miguel Palacios 1980. Origen desconocido.<\/p>\n\n\n\n<p>5. Fotograf\u00eda Coalici\u00f3n de Artistas Independientes 1994-1997. Archivo personal Laura Crotte.<\/p>\n\n\n\n<p>6. Cicatrices de abandono. Al calor Pol\u00edtico 2012.<\/p>\n\n\n\n<p>7. Rehabilita el Ayuntamiento de Xalapa el Teatro J. J. Herrera. El Heraldo de Veracruz 2016. En l\u00ednea. Recuperado en mayo 2023.<\/p>\n\n\n\n<p>8. Avanza la rehabilitaci\u00f3n del Teatro J. J. Herrera. Los editores en l\u00ednea 2017. Recuperado en mayo 2023.<\/p>\n\n\n\n<p>9. Imagen 17 y 18. Raider T\u00e9cnico. Archivo de la administraci\u00f3n del Teatro 2023.<\/p>\n\n\n\n<p>10. Imagen 19 y 20. Calle Miguel Palacios vista desde la calle J. J. Herrera y Calle Miguel Palacios vista desde la calle Allende. A\u00f1o 1930. Extra\u00eddas del Archivo personal de Don Rub\u00ed. 2019.<\/p>\n<\/body>","protected":false},"excerpt":{"rendered":"<p>Del teatro Juan J. Herrera, a este punto de la historia, debemos resaltar las personalidades sembradas como semillas hoy florecientes en la escena nacional. La suma de esfuerzos, voluntades pol\u00edticas, gestiones; sobre todo la capacidad creativa y art\u00edstica, lo mantienen vivo pese a las ponderaciones y circunstancias. Esto, actualmente, se traduce en un gran logro [&hellip;]<\/p>\n","protected":false},"author":11,"featured_media":4426,"comment_status":"open","ping_status":"open","sticky":false,"template":"","format":"standard","meta":{"_et_pb_use_builder":"off","_et_pb_old_content":"","_et_gb_content_width":"","_monsterinsights_skip_tracking":false,"_jetpack_memberships_contains_paid_content":false,"footnotes":""},"categories":[1700],"tags":[952,129,1799,1022,1576,1586,1918,1861,1739,1930,1860,1928,1587],"class_list":["post-4424","post","type-post","status-publish","format-standard","has-post-thumbnail","hentry","category-cultura","tag-administracion","tag-archivo","tag-artes-escenicas","tag-artista","tag-ayuntamiento","tag-escenario","tag-espacio","tag-gestor-cultural","tag-historias","tag-lamparas","tag-pasado","tag-raider-tecnico","tag-teatro"],"yoast_head":"<!-- This site is optimized with the Yoast SEO plugin v25.5 - https:\/\/yoast.com\/wordpress\/plugins\/seo\/ -->\n<title>Semillero de Historias: IV Emisi\u00f3n<\/title>\n<meta name=\"description\" content=\"A trav\u00e9s de los a\u00f1os, el teatro J.J. Herrera sobrevive por los esfuerzos de personas, sus historias y las que est\u00e1n a\u00fan por contarse\" \/>\n<meta name=\"robots\" content=\"index, follow, max-snippet:-1, max-image-preview:large, max-video-preview:-1\" \/>\n<link rel=\"canonical\" href=\"https:\/\/pulsecoder.com.mx\/index.php\/2024\/07\/18\/semillero-de-historias-iv-emision\/\" \/>\n<meta property=\"og:locale\" content=\"es_MX\" \/>\n<meta property=\"og:type\" content=\"article\" \/>\n<meta property=\"og:title\" content=\"Semillero de Historias: IV Emisi\u00f3n\" \/>\n<meta property=\"og:description\" content=\"A trav\u00e9s de los a\u00f1os, el teatro J.J. Herrera sobrevive por los esfuerzos de personas, sus historias y las que est\u00e1n a\u00fan por contarse\" \/>\n<meta property=\"og:url\" content=\"https:\/\/pulsecoder.com.mx\/index.php\/2024\/07\/18\/semillero-de-historias-iv-emision\/\" \/>\n<meta property=\"og:site_name\" content=\"Pulsecoder\" \/>\n<meta property=\"article:publisher\" content=\"https:\/\/www.facebook.com\/PulsecoderMx\" \/>\n<meta property=\"article:author\" content=\"https:\/\/www.facebook.com\/lamularoja.teatro\/\" \/>\n<meta property=\"article:published_time\" content=\"2024-07-18T17:27:00+00:00\" \/>\n<meta property=\"article:modified_time\" content=\"2024-07-18T23:44:27+00:00\" \/>\n<meta property=\"og:image\" content=\"https:\/\/pulsecoder.com.mx\/wp-content\/uploads\/2024\/07\/IV-Emision.jpg\" \/>\n\t<meta property=\"og:image:width\" content=\"1200\" \/>\n\t<meta property=\"og:image:height\" content=\"675\" \/>\n\t<meta property=\"og:image:type\" content=\"image\/jpeg\" \/>\n<meta name=\"author\" content=\"georgina.escobar\" \/>\n<meta name=\"twitter:card\" content=\"summary_large_image\" \/>\n<meta name=\"twitter:title\" content=\"Semillero de Historias: IV Emisi\u00f3n\" \/>\n<meta name=\"twitter:description\" content=\"A trav\u00e9s de los a\u00f1os, el teatro J.J. Herrera sobrevive por los esfuerzos de personas, sus historias y las que est\u00e1n a\u00fan por contarse\" \/>\n<meta name=\"twitter:image\" content=\"https:\/\/i0.wp.com\/pulsecoder.com.mx\/wp-content\/uploads\/2024\/07\/IV-Emision.jpg?fit=1200%2C675&ssl=1\" \/>\n<meta name=\"twitter:creator\" content=\"@PulsecoderMx\" \/>\n<meta name=\"twitter:site\" content=\"@PulsecoderMx\" \/>\n<meta name=\"twitter:label1\" content=\"Escrito por\" \/>\n\t<meta name=\"twitter:data1\" content=\"georgina.escobar\" \/>\n\t<meta name=\"twitter:label2\" content=\"Tiempo de lectura\" \/>\n\t<meta name=\"twitter:data2\" content=\"5 minutos\" \/>\n<script type=\"application\/ld+json\" class=\"yoast-schema-graph\">{\"@context\":\"https:\/\/schema.org\",\"@graph\":[{\"@type\":\"Article\",\"@id\":\"https:\/\/pulsecoder.com.mx\/index.php\/2024\/07\/18\/semillero-de-historias-iv-emision\/#article\",\"isPartOf\":{\"@id\":\"https:\/\/pulsecoder.com.mx\/index.php\/2024\/07\/18\/semillero-de-historias-iv-emision\/\"},\"author\":{\"name\":\"georgina.escobar\",\"@id\":\"https:\/\/pulsecoder.com.mx\/#\/schema\/person\/859b0aa70de29666d56cd1323f5ae1e5\"},\"headline\":\"Semillero de Historias: IV Emisi\u00f3n\",\"datePublished\":\"2024-07-18T17:27:00+00:00\",\"dateModified\":\"2024-07-18T23:44:27+00:00\",\"mainEntityOfPage\":{\"@id\":\"https:\/\/pulsecoder.com.mx\/index.php\/2024\/07\/18\/semillero-de-historias-iv-emision\/\"},\"wordCount\":833,\"commentCount\":0,\"publisher\":{\"@id\":\"https:\/\/pulsecoder.com.mx\/#organization\"},\"image\":{\"@id\":\"https:\/\/pulsecoder.com.mx\/index.php\/2024\/07\/18\/semillero-de-historias-iv-emision\/#primaryimage\"},\"thumbnailUrl\":\"https:\/\/i0.wp.com\/pulsecoder.com.mx\/wp-content\/uploads\/2024\/07\/IV-Emision.jpg?fit=1200%2C675&ssl=1\",\"keywords\":[\"Administraci\u00f3n\",\"Archivo\",\"Artes Esc\u00e9nicas\",\"Artista\",\"Ayuntamiento\",\"Escenario\",\"Espacio\",\"Gestor Cultural\",\"Historias\",\"L\u00e1mparas\",\"Pasado\",\"Raider T\u00e9cnico\",\"Teatro\"],\"articleSection\":[\"Cultura\"],\"inLanguage\":\"es\",\"potentialAction\":[{\"@type\":\"CommentAction\",\"name\":\"Comment\",\"target\":[\"https:\/\/pulsecoder.com.mx\/index.php\/2024\/07\/18\/semillero-de-historias-iv-emision\/#respond\"]}]},{\"@type\":\"WebPage\",\"@id\":\"https:\/\/pulsecoder.com.mx\/index.php\/2024\/07\/18\/semillero-de-historias-iv-emision\/\",\"url\":\"https:\/\/pulsecoder.com.mx\/index.php\/2024\/07\/18\/semillero-de-historias-iv-emision\/\",\"name\":\"Semillero de Historias: IV Emisi\u00f3n\",\"isPartOf\":{\"@id\":\"https:\/\/pulsecoder.com.mx\/#website\"},\"primaryImageOfPage\":{\"@id\":\"https:\/\/pulsecoder.com.mx\/index.php\/2024\/07\/18\/semillero-de-historias-iv-emision\/#primaryimage\"},\"image\":{\"@id\":\"https:\/\/pulsecoder.com.mx\/index.php\/2024\/07\/18\/semillero-de-historias-iv-emision\/#primaryimage\"},\"thumbnailUrl\":\"https:\/\/i0.wp.com\/pulsecoder.com.mx\/wp-content\/uploads\/2024\/07\/IV-Emision.jpg?fit=1200%2C675&ssl=1\",\"datePublished\":\"2024-07-18T17:27:00+00:00\",\"dateModified\":\"2024-07-18T23:44:27+00:00\",\"description\":\"A trav\u00e9s de los a\u00f1os, el teatro J.J. Herrera sobrevive por los esfuerzos de personas, sus historias y las que est\u00e1n a\u00fan por contarse\",\"inLanguage\":\"es\",\"potentialAction\":[{\"@type\":\"ReadAction\",\"target\":[\"https:\/\/pulsecoder.com.mx\/index.php\/2024\/07\/18\/semillero-de-historias-iv-emision\/\"]}]},{\"@type\":\"ImageObject\",\"inLanguage\":\"es\",\"@id\":\"https:\/\/pulsecoder.com.mx\/index.php\/2024\/07\/18\/semillero-de-historias-iv-emision\/#primaryimage\",\"url\":\"https:\/\/i0.wp.com\/pulsecoder.com.mx\/wp-content\/uploads\/2024\/07\/IV-Emision.jpg?fit=1200%2C675&ssl=1\",\"contentUrl\":\"https:\/\/i0.wp.com\/pulsecoder.com.mx\/wp-content\/uploads\/2024\/07\/IV-Emision.jpg?fit=1200%2C675&ssl=1\",\"width\":1200,\"height\":675},{\"@type\":\"WebSite\",\"@id\":\"https:\/\/pulsecoder.com.mx\/#website\",\"url\":\"https:\/\/pulsecoder.com.mx\/\",\"name\":\"Pulsecoder\",\"description\":\"Revista digital de tecnolog\u00eda, sociedad e Innovaci\u00f3n\",\"publisher\":{\"@id\":\"https:\/\/pulsecoder.com.mx\/#organization\"},\"potentialAction\":[{\"@type\":\"SearchAction\",\"target\":{\"@type\":\"EntryPoint\",\"urlTemplate\":\"https:\/\/pulsecoder.com.mx\/?s={search_term_string}\"},\"query-input\":{\"@type\":\"PropertyValueSpecification\",\"valueRequired\":true,\"valueName\":\"search_term_string\"}}],\"inLanguage\":\"es\"},{\"@type\":\"Organization\",\"@id\":\"https:\/\/pulsecoder.com.mx\/#organization\",\"name\":\"Pulse Coder Mx\",\"url\":\"https:\/\/pulsecoder.com.mx\/\",\"logo\":{\"@type\":\"ImageObject\",\"inLanguage\":\"es\",\"@id\":\"https:\/\/pulsecoder.com.mx\/#\/schema\/logo\/image\/\",\"url\":\"https:\/\/i0.wp.com\/pulsecoder.com.mx\/wp-content\/uploads\/2021\/10\/Web.png?fit=2047%2C1024&ssl=1\",\"contentUrl\":\"https:\/\/i0.wp.com\/pulsecoder.com.mx\/wp-content\/uploads\/2021\/10\/Web.png?fit=2047%2C1024&ssl=1\",\"width\":2047,\"height\":1024,\"caption\":\"Pulse Coder Mx\"},\"image\":{\"@id\":\"https:\/\/pulsecoder.com.mx\/#\/schema\/logo\/image\/\"},\"sameAs\":[\"https:\/\/www.facebook.com\/PulsecoderMx\",\"https:\/\/x.com\/PulsecoderMx\",\"https:\/\/www.instagram.com\/pulsecodermx\/\",\"https:\/\/www.youtube.com\/channel\/UCci7xZRoiIxGpkwEljqfF9A\"]},{\"@type\":\"Person\",\"@id\":\"https:\/\/pulsecoder.com.mx\/#\/schema\/person\/859b0aa70de29666d56cd1323f5ae1e5\",\"name\":\"georgina.escobar\",\"image\":{\"@type\":\"ImageObject\",\"inLanguage\":\"es\",\"@id\":\"https:\/\/pulsecoder.com.mx\/#\/schema\/person\/image\/\",\"url\":\"https:\/\/secure.gravatar.com\/avatar\/3b18cb352c1bb16096d20c382f866a60?s=96&d=mm&r=g\",\"contentUrl\":\"https:\/\/secure.gravatar.com\/avatar\/3b18cb352c1bb16096d20c382f866a60?s=96&d=mm&r=g\",\"caption\":\"georgina.escobar\"},\"description\":\"Integrante del grupo teatral La Mula Roja\",\"sameAs\":[\"https:\/\/www.youtube.com\/@LamularojaTeatro\",\"https:\/\/www.facebook.com\/lamularoja.teatro\/\"],\"url\":\"https:\/\/pulsecoder.com.mx\/index.php\/author\/georgina\/\"}]}<\/script>\n<!-- \/ Yoast SEO plugin. -->","yoast_head_json":{"title":"Semillero de Historias: IV Emisi\u00f3n","description":"A trav\u00e9s de los a\u00f1os, el teatro J.J. Herrera sobrevive por los esfuerzos de personas, sus historias y las que est\u00e1n a\u00fan por contarse","robots":{"index":"index","follow":"follow","max-snippet":"max-snippet:-1","max-image-preview":"max-image-preview:large","max-video-preview":"max-video-preview:-1"},"canonical":"https:\/\/pulsecoder.com.mx\/index.php\/2024\/07\/18\/semillero-de-historias-iv-emision\/","og_locale":"es_MX","og_type":"article","og_title":"Semillero de Historias: IV Emisi\u00f3n","og_description":"A trav\u00e9s de los a\u00f1os, el teatro J.J. Herrera sobrevive por los esfuerzos de personas, sus historias y las que est\u00e1n a\u00fan por contarse","og_url":"https:\/\/pulsecoder.com.mx\/index.php\/2024\/07\/18\/semillero-de-historias-iv-emision\/","og_site_name":"Pulsecoder","article_publisher":"https:\/\/www.facebook.com\/PulsecoderMx","article_author":"https:\/\/www.facebook.com\/lamularoja.teatro\/","article_published_time":"2024-07-18T17:27:00+00:00","article_modified_time":"2024-07-18T23:44:27+00:00","og_image":[{"width":1200,"height":675,"url":"https:\/\/pulsecoder.com.mx\/wp-content\/uploads\/2024\/07\/IV-Emision.jpg","type":"image\/jpeg"}],"author":"georgina.escobar","twitter_card":"summary_large_image","twitter_title":"Semillero de Historias: IV Emisi\u00f3n","twitter_description":"A trav\u00e9s de los a\u00f1os, el teatro J.J. Herrera sobrevive por los esfuerzos de personas, sus historias y las que est\u00e1n a\u00fan por contarse","twitter_image":"https:\/\/i0.wp.com\/pulsecoder.com.mx\/wp-content\/uploads\/2024\/07\/IV-Emision.jpg?fit=1200%2C675&ssl=1","twitter_creator":"@PulsecoderMx","twitter_site":"@PulsecoderMx","twitter_misc":{"Escrito por":"georgina.escobar","Tiempo de lectura":"5 minutos"},"schema":{"@context":"https:\/\/schema.org","@graph":[{"@type":"Article","@id":"https:\/\/pulsecoder.com.mx\/index.php\/2024\/07\/18\/semillero-de-historias-iv-emision\/#article","isPartOf":{"@id":"https:\/\/pulsecoder.com.mx\/index.php\/2024\/07\/18\/semillero-de-historias-iv-emision\/"},"author":{"name":"georgina.escobar","@id":"https:\/\/pulsecoder.com.mx\/#\/schema\/person\/859b0aa70de29666d56cd1323f5ae1e5"},"headline":"Semillero de Historias: IV Emisi\u00f3n","datePublished":"2024-07-18T17:27:00+00:00","dateModified":"2024-07-18T23:44:27+00:00","mainEntityOfPage":{"@id":"https:\/\/pulsecoder.com.mx\/index.php\/2024\/07\/18\/semillero-de-historias-iv-emision\/"},"wordCount":833,"commentCount":0,"publisher":{"@id":"https:\/\/pulsecoder.com.mx\/#organization"},"image":{"@id":"https:\/\/pulsecoder.com.mx\/index.php\/2024\/07\/18\/semillero-de-historias-iv-emision\/#primaryimage"},"thumbnailUrl":"https:\/\/i0.wp.com\/pulsecoder.com.mx\/wp-content\/uploads\/2024\/07\/IV-Emision.jpg?fit=1200%2C675&ssl=1","keywords":["Administraci\u00f3n","Archivo","Artes Esc\u00e9nicas","Artista","Ayuntamiento","Escenario","Espacio","Gestor Cultural","Historias","L\u00e1mparas","Pasado","Raider T\u00e9cnico","Teatro"],"articleSection":["Cultura"],"inLanguage":"es","potentialAction":[{"@type":"CommentAction","name":"Comment","target":["https:\/\/pulsecoder.com.mx\/index.php\/2024\/07\/18\/semillero-de-historias-iv-emision\/#respond"]}]},{"@type":"WebPage","@id":"https:\/\/pulsecoder.com.mx\/index.php\/2024\/07\/18\/semillero-de-historias-iv-emision\/","url":"https:\/\/pulsecoder.com.mx\/index.php\/2024\/07\/18\/semillero-de-historias-iv-emision\/","name":"Semillero de Historias: IV Emisi\u00f3n","isPartOf":{"@id":"https:\/\/pulsecoder.com.mx\/#website"},"primaryImageOfPage":{"@id":"https:\/\/pulsecoder.com.mx\/index.php\/2024\/07\/18\/semillero-de-historias-iv-emision\/#primaryimage"},"image":{"@id":"https:\/\/pulsecoder.com.mx\/index.php\/2024\/07\/18\/semillero-de-historias-iv-emision\/#primaryimage"},"thumbnailUrl":"https:\/\/i0.wp.com\/pulsecoder.com.mx\/wp-content\/uploads\/2024\/07\/IV-Emision.jpg?fit=1200%2C675&ssl=1","datePublished":"2024-07-18T17:27:00+00:00","dateModified":"2024-07-18T23:44:27+00:00","description":"A trav\u00e9s de los a\u00f1os, el teatro J.J. Herrera sobrevive por los esfuerzos de personas, sus historias y las que est\u00e1n a\u00fan por contarse","inLanguage":"es","potentialAction":[{"@type":"ReadAction","target":["https:\/\/pulsecoder.com.mx\/index.php\/2024\/07\/18\/semillero-de-historias-iv-emision\/"]}]},{"@type":"ImageObject","inLanguage":"es","@id":"https:\/\/pulsecoder.com.mx\/index.php\/2024\/07\/18\/semillero-de-historias-iv-emision\/#primaryimage","url":"https:\/\/i0.wp.com\/pulsecoder.com.mx\/wp-content\/uploads\/2024\/07\/IV-Emision.jpg?fit=1200%2C675&ssl=1","contentUrl":"https:\/\/i0.wp.com\/pulsecoder.com.mx\/wp-content\/uploads\/2024\/07\/IV-Emision.jpg?fit=1200%2C675&ssl=1","width":1200,"height":675},{"@type":"WebSite","@id":"https:\/\/pulsecoder.com.mx\/#website","url":"https:\/\/pulsecoder.com.mx\/","name":"Pulsecoder","description":"Revista digital de tecnolog\u00eda, sociedad e Innovaci\u00f3n","publisher":{"@id":"https:\/\/pulsecoder.com.mx\/#organization"},"potentialAction":[{"@type":"SearchAction","target":{"@type":"EntryPoint","urlTemplate":"https:\/\/pulsecoder.com.mx\/?s={search_term_string}"},"query-input":{"@type":"PropertyValueSpecification","valueRequired":true,"valueName":"search_term_string"}}],"inLanguage":"es"},{"@type":"Organization","@id":"https:\/\/pulsecoder.com.mx\/#organization","name":"Pulse Coder Mx","url":"https:\/\/pulsecoder.com.mx\/","logo":{"@type":"ImageObject","inLanguage":"es","@id":"https:\/\/pulsecoder.com.mx\/#\/schema\/logo\/image\/","url":"https:\/\/i0.wp.com\/pulsecoder.com.mx\/wp-content\/uploads\/2021\/10\/Web.png?fit=2047%2C1024&ssl=1","contentUrl":"https:\/\/i0.wp.com\/pulsecoder.com.mx\/wp-content\/uploads\/2021\/10\/Web.png?fit=2047%2C1024&ssl=1","width":2047,"height":1024,"caption":"Pulse Coder Mx"},"image":{"@id":"https:\/\/pulsecoder.com.mx\/#\/schema\/logo\/image\/"},"sameAs":["https:\/\/www.facebook.com\/PulsecoderMx","https:\/\/x.com\/PulsecoderMx","https:\/\/www.instagram.com\/pulsecodermx\/","https:\/\/www.youtube.com\/channel\/UCci7xZRoiIxGpkwEljqfF9A"]},{"@type":"Person","@id":"https:\/\/pulsecoder.com.mx\/#\/schema\/person\/859b0aa70de29666d56cd1323f5ae1e5","name":"georgina.escobar","image":{"@type":"ImageObject","inLanguage":"es","@id":"https:\/\/pulsecoder.com.mx\/#\/schema\/person\/image\/","url":"https:\/\/secure.gravatar.com\/avatar\/3b18cb352c1bb16096d20c382f866a60?s=96&d=mm&r=g","contentUrl":"https:\/\/secure.gravatar.com\/avatar\/3b18cb352c1bb16096d20c382f866a60?s=96&d=mm&r=g","caption":"georgina.escobar"},"description":"Integrante del grupo teatral La Mula Roja","sameAs":["https:\/\/www.youtube.com\/@LamularojaTeatro","https:\/\/www.facebook.com\/lamularoja.teatro\/"],"url":"https:\/\/pulsecoder.com.mx\/index.php\/author\/georgina\/"}]}},"jetpack_featured_media_url":"https:\/\/i0.wp.com\/pulsecoder.com.mx\/wp-content\/uploads\/2024\/07\/IV-Emision.jpg?fit=1200%2C675&ssl=1","jetpack_sharing_enabled":true,"amp_enabled":true,"_links":{"self":[{"href":"https:\/\/pulsecoder.com.mx\/index.php\/wp-json\/wp\/v2\/posts\/4424"}],"collection":[{"href":"https:\/\/pulsecoder.com.mx\/index.php\/wp-json\/wp\/v2\/posts"}],"about":[{"href":"https:\/\/pulsecoder.com.mx\/index.php\/wp-json\/wp\/v2\/types\/post"}],"author":[{"embeddable":true,"href":"https:\/\/pulsecoder.com.mx\/index.php\/wp-json\/wp\/v2\/users\/11"}],"replies":[{"embeddable":true,"href":"https:\/\/pulsecoder.com.mx\/index.php\/wp-json\/wp\/v2\/comments?post=4424"}],"version-history":[{"count":2,"href":"https:\/\/pulsecoder.com.mx\/index.php\/wp-json\/wp\/v2\/posts\/4424\/revisions"}],"predecessor-version":[{"id":4430,"href":"https:\/\/pulsecoder.com.mx\/index.php\/wp-json\/wp\/v2\/posts\/4424\/revisions\/4430"}],"wp:featuredmedia":[{"embeddable":true,"href":"https:\/\/pulsecoder.com.mx\/index.php\/wp-json\/wp\/v2\/media\/4426"}],"wp:attachment":[{"href":"https:\/\/pulsecoder.com.mx\/index.php\/wp-json\/wp\/v2\/media?parent=4424"}],"wp:term":[{"taxonomy":"category","embeddable":true,"href":"https:\/\/pulsecoder.com.mx\/index.php\/wp-json\/wp\/v2\/categories?post=4424"},{"taxonomy":"post_tag","embeddable":true,"href":"https:\/\/pulsecoder.com.mx\/index.php\/wp-json\/wp\/v2\/tags?post=4424"}],"curies":[{"name":"wp","href":"https:\/\/api.w.org\/{rel}","templated":true}]}}