{"id":4432,"date":"2024-08-14T01:27:46","date_gmt":"2024-08-14T07:27:46","guid":{"rendered":"https:\/\/pulsecoder.com.mx\/?p=4432"},"modified":"2024-08-20T21:43:58","modified_gmt":"2024-08-21T03:43:58","slug":"coffe-tv-el-memorable-videoclip-de-blur-festeja-25-anos-este-verano","status":"publish","type":"post","link":"https:\/\/pulsecoder.com.mx\/index.php\/2024\/08\/14\/coffe-tv-el-memorable-videoclip-de-blur-festeja-25-anos-este-verano\/","title":{"rendered":"&#8220;Coffe &amp; TV&#8221;: El memorable videoclip de Blur festeja 25 a\u00f1os este verano"},"content":{"rendered":"<body>\n<p>En 1999, el panorama musical brit\u00e1nico estaba en plena efervescencia con el <em>Britpop<\/em> dominando las listas de \u00e9xitos.<\/p>\n\n\n\n<p>Entre los l\u00edderes de este movimiento se encontraba <strong>Blur<\/strong>, agrupaci\u00f3n que, como todas las bandas brit\u00e1nicas de la \u00faltima d\u00e9cada del siglo XX, se estrellaba frente a la obsesi\u00f3n por crear un sonido \u00fanico y caracter\u00edstico,  distintivo  forjado por medio de novedosos distorsionadores y poderosos efectos de guitarra el\u00e9ctrica, jugando de fondo con el sonido de una guitarra ac\u00fastica de cuerdas de acero muy amplificada.<\/p>\n\n\n\n<p>En ese a\u00f1o, a pesar de encontrar una veintena de agrupaciones musicales del Reino Unido dominando el planeta, la industria musical no solo trataba de innovar en la proyecci\u00f3n de la resonancia auditiva, tambi\u00e9n exist\u00eda una competencia -casi obscena- para la creaci\u00f3n y proyecci\u00f3n de videoclips animados de gran calidad.  <\/p>\n\n\n\n<p>La industria de los videos -antecedida desde los ochenta- se encontraba en la c\u00faspide de la madurez. Con el avance de la tecnolog\u00eda en ambos planos, auditivo y visual, el producto nunca fue mejor.<\/p>\n\n\n\n<p>MTV permanec\u00eda en la cima y cortaba el list\u00f3n de las dos d\u00e9cadas cumplidas. Tambi\u00e9n exist\u00eda movimientos precedidos del a\u00f1o 1995, uno de los mejores a\u00f1os para la producci\u00f3n musical y el cual nos entreg\u00f3 grandes joyas que a\u00fan prevalecen en el tiempo.  <\/p>\n\n\n\n<p>En ese contexto, para los siguientes a\u00f1os, <strong>Chemical Brothers<\/strong> domin\u00f3 la escena en la creaci\u00f3n y proyecci\u00f3n de videos. Algo que intent\u00f3 imitar <strong>Radio Head, Oasis o Blur<\/strong>. Sin embargo, muchos de los expertos de la escena musical brit\u00e1nica, manifiestan que la excelencia de la producci\u00f3n de videos surgi\u00f3 como consecuencia de <strong>\u201cArmy of me\u201d<\/strong> del legendario \u00e1lbum <strong>\u201cPost\u201d <\/strong>de la islandesa <strong>Bj\u00f6rk [1995]<\/strong>. <\/p>\n\n\n\n<p>Desde el otro lado del charco, los analistas americanos culparon al filme <em><strong>\u201cMoonwalker\u201d<\/strong><\/em> [1988] protagonizado por <strong>Michael Jackson<\/strong>, particularmente la escena <em>metamorfosis<\/em> con el fondo <strong><em>Smooth Criminal<\/em>.<\/strong><\/p>\n\n\n\n<p>En la lista aparece <strong>\u201cEstranged\u201d<\/strong> [1993] de <strong>Guns &amp; Roses <\/strong>bajo la produci\u00f3n por <strong>Geffen Records<\/strong>, adem\u00e1s de <strong>\u201cAmazing\u201d <\/strong>[1994] de la banda<strong> <\/strong>bostoniana <strong>Aerosmith<\/strong>, y entre otros se\u00f1alados de iniciar animaciones de gran calidad generadas por computadoras similiares a la industria Hollywoodense, que para el verano de 1999 desarrollaba pel\u00edculas como \u201c<strong>The Matrix<\/strong>\u201d o <strong>\u201cStar Wars: la amenaza fantasma<\/strong>\u201c.<\/p>\n\n\n\n<p>Lo que acontec\u00eda en la isla brit\u00e1nica a finales de los noventa con el d\u00fao de Manchester \u201cChemical Brothers\u201d, se posicionaba en la categor\u00eda de m\u00fasica electr\u00f3nica. Es decir, jugaba en otra liga que si bien es muy popular, no ven\u00eda adherida con el Britpop, g\u00e9nero que dominaba el grueso de las estaciones de radio.<\/p>\n\n\n\n<p>Estas eran tan influyentes que trasladaban todo \u00e9xito londinense, entendi\u00e9ndose que Londres domina el espectro y la paleta de lo que es popular o no, hacia otras regiones del mundo. Sobre todo en los Estados Unidos. Oportunidad que <strong>Blur <\/strong>no desaprovecho cuando fueron contactados por<strong> EA Sports<\/strong> para el lanzamiento del trailer del primer FIFA de la historia en 1998, con <strong>\u201cSong 2\u201d<\/strong> sencillo nominado a mejor video del a\u00f1o<strong> 1997 por MTV Video Music Awards<\/strong>.<\/p>\n\n\n\n<p>Pisando fuerte con 3 discos continuos en las principales listas de popularidad, <strong>Parklife<\/strong> [1994], <strong>The Great Escape<\/strong> [1995], <strong>Blur<\/strong> [1997]; llegar\u00eda el turno para <strong>\u201c13\u201d<\/strong>, nombre del alb\u00fam que se convertir\u00eda en el m\u00e1s promocionado y tambi\u00e9n, el disco que los convertir\u00eda en una banda de fama mundial.<\/p>\n\n\n\n<hr class=\"wp-block-separator has-alpha-channel-opacity\">\n\n\n\n<div class=\"wp-block-jetpack-slideshow\" data-effect=\"slide\"><div class=\"wp-block-jetpack-slideshow_container swiper-container\"><ul class=\"wp-block-jetpack-slideshow_swiper-wrapper swiper-wrapper\"><li class=\"wp-block-jetpack-slideshow_slide swiper-slide\"><figure><img data-recalc-dims=\"1\" decoding=\"async\" width=\"540\" height=\"540\" alt=\"\" class=\"wp-block-jetpack-slideshow_image wp-image-4457\" data-id=\"4457\" src=\"https:\/\/i0.wp.com\/pulsecoder.com.mx\/wp-content\/uploads\/2024\/08\/Ejerc-1.jpg?resize=540%2C540&#038;ssl=1\" loading=\"lazy\" srcset=\"https:\/\/i0.wp.com\/pulsecoder.com.mx\/wp-content\/uploads\/2024\/08\/Ejerc-1.jpg?w=540&amp;ssl=1 540w, https:\/\/i0.wp.com\/pulsecoder.com.mx\/wp-content\/uploads\/2024\/08\/Ejerc-1.jpg?resize=300%2C300&amp;ssl=1 300w, https:\/\/i0.wp.com\/pulsecoder.com.mx\/wp-content\/uploads\/2024\/08\/Ejerc-1.jpg?resize=150%2C150&amp;ssl=1 150w\" sizes=\"(max-width: 540px) 100vw, 540px\" \/><\/figure><\/li><li class=\"wp-block-jetpack-slideshow_slide swiper-slide\"><figure><img data-recalc-dims=\"1\" decoding=\"async\" width=\"540\" height=\"540\" alt=\"\" class=\"wp-block-jetpack-slideshow_image wp-image-4458\" data-id=\"4458\" src=\"https:\/\/i0.wp.com\/pulsecoder.com.mx\/wp-content\/uploads\/2024\/08\/Ejerc-2.jpg?resize=540%2C540&#038;ssl=1\" loading=\"lazy\" srcset=\"https:\/\/i0.wp.com\/pulsecoder.com.mx\/wp-content\/uploads\/2024\/08\/Ejerc-2.jpg?w=540&amp;ssl=1 540w, https:\/\/i0.wp.com\/pulsecoder.com.mx\/wp-content\/uploads\/2024\/08\/Ejerc-2.jpg?resize=300%2C300&amp;ssl=1 300w, https:\/\/i0.wp.com\/pulsecoder.com.mx\/wp-content\/uploads\/2024\/08\/Ejerc-2.jpg?resize=150%2C150&amp;ssl=1 150w\" sizes=\"(max-width: 540px) 100vw, 540px\" \/><\/figure><\/li><li class=\"wp-block-jetpack-slideshow_slide swiper-slide\"><figure><img data-recalc-dims=\"1\" decoding=\"async\" width=\"540\" height=\"540\" alt=\"\" class=\"wp-block-jetpack-slideshow_image wp-image-4459\" data-id=\"4459\" src=\"https:\/\/i0.wp.com\/pulsecoder.com.mx\/wp-content\/uploads\/2024\/08\/Ejerc-3.jpg?resize=540%2C540&#038;ssl=1\" loading=\"lazy\" srcset=\"https:\/\/i0.wp.com\/pulsecoder.com.mx\/wp-content\/uploads\/2024\/08\/Ejerc-3.jpg?w=540&amp;ssl=1 540w, https:\/\/i0.wp.com\/pulsecoder.com.mx\/wp-content\/uploads\/2024\/08\/Ejerc-3.jpg?resize=300%2C300&amp;ssl=1 300w, https:\/\/i0.wp.com\/pulsecoder.com.mx\/wp-content\/uploads\/2024\/08\/Ejerc-3.jpg?resize=150%2C150&amp;ssl=1 150w\" sizes=\"(max-width: 540px) 100vw, 540px\" \/><\/figure><\/li><li class=\"wp-block-jetpack-slideshow_slide swiper-slide\"><figure><img data-recalc-dims=\"1\" decoding=\"async\" width=\"440\" height=\"750\" alt=\"\" class=\"wp-block-jetpack-slideshow_image wp-image-4460\" data-id=\"4460\" src=\"https:\/\/i0.wp.com\/pulsecoder.com.mx\/wp-content\/uploads\/2024\/08\/Ejerc-4.jpg?resize=440%2C750&#038;ssl=1\" loading=\"lazy\" srcset=\"https:\/\/i0.wp.com\/pulsecoder.com.mx\/wp-content\/uploads\/2024\/08\/Ejerc-4.jpg?w=440&amp;ssl=1 440w, https:\/\/i0.wp.com\/pulsecoder.com.mx\/wp-content\/uploads\/2024\/08\/Ejerc-4.jpg?resize=176%2C300&amp;ssl=1 176w\" sizes=\"(max-width: 440px) 100vw, 440px\" \/><\/figure><\/li><\/ul><a class=\"wp-block-jetpack-slideshow_button-prev swiper-button-prev swiper-button-white\" role=\"button\"><\/a><a class=\"wp-block-jetpack-slideshow_button-next swiper-button-next swiper-button-white\" role=\"button\"><\/a><a aria-label=\"Pause Slideshow\" class=\"wp-block-jetpack-slideshow_button-pause\" role=\"button\"><\/a><div class=\"wp-block-jetpack-slideshow_pagination swiper-pagination swiper-pagination-white\"><\/div><\/div><\/div>\n\n\n\n<hr class=\"wp-block-separator has-alpha-channel-opacity\">\n\n\n\n<p><strong>Coffe &amp; Tv<\/strong><\/p>\n\n\n\n<p>Dirigido por <strong>Hammer &amp; Tongs <\/strong>-el d\u00fao de <strong>Garth Jennings<\/strong> y <strong>Nick Goldsmith<\/strong>-, el videoclip de<strong> \u201cCoffee &amp; TV\u201d<\/strong> es un testimonio de la innovaci\u00f3n y la creatividad visual de la \u00e9poca. Protagonizado por un entra\u00f1able cart\u00f3n de leche, conocido como \u201cMilky\u201d, el video narra la historia de su b\u00fasqueda para encontrar a un joven desaparecido, interpretado por el propio guitarrista de Blur, Graham Coxon.<\/p>\n\n\n\n<p>Esta producci\u00f3n destac\u00f3 por su originalidad y tambi\u00e9n se convirti\u00f3 en un \u00edcono de la cultura pop. El personaje \u201cMilky\u201d, con su expresi\u00f3n optimista y determinado, alcanzo la atenci\u00f3n mundial de los espectadores por las diferentes plataformas de videos musicales. <\/p>\n\n\n\n<p>El videoclip fue ampliamente elogiado por su narrativa creativa y su habilidad para transmitir una historia emotiva a trav\u00e9s de medios no convencionales.<\/p>\n\n\n\n<hr class=\"wp-block-separator has-alpha-channel-opacity\">\n\n\n\n<figure class=\"wp-block-embed is-type-video is-provider-youtube wp-block-embed-youtube wp-embed-aspect-16-9 wp-has-aspect-ratio\"><div class=\"wp-block-embed__wrapper\">\n<iframe loading=\"lazy\" title=\"Blur - Coffee And TV (Official Music Video)\" width=\"696\" height=\"392\" src=\"https:\/\/www.youtube.com\/embed\/6oqXVx3sBOk?feature=oembed\" frameborder=\"0\" allow=\"accelerometer; autoplay; clipboard-write; encrypted-media; gyroscope; picture-in-picture; web-share\" referrerpolicy=\"strict-origin-when-cross-origin\" allowfullscreen><\/iframe>\n<\/div><\/figure>\n\n\n\n<hr class=\"wp-block-separator has-alpha-channel-opacity\">\n\n\n\n<p>Para Blur,  represent\u00f3 m\u00e1s que un simple \u00e9xito musical. Fue una demostraci\u00f3n de su capacidad para reinventarse y experimentar diferentes estilos y formatos. La canci\u00f3n, escrita por Graham Coxon, tambi\u00e9n marc\u00f3 un momento crucial en la din\u00e1mica interna de la banda, con Coxon asumiendo un papel m\u00e1s prominente tanto en la escritura como en la interpretaci\u00f3n vocal.<\/p>\n\n\n\n<p>El video se distingue por innovar en combinaci\u00f3n con la acci\u00f3n en vivo. La animaci\u00f3n <strong>stop-motion<\/strong> utilizada para dar vida a Milky es un ejemplo destacado de la t\u00e9cnica artesanal que a\u00f1ade una capa de autenticidad y encanto al video. Adem\u00e1s, la direcci\u00f3n de arte y la cinematograf\u00eda complementan perfectamente la atm\u00f3sfera melanc\u00f3lica y a la vez esperanzadora de la canci\u00f3n.<\/p>\n\n\n\n<p>Su influencia se puede ver en numerosos videos que han seguido su estela.<\/p>\n\n\n\n<p>En este aniversario veraniego, recordamos no solo una canci\u00f3n y un video, sino un momento en el tiempo que encapsul\u00f3 el esp\u00edritu de un mundo muy distinto. Para muchos puede ser incluso m\u00e1s un viaje nost\u00e1lgico que una celebraci\u00f3n de la innovaci\u00f3n art\u00edstica, la capacidad de la m\u00fasica y el cine para contar historias de manera \u00fanica.<\/p>\n\n\n\n<p>A dos d\u00e9cadas y media despu\u00e9s de su lanzamiento, \u201c<strong>Coffee &amp; TV<\/strong>\u201d nos sigue pareciendo moderno,  siendo un referente en la historia de los videoclips musicales y tambi\u00e9n para los controvertidos Chavos-Rucos.<\/p>\n\n\n\n<p>Referencias:<\/p>\n\n\n\n<p><strong>All Music Magazine<\/strong><\/p>\n\n\n\n<p><strong>MTV News<\/strong><\/p>\n<\/body>","protected":false},"excerpt":{"rendered":"<p>En 1999, el panorama musical brit\u00e1nico estaba en plena efervescencia con el Britpop dominando las listas de \u00e9xitos. Entre los l\u00edderes de este movimiento se encontraba Blur, agrupaci\u00f3n que, como todas las bandas brit\u00e1nicas de la \u00faltima d\u00e9cada del siglo XX, se estrellaba frente a la obsesi\u00f3n por crear un sonido \u00fanico y caracter\u00edstico, distintivo [&hellip;]<\/p>\n","protected":false},"author":5,"featured_media":4433,"comment_status":"open","ping_status":"open","sticky":false,"template":"","format":"standard","meta":{"_et_pb_use_builder":"off","_et_pb_old_content":"","_et_gb_content_width":"","_monsterinsights_skip_tracking":false,"_jetpack_memberships_contains_paid_content":false,"footnotes":""},"categories":[405,821],"tags":[1331,1936,1941,994,995,1330,1940,1935,1938],"class_list":["post-4432","post","type-post","status-publish","format-standard","has-post-thumbnail","hentry","category-musica","category-radio","tag-amplificador","tag-britpop","tag-creacion","tag-guitarra","tag-produccion","tag-propuesta","tag-proyeccion","tag-rock-alternativo","tag-videoclips"],"yoast_head":"<!-- This site is optimized with the Yoast SEO plugin v25.5 - https:\/\/yoast.com\/wordpress\/plugins\/seo\/ -->\n<title>&quot;Coffe &amp; TV&quot;: El memorable videoclip de Blur festeja 25 a\u00f1os este verano<\/title>\n<meta name=\"description\" content=\"En un viaje de dos d\u00e9cadas y media despu\u00e9s de su lanzamiento, &quot;Coffee &amp; TV&quot; el \u00edcono videoclip de Blur nos sigue pareciendo moderno\" \/>\n<meta name=\"robots\" content=\"index, follow, max-snippet:-1, max-image-preview:large, max-video-preview:-1\" \/>\n<link rel=\"canonical\" href=\"https:\/\/pulsecoder.com.mx\/index.php\/2024\/08\/14\/coffe-tv-el-memorable-videoclip-de-blur-festeja-25-anos-este-verano\/\" \/>\n<meta property=\"og:locale\" content=\"es_MX\" \/>\n<meta property=\"og:type\" content=\"article\" \/>\n<meta property=\"og:title\" content=\"\u201cCoffee &amp; TV&quot;: El memorable videoclip de Blur festeja 25 a\u00f1os este verano\" \/>\n<meta property=\"og:description\" content=\"En un viaje de dos d\u00e9cadas y media despu\u00e9s de su lanzamiento, &quot;Coffee &amp; TV&quot; el \u00edcono videoclip de Blur nos sigue pareciendo moderno\" \/>\n<meta property=\"og:url\" content=\"https:\/\/pulsecoder.com.mx\/index.php\/2024\/08\/14\/coffe-tv-el-memorable-videoclip-de-blur-festeja-25-anos-este-verano\/\" \/>\n<meta property=\"og:site_name\" content=\"Pulsecoder\" \/>\n<meta property=\"article:publisher\" content=\"https:\/\/www.facebook.com\/PulsecoderMx\" \/>\n<meta property=\"article:published_time\" content=\"2024-08-14T07:27:46+00:00\" \/>\n<meta property=\"article:modified_time\" content=\"2024-08-21T03:43:58+00:00\" \/>\n<meta property=\"og:image\" content=\"https:\/\/pulsecoder.com.mx\/wp-content\/uploads\/2024\/07\/Coffee.and_.tv_.jpg\" \/>\n\t<meta property=\"og:image:width\" content=\"1200\" \/>\n\t<meta property=\"og:image:height\" content=\"675\" \/>\n\t<meta property=\"og:image:type\" content=\"image\/jpeg\" \/>\n<meta name=\"author\" content=\"Ismael Guzm\u00e1n\" \/>\n<meta name=\"twitter:card\" content=\"summary_large_image\" \/>\n<meta name=\"twitter:title\" content=\"\u201cCoffee &amp; TV&quot;: El memorable videoclip de Blur festeja 25 a\u00f1os este verano\" \/>\n<meta name=\"twitter:description\" content=\"En un viaje de dos d\u00e9cadas y media despu\u00e9s de su lanzamiento, &quot;Coffee &amp; TV&quot; el \u00edcono videoclip de Blur nos sigue pareciendo moderno\" \/>\n<meta name=\"twitter:image\" content=\"https:\/\/i0.wp.com\/pulsecoder.com.mx\/wp-content\/uploads\/2024\/07\/Coffee.and_.tv_.jpg?fit=1200%2C675&ssl=1\" \/>\n<meta name=\"twitter:creator\" content=\"@PulsecoderMx\" \/>\n<meta name=\"twitter:site\" content=\"@PulsecoderMx\" \/>\n<meta name=\"twitter:label1\" content=\"Escrito por\" \/>\n\t<meta name=\"twitter:data1\" content=\"Ismael Guzm\u00e1n\" \/>\n\t<meta name=\"twitter:label2\" content=\"Tiempo de lectura\" \/>\n\t<meta name=\"twitter:data2\" content=\"6 minutos\" \/>\n<script type=\"application\/ld+json\" class=\"yoast-schema-graph\">{\"@context\":\"https:\/\/schema.org\",\"@graph\":[{\"@type\":\"Article\",\"@id\":\"https:\/\/pulsecoder.com.mx\/index.php\/2024\/08\/14\/coffe-tv-el-memorable-videoclip-de-blur-festeja-25-anos-este-verano\/#article\",\"isPartOf\":{\"@id\":\"https:\/\/pulsecoder.com.mx\/index.php\/2024\/08\/14\/coffe-tv-el-memorable-videoclip-de-blur-festeja-25-anos-este-verano\/\"},\"author\":{\"name\":\"Ismael Guzm\u00e1n\",\"@id\":\"https:\/\/pulsecoder.com.mx\/#\/schema\/person\/3b7ec413977e4116b59be466f6b5d25a\"},\"headline\":\"&#8220;Coffe &amp; TV&#8221;: El memorable videoclip de Blur festeja 25 a\u00f1os este verano\",\"datePublished\":\"2024-08-14T07:27:46+00:00\",\"dateModified\":\"2024-08-21T03:43:58+00:00\",\"mainEntityOfPage\":{\"@id\":\"https:\/\/pulsecoder.com.mx\/index.php\/2024\/08\/14\/coffe-tv-el-memorable-videoclip-de-blur-festeja-25-anos-este-verano\/\"},\"wordCount\":998,\"commentCount\":0,\"publisher\":{\"@id\":\"https:\/\/pulsecoder.com.mx\/#organization\"},\"image\":{\"@id\":\"https:\/\/pulsecoder.com.mx\/index.php\/2024\/08\/14\/coffe-tv-el-memorable-videoclip-de-blur-festeja-25-anos-este-verano\/#primaryimage\"},\"thumbnailUrl\":\"https:\/\/i0.wp.com\/pulsecoder.com.mx\/wp-content\/uploads\/2024\/07\/Coffee.and_.tv_.jpg?fit=1200%2C675&ssl=1\",\"keywords\":[\"Amplificador\",\"Britpop\",\"Creaci\u00f3n\",\"Guitarra\",\"Producci\u00f3n\",\"Propuesta\",\"Proyecci\u00f3n\",\"Rock Alternativo\",\"Videoclips\"],\"articleSection\":[\"M\u00fasica\",\"Radio\"],\"inLanguage\":\"es\",\"potentialAction\":[{\"@type\":\"CommentAction\",\"name\":\"Comment\",\"target\":[\"https:\/\/pulsecoder.com.mx\/index.php\/2024\/08\/14\/coffe-tv-el-memorable-videoclip-de-blur-festeja-25-anos-este-verano\/#respond\"]}]},{\"@type\":\"WebPage\",\"@id\":\"https:\/\/pulsecoder.com.mx\/index.php\/2024\/08\/14\/coffe-tv-el-memorable-videoclip-de-blur-festeja-25-anos-este-verano\/\",\"url\":\"https:\/\/pulsecoder.com.mx\/index.php\/2024\/08\/14\/coffe-tv-el-memorable-videoclip-de-blur-festeja-25-anos-este-verano\/\",\"name\":\"\\\"Coffe &amp; TV\\\": El memorable videoclip de Blur festeja 25 a\u00f1os este verano\",\"isPartOf\":{\"@id\":\"https:\/\/pulsecoder.com.mx\/#website\"},\"primaryImageOfPage\":{\"@id\":\"https:\/\/pulsecoder.com.mx\/index.php\/2024\/08\/14\/coffe-tv-el-memorable-videoclip-de-blur-festeja-25-anos-este-verano\/#primaryimage\"},\"image\":{\"@id\":\"https:\/\/pulsecoder.com.mx\/index.php\/2024\/08\/14\/coffe-tv-el-memorable-videoclip-de-blur-festeja-25-anos-este-verano\/#primaryimage\"},\"thumbnailUrl\":\"https:\/\/i0.wp.com\/pulsecoder.com.mx\/wp-content\/uploads\/2024\/07\/Coffee.and_.tv_.jpg?fit=1200%2C675&ssl=1\",\"datePublished\":\"2024-08-14T07:27:46+00:00\",\"dateModified\":\"2024-08-21T03:43:58+00:00\",\"description\":\"En un viaje de dos d\u00e9cadas y media despu\u00e9s de su lanzamiento, \\\"Coffee & TV\\\" el \u00edcono videoclip de Blur nos sigue pareciendo moderno\",\"inLanguage\":\"es\",\"potentialAction\":[{\"@type\":\"ReadAction\",\"target\":[\"https:\/\/pulsecoder.com.mx\/index.php\/2024\/08\/14\/coffe-tv-el-memorable-videoclip-de-blur-festeja-25-anos-este-verano\/\"]}]},{\"@type\":\"ImageObject\",\"inLanguage\":\"es\",\"@id\":\"https:\/\/pulsecoder.com.mx\/index.php\/2024\/08\/14\/coffe-tv-el-memorable-videoclip-de-blur-festeja-25-anos-este-verano\/#primaryimage\",\"url\":\"https:\/\/i0.wp.com\/pulsecoder.com.mx\/wp-content\/uploads\/2024\/07\/Coffee.and_.tv_.jpg?fit=1200%2C675&ssl=1\",\"contentUrl\":\"https:\/\/i0.wp.com\/pulsecoder.com.mx\/wp-content\/uploads\/2024\/07\/Coffee.and_.tv_.jpg?fit=1200%2C675&ssl=1\",\"width\":1200,\"height\":675},{\"@type\":\"WebSite\",\"@id\":\"https:\/\/pulsecoder.com.mx\/#website\",\"url\":\"https:\/\/pulsecoder.com.mx\/\",\"name\":\"Pulsecoder\",\"description\":\"Revista digital de tecnolog\u00eda, sociedad e Innovaci\u00f3n\",\"publisher\":{\"@id\":\"https:\/\/pulsecoder.com.mx\/#organization\"},\"potentialAction\":[{\"@type\":\"SearchAction\",\"target\":{\"@type\":\"EntryPoint\",\"urlTemplate\":\"https:\/\/pulsecoder.com.mx\/?s={search_term_string}\"},\"query-input\":{\"@type\":\"PropertyValueSpecification\",\"valueRequired\":true,\"valueName\":\"search_term_string\"}}],\"inLanguage\":\"es\"},{\"@type\":\"Organization\",\"@id\":\"https:\/\/pulsecoder.com.mx\/#organization\",\"name\":\"Pulse Coder Mx\",\"url\":\"https:\/\/pulsecoder.com.mx\/\",\"logo\":{\"@type\":\"ImageObject\",\"inLanguage\":\"es\",\"@id\":\"https:\/\/pulsecoder.com.mx\/#\/schema\/logo\/image\/\",\"url\":\"https:\/\/i0.wp.com\/pulsecoder.com.mx\/wp-content\/uploads\/2021\/10\/Web.png?fit=2047%2C1024&ssl=1\",\"contentUrl\":\"https:\/\/i0.wp.com\/pulsecoder.com.mx\/wp-content\/uploads\/2021\/10\/Web.png?fit=2047%2C1024&ssl=1\",\"width\":2047,\"height\":1024,\"caption\":\"Pulse Coder Mx\"},\"image\":{\"@id\":\"https:\/\/pulsecoder.com.mx\/#\/schema\/logo\/image\/\"},\"sameAs\":[\"https:\/\/www.facebook.com\/PulsecoderMx\",\"https:\/\/x.com\/PulsecoderMx\",\"https:\/\/www.instagram.com\/pulsecodermx\/\",\"https:\/\/www.youtube.com\/channel\/UCci7xZRoiIxGpkwEljqfF9A\"]},{\"@type\":\"Person\",\"@id\":\"https:\/\/pulsecoder.com.mx\/#\/schema\/person\/3b7ec413977e4116b59be466f6b5d25a\",\"name\":\"Ismael Guzm\u00e1n\",\"image\":{\"@type\":\"ImageObject\",\"inLanguage\":\"es\",\"@id\":\"https:\/\/pulsecoder.com.mx\/#\/schema\/person\/image\/\",\"url\":\"https:\/\/secure.gravatar.com\/avatar\/9a10cab8115b61019922c2823d17de70?s=96&d=mm&r=g\",\"contentUrl\":\"https:\/\/secure.gravatar.com\/avatar\/9a10cab8115b61019922c2823d17de70?s=96&d=mm&r=g\",\"caption\":\"Ismael Guzm\u00e1n\"},\"description\":\"Fundador y Director de Pulse Coder. Escribe sobre digitalizaci\u00f3n, ciencia e innovaci\u00f3n tecnol\u00f3gica.\",\"url\":\"https:\/\/pulsecoder.com.mx\/index.php\/author\/ismael-guzman\/\"}]}<\/script>\n<!-- \/ Yoast SEO plugin. -->","yoast_head_json":{"title":"\"Coffe &amp; TV\": El memorable videoclip de Blur festeja 25 a\u00f1os este verano","description":"En un viaje de dos d\u00e9cadas y media despu\u00e9s de su lanzamiento, \"Coffee & TV\" el \u00edcono videoclip de Blur nos sigue pareciendo moderno","robots":{"index":"index","follow":"follow","max-snippet":"max-snippet:-1","max-image-preview":"max-image-preview:large","max-video-preview":"max-video-preview:-1"},"canonical":"https:\/\/pulsecoder.com.mx\/index.php\/2024\/08\/14\/coffe-tv-el-memorable-videoclip-de-blur-festeja-25-anos-este-verano\/","og_locale":"es_MX","og_type":"article","og_title":"\u201cCoffee & TV\": El memorable videoclip de Blur festeja 25 a\u00f1os este verano","og_description":"En un viaje de dos d\u00e9cadas y media despu\u00e9s de su lanzamiento, \"Coffee & TV\" el \u00edcono videoclip de Blur nos sigue pareciendo moderno","og_url":"https:\/\/pulsecoder.com.mx\/index.php\/2024\/08\/14\/coffe-tv-el-memorable-videoclip-de-blur-festeja-25-anos-este-verano\/","og_site_name":"Pulsecoder","article_publisher":"https:\/\/www.facebook.com\/PulsecoderMx","article_published_time":"2024-08-14T07:27:46+00:00","article_modified_time":"2024-08-21T03:43:58+00:00","og_image":[{"width":1200,"height":675,"url":"https:\/\/pulsecoder.com.mx\/wp-content\/uploads\/2024\/07\/Coffee.and_.tv_.jpg","type":"image\/jpeg"}],"author":"Ismael Guzm\u00e1n","twitter_card":"summary_large_image","twitter_title":"\u201cCoffee & TV\": El memorable videoclip de Blur festeja 25 a\u00f1os este verano","twitter_description":"En un viaje de dos d\u00e9cadas y media despu\u00e9s de su lanzamiento, \"Coffee & TV\" el \u00edcono videoclip de Blur nos sigue pareciendo moderno","twitter_image":"https:\/\/i0.wp.com\/pulsecoder.com.mx\/wp-content\/uploads\/2024\/07\/Coffee.and_.tv_.jpg?fit=1200%2C675&ssl=1","twitter_creator":"@PulsecoderMx","twitter_site":"@PulsecoderMx","twitter_misc":{"Escrito por":"Ismael Guzm\u00e1n","Tiempo de lectura":"6 minutos"},"schema":{"@context":"https:\/\/schema.org","@graph":[{"@type":"Article","@id":"https:\/\/pulsecoder.com.mx\/index.php\/2024\/08\/14\/coffe-tv-el-memorable-videoclip-de-blur-festeja-25-anos-este-verano\/#article","isPartOf":{"@id":"https:\/\/pulsecoder.com.mx\/index.php\/2024\/08\/14\/coffe-tv-el-memorable-videoclip-de-blur-festeja-25-anos-este-verano\/"},"author":{"name":"Ismael Guzm\u00e1n","@id":"https:\/\/pulsecoder.com.mx\/#\/schema\/person\/3b7ec413977e4116b59be466f6b5d25a"},"headline":"&#8220;Coffe &amp; TV&#8221;: El memorable videoclip de Blur festeja 25 a\u00f1os este verano","datePublished":"2024-08-14T07:27:46+00:00","dateModified":"2024-08-21T03:43:58+00:00","mainEntityOfPage":{"@id":"https:\/\/pulsecoder.com.mx\/index.php\/2024\/08\/14\/coffe-tv-el-memorable-videoclip-de-blur-festeja-25-anos-este-verano\/"},"wordCount":998,"commentCount":0,"publisher":{"@id":"https:\/\/pulsecoder.com.mx\/#organization"},"image":{"@id":"https:\/\/pulsecoder.com.mx\/index.php\/2024\/08\/14\/coffe-tv-el-memorable-videoclip-de-blur-festeja-25-anos-este-verano\/#primaryimage"},"thumbnailUrl":"https:\/\/i0.wp.com\/pulsecoder.com.mx\/wp-content\/uploads\/2024\/07\/Coffee.and_.tv_.jpg?fit=1200%2C675&ssl=1","keywords":["Amplificador","Britpop","Creaci\u00f3n","Guitarra","Producci\u00f3n","Propuesta","Proyecci\u00f3n","Rock Alternativo","Videoclips"],"articleSection":["M\u00fasica","Radio"],"inLanguage":"es","potentialAction":[{"@type":"CommentAction","name":"Comment","target":["https:\/\/pulsecoder.com.mx\/index.php\/2024\/08\/14\/coffe-tv-el-memorable-videoclip-de-blur-festeja-25-anos-este-verano\/#respond"]}]},{"@type":"WebPage","@id":"https:\/\/pulsecoder.com.mx\/index.php\/2024\/08\/14\/coffe-tv-el-memorable-videoclip-de-blur-festeja-25-anos-este-verano\/","url":"https:\/\/pulsecoder.com.mx\/index.php\/2024\/08\/14\/coffe-tv-el-memorable-videoclip-de-blur-festeja-25-anos-este-verano\/","name":"\"Coffe &amp; TV\": El memorable videoclip de Blur festeja 25 a\u00f1os este verano","isPartOf":{"@id":"https:\/\/pulsecoder.com.mx\/#website"},"primaryImageOfPage":{"@id":"https:\/\/pulsecoder.com.mx\/index.php\/2024\/08\/14\/coffe-tv-el-memorable-videoclip-de-blur-festeja-25-anos-este-verano\/#primaryimage"},"image":{"@id":"https:\/\/pulsecoder.com.mx\/index.php\/2024\/08\/14\/coffe-tv-el-memorable-videoclip-de-blur-festeja-25-anos-este-verano\/#primaryimage"},"thumbnailUrl":"https:\/\/i0.wp.com\/pulsecoder.com.mx\/wp-content\/uploads\/2024\/07\/Coffee.and_.tv_.jpg?fit=1200%2C675&ssl=1","datePublished":"2024-08-14T07:27:46+00:00","dateModified":"2024-08-21T03:43:58+00:00","description":"En un viaje de dos d\u00e9cadas y media despu\u00e9s de su lanzamiento, \"Coffee & TV\" el \u00edcono videoclip de Blur nos sigue pareciendo moderno","inLanguage":"es","potentialAction":[{"@type":"ReadAction","target":["https:\/\/pulsecoder.com.mx\/index.php\/2024\/08\/14\/coffe-tv-el-memorable-videoclip-de-blur-festeja-25-anos-este-verano\/"]}]},{"@type":"ImageObject","inLanguage":"es","@id":"https:\/\/pulsecoder.com.mx\/index.php\/2024\/08\/14\/coffe-tv-el-memorable-videoclip-de-blur-festeja-25-anos-este-verano\/#primaryimage","url":"https:\/\/i0.wp.com\/pulsecoder.com.mx\/wp-content\/uploads\/2024\/07\/Coffee.and_.tv_.jpg?fit=1200%2C675&ssl=1","contentUrl":"https:\/\/i0.wp.com\/pulsecoder.com.mx\/wp-content\/uploads\/2024\/07\/Coffee.and_.tv_.jpg?fit=1200%2C675&ssl=1","width":1200,"height":675},{"@type":"WebSite","@id":"https:\/\/pulsecoder.com.mx\/#website","url":"https:\/\/pulsecoder.com.mx\/","name":"Pulsecoder","description":"Revista digital de tecnolog\u00eda, sociedad e Innovaci\u00f3n","publisher":{"@id":"https:\/\/pulsecoder.com.mx\/#organization"},"potentialAction":[{"@type":"SearchAction","target":{"@type":"EntryPoint","urlTemplate":"https:\/\/pulsecoder.com.mx\/?s={search_term_string}"},"query-input":{"@type":"PropertyValueSpecification","valueRequired":true,"valueName":"search_term_string"}}],"inLanguage":"es"},{"@type":"Organization","@id":"https:\/\/pulsecoder.com.mx\/#organization","name":"Pulse Coder Mx","url":"https:\/\/pulsecoder.com.mx\/","logo":{"@type":"ImageObject","inLanguage":"es","@id":"https:\/\/pulsecoder.com.mx\/#\/schema\/logo\/image\/","url":"https:\/\/i0.wp.com\/pulsecoder.com.mx\/wp-content\/uploads\/2021\/10\/Web.png?fit=2047%2C1024&ssl=1","contentUrl":"https:\/\/i0.wp.com\/pulsecoder.com.mx\/wp-content\/uploads\/2021\/10\/Web.png?fit=2047%2C1024&ssl=1","width":2047,"height":1024,"caption":"Pulse Coder Mx"},"image":{"@id":"https:\/\/pulsecoder.com.mx\/#\/schema\/logo\/image\/"},"sameAs":["https:\/\/www.facebook.com\/PulsecoderMx","https:\/\/x.com\/PulsecoderMx","https:\/\/www.instagram.com\/pulsecodermx\/","https:\/\/www.youtube.com\/channel\/UCci7xZRoiIxGpkwEljqfF9A"]},{"@type":"Person","@id":"https:\/\/pulsecoder.com.mx\/#\/schema\/person\/3b7ec413977e4116b59be466f6b5d25a","name":"Ismael Guzm\u00e1n","image":{"@type":"ImageObject","inLanguage":"es","@id":"https:\/\/pulsecoder.com.mx\/#\/schema\/person\/image\/","url":"https:\/\/secure.gravatar.com\/avatar\/9a10cab8115b61019922c2823d17de70?s=96&d=mm&r=g","contentUrl":"https:\/\/secure.gravatar.com\/avatar\/9a10cab8115b61019922c2823d17de70?s=96&d=mm&r=g","caption":"Ismael Guzm\u00e1n"},"description":"Fundador y Director de Pulse Coder. Escribe sobre digitalizaci\u00f3n, ciencia e innovaci\u00f3n tecnol\u00f3gica.","url":"https:\/\/pulsecoder.com.mx\/index.php\/author\/ismael-guzman\/"}]}},"jetpack_featured_media_url":"https:\/\/i0.wp.com\/pulsecoder.com.mx\/wp-content\/uploads\/2024\/07\/Coffee.and_.tv_.jpg?fit=1200%2C675&ssl=1","jetpack_sharing_enabled":true,"amp_enabled":true,"_links":{"self":[{"href":"https:\/\/pulsecoder.com.mx\/index.php\/wp-json\/wp\/v2\/posts\/4432"}],"collection":[{"href":"https:\/\/pulsecoder.com.mx\/index.php\/wp-json\/wp\/v2\/posts"}],"about":[{"href":"https:\/\/pulsecoder.com.mx\/index.php\/wp-json\/wp\/v2\/types\/post"}],"author":[{"embeddable":true,"href":"https:\/\/pulsecoder.com.mx\/index.php\/wp-json\/wp\/v2\/users\/5"}],"replies":[{"embeddable":true,"href":"https:\/\/pulsecoder.com.mx\/index.php\/wp-json\/wp\/v2\/comments?post=4432"}],"version-history":[{"count":5,"href":"https:\/\/pulsecoder.com.mx\/index.php\/wp-json\/wp\/v2\/posts\/4432\/revisions"}],"predecessor-version":[{"id":4464,"href":"https:\/\/pulsecoder.com.mx\/index.php\/wp-json\/wp\/v2\/posts\/4432\/revisions\/4464"}],"wp:featuredmedia":[{"embeddable":true,"href":"https:\/\/pulsecoder.com.mx\/index.php\/wp-json\/wp\/v2\/media\/4433"}],"wp:attachment":[{"href":"https:\/\/pulsecoder.com.mx\/index.php\/wp-json\/wp\/v2\/media?parent=4432"}],"wp:term":[{"taxonomy":"category","embeddable":true,"href":"https:\/\/pulsecoder.com.mx\/index.php\/wp-json\/wp\/v2\/categories?post=4432"},{"taxonomy":"post_tag","embeddable":true,"href":"https:\/\/pulsecoder.com.mx\/index.php\/wp-json\/wp\/v2\/tags?post=4432"}],"curies":[{"name":"wp","href":"https:\/\/api.w.org\/{rel}","templated":true}]}}