{"id":4456,"date":"2024-08-19T10:13:00","date_gmt":"2024-08-19T16:13:00","guid":{"rendered":"https:\/\/pulsecoder.com.mx\/?p=4456"},"modified":"2024-08-20T22:39:25","modified_gmt":"2024-08-21T04:39:25","slug":"te-banas-o-te-duchas","status":"publish","type":"post","link":"https:\/\/pulsecoder.com.mx\/index.php\/2024\/08\/19\/te-banas-o-te-duchas\/","title":{"rendered":"\u00bfTe ba\u00f1as o te duchas?"},"content":{"rendered":"<body>\n<p>Esa era la pregunta provocadora que adornaba un espectacular en la avenida <em>Ronda de Toledo<\/em> de Madrid. <\/p>\n\n\n\n<p>El Ayuntamiento, en un golpe de genialidad, lanz\u00f3 una campa\u00f1a para promover la cultura del agua y el consumo responsable. La diferencia entre una ducha r\u00e1pida y un ba\u00f1o largo no solo se discut\u00eda en carteles a lo largo de la ciudad, lo mismo pasaba en los anuncios de radio y televisi\u00f3n.<\/p>\n\n\n\n<p>Esta campa\u00f1a naci\u00f3 de la necesidad urgente de enfrentar la escasez h\u00eddrica que, en aquellos a\u00f1os, amenazaba a la capital espa\u00f1ola. La situaci\u00f3n se agudiz\u00f3 a\u00fan m\u00e1s tras la crisis econ\u00f3mica de 2008, que dej\u00f3 a muchos ciudadanos buscando soluciones para lo b\u00e1sico.<\/p>\n\n\n\n<p>Aunque Madrid se encuentra en una regi\u00f3n semi\u00e1rida y ha sido etiquetada como una ciudad con riesgo de escasez de agua desde hace algunas d\u00e9cadas, hoy en d\u00eda supera por <strong>20 puntos<\/strong> los niveles moderados de disponibilidad. <\/p>\n\n\n\n<p><strong>\u00bfC\u00f3mo logr\u00f3 la capital espa\u00f1ola superar este desaf\u00edo? <\/strong><\/p>\n\n\n\n<p>La respuesta se encuentra en una combinaci\u00f3n de estrategias a largo plazo, decisiones cr\u00edticas y un cambio en la mentalidad colectiva.<\/p>\n\n\n\n<p>Aqu\u00ed es donde comienza el viaje de c\u00f3mo una ciudad puede transformar una crisis en una oportunidad de innovaci\u00f3n y sostenibilidad.<\/p>\n\n\n\n<hr class=\"wp-block-separator has-alpha-channel-opacity\">\n\n\n\n<figure class=\"wp-block-image aligncenter size-full is-resized\"><img data-recalc-dims=\"1\" decoding=\"async\" width=\"696\" height=\"391\" src=\"https:\/\/i0.wp.com\/pulsecoder.com.mx\/wp-content\/uploads\/2024\/08\/Madrid-II.jpg?resize=696%2C391&#038;ssl=1\" alt=\"\" class=\"wp-image-4466\" style=\"width:769px;height:auto\" loading=\"lazy\" srcset=\"https:\/\/i0.wp.com\/pulsecoder.com.mx\/wp-content\/uploads\/2024\/08\/Madrid-II.jpg?w=950&amp;ssl=1 950w, https:\/\/i0.wp.com\/pulsecoder.com.mx\/wp-content\/uploads\/2024\/08\/Madrid-II.jpg?resize=300%2C169&amp;ssl=1 300w, https:\/\/i0.wp.com\/pulsecoder.com.mx\/wp-content\/uploads\/2024\/08\/Madrid-II.jpg?resize=768%2C432&amp;ssl=1 768w, https:\/\/i0.wp.com\/pulsecoder.com.mx\/wp-content\/uploads\/2024\/08\/Madrid-II.jpg?resize=696%2C391&amp;ssl=1 696w\" sizes=\"(max-width: 696px) 100vw, 696px\" \/><\/figure>\n\n\n\n<hr class=\"wp-block-separator has-alpha-channel-opacity\">\n\n\n\n<h2 class=\"wp-block-heading\">Eficiencia en todos los procesos<\/h2>\n\n\n\n<p>Madrid entendi\u00f3 que, para solucionar el problema del agua, no bastaba con simples campa\u00f1as. La ciudad adopt\u00f3 un enfoque integral, donde la \u201ceficiencia\u201d se convirti\u00f3 en la palabra clave en todos los procesos, desde la digitalizaci\u00f3n hasta la infraestructura f\u00edsica.<\/p>\n\n\n\n<h2 class=\"wp-block-heading\">Digitalizaci\u00f3n <\/h2>\n\n\n\n<p>La modernizaci\u00f3n de los sistemas de gesti\u00f3n del agua comenz\u00f3 con la implementaci\u00f3n de tecnolog\u00edas avanzadas. Sensores, monitoreo en tiempo real y sistemas de control digital permitieron una administraci\u00f3n m\u00e1s precisa de los recursos h\u00eddricos.<\/p>\n\n\n\n<p>Esta digitalizaci\u00f3n no solo ayud\u00f3 a identificar fugas o problemas en la red, sino que tambi\u00e9n facilit\u00f3 la toma de decisiones informadas en tiempo r\u00e9cord, lo que antes era impensable.<\/p>\n\n\n\n<hr class=\"wp-block-separator has-alpha-channel-opacity\">\n\n\n\n<figure class=\"wp-block-image aligncenter size-large is-resized\"><img data-recalc-dims=\"1\" decoding=\"async\" width=\"696\" height=\"975\" src=\"https:\/\/i0.wp.com\/pulsecoder.com.mx\/wp-content\/uploads\/2024\/08\/bitstream-gb803c4348_1920.jpg?resize=696%2C975&#038;ssl=1\" alt=\"\" class=\"wp-image-4463\" style=\"width:431px;height:auto\" loading=\"lazy\" srcset=\"https:\/\/i0.wp.com\/pulsecoder.com.mx\/wp-content\/uploads\/2024\/08\/bitstream-gb803c4348_1920.jpg?resize=731%2C1024&amp;ssl=1 731w, https:\/\/i0.wp.com\/pulsecoder.com.mx\/wp-content\/uploads\/2024\/08\/bitstream-gb803c4348_1920.jpg?resize=214%2C300&amp;ssl=1 214w, https:\/\/i0.wp.com\/pulsecoder.com.mx\/wp-content\/uploads\/2024\/08\/bitstream-gb803c4348_1920.jpg?resize=768%2C1076&amp;ssl=1 768w, https:\/\/i0.wp.com\/pulsecoder.com.mx\/wp-content\/uploads\/2024\/08\/bitstream-gb803c4348_1920.jpg?resize=1097%2C1536&amp;ssl=1 1097w, https:\/\/i0.wp.com\/pulsecoder.com.mx\/wp-content\/uploads\/2024\/08\/bitstream-gb803c4348_1920.jpg?resize=696%2C975&amp;ssl=1 696w, https:\/\/i0.wp.com\/pulsecoder.com.mx\/wp-content\/uploads\/2024\/08\/bitstream-gb803c4348_1920.jpg?resize=1068%2C1496&amp;ssl=1 1068w, https:\/\/i0.wp.com\/pulsecoder.com.mx\/wp-content\/uploads\/2024\/08\/bitstream-gb803c4348_1920.jpg?resize=1080%2C1512&amp;ssl=1 1080w, https:\/\/i0.wp.com\/pulsecoder.com.mx\/wp-content\/uploads\/2024\/08\/bitstream-gb803c4348_1920.jpg?w=1371&amp;ssl=1 1371w\" sizes=\"(max-width: 696px) 100vw, 696px\" \/><\/figure>\n\n\n\n<hr class=\"wp-block-separator has-alpha-channel-opacity\">\n\n\n\n<h2 class=\"wp-block-heading\">Cuidado del agua de manera responsable<\/h2>\n\n\n\n<p>Pero la tecnolog\u00eda no lo es todo. A nivel ciudadano, se promovi\u00f3 un uso responsable del agua. Campa\u00f1as educativas hicieron \u00e9nfasis en la importancia de peque\u00f1os gestos, como reducir el tiempo en la ducha o cerrar el grifo mientras uno se lava los dientes. Madrid logr\u00f3 conectar a los habitantes con la realidad del recurso que utilizaban a diario.<\/p>\n\n\n\n<h2 class=\"wp-block-heading\">Mejoras a la infraestructura interna<\/h2>\n\n\n\n<p>Dentro de la ciudad, se realizaron importantes actualizaciones en las tuber\u00edas y el sistema de distribuci\u00f3n de agua. Estas mejoras no solo evitaron p\u00e9rdidas innecesarias, sino que tambi\u00e9n optimizaron el flujo hacia los hogares y negocios. Se pens\u00f3 en cada detalle, desde el reemplazo de materiales antiguos hasta la incorporaci\u00f3n de t\u00e9cnicas m\u00e1s sostenibles en la construcci\u00f3n.<\/p>\n\n\n\n<h2 class=\"wp-block-heading\">Infraestructuras externas <em>\u201clos 13 embalses y el canal de Isabel II<\/em>\u201c<\/h2>\n\n\n\n<p>La columna vertebral del suministro de agua de Madrid radica en su infraestructura externa, especialmente los 13 embalses conectados al Canal de Isabel II. Esta red es un ejemplo de ingenier\u00eda eficiente, asegurando que el agua fluya de manera constante desde las fuentes hasta la ciudad. Sin este sistema, Madrid nunca podr\u00eda haber superado sus problemas h\u00eddricos.<\/p>\n\n\n\n<hr class=\"wp-block-separator has-alpha-channel-opacity\">\n\n\n\n<figure class=\"wp-block-image aligncenter size-large\"><img data-recalc-dims=\"1\" decoding=\"async\" width=\"696\" height=\"392\" src=\"https:\/\/i0.wp.com\/pulsecoder.com.mx\/wp-content\/uploads\/2024\/08\/Canal-Isabel-II.jpg?resize=696%2C392&#038;ssl=1\" alt=\"\" class=\"wp-image-4467\" loading=\"lazy\" srcset=\"https:\/\/i0.wp.com\/pulsecoder.com.mx\/wp-content\/uploads\/2024\/08\/Canal-Isabel-II.jpg?resize=1024%2C576&amp;ssl=1 1024w, https:\/\/i0.wp.com\/pulsecoder.com.mx\/wp-content\/uploads\/2024\/08\/Canal-Isabel-II.jpg?resize=300%2C169&amp;ssl=1 300w, https:\/\/i0.wp.com\/pulsecoder.com.mx\/wp-content\/uploads\/2024\/08\/Canal-Isabel-II.jpg?resize=768%2C432&amp;ssl=1 768w, https:\/\/i0.wp.com\/pulsecoder.com.mx\/wp-content\/uploads\/2024\/08\/Canal-Isabel-II.jpg?resize=696%2C392&amp;ssl=1 696w, https:\/\/i0.wp.com\/pulsecoder.com.mx\/wp-content\/uploads\/2024\/08\/Canal-Isabel-II.jpg?resize=1068%2C601&amp;ssl=1 1068w, https:\/\/i0.wp.com\/pulsecoder.com.mx\/wp-content\/uploads\/2024\/08\/Canal-Isabel-II.jpg?resize=1080%2C608&amp;ssl=1 1080w, https:\/\/i0.wp.com\/pulsecoder.com.mx\/wp-content\/uploads\/2024\/08\/Canal-Isabel-II.jpg?w=1200&amp;ssl=1 1200w\" sizes=\"(max-width: 696px) 100vw, 696px\" \/><\/figure>\n\n\n\n<hr class=\"wp-block-separator has-alpha-channel-opacity\">\n\n\n\n<h2 class=\"wp-block-heading\">Campa\u00f1as con lenguaje directo<\/h2>\n\n\n\n<p>Finalmente, todo esto no habr\u00eda sido posible sin una comunicaci\u00f3n efectiva. Las campa\u00f1as utilizaron un lenguaje directo, sin rodeos, para concienciar a la poblaci\u00f3n. Esos mensajes no eran solo palabras; eran un llamado a la acci\u00f3n que resonaba en la vida diaria de los madrile\u00f1os. Se trataba de involucrar a la gente, de hacerlos sentir parte de la soluci\u00f3n.<\/p>\n\n\n\n<p>En conlusi\u00f3n \u00bfqu\u00e9 podemos aprender de Madrid y su formidable ejemplo para llevarlo a nuestras ciudades y minimizar los efectos que involucran la escasez de agua? <\/p>\n<\/body>","protected":false},"excerpt":{"rendered":"<p>Esa era la pregunta provocadora que adornaba un espectacular en la avenida Ronda de Toledo de Madrid. El Ayuntamiento, en un golpe de genialidad, lanz\u00f3 una campa\u00f1a para promover la cultura del agua y el consumo responsable. La diferencia entre una ducha r\u00e1pida y un ba\u00f1o largo no solo se discut\u00eda en carteles a lo [&hellip;]<\/p>\n","protected":false},"author":6,"featured_media":4462,"comment_status":"open","ping_status":"open","sticky":false,"template":"","format":"standard","meta":{"_et_pb_use_builder":"off","_et_pb_old_content":"","_et_gb_content_width":"","_monsterinsights_skip_tracking":false,"_jetpack_memberships_contains_paid_content":false,"footnotes":""},"categories":[28],"tags":[65,1946,1475,90,1867,69,1947,1566,457,161],"class_list":["post-4456","post","type-post","status-publish","format-standard","has-post-thumbnail","hentry","category-medio-ambiente","tag-cambio-climatico","tag-campana-mediatica","tag-cultura-del-agua","tag-digitalizacion","tag-infraestructuras-del-agua","tag-innovacion","tag-largo-plazo","tag-participacion-ciudadana","tag-proyectos","tag-tecnologia"],"yoast_head":"<!-- This site is optimized with the Yoast SEO plugin v25.5 - https:\/\/yoast.com\/wordpress\/plugins\/seo\/ -->\n<title>\u00bfTe ba\u00f1as o te duchas?<\/title>\n<meta name=\"description\" content=\"\u00bfQu\u00e9 podremos aprender de Madrid y su formidable ejemplo para minimizar los efectos que involucran la escasez de agua?\" \/>\n<meta name=\"robots\" content=\"index, follow, max-snippet:-1, max-image-preview:large, max-video-preview:-1\" \/>\n<link rel=\"canonical\" href=\"https:\/\/pulsecoder.com.mx\/index.php\/2024\/08\/19\/te-banas-o-te-duchas\/\" \/>\n<meta property=\"og:locale\" content=\"es_MX\" \/>\n<meta property=\"og:type\" content=\"article\" \/>\n<meta property=\"og:title\" content=\"\u00bfTe ba\u00f1as o te duchas?\" \/>\n<meta property=\"og:description\" content=\"\u00bfQu\u00e9 podremos aprender de Madrid y su formidable ejemplo para minimizar los efectos que involucran la escasez de agua?\" \/>\n<meta property=\"og:url\" content=\"https:\/\/pulsecoder.com.mx\/index.php\/2024\/08\/19\/te-banas-o-te-duchas\/\" \/>\n<meta property=\"og:site_name\" content=\"Pulsecoder\" \/>\n<meta property=\"article:publisher\" content=\"https:\/\/www.facebook.com\/PulsecoderMx\" \/>\n<meta property=\"article:published_time\" content=\"2024-08-19T16:13:00+00:00\" \/>\n<meta property=\"article:modified_time\" content=\"2024-08-21T04:39:25+00:00\" \/>\n<meta property=\"og:image\" content=\"https:\/\/pulsecoder.com.mx\/wp-content\/uploads\/2024\/08\/Campana-Madrid.jpg\" \/>\n\t<meta property=\"og:image:width\" content=\"1200\" \/>\n\t<meta property=\"og:image:height\" content=\"675\" \/>\n\t<meta property=\"og:image:type\" content=\"image\/jpeg\" \/>\n<meta name=\"author\" content=\"Paula Campos\" \/>\n<meta name=\"twitter:card\" content=\"summary_large_image\" \/>\n<meta name=\"twitter:title\" content=\"\u00bfTe ba\u00f1as o te duchas?\" \/>\n<meta name=\"twitter:description\" content=\"\u00bfQu\u00e9 podremos aprender de Madrid y su formidable ejemplo para minimizar los efectos que involucran la escasez de agua?\" \/>\n<meta name=\"twitter:image\" content=\"https:\/\/i0.wp.com\/pulsecoder.com.mx\/wp-content\/uploads\/2024\/08\/Campana-Madrid.jpg?fit=1200%2C675&ssl=1\" \/>\n<meta name=\"twitter:creator\" content=\"@PulsecoderMx\" \/>\n<meta name=\"twitter:site\" content=\"@PulsecoderMx\" \/>\n<meta name=\"twitter:label1\" content=\"Escrito por\" \/>\n\t<meta name=\"twitter:data1\" content=\"Paula Campos\" \/>\n\t<meta name=\"twitter:label2\" content=\"Tiempo de lectura\" \/>\n\t<meta name=\"twitter:data2\" content=\"3 minutos\" \/>\n<script type=\"application\/ld+json\" class=\"yoast-schema-graph\">{\"@context\":\"https:\/\/schema.org\",\"@graph\":[{\"@type\":\"Article\",\"@id\":\"https:\/\/pulsecoder.com.mx\/index.php\/2024\/08\/19\/te-banas-o-te-duchas\/#article\",\"isPartOf\":{\"@id\":\"https:\/\/pulsecoder.com.mx\/index.php\/2024\/08\/19\/te-banas-o-te-duchas\/\"},\"author\":{\"name\":\"Paula Campos\",\"@id\":\"https:\/\/pulsecoder.com.mx\/#\/schema\/person\/ae96446d3a5965f0028dd5154d8c77b4\"},\"headline\":\"\u00bfTe ba\u00f1as o te duchas?\",\"datePublished\":\"2024-08-19T16:13:00+00:00\",\"dateModified\":\"2024-08-21T04:39:25+00:00\",\"mainEntityOfPage\":{\"@id\":\"https:\/\/pulsecoder.com.mx\/index.php\/2024\/08\/19\/te-banas-o-te-duchas\/\"},\"wordCount\":658,\"commentCount\":0,\"publisher\":{\"@id\":\"https:\/\/pulsecoder.com.mx\/#organization\"},\"image\":{\"@id\":\"https:\/\/pulsecoder.com.mx\/index.php\/2024\/08\/19\/te-banas-o-te-duchas\/#primaryimage\"},\"thumbnailUrl\":\"https:\/\/i0.wp.com\/pulsecoder.com.mx\/wp-content\/uploads\/2024\/08\/Campana-Madrid.jpg?fit=1200%2C675&ssl=1\",\"keywords\":[\"Cambio clim\u00e1tico\",\"Campa\u00f1a Medi\u00e1tica\",\"Cultura del agua\",\"Digitalizaci\u00f3n\",\"Infraestructuras del agua\",\"Innovaci\u00f3n\",\"Largo Plazo\",\"Participaci\u00f3n Ciudadana\",\"Proyectos\",\"Tecnolog\u00eda\"],\"articleSection\":[\"Medio Ambiente\"],\"inLanguage\":\"es\",\"potentialAction\":[{\"@type\":\"CommentAction\",\"name\":\"Comment\",\"target\":[\"https:\/\/pulsecoder.com.mx\/index.php\/2024\/08\/19\/te-banas-o-te-duchas\/#respond\"]}]},{\"@type\":\"WebPage\",\"@id\":\"https:\/\/pulsecoder.com.mx\/index.php\/2024\/08\/19\/te-banas-o-te-duchas\/\",\"url\":\"https:\/\/pulsecoder.com.mx\/index.php\/2024\/08\/19\/te-banas-o-te-duchas\/\",\"name\":\"\u00bfTe ba\u00f1as o te duchas?\",\"isPartOf\":{\"@id\":\"https:\/\/pulsecoder.com.mx\/#website\"},\"primaryImageOfPage\":{\"@id\":\"https:\/\/pulsecoder.com.mx\/index.php\/2024\/08\/19\/te-banas-o-te-duchas\/#primaryimage\"},\"image\":{\"@id\":\"https:\/\/pulsecoder.com.mx\/index.php\/2024\/08\/19\/te-banas-o-te-duchas\/#primaryimage\"},\"thumbnailUrl\":\"https:\/\/i0.wp.com\/pulsecoder.com.mx\/wp-content\/uploads\/2024\/08\/Campana-Madrid.jpg?fit=1200%2C675&ssl=1\",\"datePublished\":\"2024-08-19T16:13:00+00:00\",\"dateModified\":\"2024-08-21T04:39:25+00:00\",\"description\":\"\u00bfQu\u00e9 podremos aprender de Madrid y su formidable ejemplo para minimizar los efectos que involucran la escasez de agua?\",\"inLanguage\":\"es\",\"potentialAction\":[{\"@type\":\"ReadAction\",\"target\":[\"https:\/\/pulsecoder.com.mx\/index.php\/2024\/08\/19\/te-banas-o-te-duchas\/\"]}]},{\"@type\":\"ImageObject\",\"inLanguage\":\"es\",\"@id\":\"https:\/\/pulsecoder.com.mx\/index.php\/2024\/08\/19\/te-banas-o-te-duchas\/#primaryimage\",\"url\":\"https:\/\/i0.wp.com\/pulsecoder.com.mx\/wp-content\/uploads\/2024\/08\/Campana-Madrid.jpg?fit=1200%2C675&ssl=1\",\"contentUrl\":\"https:\/\/i0.wp.com\/pulsecoder.com.mx\/wp-content\/uploads\/2024\/08\/Campana-Madrid.jpg?fit=1200%2C675&ssl=1\",\"width\":1200,\"height\":675},{\"@type\":\"WebSite\",\"@id\":\"https:\/\/pulsecoder.com.mx\/#website\",\"url\":\"https:\/\/pulsecoder.com.mx\/\",\"name\":\"Pulsecoder\",\"description\":\"Revista digital de tecnolog\u00eda, sociedad e Innovaci\u00f3n\",\"publisher\":{\"@id\":\"https:\/\/pulsecoder.com.mx\/#organization\"},\"potentialAction\":[{\"@type\":\"SearchAction\",\"target\":{\"@type\":\"EntryPoint\",\"urlTemplate\":\"https:\/\/pulsecoder.com.mx\/?s={search_term_string}\"},\"query-input\":{\"@type\":\"PropertyValueSpecification\",\"valueRequired\":true,\"valueName\":\"search_term_string\"}}],\"inLanguage\":\"es\"},{\"@type\":\"Organization\",\"@id\":\"https:\/\/pulsecoder.com.mx\/#organization\",\"name\":\"Pulse Coder Mx\",\"url\":\"https:\/\/pulsecoder.com.mx\/\",\"logo\":{\"@type\":\"ImageObject\",\"inLanguage\":\"es\",\"@id\":\"https:\/\/pulsecoder.com.mx\/#\/schema\/logo\/image\/\",\"url\":\"https:\/\/i0.wp.com\/pulsecoder.com.mx\/wp-content\/uploads\/2021\/10\/Web.png?fit=2047%2C1024&ssl=1\",\"contentUrl\":\"https:\/\/i0.wp.com\/pulsecoder.com.mx\/wp-content\/uploads\/2021\/10\/Web.png?fit=2047%2C1024&ssl=1\",\"width\":2047,\"height\":1024,\"caption\":\"Pulse Coder Mx\"},\"image\":{\"@id\":\"https:\/\/pulsecoder.com.mx\/#\/schema\/logo\/image\/\"},\"sameAs\":[\"https:\/\/www.facebook.com\/PulsecoderMx\",\"https:\/\/x.com\/PulsecoderMx\",\"https:\/\/www.instagram.com\/pulsecodermx\/\",\"https:\/\/www.youtube.com\/channel\/UCci7xZRoiIxGpkwEljqfF9A\"]},{\"@type\":\"Person\",\"@id\":\"https:\/\/pulsecoder.com.mx\/#\/schema\/person\/ae96446d3a5965f0028dd5154d8c77b4\",\"name\":\"Paula Campos\",\"image\":{\"@type\":\"ImageObject\",\"inLanguage\":\"es\",\"@id\":\"https:\/\/pulsecoder.com.mx\/#\/schema\/person\/image\/\",\"url\":\"https:\/\/secure.gravatar.com\/avatar\/e1ab72df5f67809d6c753f9b51cc4fa9?s=96&d=mm&r=g\",\"contentUrl\":\"https:\/\/secure.gravatar.com\/avatar\/e1ab72df5f67809d6c753f9b51cc4fa9?s=96&d=mm&r=g\",\"caption\":\"Paula Campos\"},\"description\":\"Cofundadora y Articulista de Pulse Coder. Enfocada en t\u00f3picos sobre el medio ambiente, bienestar y pol\u00edticas ambientales.\",\"url\":\"https:\/\/pulsecoder.com.mx\/index.php\/author\/paula-campos\/\"}]}<\/script>\n<!-- \/ Yoast SEO plugin. -->","yoast_head_json":{"title":"\u00bfTe ba\u00f1as o te duchas?","description":"\u00bfQu\u00e9 podremos aprender de Madrid y su formidable ejemplo para minimizar los efectos que involucran la escasez de agua?","robots":{"index":"index","follow":"follow","max-snippet":"max-snippet:-1","max-image-preview":"max-image-preview:large","max-video-preview":"max-video-preview:-1"},"canonical":"https:\/\/pulsecoder.com.mx\/index.php\/2024\/08\/19\/te-banas-o-te-duchas\/","og_locale":"es_MX","og_type":"article","og_title":"\u00bfTe ba\u00f1as o te duchas?","og_description":"\u00bfQu\u00e9 podremos aprender de Madrid y su formidable ejemplo para minimizar los efectos que involucran la escasez de agua?","og_url":"https:\/\/pulsecoder.com.mx\/index.php\/2024\/08\/19\/te-banas-o-te-duchas\/","og_site_name":"Pulsecoder","article_publisher":"https:\/\/www.facebook.com\/PulsecoderMx","article_published_time":"2024-08-19T16:13:00+00:00","article_modified_time":"2024-08-21T04:39:25+00:00","og_image":[{"width":1200,"height":675,"url":"https:\/\/pulsecoder.com.mx\/wp-content\/uploads\/2024\/08\/Campana-Madrid.jpg","type":"image\/jpeg"}],"author":"Paula Campos","twitter_card":"summary_large_image","twitter_title":"\u00bfTe ba\u00f1as o te duchas?","twitter_description":"\u00bfQu\u00e9 podremos aprender de Madrid y su formidable ejemplo para minimizar los efectos que involucran la escasez de agua?","twitter_image":"https:\/\/i0.wp.com\/pulsecoder.com.mx\/wp-content\/uploads\/2024\/08\/Campana-Madrid.jpg?fit=1200%2C675&ssl=1","twitter_creator":"@PulsecoderMx","twitter_site":"@PulsecoderMx","twitter_misc":{"Escrito por":"Paula Campos","Tiempo de lectura":"3 minutos"},"schema":{"@context":"https:\/\/schema.org","@graph":[{"@type":"Article","@id":"https:\/\/pulsecoder.com.mx\/index.php\/2024\/08\/19\/te-banas-o-te-duchas\/#article","isPartOf":{"@id":"https:\/\/pulsecoder.com.mx\/index.php\/2024\/08\/19\/te-banas-o-te-duchas\/"},"author":{"name":"Paula Campos","@id":"https:\/\/pulsecoder.com.mx\/#\/schema\/person\/ae96446d3a5965f0028dd5154d8c77b4"},"headline":"\u00bfTe ba\u00f1as o te duchas?","datePublished":"2024-08-19T16:13:00+00:00","dateModified":"2024-08-21T04:39:25+00:00","mainEntityOfPage":{"@id":"https:\/\/pulsecoder.com.mx\/index.php\/2024\/08\/19\/te-banas-o-te-duchas\/"},"wordCount":658,"commentCount":0,"publisher":{"@id":"https:\/\/pulsecoder.com.mx\/#organization"},"image":{"@id":"https:\/\/pulsecoder.com.mx\/index.php\/2024\/08\/19\/te-banas-o-te-duchas\/#primaryimage"},"thumbnailUrl":"https:\/\/i0.wp.com\/pulsecoder.com.mx\/wp-content\/uploads\/2024\/08\/Campana-Madrid.jpg?fit=1200%2C675&ssl=1","keywords":["Cambio clim\u00e1tico","Campa\u00f1a Medi\u00e1tica","Cultura del agua","Digitalizaci\u00f3n","Infraestructuras del agua","Innovaci\u00f3n","Largo Plazo","Participaci\u00f3n Ciudadana","Proyectos","Tecnolog\u00eda"],"articleSection":["Medio Ambiente"],"inLanguage":"es","potentialAction":[{"@type":"CommentAction","name":"Comment","target":["https:\/\/pulsecoder.com.mx\/index.php\/2024\/08\/19\/te-banas-o-te-duchas\/#respond"]}]},{"@type":"WebPage","@id":"https:\/\/pulsecoder.com.mx\/index.php\/2024\/08\/19\/te-banas-o-te-duchas\/","url":"https:\/\/pulsecoder.com.mx\/index.php\/2024\/08\/19\/te-banas-o-te-duchas\/","name":"\u00bfTe ba\u00f1as o te duchas?","isPartOf":{"@id":"https:\/\/pulsecoder.com.mx\/#website"},"primaryImageOfPage":{"@id":"https:\/\/pulsecoder.com.mx\/index.php\/2024\/08\/19\/te-banas-o-te-duchas\/#primaryimage"},"image":{"@id":"https:\/\/pulsecoder.com.mx\/index.php\/2024\/08\/19\/te-banas-o-te-duchas\/#primaryimage"},"thumbnailUrl":"https:\/\/i0.wp.com\/pulsecoder.com.mx\/wp-content\/uploads\/2024\/08\/Campana-Madrid.jpg?fit=1200%2C675&ssl=1","datePublished":"2024-08-19T16:13:00+00:00","dateModified":"2024-08-21T04:39:25+00:00","description":"\u00bfQu\u00e9 podremos aprender de Madrid y su formidable ejemplo para minimizar los efectos que involucran la escasez de agua?","inLanguage":"es","potentialAction":[{"@type":"ReadAction","target":["https:\/\/pulsecoder.com.mx\/index.php\/2024\/08\/19\/te-banas-o-te-duchas\/"]}]},{"@type":"ImageObject","inLanguage":"es","@id":"https:\/\/pulsecoder.com.mx\/index.php\/2024\/08\/19\/te-banas-o-te-duchas\/#primaryimage","url":"https:\/\/i0.wp.com\/pulsecoder.com.mx\/wp-content\/uploads\/2024\/08\/Campana-Madrid.jpg?fit=1200%2C675&ssl=1","contentUrl":"https:\/\/i0.wp.com\/pulsecoder.com.mx\/wp-content\/uploads\/2024\/08\/Campana-Madrid.jpg?fit=1200%2C675&ssl=1","width":1200,"height":675},{"@type":"WebSite","@id":"https:\/\/pulsecoder.com.mx\/#website","url":"https:\/\/pulsecoder.com.mx\/","name":"Pulsecoder","description":"Revista digital de tecnolog\u00eda, sociedad e Innovaci\u00f3n","publisher":{"@id":"https:\/\/pulsecoder.com.mx\/#organization"},"potentialAction":[{"@type":"SearchAction","target":{"@type":"EntryPoint","urlTemplate":"https:\/\/pulsecoder.com.mx\/?s={search_term_string}"},"query-input":{"@type":"PropertyValueSpecification","valueRequired":true,"valueName":"search_term_string"}}],"inLanguage":"es"},{"@type":"Organization","@id":"https:\/\/pulsecoder.com.mx\/#organization","name":"Pulse Coder Mx","url":"https:\/\/pulsecoder.com.mx\/","logo":{"@type":"ImageObject","inLanguage":"es","@id":"https:\/\/pulsecoder.com.mx\/#\/schema\/logo\/image\/","url":"https:\/\/i0.wp.com\/pulsecoder.com.mx\/wp-content\/uploads\/2021\/10\/Web.png?fit=2047%2C1024&ssl=1","contentUrl":"https:\/\/i0.wp.com\/pulsecoder.com.mx\/wp-content\/uploads\/2021\/10\/Web.png?fit=2047%2C1024&ssl=1","width":2047,"height":1024,"caption":"Pulse Coder Mx"},"image":{"@id":"https:\/\/pulsecoder.com.mx\/#\/schema\/logo\/image\/"},"sameAs":["https:\/\/www.facebook.com\/PulsecoderMx","https:\/\/x.com\/PulsecoderMx","https:\/\/www.instagram.com\/pulsecodermx\/","https:\/\/www.youtube.com\/channel\/UCci7xZRoiIxGpkwEljqfF9A"]},{"@type":"Person","@id":"https:\/\/pulsecoder.com.mx\/#\/schema\/person\/ae96446d3a5965f0028dd5154d8c77b4","name":"Paula Campos","image":{"@type":"ImageObject","inLanguage":"es","@id":"https:\/\/pulsecoder.com.mx\/#\/schema\/person\/image\/","url":"https:\/\/secure.gravatar.com\/avatar\/e1ab72df5f67809d6c753f9b51cc4fa9?s=96&d=mm&r=g","contentUrl":"https:\/\/secure.gravatar.com\/avatar\/e1ab72df5f67809d6c753f9b51cc4fa9?s=96&d=mm&r=g","caption":"Paula Campos"},"description":"Cofundadora y Articulista de Pulse Coder. Enfocada en t\u00f3picos sobre el medio ambiente, bienestar y pol\u00edticas ambientales.","url":"https:\/\/pulsecoder.com.mx\/index.php\/author\/paula-campos\/"}]}},"jetpack_featured_media_url":"https:\/\/i0.wp.com\/pulsecoder.com.mx\/wp-content\/uploads\/2024\/08\/Campana-Madrid.jpg?fit=1200%2C675&ssl=1","jetpack_sharing_enabled":true,"amp_enabled":true,"_links":{"self":[{"href":"https:\/\/pulsecoder.com.mx\/index.php\/wp-json\/wp\/v2\/posts\/4456"}],"collection":[{"href":"https:\/\/pulsecoder.com.mx\/index.php\/wp-json\/wp\/v2\/posts"}],"about":[{"href":"https:\/\/pulsecoder.com.mx\/index.php\/wp-json\/wp\/v2\/types\/post"}],"author":[{"embeddable":true,"href":"https:\/\/pulsecoder.com.mx\/index.php\/wp-json\/wp\/v2\/users\/6"}],"replies":[{"embeddable":true,"href":"https:\/\/pulsecoder.com.mx\/index.php\/wp-json\/wp\/v2\/comments?post=4456"}],"version-history":[{"count":5,"href":"https:\/\/pulsecoder.com.mx\/index.php\/wp-json\/wp\/v2\/posts\/4456\/revisions"}],"predecessor-version":[{"id":4472,"href":"https:\/\/pulsecoder.com.mx\/index.php\/wp-json\/wp\/v2\/posts\/4456\/revisions\/4472"}],"wp:featuredmedia":[{"embeddable":true,"href":"https:\/\/pulsecoder.com.mx\/index.php\/wp-json\/wp\/v2\/media\/4462"}],"wp:attachment":[{"href":"https:\/\/pulsecoder.com.mx\/index.php\/wp-json\/wp\/v2\/media?parent=4456"}],"wp:term":[{"taxonomy":"category","embeddable":true,"href":"https:\/\/pulsecoder.com.mx\/index.php\/wp-json\/wp\/v2\/categories?post=4456"},{"taxonomy":"post_tag","embeddable":true,"href":"https:\/\/pulsecoder.com.mx\/index.php\/wp-json\/wp\/v2\/tags?post=4456"}],"curies":[{"name":"wp","href":"https:\/\/api.w.org\/{rel}","templated":true}]}}