{"id":4502,"date":"2024-08-25T14:44:55","date_gmt":"2024-08-25T20:44:55","guid":{"rendered":"https:\/\/pulsecoder.com.mx\/?p=4502"},"modified":"2024-10-14T15:39:17","modified_gmt":"2024-10-14T21:39:17","slug":"sheinbaum-y-el-desafio-del-futuro-enfrentando-la-crisis-climatica","status":"publish","type":"post","link":"https:\/\/pulsecoder.com.mx\/index.php\/2024\/08\/25\/sheinbaum-y-el-desafio-del-futuro-enfrentando-la-crisis-climatica\/","title":{"rendered":"Sheinbaum y el desaf\u00edo del futuro: enfrentando la crisis clim\u00e1tica"},"content":{"rendered":"<body>\n<p>Desde el pasado junio, tras la mayor elecci\u00f3n presidencial en la historia, <strong>Claudia Sheinbaum<\/strong>, quien ser\u00e1 la primera mujer en presidir a M\u00e9xico en 200 a\u00f1os, anunci\u00f3 los nombres de destacados hombres y destacadas mujeres quienes conformar\u00e1n el gabinete para la pr\u00f3xima administraci\u00f3n.<\/p>\n\n\n\n<p>Durante las semanas siguientes, Sheinbaum nombr\u00f3 a personajes esenciales que tienen, adem\u00e1s del honor de representar al pueblo de M\u00e9xico, uno de los mayores retos hacia el futuro: <strong>la amenaza clim\u00e1tica y ambiental que afecta a nuestro territorio.<\/strong><\/p>\n\n\n\n<p>La pr\u00f3xima presidenta de la naci\u00f3n planea redise\u00f1ar los marcos institucionales de las dependencias gubernamentales no solo para mejorar su eficiencia, sino tambi\u00e9n, para alinearlas con una visi\u00f3n de futuro donde la ciencia y la pol\u00edtica trabajen en sinergia para enfrentar desaf\u00edos del cambio clim\u00e1tico.<\/p>\n\n\n\n<p>Siendo una experta f\u00edsica, doctora en energ\u00eda y en temas trascendentales sobre el cambio clim\u00e1tico, es de esperarse que <strong>Sheinbaum<\/strong> tenga un as bajo la manga, es decir, uno de los pilares de su administraci\u00f3n para los pr\u00f3ximos seis a\u00f1os podr\u00eda ser la creaci\u00f3n de una secretar\u00eda dedicada a aminorar los impactos del cambio clim\u00e1tico en nuestro territorio, abordando los marcos de comprensi\u00f3n de la complejidad actual en el espectro social y su dependencia en el entorno medioambiental.<\/p>\n\n\n\n<p>Lo que es claro es la filosof\u00eda prioritaria de la tarea social donde la pol\u00edtica p\u00fablica est\u00e1 dirigida a mejorar la vida de todos. En este sentido, se habla de un estado de bienestar como objetivo fundamental.<\/p>\n\n\n\n<h2 class=\"wp-block-heading\">Macro vs. Micro: <strong>la importancia de la acci\u00f3n micro en la ciencias de la complejidad<\/strong><\/h2>\n\n\n\n<p>Pero m\u00e1s all\u00e1 del dise\u00f1o de un plan maestro, la comprensi\u00f3n de los fen\u00f3menos macro no tendr\u00eda \u00e9xito si se excluyen de la ecuaci\u00f3n las acciones micro.<\/p>\n\n\n\n<p>De tal dimensi\u00f3n son los retos futuros, que la visi\u00f3n para enfrentarlos tendr\u00e1 que pasar por la creaci\u00f3n de grupos multidisciplinarios regionales (m\u00e1s all\u00e1 de Pronabes), los cuales podr\u00edan ser ben\u00e9ficos para sus localidades y regiones.<\/p>\n\n\n\n<p>Esto ayudar\u00eda a ensamblar los objetivos propuestos de los marcos te\u00f3ricos y la misi\u00f3n en general. \u00a0\u00a0<\/p>\n\n\n\n<p><strong>Macro vs. Micro en las Ciencias de la Complejidad:<\/strong><\/p>\n\n\n\n<ul class=\"wp-block-list\">\n<li><strong>Macro:<\/strong> La comprensi\u00f3n de las variables  f\u00edsicas y fen\u00f3menos sociales, econ\u00f3micos y ambientales, que originan la escasez h\u00eddrica y que afecta la vida de millones de personas, las especies y ecosistemas<\/li>\n\n\n\n<li><strong>Micro:<\/strong> La eficiencia de uso del agua, de su distribuci\u00f3n y m\u00faltiples infraestructuras tales como las redes hidr\u00e1ulicas subterr\u00e1neas o modelos h\u00edbridos que minimizen el desperdicio de agua por fugas.<\/li>\n\n\n\n<li><strong>Macro:<\/strong> La reglamentaci\u00f3n que regula las concesiones de agua en las cuencas, esencial para proteger los recursos h\u00eddricos a nivel nacional.  <\/li>\n\n\n\n<li><strong>Micro:<\/strong> La implementaci\u00f3n de tecnolog\u00edas de monitoreo, purificaci\u00f3n y distribuci\u00f3n de agua en comunidades rurales, asegurando el acceso equitativo al agua potable.<\/li>\n\n\n\n<li><strong>Macro:<\/strong> La obra p\u00fablica para mejorar la movilidad y las infraestructuras del transporte.<\/li>\n\n\n\n<li><strong>Micro:<\/strong> Las adecuaciones de eficiencia y log\u00edstica que permiten una circulaci\u00f3n fluida del transporte<\/li>\n\n\n\n<li><strong>Macro:<\/strong> El entendimiento de los patrones de lluvia sobre las monta\u00f1as de M\u00e9xico.<\/li>\n\n\n\n<li><strong>Micro:<\/strong> El conocimiento de los afluentes de escurrimiento, paisajes de retenci\u00f3n y ampliaci\u00f3n de los flujos de agua <\/li>\n\n\n\n<li><strong>Macro:<\/strong> La concepci\u00f3n de las ciudades del siglo XX pensadas para el autom\u00f3vil.<\/li>\n\n\n\n<li><strong>Micro:<\/strong> La comprensi\u00f3n de las fallas de dise\u00f1o de estas ciudades en un contexto actual del cambio clim\u00e1tico.<\/li>\n\n\n\n<li><strong>Macro:<\/strong> Las inversiones extranjeras.<\/li>\n\n\n\n<li><strong>Micro:<\/strong> El fortalecimiento del mercado interno.<br><\/li>\n<\/ul>\n\n\n\n<hr class=\"wp-block-separator has-alpha-channel-opacity\">\n\n\n\n<p>Estos ejemplos ilustran la necesidad de articular las secretar\u00edas, dependencias u organizaciones especializadas, de manera que logren una integraci\u00f3n transversal con el objetivo de resolver problemas de manera efectiva.<\/p>\n\n\n\n<p>La administraci\u00f3n de <strong>Claudia Sheinbaum<\/strong> se enfrenta a una oportunidad \u00fanica: transformar a M\u00e9xico en un referente de sostenibilidad y resiliencia, donde las pol\u00edticas macro y micro se entrelacen para construir un futuro equitativo y ambientalmente responsable.<\/p>\n\n\n\n<p><\/p>\n<\/body>","protected":false},"excerpt":{"rendered":"<p>Desde el pasado junio, tras la mayor elecci\u00f3n presidencial en la historia, Claudia Sheinbaum, quien ser\u00e1 la primera mujer en presidir a M\u00e9xico en 200 a\u00f1os, anunci\u00f3 los nombres de destacados hombres y destacadas mujeres quienes conformar\u00e1n el gabinete para la pr\u00f3xima administraci\u00f3n. Durante las semanas siguientes, Sheinbaum nombr\u00f3 a personajes esenciales que tienen, adem\u00e1s [&hellip;]<\/p>\n","protected":false},"author":6,"featured_media":4503,"comment_status":"open","ping_status":"open","sticky":false,"template":"","format":"standard","meta":{"_et_pb_use_builder":"off","_et_pb_old_content":"","_et_gb_content_width":"","_monsterinsights_skip_tracking":false,"_jetpack_memberships_contains_paid_content":false,"footnotes":""},"categories":[28],"tags":[65,169,937,90,101,352,789,842,1967,1965,69,1960,1968,161],"class_list":["post-4502","post","type-post","status-publish","format-standard","has-post-thumbnail","hentry","category-medio-ambiente","tag-cambio-climatico","tag-ciencia","tag-ciencias-de-la-complejidad","tag-digitalizacion","tag-emisiones","tag-energia","tag-equipo","tag-futuro","tag-gabinete","tag-grupos-multidisciplinarios","tag-innovacion","tag-mexico-2","tag-presidenta","tag-tecnologia"],"yoast_head":"<!-- This site is optimized with the Yoast SEO plugin v25.5 - https:\/\/yoast.com\/wordpress\/plugins\/seo\/ -->\n<title>Sheinbaum y el desaf\u00edo del futuro: enfrentando la crisis clim\u00e1tica<\/title>\n<meta name=\"description\" content=\"La administraci\u00f3n de Sheinbaum se enfrenta a una oportunidad \u00fanica: transformar a M\u00e9xico en un referente de sostenibilidad y resiliencia\" \/>\n<meta name=\"robots\" content=\"index, follow, max-snippet:-1, max-image-preview:large, max-video-preview:-1\" \/>\n<link rel=\"canonical\" href=\"https:\/\/pulsecoder.com.mx\/index.php\/2024\/08\/25\/sheinbaum-y-el-desafio-del-futuro-enfrentando-la-crisis-climatica\/\" \/>\n<meta property=\"og:locale\" content=\"es_MX\" \/>\n<meta property=\"og:type\" content=\"article\" \/>\n<meta property=\"og:title\" content=\"Sheinbaum y el Desaf\u00edo del Futuro: Enfrentando la Crisis Clim\u00e1tica\" \/>\n<meta property=\"og:description\" content=\"La administraci\u00f3n de Sheinbaum se enfrenta a una oportunidad \u00fanica: transformar a M\u00e9xico en un referente de sostenibilidad y resiliencia\" \/>\n<meta property=\"og:url\" content=\"https:\/\/pulsecoder.com.mx\/index.php\/2024\/08\/25\/sheinbaum-y-el-desafio-del-futuro-enfrentando-la-crisis-climatica\/\" \/>\n<meta property=\"og:site_name\" content=\"Pulsecoder\" \/>\n<meta property=\"article:publisher\" content=\"https:\/\/www.facebook.com\/PulsecoderMx\" \/>\n<meta property=\"article:published_time\" content=\"2024-08-25T20:44:55+00:00\" \/>\n<meta property=\"article:modified_time\" content=\"2024-10-14T21:39:17+00:00\" \/>\n<meta property=\"og:image\" content=\"https:\/\/pulsecoder.com.mx\/wp-content\/uploads\/2024\/08\/Sheinbaum_Final.jpg\" \/>\n\t<meta property=\"og:image:width\" content=\"1200\" \/>\n\t<meta property=\"og:image:height\" content=\"675\" \/>\n\t<meta property=\"og:image:type\" content=\"image\/jpeg\" \/>\n<meta name=\"author\" content=\"Paula Campos\" \/>\n<meta name=\"twitter:card\" content=\"summary_large_image\" \/>\n<meta name=\"twitter:title\" content=\"Sheinbaum y el Desaf\u00edo del Futuro: Enfrentando la Crisis Clim\u00e1tica\" \/>\n<meta name=\"twitter:description\" content=\"La administraci\u00f3n de Sheinbaum se enfrenta a una oportunidad \u00fanica: transformar a M\u00e9xico en un referente de sostenibilidad y resiliencia\" \/>\n<meta name=\"twitter:image\" content=\"https:\/\/i0.wp.com\/pulsecoder.com.mx\/wp-content\/uploads\/2024\/08\/Sheinbaum_Final.jpg?fit=1200%2C675&ssl=1\" \/>\n<meta name=\"twitter:creator\" content=\"@PulsecoderMx\" \/>\n<meta name=\"twitter:site\" content=\"@PulsecoderMx\" \/>\n<meta name=\"twitter:label1\" content=\"Escrito por\" \/>\n\t<meta name=\"twitter:data1\" content=\"Paula Campos\" \/>\n\t<meta name=\"twitter:label2\" content=\"Tiempo de lectura\" \/>\n\t<meta name=\"twitter:data2\" content=\"4 minutos\" \/>\n<script type=\"application\/ld+json\" class=\"yoast-schema-graph\">{\"@context\":\"https:\/\/schema.org\",\"@graph\":[{\"@type\":\"Article\",\"@id\":\"https:\/\/pulsecoder.com.mx\/index.php\/2024\/08\/25\/sheinbaum-y-el-desafio-del-futuro-enfrentando-la-crisis-climatica\/#article\",\"isPartOf\":{\"@id\":\"https:\/\/pulsecoder.com.mx\/index.php\/2024\/08\/25\/sheinbaum-y-el-desafio-del-futuro-enfrentando-la-crisis-climatica\/\"},\"author\":{\"name\":\"Paula Campos\",\"@id\":\"https:\/\/pulsecoder.com.mx\/#\/schema\/person\/ae96446d3a5965f0028dd5154d8c77b4\"},\"headline\":\"Sheinbaum y el desaf\u00edo del futuro: enfrentando la crisis clim\u00e1tica\",\"datePublished\":\"2024-08-25T20:44:55+00:00\",\"dateModified\":\"2024-10-14T21:39:17+00:00\",\"mainEntityOfPage\":{\"@id\":\"https:\/\/pulsecoder.com.mx\/index.php\/2024\/08\/25\/sheinbaum-y-el-desafio-del-futuro-enfrentando-la-crisis-climatica\/\"},\"wordCount\":706,\"commentCount\":0,\"publisher\":{\"@id\":\"https:\/\/pulsecoder.com.mx\/#organization\"},\"image\":{\"@id\":\"https:\/\/pulsecoder.com.mx\/index.php\/2024\/08\/25\/sheinbaum-y-el-desafio-del-futuro-enfrentando-la-crisis-climatica\/#primaryimage\"},\"thumbnailUrl\":\"https:\/\/i0.wp.com\/pulsecoder.com.mx\/wp-content\/uploads\/2024\/08\/Sheinbaum_Final.jpg?fit=1200%2C675&ssl=1\",\"keywords\":[\"Cambio clim\u00e1tico\",\"Ciencia\",\"Ciencias de la Complejidad\",\"Digitalizaci\u00f3n\",\"Emisiones\",\"Energ\u00eda\",\"Equipo\",\"Futuro\",\"Gabinete\",\"Grupos Multidisciplinarios\",\"Innovaci\u00f3n\",\"M\u00e9xico\",\"Presidenta\",\"Tecnolog\u00eda\"],\"articleSection\":[\"Medio Ambiente\"],\"inLanguage\":\"es\",\"potentialAction\":[{\"@type\":\"CommentAction\",\"name\":\"Comment\",\"target\":[\"https:\/\/pulsecoder.com.mx\/index.php\/2024\/08\/25\/sheinbaum-y-el-desafio-del-futuro-enfrentando-la-crisis-climatica\/#respond\"]}]},{\"@type\":\"WebPage\",\"@id\":\"https:\/\/pulsecoder.com.mx\/index.php\/2024\/08\/25\/sheinbaum-y-el-desafio-del-futuro-enfrentando-la-crisis-climatica\/\",\"url\":\"https:\/\/pulsecoder.com.mx\/index.php\/2024\/08\/25\/sheinbaum-y-el-desafio-del-futuro-enfrentando-la-crisis-climatica\/\",\"name\":\"Sheinbaum y el desaf\u00edo del futuro: enfrentando la crisis clim\u00e1tica\",\"isPartOf\":{\"@id\":\"https:\/\/pulsecoder.com.mx\/#website\"},\"primaryImageOfPage\":{\"@id\":\"https:\/\/pulsecoder.com.mx\/index.php\/2024\/08\/25\/sheinbaum-y-el-desafio-del-futuro-enfrentando-la-crisis-climatica\/#primaryimage\"},\"image\":{\"@id\":\"https:\/\/pulsecoder.com.mx\/index.php\/2024\/08\/25\/sheinbaum-y-el-desafio-del-futuro-enfrentando-la-crisis-climatica\/#primaryimage\"},\"thumbnailUrl\":\"https:\/\/i0.wp.com\/pulsecoder.com.mx\/wp-content\/uploads\/2024\/08\/Sheinbaum_Final.jpg?fit=1200%2C675&ssl=1\",\"datePublished\":\"2024-08-25T20:44:55+00:00\",\"dateModified\":\"2024-10-14T21:39:17+00:00\",\"description\":\"La administraci\u00f3n de Sheinbaum se enfrenta a una oportunidad \u00fanica: transformar a M\u00e9xico en un referente de sostenibilidad y resiliencia\",\"inLanguage\":\"es\",\"potentialAction\":[{\"@type\":\"ReadAction\",\"target\":[\"https:\/\/pulsecoder.com.mx\/index.php\/2024\/08\/25\/sheinbaum-y-el-desafio-del-futuro-enfrentando-la-crisis-climatica\/\"]}]},{\"@type\":\"ImageObject\",\"inLanguage\":\"es\",\"@id\":\"https:\/\/pulsecoder.com.mx\/index.php\/2024\/08\/25\/sheinbaum-y-el-desafio-del-futuro-enfrentando-la-crisis-climatica\/#primaryimage\",\"url\":\"https:\/\/i0.wp.com\/pulsecoder.com.mx\/wp-content\/uploads\/2024\/08\/Sheinbaum_Final.jpg?fit=1200%2C675&ssl=1\",\"contentUrl\":\"https:\/\/i0.wp.com\/pulsecoder.com.mx\/wp-content\/uploads\/2024\/08\/Sheinbaum_Final.jpg?fit=1200%2C675&ssl=1\",\"width\":1200,\"height\":675},{\"@type\":\"WebSite\",\"@id\":\"https:\/\/pulsecoder.com.mx\/#website\",\"url\":\"https:\/\/pulsecoder.com.mx\/\",\"name\":\"Pulsecoder\",\"description\":\"Revista digital de tecnolog\u00eda, sociedad e Innovaci\u00f3n\",\"publisher\":{\"@id\":\"https:\/\/pulsecoder.com.mx\/#organization\"},\"potentialAction\":[{\"@type\":\"SearchAction\",\"target\":{\"@type\":\"EntryPoint\",\"urlTemplate\":\"https:\/\/pulsecoder.com.mx\/?s={search_term_string}\"},\"query-input\":{\"@type\":\"PropertyValueSpecification\",\"valueRequired\":true,\"valueName\":\"search_term_string\"}}],\"inLanguage\":\"es\"},{\"@type\":\"Organization\",\"@id\":\"https:\/\/pulsecoder.com.mx\/#organization\",\"name\":\"Pulse Coder Mx\",\"url\":\"https:\/\/pulsecoder.com.mx\/\",\"logo\":{\"@type\":\"ImageObject\",\"inLanguage\":\"es\",\"@id\":\"https:\/\/pulsecoder.com.mx\/#\/schema\/logo\/image\/\",\"url\":\"https:\/\/i0.wp.com\/pulsecoder.com.mx\/wp-content\/uploads\/2021\/10\/Web.png?fit=2047%2C1024&ssl=1\",\"contentUrl\":\"https:\/\/i0.wp.com\/pulsecoder.com.mx\/wp-content\/uploads\/2021\/10\/Web.png?fit=2047%2C1024&ssl=1\",\"width\":2047,\"height\":1024,\"caption\":\"Pulse Coder Mx\"},\"image\":{\"@id\":\"https:\/\/pulsecoder.com.mx\/#\/schema\/logo\/image\/\"},\"sameAs\":[\"https:\/\/www.facebook.com\/PulsecoderMx\",\"https:\/\/x.com\/PulsecoderMx\",\"https:\/\/www.instagram.com\/pulsecodermx\/\",\"https:\/\/www.youtube.com\/channel\/UCci7xZRoiIxGpkwEljqfF9A\"]},{\"@type\":\"Person\",\"@id\":\"https:\/\/pulsecoder.com.mx\/#\/schema\/person\/ae96446d3a5965f0028dd5154d8c77b4\",\"name\":\"Paula Campos\",\"image\":{\"@type\":\"ImageObject\",\"inLanguage\":\"es\",\"@id\":\"https:\/\/pulsecoder.com.mx\/#\/schema\/person\/image\/\",\"url\":\"https:\/\/secure.gravatar.com\/avatar\/e1ab72df5f67809d6c753f9b51cc4fa9?s=96&d=mm&r=g\",\"contentUrl\":\"https:\/\/secure.gravatar.com\/avatar\/e1ab72df5f67809d6c753f9b51cc4fa9?s=96&d=mm&r=g\",\"caption\":\"Paula Campos\"},\"description\":\"Cofundadora y Articulista de Pulse Coder. Enfocada en t\u00f3picos sobre el medio ambiente, bienestar y pol\u00edticas ambientales.\",\"url\":\"https:\/\/pulsecoder.com.mx\/index.php\/author\/paula-campos\/\"}]}<\/script>\n<!-- \/ Yoast SEO plugin. -->","yoast_head_json":{"title":"Sheinbaum y el desaf\u00edo del futuro: enfrentando la crisis clim\u00e1tica","description":"La administraci\u00f3n de Sheinbaum se enfrenta a una oportunidad \u00fanica: transformar a M\u00e9xico en un referente de sostenibilidad y resiliencia","robots":{"index":"index","follow":"follow","max-snippet":"max-snippet:-1","max-image-preview":"max-image-preview:large","max-video-preview":"max-video-preview:-1"},"canonical":"https:\/\/pulsecoder.com.mx\/index.php\/2024\/08\/25\/sheinbaum-y-el-desafio-del-futuro-enfrentando-la-crisis-climatica\/","og_locale":"es_MX","og_type":"article","og_title":"Sheinbaum y el Desaf\u00edo del Futuro: Enfrentando la Crisis Clim\u00e1tica","og_description":"La administraci\u00f3n de Sheinbaum se enfrenta a una oportunidad \u00fanica: transformar a M\u00e9xico en un referente de sostenibilidad y resiliencia","og_url":"https:\/\/pulsecoder.com.mx\/index.php\/2024\/08\/25\/sheinbaum-y-el-desafio-del-futuro-enfrentando-la-crisis-climatica\/","og_site_name":"Pulsecoder","article_publisher":"https:\/\/www.facebook.com\/PulsecoderMx","article_published_time":"2024-08-25T20:44:55+00:00","article_modified_time":"2024-10-14T21:39:17+00:00","og_image":[{"width":1200,"height":675,"url":"https:\/\/pulsecoder.com.mx\/wp-content\/uploads\/2024\/08\/Sheinbaum_Final.jpg","type":"image\/jpeg"}],"author":"Paula Campos","twitter_card":"summary_large_image","twitter_title":"Sheinbaum y el Desaf\u00edo del Futuro: Enfrentando la Crisis Clim\u00e1tica","twitter_description":"La administraci\u00f3n de Sheinbaum se enfrenta a una oportunidad \u00fanica: transformar a M\u00e9xico en un referente de sostenibilidad y resiliencia","twitter_image":"https:\/\/i0.wp.com\/pulsecoder.com.mx\/wp-content\/uploads\/2024\/08\/Sheinbaum_Final.jpg?fit=1200%2C675&ssl=1","twitter_creator":"@PulsecoderMx","twitter_site":"@PulsecoderMx","twitter_misc":{"Escrito por":"Paula Campos","Tiempo de lectura":"4 minutos"},"schema":{"@context":"https:\/\/schema.org","@graph":[{"@type":"Article","@id":"https:\/\/pulsecoder.com.mx\/index.php\/2024\/08\/25\/sheinbaum-y-el-desafio-del-futuro-enfrentando-la-crisis-climatica\/#article","isPartOf":{"@id":"https:\/\/pulsecoder.com.mx\/index.php\/2024\/08\/25\/sheinbaum-y-el-desafio-del-futuro-enfrentando-la-crisis-climatica\/"},"author":{"name":"Paula Campos","@id":"https:\/\/pulsecoder.com.mx\/#\/schema\/person\/ae96446d3a5965f0028dd5154d8c77b4"},"headline":"Sheinbaum y el desaf\u00edo del futuro: enfrentando la crisis clim\u00e1tica","datePublished":"2024-08-25T20:44:55+00:00","dateModified":"2024-10-14T21:39:17+00:00","mainEntityOfPage":{"@id":"https:\/\/pulsecoder.com.mx\/index.php\/2024\/08\/25\/sheinbaum-y-el-desafio-del-futuro-enfrentando-la-crisis-climatica\/"},"wordCount":706,"commentCount":0,"publisher":{"@id":"https:\/\/pulsecoder.com.mx\/#organization"},"image":{"@id":"https:\/\/pulsecoder.com.mx\/index.php\/2024\/08\/25\/sheinbaum-y-el-desafio-del-futuro-enfrentando-la-crisis-climatica\/#primaryimage"},"thumbnailUrl":"https:\/\/i0.wp.com\/pulsecoder.com.mx\/wp-content\/uploads\/2024\/08\/Sheinbaum_Final.jpg?fit=1200%2C675&ssl=1","keywords":["Cambio clim\u00e1tico","Ciencia","Ciencias de la Complejidad","Digitalizaci\u00f3n","Emisiones","Energ\u00eda","Equipo","Futuro","Gabinete","Grupos Multidisciplinarios","Innovaci\u00f3n","M\u00e9xico","Presidenta","Tecnolog\u00eda"],"articleSection":["Medio Ambiente"],"inLanguage":"es","potentialAction":[{"@type":"CommentAction","name":"Comment","target":["https:\/\/pulsecoder.com.mx\/index.php\/2024\/08\/25\/sheinbaum-y-el-desafio-del-futuro-enfrentando-la-crisis-climatica\/#respond"]}]},{"@type":"WebPage","@id":"https:\/\/pulsecoder.com.mx\/index.php\/2024\/08\/25\/sheinbaum-y-el-desafio-del-futuro-enfrentando-la-crisis-climatica\/","url":"https:\/\/pulsecoder.com.mx\/index.php\/2024\/08\/25\/sheinbaum-y-el-desafio-del-futuro-enfrentando-la-crisis-climatica\/","name":"Sheinbaum y el desaf\u00edo del futuro: enfrentando la crisis clim\u00e1tica","isPartOf":{"@id":"https:\/\/pulsecoder.com.mx\/#website"},"primaryImageOfPage":{"@id":"https:\/\/pulsecoder.com.mx\/index.php\/2024\/08\/25\/sheinbaum-y-el-desafio-del-futuro-enfrentando-la-crisis-climatica\/#primaryimage"},"image":{"@id":"https:\/\/pulsecoder.com.mx\/index.php\/2024\/08\/25\/sheinbaum-y-el-desafio-del-futuro-enfrentando-la-crisis-climatica\/#primaryimage"},"thumbnailUrl":"https:\/\/i0.wp.com\/pulsecoder.com.mx\/wp-content\/uploads\/2024\/08\/Sheinbaum_Final.jpg?fit=1200%2C675&ssl=1","datePublished":"2024-08-25T20:44:55+00:00","dateModified":"2024-10-14T21:39:17+00:00","description":"La administraci\u00f3n de Sheinbaum se enfrenta a una oportunidad \u00fanica: transformar a M\u00e9xico en un referente de sostenibilidad y resiliencia","inLanguage":"es","potentialAction":[{"@type":"ReadAction","target":["https:\/\/pulsecoder.com.mx\/index.php\/2024\/08\/25\/sheinbaum-y-el-desafio-del-futuro-enfrentando-la-crisis-climatica\/"]}]},{"@type":"ImageObject","inLanguage":"es","@id":"https:\/\/pulsecoder.com.mx\/index.php\/2024\/08\/25\/sheinbaum-y-el-desafio-del-futuro-enfrentando-la-crisis-climatica\/#primaryimage","url":"https:\/\/i0.wp.com\/pulsecoder.com.mx\/wp-content\/uploads\/2024\/08\/Sheinbaum_Final.jpg?fit=1200%2C675&ssl=1","contentUrl":"https:\/\/i0.wp.com\/pulsecoder.com.mx\/wp-content\/uploads\/2024\/08\/Sheinbaum_Final.jpg?fit=1200%2C675&ssl=1","width":1200,"height":675},{"@type":"WebSite","@id":"https:\/\/pulsecoder.com.mx\/#website","url":"https:\/\/pulsecoder.com.mx\/","name":"Pulsecoder","description":"Revista digital de tecnolog\u00eda, sociedad e Innovaci\u00f3n","publisher":{"@id":"https:\/\/pulsecoder.com.mx\/#organization"},"potentialAction":[{"@type":"SearchAction","target":{"@type":"EntryPoint","urlTemplate":"https:\/\/pulsecoder.com.mx\/?s={search_term_string}"},"query-input":{"@type":"PropertyValueSpecification","valueRequired":true,"valueName":"search_term_string"}}],"inLanguage":"es"},{"@type":"Organization","@id":"https:\/\/pulsecoder.com.mx\/#organization","name":"Pulse Coder Mx","url":"https:\/\/pulsecoder.com.mx\/","logo":{"@type":"ImageObject","inLanguage":"es","@id":"https:\/\/pulsecoder.com.mx\/#\/schema\/logo\/image\/","url":"https:\/\/i0.wp.com\/pulsecoder.com.mx\/wp-content\/uploads\/2021\/10\/Web.png?fit=2047%2C1024&ssl=1","contentUrl":"https:\/\/i0.wp.com\/pulsecoder.com.mx\/wp-content\/uploads\/2021\/10\/Web.png?fit=2047%2C1024&ssl=1","width":2047,"height":1024,"caption":"Pulse Coder Mx"},"image":{"@id":"https:\/\/pulsecoder.com.mx\/#\/schema\/logo\/image\/"},"sameAs":["https:\/\/www.facebook.com\/PulsecoderMx","https:\/\/x.com\/PulsecoderMx","https:\/\/www.instagram.com\/pulsecodermx\/","https:\/\/www.youtube.com\/channel\/UCci7xZRoiIxGpkwEljqfF9A"]},{"@type":"Person","@id":"https:\/\/pulsecoder.com.mx\/#\/schema\/person\/ae96446d3a5965f0028dd5154d8c77b4","name":"Paula Campos","image":{"@type":"ImageObject","inLanguage":"es","@id":"https:\/\/pulsecoder.com.mx\/#\/schema\/person\/image\/","url":"https:\/\/secure.gravatar.com\/avatar\/e1ab72df5f67809d6c753f9b51cc4fa9?s=96&d=mm&r=g","contentUrl":"https:\/\/secure.gravatar.com\/avatar\/e1ab72df5f67809d6c753f9b51cc4fa9?s=96&d=mm&r=g","caption":"Paula Campos"},"description":"Cofundadora y Articulista de Pulse Coder. Enfocada en t\u00f3picos sobre el medio ambiente, bienestar y pol\u00edticas ambientales.","url":"https:\/\/pulsecoder.com.mx\/index.php\/author\/paula-campos\/"}]}},"jetpack_featured_media_url":"https:\/\/i0.wp.com\/pulsecoder.com.mx\/wp-content\/uploads\/2024\/08\/Sheinbaum_Final.jpg?fit=1200%2C675&ssl=1","jetpack_sharing_enabled":true,"amp_enabled":true,"_links":{"self":[{"href":"https:\/\/pulsecoder.com.mx\/index.php\/wp-json\/wp\/v2\/posts\/4502"}],"collection":[{"href":"https:\/\/pulsecoder.com.mx\/index.php\/wp-json\/wp\/v2\/posts"}],"about":[{"href":"https:\/\/pulsecoder.com.mx\/index.php\/wp-json\/wp\/v2\/types\/post"}],"author":[{"embeddable":true,"href":"https:\/\/pulsecoder.com.mx\/index.php\/wp-json\/wp\/v2\/users\/6"}],"replies":[{"embeddable":true,"href":"https:\/\/pulsecoder.com.mx\/index.php\/wp-json\/wp\/v2\/comments?post=4502"}],"version-history":[{"count":4,"href":"https:\/\/pulsecoder.com.mx\/index.php\/wp-json\/wp\/v2\/posts\/4502\/revisions"}],"predecessor-version":[{"id":4596,"href":"https:\/\/pulsecoder.com.mx\/index.php\/wp-json\/wp\/v2\/posts\/4502\/revisions\/4596"}],"wp:featuredmedia":[{"embeddable":true,"href":"https:\/\/pulsecoder.com.mx\/index.php\/wp-json\/wp\/v2\/media\/4503"}],"wp:attachment":[{"href":"https:\/\/pulsecoder.com.mx\/index.php\/wp-json\/wp\/v2\/media?parent=4502"}],"wp:term":[{"taxonomy":"category","embeddable":true,"href":"https:\/\/pulsecoder.com.mx\/index.php\/wp-json\/wp\/v2\/categories?post=4502"},{"taxonomy":"post_tag","embeddable":true,"href":"https:\/\/pulsecoder.com.mx\/index.php\/wp-json\/wp\/v2\/tags?post=4502"}],"curies":[{"name":"wp","href":"https:\/\/api.w.org\/{rel}","templated":true}]}}