{"id":4574,"date":"2024-09-17T14:31:59","date_gmt":"2024-09-17T20:31:59","guid":{"rendered":"https:\/\/pulsecoder.com.mx\/?p=4574"},"modified":"2024-10-14T10:07:15","modified_gmt":"2024-10-14T16:07:15","slug":"clasica-historia-occidental-de-buenos-y-malos-la-inculpacion-de-pavel-durov","status":"publish","type":"post","link":"https:\/\/pulsecoder.com.mx\/index.php\/2024\/09\/17\/clasica-historia-occidental-de-buenos-y-malos-la-inculpacion-de-pavel-durov\/","title":{"rendered":"Cl\u00e1sica historia occidental de buenos y malos: la inculpaci\u00f3n de P\u00e1vel Durov"},"content":{"rendered":"<body>\n<blockquote class=\"wp-block-quote is-layout-flow wp-block-quote-is-layout-flow\">\n<p>\u201cCrear tecnolog\u00eda ya es bastante dif\u00edcil. Ning\u00fan innovador construir\u00e1 nuevas herramientas si sabe que puede ser responsabilizado personalmente por el posible abuso de esas herramientas\u201d<\/p>\n<\/blockquote>\n\n\n\n<hr class=\"wp-block-separator has-alpha-channel-opacity\">\n\n\n\n<p>\u00a1Ah! \u00a1Occidente! El basti\u00f3n de la libertad, la democracia y la contradicci\u00f3n.<\/p>\n\n\n\n<p>Perm\u00edtanme presentarles a nuestro protagonista: <strong>P\u00e1vel Durov<\/strong>, un tipo que, en un mundo perfecto ser\u00eda un <em><strong>h\u00e9roe digital<\/strong><\/em> y un modelo a seguir para cualquiera que quiera luchar contra el poder establecido. Pero en el mundo real, resulta que ser un genio tecnol\u00f3gico con principios te convierte en un blanco para, bueno, casi todos.<\/p>\n\n\n\n<hr class=\"wp-block-separator has-alpha-channel-opacity\">\n\n\n\n<figure class=\"wp-block-image aligncenter size-full\"><img data-recalc-dims=\"1\" decoding=\"async\" width=\"696\" height=\"392\" src=\"https:\/\/i0.wp.com\/pulsecoder.com.mx\/wp-content\/uploads\/2024\/09\/Telegram.jpg?resize=696%2C392&#038;ssl=1\" alt=\"\" class=\"wp-image-4583\" loading=\"lazy\" srcset=\"https:\/\/i0.wp.com\/pulsecoder.com.mx\/wp-content\/uploads\/2024\/09\/Telegram.jpg?w=750&amp;ssl=1 750w, https:\/\/i0.wp.com\/pulsecoder.com.mx\/wp-content\/uploads\/2024\/09\/Telegram.jpg?resize=300%2C169&amp;ssl=1 300w, https:\/\/i0.wp.com\/pulsecoder.com.mx\/wp-content\/uploads\/2024\/09\/Telegram.jpg?resize=696%2C392&amp;ssl=1 696w\" sizes=\"(max-width: 696px) 100vw, 696px\" \/><\/figure>\n\n\n\n<hr class=\"wp-block-separator has-alpha-channel-opacity\">\n\n\n\n<p><strong>Primer Acto: El villano ruso<\/strong><\/p>\n\n\n\n<p>Hace algunos a\u00f1os, nuestro protagonista estaba lidiando con la Federaci\u00f3n Rusa. Imagina la escena:<strong> Durov<\/strong>, con su pelo perfectamente peinado y su mirada de acero, expresando  -a los agentes de seguridad rusos- un rotundo <strong>No.<\/strong> <strong>\u00bfEntregar los datos de los usuarios de Telegram?<\/strong> <strong>\u00a1Por supuesto que no!<\/strong><\/p>\n\n\n\n<p>\u00bfQu\u00e9 tipo de superh\u00e9roe digital ser\u00eda si se doblegara ante el poder? As\u00ed que, como cualquier buen revolucionario, se march\u00f3. Francia le dio la bienvenida con los brazos abiertos, vitore\u00e1ndolo como un campe\u00f3n de la libertad.<\/p>\n\n\n\n<p><strong>Segundo: El refugio fr\u00e1nces<\/strong><\/p>\n\n\n\n<p>\u00a1Qu\u00e9 elegancia la de Francia! la tierra de los croissants, el vino y la libert\u00e9.<\/p>\n\n\n\n<p>Durov fue recibido como el nuevo \u00edcono de la libertad de expresi\u00f3n, el h\u00e9roe que desafiaba a los opresores del este. \u00a1Par\u00eds le brind\u00f3 su encanto, las luces de la Torre Eiffel lo guiaron y todo era perfecto. Hasta que llego una realidad pos-pand\u00e9mica, b\u00e9lica y convulsa en el planeta.<\/p>\n\n\n\n<p><strong>Tercer acto: La jaula geopol\u00edtica<\/strong><\/p>\n\n\n\n<p>Y aqu\u00ed estamos, en la gran iron\u00eda del siglo. Francia, la misma que alguna vez abraz\u00f3 a Durov como s\u00edmbolo de la libertad, lo detuvo el pasado 24 de agosto por razones muy similares a las que lo hicieron huir de Rusia. \u00a1Ah, las vueltas de la vida!<\/p>\n\n\n\n<p>Cuatro d\u00edas despu\u00e9s, la fiscal\u00eda de Par\u00eds anuncio que el fundador de Telegram, P\u00e1vel Durov, fue imputado y puesto bajo vigilancia judicial, con la condici\u00f3n de pagar una fianza de 5 millones de euros y la prohibici\u00f3n de salir de Francia. El jefe de Telegram podr\u00eda enfrentar hasta 10 a\u00f1os de c\u00e1rcel. Fue puesto en libertad bajo supervisi\u00f3n judicial y se le orden\u00f3 presentarse dos veces por semana en la comisar\u00eda de Polic\u00eda.<\/p>\n\n\n\n<h2 class=\"wp-block-heading\">Muchas coincidencias forman un patr\u00f3n<\/h2>\n\n\n\n<p>El art\u00edculo de David Sacks \u201cLucha Global contra el Autoritarismo\u201d, es un texto formidable que analiza el comportamiento de la pol\u00edtica occidental.<\/p>\n\n\n\n<p>En su parecer, Sacks se\u00f1ala la hipocres\u00eda de las naciones occidentales durante momentos transcendentales de la historia, siendo los \u00faltimos a\u00f1os, uno de los periodos m\u00e1s din\u00e1micos en el aspecto Geopol\u00edtico:<\/p>\n\n\n\n<hr class=\"wp-block-separator has-alpha-channel-opacity\">\n\n\n\n<ul class=\"wp-block-list\">\n<li>\u201cJohn McFee es hallado muerto [2019]en su celda mientras un edificio en Surfside, al norte de Miami, se desploma dejando un sin n\u00famero de personas fallecidas. Tan solo 3 d\u00edas despu\u00e9s, ordenan la demolici\u00f3n total del complejo. Se presume de una prueba encriptada al interior de su departamento, clave para viralizar informaci\u00f3n sensible de seguridad nacional \u201d.<\/li>\n\n\n\n<li>\u201cEn el Reino Unido, el gobierno de Keir Starmer encarcela a los cr\u00edticos de Fronteras Abiertas con m\u00e1s represi\u00f3n que el que resto de los delitos violentos\u201d.<\/li>\n\n\n\n<li>\u201cGonzalo Lira muere en una prisi\u00f3n de Ucrania en enero del 2024. Fue detenido por publicar videos en YouTube; el ciudadano estadounidense fue ignorado por departamento de estado de su pa\u00eds sin defender ni apoyar sus derechos\u201d<\/li>\n\n\n\n<li>\u201cEl gobierno de Brasil prohibe a la red social X -antes Twitter- por no acatar normas de regulaci\u00f3n establecidas por el Suprema Corte. Una postura similar se prepara en la Uni\u00f3n Europa qui\u00e9n buscar\u00eda acciones penales contra Elon Musk\u201d<\/li>\n\n\n\n<li>\u201cMark Zuckerberg confirm\u00f3 que la administraci\u00f3n Biden-Harris presion\u00f3 repetidamente a Meta para que censurar a las voces cr\u00edticas durante la pandemia\u201d.<\/li>\n\n\n\n<li>\u201cTikTok cerrar\u00e1 en Estados Unidos el 19 de enero de 2025 gracias a un nuevo poder autorizado por el Congreso para prohibir sitios web y aplicaciones que el presidente determine que est\u00e1n sujetos a la influencia de un adversario extranjero\u201c.<\/li>\n<\/ul>\n\n\n\n<hr class=\"wp-block-separator has-alpha-channel-opacity\">\n\n\n\n<p>Estos y otros ejemplos, como son los casos de Assange, Snowden y ahora Durov, han sido perseguidos por exponer verdades inc\u00f3modas o por facilitar la comunicaci\u00f3n sin supervisi\u00f3n gubernamental.<\/p>\n\n\n\n<p>Desde una perspectiva geopol\u00edtica, la detenci\u00f3n de Durov puede ser vista como una se\u00f1al de que ning\u00fan rinc\u00f3n del mundo digital est\u00e1 realmente fuera del alcance de las presiones estatales, sin importar cu\u00e1n descentralizada o encriptada sea la tecnolog\u00eda. <\/p>\n\n\n\n<p>Por ahora podemos escribir, pero ante los escenarios futuros de incertidumbre global, la libertad de expresi\u00f3n y las medios que usamos para la expresi\u00f3n, podr\u00edan desaparecer.<\/p>\n\n\n\n<p><br><\/p>\n<\/body>","protected":false},"excerpt":{"rendered":"<p>\u201cCrear tecnolog\u00eda ya es bastante dif\u00edcil. Ning\u00fan innovador construir\u00e1 nuevas herramientas si sabe que puede ser responsabilizado personalmente por el posible abuso de esas herramientas\u201d \u00a1Ah! \u00a1Occidente! El basti\u00f3n de la libertad, la democracia y la contradicci\u00f3n. Perm\u00edtanme presentarles a nuestro protagonista: P\u00e1vel Durov, un tipo que, en un mundo perfecto ser\u00eda un h\u00e9roe digital [&hellip;]<\/p>\n","protected":false},"author":26,"featured_media":4575,"comment_status":"open","ping_status":"open","sticky":false,"template":"","format":"standard","meta":{"_et_pb_use_builder":"off","_et_pb_old_content":"","_et_gb_content_width":"","_monsterinsights_skip_tracking":false,"_jetpack_memberships_contains_paid_content":false,"footnotes":""},"categories":[766],"tags":[1998,1996,1427,276,1856,1859,1270,716,497,161,1997],"class_list":["post-4574","post","type-post","status-publish","format-standard","has-post-thumbnail","hentry","category-actualidad","tag-app","tag-censura","tag-encriptacion","tag-geopolitica","tag-libertad-de-expresion","tag-personajes","tag-politica","tag-redes-sociales","tag-regulacion","tag-tecnologia","tag-tecnologo"],"yoast_head":"<!-- This site is optimized with the Yoast SEO plugin v25.5 - https:\/\/yoast.com\/wordpress\/plugins\/seo\/ -->\n<title>Cl\u00e1sica historia occidental de buenos y malos: la inculpaci\u00f3n de P\u00e1vel Durov<\/title>\n<meta name=\"description\" content=\"Ante los escenarios futuros de incertidumbre global, la libertad de expresi\u00f3n y los medios que usamos para la expresi\u00f3n podr\u00edan desaparecer\" \/>\n<meta name=\"robots\" content=\"index, follow, max-snippet:-1, max-image-preview:large, max-video-preview:-1\" \/>\n<link rel=\"canonical\" href=\"https:\/\/pulsecoder.com.mx\/index.php\/2024\/09\/17\/clasica-historia-occidental-de-buenos-y-malos-la-inculpacion-de-pavel-durov\/\" \/>\n<meta property=\"og:locale\" content=\"es_MX\" \/>\n<meta property=\"og:type\" content=\"article\" \/>\n<meta property=\"og:title\" content=\"Cl\u00e1sica historia occidental de buenos y malos: la inculpaci\u00f3n de P\u00e1vel Durov\" \/>\n<meta property=\"og:description\" content=\"Ante los escenarios futuros de incertidumbre global, la libertad de expresi\u00f3n y las medios que usamos para hacer esa expresi\u00f3n, podr\u00edan desaparecer.\" \/>\n<meta property=\"og:url\" content=\"https:\/\/pulsecoder.com.mx\/index.php\/2024\/09\/17\/clasica-historia-occidental-de-buenos-y-malos-la-inculpacion-de-pavel-durov\/\" \/>\n<meta property=\"og:site_name\" content=\"Pulsecoder\" \/>\n<meta property=\"article:publisher\" content=\"https:\/\/www.facebook.com\/PulsecoderMx\" \/>\n<meta property=\"article:published_time\" content=\"2024-09-17T20:31:59+00:00\" \/>\n<meta property=\"article:modified_time\" content=\"2024-10-14T16:07:15+00:00\" \/>\n<meta property=\"og:image\" content=\"https:\/\/pulsecoder.com.mx\/wp-content\/uploads\/2024\/09\/Durov.png\" \/>\n\t<meta property=\"og:image:width\" content=\"1200\" \/>\n\t<meta property=\"og:image:height\" content=\"675\" \/>\n\t<meta property=\"og:image:type\" content=\"image\/png\" \/>\n<meta name=\"author\" content=\"Winston Wolf\" \/>\n<meta name=\"twitter:card\" content=\"summary_large_image\" \/>\n<meta name=\"twitter:title\" content=\"Cl\u00e1sica historia occidental de buenos y malos: la inculpaci\u00f3n de P\u00e1vel Durov\" \/>\n<meta name=\"twitter:description\" content=\"Ante los escenarios futuros de incertidumbre global, la libertad de expresi\u00f3n y las medios que usamos para hacer esa expresi\u00f3n, podr\u00edan desaparecer.\" \/>\n<meta name=\"twitter:image\" content=\"https:\/\/i0.wp.com\/pulsecoder.com.mx\/wp-content\/uploads\/2024\/09\/Durov.png?fit=1200%2C675&ssl=1\" \/>\n<meta name=\"twitter:creator\" content=\"@PulsecoderMx\" \/>\n<meta name=\"twitter:site\" content=\"@PulsecoderMx\" \/>\n<meta name=\"twitter:label1\" content=\"Escrito por\" \/>\n\t<meta name=\"twitter:data1\" content=\"Winston Wolf\" \/>\n\t<meta name=\"twitter:label2\" content=\"Tiempo de lectura\" \/>\n\t<meta name=\"twitter:data2\" content=\"4 minutos\" \/>\n<script type=\"application\/ld+json\" class=\"yoast-schema-graph\">{\"@context\":\"https:\/\/schema.org\",\"@graph\":[{\"@type\":\"Article\",\"@id\":\"https:\/\/pulsecoder.com.mx\/index.php\/2024\/09\/17\/clasica-historia-occidental-de-buenos-y-malos-la-inculpacion-de-pavel-durov\/#article\",\"isPartOf\":{\"@id\":\"https:\/\/pulsecoder.com.mx\/index.php\/2024\/09\/17\/clasica-historia-occidental-de-buenos-y-malos-la-inculpacion-de-pavel-durov\/\"},\"author\":{\"name\":\"Winston Wolf\",\"@id\":\"https:\/\/pulsecoder.com.mx\/#\/schema\/person\/9f47dd3ac429dae0cd4e96ce5c4fc254\"},\"headline\":\"Cl\u00e1sica historia occidental de buenos y malos: la inculpaci\u00f3n de P\u00e1vel Durov\",\"datePublished\":\"2024-09-17T20:31:59+00:00\",\"dateModified\":\"2024-10-14T16:07:15+00:00\",\"mainEntityOfPage\":{\"@id\":\"https:\/\/pulsecoder.com.mx\/index.php\/2024\/09\/17\/clasica-historia-occidental-de-buenos-y-malos-la-inculpacion-de-pavel-durov\/\"},\"wordCount\":831,\"commentCount\":0,\"publisher\":{\"@id\":\"https:\/\/pulsecoder.com.mx\/#organization\"},\"image\":{\"@id\":\"https:\/\/pulsecoder.com.mx\/index.php\/2024\/09\/17\/clasica-historia-occidental-de-buenos-y-malos-la-inculpacion-de-pavel-durov\/#primaryimage\"},\"thumbnailUrl\":\"https:\/\/i0.wp.com\/pulsecoder.com.mx\/wp-content\/uploads\/2024\/09\/Durov.png?fit=1200%2C675&ssl=1\",\"keywords\":[\"App\",\"Censura\",\"Encriptaci\u00f3n\",\"Geopol\u00edtica\",\"Libertad de expresi\u00f3n\",\"Personajes\",\"Pol\u00edtica\",\"Redes Sociales\",\"Regulaci\u00f3n\",\"Tecnolog\u00eda\",\"Tecn\u00f3logo\"],\"articleSection\":[\"Actualidad\"],\"inLanguage\":\"es\",\"potentialAction\":[{\"@type\":\"CommentAction\",\"name\":\"Comment\",\"target\":[\"https:\/\/pulsecoder.com.mx\/index.php\/2024\/09\/17\/clasica-historia-occidental-de-buenos-y-malos-la-inculpacion-de-pavel-durov\/#respond\"]}]},{\"@type\":\"WebPage\",\"@id\":\"https:\/\/pulsecoder.com.mx\/index.php\/2024\/09\/17\/clasica-historia-occidental-de-buenos-y-malos-la-inculpacion-de-pavel-durov\/\",\"url\":\"https:\/\/pulsecoder.com.mx\/index.php\/2024\/09\/17\/clasica-historia-occidental-de-buenos-y-malos-la-inculpacion-de-pavel-durov\/\",\"name\":\"Cl\u00e1sica historia occidental de buenos y malos: la inculpaci\u00f3n de P\u00e1vel Durov\",\"isPartOf\":{\"@id\":\"https:\/\/pulsecoder.com.mx\/#website\"},\"primaryImageOfPage\":{\"@id\":\"https:\/\/pulsecoder.com.mx\/index.php\/2024\/09\/17\/clasica-historia-occidental-de-buenos-y-malos-la-inculpacion-de-pavel-durov\/#primaryimage\"},\"image\":{\"@id\":\"https:\/\/pulsecoder.com.mx\/index.php\/2024\/09\/17\/clasica-historia-occidental-de-buenos-y-malos-la-inculpacion-de-pavel-durov\/#primaryimage\"},\"thumbnailUrl\":\"https:\/\/i0.wp.com\/pulsecoder.com.mx\/wp-content\/uploads\/2024\/09\/Durov.png?fit=1200%2C675&ssl=1\",\"datePublished\":\"2024-09-17T20:31:59+00:00\",\"dateModified\":\"2024-10-14T16:07:15+00:00\",\"description\":\"Ante los escenarios futuros de incertidumbre global, la libertad de expresi\u00f3n y los medios que usamos para la expresi\u00f3n podr\u00edan desaparecer\",\"inLanguage\":\"es\",\"potentialAction\":[{\"@type\":\"ReadAction\",\"target\":[\"https:\/\/pulsecoder.com.mx\/index.php\/2024\/09\/17\/clasica-historia-occidental-de-buenos-y-malos-la-inculpacion-de-pavel-durov\/\"]}]},{\"@type\":\"ImageObject\",\"inLanguage\":\"es\",\"@id\":\"https:\/\/pulsecoder.com.mx\/index.php\/2024\/09\/17\/clasica-historia-occidental-de-buenos-y-malos-la-inculpacion-de-pavel-durov\/#primaryimage\",\"url\":\"https:\/\/i0.wp.com\/pulsecoder.com.mx\/wp-content\/uploads\/2024\/09\/Durov.png?fit=1200%2C675&ssl=1\",\"contentUrl\":\"https:\/\/i0.wp.com\/pulsecoder.com.mx\/wp-content\/uploads\/2024\/09\/Durov.png?fit=1200%2C675&ssl=1\",\"width\":1200,\"height\":675},{\"@type\":\"WebSite\",\"@id\":\"https:\/\/pulsecoder.com.mx\/#website\",\"url\":\"https:\/\/pulsecoder.com.mx\/\",\"name\":\"Pulsecoder\",\"description\":\"Revista digital de tecnolog\u00eda, sociedad e Innovaci\u00f3n\",\"publisher\":{\"@id\":\"https:\/\/pulsecoder.com.mx\/#organization\"},\"potentialAction\":[{\"@type\":\"SearchAction\",\"target\":{\"@type\":\"EntryPoint\",\"urlTemplate\":\"https:\/\/pulsecoder.com.mx\/?s={search_term_string}\"},\"query-input\":{\"@type\":\"PropertyValueSpecification\",\"valueRequired\":true,\"valueName\":\"search_term_string\"}}],\"inLanguage\":\"es\"},{\"@type\":\"Organization\",\"@id\":\"https:\/\/pulsecoder.com.mx\/#organization\",\"name\":\"Pulse Coder Mx\",\"url\":\"https:\/\/pulsecoder.com.mx\/\",\"logo\":{\"@type\":\"ImageObject\",\"inLanguage\":\"es\",\"@id\":\"https:\/\/pulsecoder.com.mx\/#\/schema\/logo\/image\/\",\"url\":\"https:\/\/i0.wp.com\/pulsecoder.com.mx\/wp-content\/uploads\/2021\/10\/Web.png?fit=2047%2C1024&ssl=1\",\"contentUrl\":\"https:\/\/i0.wp.com\/pulsecoder.com.mx\/wp-content\/uploads\/2021\/10\/Web.png?fit=2047%2C1024&ssl=1\",\"width\":2047,\"height\":1024,\"caption\":\"Pulse Coder Mx\"},\"image\":{\"@id\":\"https:\/\/pulsecoder.com.mx\/#\/schema\/logo\/image\/\"},\"sameAs\":[\"https:\/\/www.facebook.com\/PulsecoderMx\",\"https:\/\/x.com\/PulsecoderMx\",\"https:\/\/www.instagram.com\/pulsecodermx\/\",\"https:\/\/www.youtube.com\/channel\/UCci7xZRoiIxGpkwEljqfF9A\"]},{\"@type\":\"Person\",\"@id\":\"https:\/\/pulsecoder.com.mx\/#\/schema\/person\/9f47dd3ac429dae0cd4e96ce5c4fc254\",\"name\":\"Winston Wolf\",\"image\":{\"@type\":\"ImageObject\",\"inLanguage\":\"es\",\"@id\":\"https:\/\/pulsecoder.com.mx\/#\/schema\/person\/image\/\",\"url\":\"https:\/\/secure.gravatar.com\/avatar\/751eba429cd09cddf894e435581232ea?s=96&d=mm&r=g\",\"contentUrl\":\"https:\/\/secure.gravatar.com\/avatar\/751eba429cd09cddf894e435581232ea?s=96&d=mm&r=g\",\"caption\":\"Winston Wolf\"},\"url\":\"https:\/\/pulsecoder.com.mx\/index.php\/author\/mr-wolf\/\"}]}<\/script>\n<!-- \/ Yoast SEO plugin. -->","yoast_head_json":{"title":"Cl\u00e1sica historia occidental de buenos y malos: la inculpaci\u00f3n de P\u00e1vel Durov","description":"Ante los escenarios futuros de incertidumbre global, la libertad de expresi\u00f3n y los medios que usamos para la expresi\u00f3n podr\u00edan desaparecer","robots":{"index":"index","follow":"follow","max-snippet":"max-snippet:-1","max-image-preview":"max-image-preview:large","max-video-preview":"max-video-preview:-1"},"canonical":"https:\/\/pulsecoder.com.mx\/index.php\/2024\/09\/17\/clasica-historia-occidental-de-buenos-y-malos-la-inculpacion-de-pavel-durov\/","og_locale":"es_MX","og_type":"article","og_title":"Cl\u00e1sica historia occidental de buenos y malos: la inculpaci\u00f3n de P\u00e1vel Durov","og_description":"Ante los escenarios futuros de incertidumbre global, la libertad de expresi\u00f3n y las medios que usamos para hacer esa expresi\u00f3n, podr\u00edan desaparecer.","og_url":"https:\/\/pulsecoder.com.mx\/index.php\/2024\/09\/17\/clasica-historia-occidental-de-buenos-y-malos-la-inculpacion-de-pavel-durov\/","og_site_name":"Pulsecoder","article_publisher":"https:\/\/www.facebook.com\/PulsecoderMx","article_published_time":"2024-09-17T20:31:59+00:00","article_modified_time":"2024-10-14T16:07:15+00:00","og_image":[{"width":1200,"height":675,"url":"https:\/\/pulsecoder.com.mx\/wp-content\/uploads\/2024\/09\/Durov.png","type":"image\/png"}],"author":"Winston Wolf","twitter_card":"summary_large_image","twitter_title":"Cl\u00e1sica historia occidental de buenos y malos: la inculpaci\u00f3n de P\u00e1vel Durov","twitter_description":"Ante los escenarios futuros de incertidumbre global, la libertad de expresi\u00f3n y las medios que usamos para hacer esa expresi\u00f3n, podr\u00edan desaparecer.","twitter_image":"https:\/\/i0.wp.com\/pulsecoder.com.mx\/wp-content\/uploads\/2024\/09\/Durov.png?fit=1200%2C675&ssl=1","twitter_creator":"@PulsecoderMx","twitter_site":"@PulsecoderMx","twitter_misc":{"Escrito por":"Winston Wolf","Tiempo de lectura":"4 minutos"},"schema":{"@context":"https:\/\/schema.org","@graph":[{"@type":"Article","@id":"https:\/\/pulsecoder.com.mx\/index.php\/2024\/09\/17\/clasica-historia-occidental-de-buenos-y-malos-la-inculpacion-de-pavel-durov\/#article","isPartOf":{"@id":"https:\/\/pulsecoder.com.mx\/index.php\/2024\/09\/17\/clasica-historia-occidental-de-buenos-y-malos-la-inculpacion-de-pavel-durov\/"},"author":{"name":"Winston Wolf","@id":"https:\/\/pulsecoder.com.mx\/#\/schema\/person\/9f47dd3ac429dae0cd4e96ce5c4fc254"},"headline":"Cl\u00e1sica historia occidental de buenos y malos: la inculpaci\u00f3n de P\u00e1vel Durov","datePublished":"2024-09-17T20:31:59+00:00","dateModified":"2024-10-14T16:07:15+00:00","mainEntityOfPage":{"@id":"https:\/\/pulsecoder.com.mx\/index.php\/2024\/09\/17\/clasica-historia-occidental-de-buenos-y-malos-la-inculpacion-de-pavel-durov\/"},"wordCount":831,"commentCount":0,"publisher":{"@id":"https:\/\/pulsecoder.com.mx\/#organization"},"image":{"@id":"https:\/\/pulsecoder.com.mx\/index.php\/2024\/09\/17\/clasica-historia-occidental-de-buenos-y-malos-la-inculpacion-de-pavel-durov\/#primaryimage"},"thumbnailUrl":"https:\/\/i0.wp.com\/pulsecoder.com.mx\/wp-content\/uploads\/2024\/09\/Durov.png?fit=1200%2C675&ssl=1","keywords":["App","Censura","Encriptaci\u00f3n","Geopol\u00edtica","Libertad de expresi\u00f3n","Personajes","Pol\u00edtica","Redes Sociales","Regulaci\u00f3n","Tecnolog\u00eda","Tecn\u00f3logo"],"articleSection":["Actualidad"],"inLanguage":"es","potentialAction":[{"@type":"CommentAction","name":"Comment","target":["https:\/\/pulsecoder.com.mx\/index.php\/2024\/09\/17\/clasica-historia-occidental-de-buenos-y-malos-la-inculpacion-de-pavel-durov\/#respond"]}]},{"@type":"WebPage","@id":"https:\/\/pulsecoder.com.mx\/index.php\/2024\/09\/17\/clasica-historia-occidental-de-buenos-y-malos-la-inculpacion-de-pavel-durov\/","url":"https:\/\/pulsecoder.com.mx\/index.php\/2024\/09\/17\/clasica-historia-occidental-de-buenos-y-malos-la-inculpacion-de-pavel-durov\/","name":"Cl\u00e1sica historia occidental de buenos y malos: la inculpaci\u00f3n de P\u00e1vel Durov","isPartOf":{"@id":"https:\/\/pulsecoder.com.mx\/#website"},"primaryImageOfPage":{"@id":"https:\/\/pulsecoder.com.mx\/index.php\/2024\/09\/17\/clasica-historia-occidental-de-buenos-y-malos-la-inculpacion-de-pavel-durov\/#primaryimage"},"image":{"@id":"https:\/\/pulsecoder.com.mx\/index.php\/2024\/09\/17\/clasica-historia-occidental-de-buenos-y-malos-la-inculpacion-de-pavel-durov\/#primaryimage"},"thumbnailUrl":"https:\/\/i0.wp.com\/pulsecoder.com.mx\/wp-content\/uploads\/2024\/09\/Durov.png?fit=1200%2C675&ssl=1","datePublished":"2024-09-17T20:31:59+00:00","dateModified":"2024-10-14T16:07:15+00:00","description":"Ante los escenarios futuros de incertidumbre global, la libertad de expresi\u00f3n y los medios que usamos para la expresi\u00f3n podr\u00edan desaparecer","inLanguage":"es","potentialAction":[{"@type":"ReadAction","target":["https:\/\/pulsecoder.com.mx\/index.php\/2024\/09\/17\/clasica-historia-occidental-de-buenos-y-malos-la-inculpacion-de-pavel-durov\/"]}]},{"@type":"ImageObject","inLanguage":"es","@id":"https:\/\/pulsecoder.com.mx\/index.php\/2024\/09\/17\/clasica-historia-occidental-de-buenos-y-malos-la-inculpacion-de-pavel-durov\/#primaryimage","url":"https:\/\/i0.wp.com\/pulsecoder.com.mx\/wp-content\/uploads\/2024\/09\/Durov.png?fit=1200%2C675&ssl=1","contentUrl":"https:\/\/i0.wp.com\/pulsecoder.com.mx\/wp-content\/uploads\/2024\/09\/Durov.png?fit=1200%2C675&ssl=1","width":1200,"height":675},{"@type":"WebSite","@id":"https:\/\/pulsecoder.com.mx\/#website","url":"https:\/\/pulsecoder.com.mx\/","name":"Pulsecoder","description":"Revista digital de tecnolog\u00eda, sociedad e Innovaci\u00f3n","publisher":{"@id":"https:\/\/pulsecoder.com.mx\/#organization"},"potentialAction":[{"@type":"SearchAction","target":{"@type":"EntryPoint","urlTemplate":"https:\/\/pulsecoder.com.mx\/?s={search_term_string}"},"query-input":{"@type":"PropertyValueSpecification","valueRequired":true,"valueName":"search_term_string"}}],"inLanguage":"es"},{"@type":"Organization","@id":"https:\/\/pulsecoder.com.mx\/#organization","name":"Pulse Coder Mx","url":"https:\/\/pulsecoder.com.mx\/","logo":{"@type":"ImageObject","inLanguage":"es","@id":"https:\/\/pulsecoder.com.mx\/#\/schema\/logo\/image\/","url":"https:\/\/i0.wp.com\/pulsecoder.com.mx\/wp-content\/uploads\/2021\/10\/Web.png?fit=2047%2C1024&ssl=1","contentUrl":"https:\/\/i0.wp.com\/pulsecoder.com.mx\/wp-content\/uploads\/2021\/10\/Web.png?fit=2047%2C1024&ssl=1","width":2047,"height":1024,"caption":"Pulse Coder Mx"},"image":{"@id":"https:\/\/pulsecoder.com.mx\/#\/schema\/logo\/image\/"},"sameAs":["https:\/\/www.facebook.com\/PulsecoderMx","https:\/\/x.com\/PulsecoderMx","https:\/\/www.instagram.com\/pulsecodermx\/","https:\/\/www.youtube.com\/channel\/UCci7xZRoiIxGpkwEljqfF9A"]},{"@type":"Person","@id":"https:\/\/pulsecoder.com.mx\/#\/schema\/person\/9f47dd3ac429dae0cd4e96ce5c4fc254","name":"Winston Wolf","image":{"@type":"ImageObject","inLanguage":"es","@id":"https:\/\/pulsecoder.com.mx\/#\/schema\/person\/image\/","url":"https:\/\/secure.gravatar.com\/avatar\/751eba429cd09cddf894e435581232ea?s=96&d=mm&r=g","contentUrl":"https:\/\/secure.gravatar.com\/avatar\/751eba429cd09cddf894e435581232ea?s=96&d=mm&r=g","caption":"Winston Wolf"},"url":"https:\/\/pulsecoder.com.mx\/index.php\/author\/mr-wolf\/"}]}},"jetpack_featured_media_url":"https:\/\/i0.wp.com\/pulsecoder.com.mx\/wp-content\/uploads\/2024\/09\/Durov.png?fit=1200%2C675&ssl=1","jetpack_sharing_enabled":true,"amp_enabled":true,"_links":{"self":[{"href":"https:\/\/pulsecoder.com.mx\/index.php\/wp-json\/wp\/v2\/posts\/4574"}],"collection":[{"href":"https:\/\/pulsecoder.com.mx\/index.php\/wp-json\/wp\/v2\/posts"}],"about":[{"href":"https:\/\/pulsecoder.com.mx\/index.php\/wp-json\/wp\/v2\/types\/post"}],"author":[{"embeddable":true,"href":"https:\/\/pulsecoder.com.mx\/index.php\/wp-json\/wp\/v2\/users\/26"}],"replies":[{"embeddable":true,"href":"https:\/\/pulsecoder.com.mx\/index.php\/wp-json\/wp\/v2\/comments?post=4574"}],"version-history":[{"count":4,"href":"https:\/\/pulsecoder.com.mx\/index.php\/wp-json\/wp\/v2\/posts\/4574\/revisions"}],"predecessor-version":[{"id":4585,"href":"https:\/\/pulsecoder.com.mx\/index.php\/wp-json\/wp\/v2\/posts\/4574\/revisions\/4585"}],"wp:featuredmedia":[{"embeddable":true,"href":"https:\/\/pulsecoder.com.mx\/index.php\/wp-json\/wp\/v2\/media\/4575"}],"wp:attachment":[{"href":"https:\/\/pulsecoder.com.mx\/index.php\/wp-json\/wp\/v2\/media?parent=4574"}],"wp:term":[{"taxonomy":"category","embeddable":true,"href":"https:\/\/pulsecoder.com.mx\/index.php\/wp-json\/wp\/v2\/categories?post=4574"},{"taxonomy":"post_tag","embeddable":true,"href":"https:\/\/pulsecoder.com.mx\/index.php\/wp-json\/wp\/v2\/tags?post=4574"}],"curies":[{"name":"wp","href":"https:\/\/api.w.org\/{rel}","templated":true}]}}