{"id":4656,"date":"2025-07-16T19:06:23","date_gmt":"2025-07-17T01:06:23","guid":{"rendered":"https:\/\/pulsecoder.com.mx\/?p=4656"},"modified":"2025-07-16T19:06:31","modified_gmt":"2025-07-17T01:06:31","slug":"la-vida-embebida","status":"publish","type":"post","link":"https:\/\/pulsecoder.com.mx\/index.php\/2025\/07\/16\/la-vida-embebida\/","title":{"rendered":"La vida Embebida"},"content":{"rendered":"<body>\n<p>El m\u00e1s reciente documental de la cadena alemana <strong>DW, <em>\u201cNo siento nada: c\u00f3mo internet deforma nuestras emociones\u201d<\/em>,<\/strong> aborda un tema inquietante y cada vez m\u00e1s visible: la salud mental global en tiempos de la<strong> IA<\/strong> e <strong>hiperconexi\u00f3n.<\/strong><\/p>\n\n\n\n<p>El inicio es tan familiar que duele: gente haciendo <em>scroll<\/em> infinito bajo la luz azul de sus tel\u00e9fonos, aislados en dormitorios en penumbra, atrapados por pantallas que nunca descansan.<\/p>\n\n\n\n<p>En escena aparece un terapeuta que hace memoria de su consulta a lo largo de dos d\u00e9cadas. Relata que, hace veinte a\u00f1os, sus pacientes llegaban buscando gestionar emociones demasiado intensas: depresi\u00f3n, soledad, ansiedad. Hoy, sin embargo, muchos de sus pacientes tienen el problema contrario: una afectividad emocional casi plana. Gente que ya no siente demasiado, ni para bien ni para mal.<\/p>\n\n\n\n<hr class=\"wp-block-separator has-alpha-channel-opacity\">\n\n\n\n<figure class=\"wp-block-embed is-type-video is-provider-youtube wp-block-embed-youtube wp-embed-aspect-16-9 wp-has-aspect-ratio\"><div class=\"wp-block-embed__wrapper\">\n<iframe loading=\"lazy\" title=\"C\u00f3mo Internet deforma nuestras emociones | DW Documental\" width=\"696\" height=\"392\" src=\"https:\/\/www.youtube.com\/embed\/ZpmAFN3AIzo?feature=oembed\" frameborder=\"0\" allow=\"accelerometer; autoplay; clipboard-write; encrypted-media; gyroscope; picture-in-picture; web-share\" referrerpolicy=\"strict-origin-when-cross-origin\" allowfullscreen><\/iframe>\n<\/div><\/figure>\n\n\n\n<hr class=\"wp-block-separator has-alpha-channel-opacity\">\n\n\n\n<p>Es curioso c\u00f3mo, sin notarlo, hemos convertido nuestros dispositivos embebidos \u2014m\u00f3viles, relojes, asistentes\u2014 en refugios permanentes. Y, similar a los concursantes del festival del queso rodante, nos lanzamos cuesta abajo persiguiendo esa gratificaci\u00f3n inmediata que ofrece: el siguiente video, la siguiente historia, el siguiente <em>like<\/em>. Todo por ver qu\u00e9 generaci\u00f3n acumula m\u00e1s horas frente a la pantalla.<\/p>\n\n\n\n<p>Hace dos d\u00e9cadas, los cient\u00edficos sociales anticiparon que la era digital transformar\u00eda nuestras relaciones personales. Pero pocos imaginaron los efectos secundarios: <strong>la fatiga mental, el agotamiento emocional, la ansiedad social o la creciente incapacidad para concentrarnos.<\/strong> <\/p>\n\n\n\n<p>Hoy sabemos que esa transformaci\u00f3n lleg\u00f3, pero seguimos sin pol\u00edticas o campa\u00f1as serias que nos protejan de sus da\u00f1os colaterales.<\/p>\n\n\n\n<p>Se habl\u00f3 mucho del riesgo de la <em><strong>posverdad<\/strong><\/em>, ese concepto que describe c\u00f3mo la percepci\u00f3n emocional puede ser m\u00e1s influyente que los hechos. Sin embargo, qued\u00f3 en segundo plano la pregunta esencial: \u00bfc\u00f3mo \u00edbamos a soportar \u2014sin gu\u00eda ni contenci\u00f3n\u2014 el alud de datos, im\u00e1genes y opiniones que circulan cada segundo? Sin darnos cuenta, pasamos de usar la tecnolog\u00eda a que ella nos use.<\/p>\n\n\n\n<p>Desde luego, hay aspectos brillantes: la inmediatez de las respuestas, la eficiencia en tareas cotidianas, la oportunidad de aprender algo nuevo en segundos. Pero m\u00e1s all\u00e1 de esas ventajas, debilitamos las fronteras que nos proteg\u00edan de la saturaci\u00f3n. Lo hicimos por prisa, por curiosidad, por necesidad de sentirnos parte. As\u00ed naci\u00f3 el famoso <em>Internet 2.0<\/em>, que se so\u00f1\u00f3 como el portal a un nuevo renacimiento cultural.<\/p>\n\n\n\n<p>Lo que nadie previ\u00f3 fue que intent\u00e1ramos fusionar, sin filtro, un internet del conocimiento con un internet del entretenimiento. En teor\u00eda, la democratizaci\u00f3n de la informaci\u00f3n nos dar\u00eda acceso a ideas, historia, ciencia, arte; en la pr\u00e1ctica, terminamos rodeados de v\u00eddeos virales, retos absurdos y contenidos que priorizan la emoci\u00f3n sobre la reflexi\u00f3n.<\/p>\n\n\n\n<p>Las grandes tecnol\u00f3gicas y los medios de comunicaci\u00f3n abandonaron viejas f\u00f3rmulas para abrazar una estrategia m\u00e1s rentable: mantenernos siempre conectados, siempre consumiendo, siempre buscando algo nuevo aunque no sepamos qu\u00e9. Y como el bombardeo es constante, es natural que las personas busquen simplificarlo todo: titulares, frases hechas, v\u00eddeos de 15 segundos.<\/p>\n\n\n\n<p>Hace poco escuch\u00e9 una frase inquietante: \u201cla mayor\u00eda asume como verdad todo lo que ve en redes sociales, sobre todo los m\u00e1s j\u00f3venes.\u201d Y aunque suene alarmista, basta mirar a nuestro alrededor para entender que algo de raz\u00f3n tiene. La prisa por informarse se ha vuelto m\u00e1s importante que la necesidad de comprender.<\/p>\n<\/body>","protected":false},"excerpt":{"rendered":"<p>El m\u00e1s reciente documental de la cadena alemana DW, \u201cNo siento nada: c\u00f3mo internet deforma nuestras emociones\u201d, aborda un tema inquietante y cada vez m\u00e1s visible: la salud mental global en tiempos de la IA e hiperconexi\u00f3n. El inicio es tan familiar que duele: gente haciendo scroll infinito bajo la luz azul de sus tel\u00e9fonos, [&hellip;]<\/p>\n","protected":false},"author":6,"featured_media":4657,"comment_status":"open","ping_status":"open","sticky":false,"template":"","format":"standard","meta":{"_et_pb_use_builder":"off","_et_pb_old_content":"","_et_gb_content_width":"","_monsterinsights_skip_tracking":false,"_jetpack_memberships_contains_paid_content":false,"footnotes":""},"categories":[766],"tags":[1160,1773,2042,1142,1788,73,1270,716,2036,1265,161],"class_list":["post-4656","post","type-post","status-publish","format-standard","has-post-thumbnail","hentry","category-actualidad","tag-cultura","tag-desinformacion","tag-embebido","tag-emociones","tag-ideologia","tag-inteligencia-artificial","tag-politica","tag-redes-sociales","tag-smartphones","tag-streaming","tag-tecnologia"],"yoast_head":"<!-- This site is optimized with the Yoast SEO plugin v25.5 - https:\/\/yoast.com\/wordpress\/plugins\/seo\/ -->\n<title>La vida Embebida<\/title>\n<meta name=\"description\" content=\"Una reflexi\u00f3n \u00edntima y cr\u00edtica sobre c\u00f3mo los sistemas embebidos han moldeado no solo a la tecnolog\u00eda, sino tambi\u00e9n a una vida entera.\" \/>\n<meta name=\"robots\" content=\"index, follow, max-snippet:-1, max-image-preview:large, max-video-preview:-1\" \/>\n<link rel=\"canonical\" href=\"https:\/\/pulsecoder.com.mx\/index.php\/2025\/07\/16\/la-vida-embebida\/\" \/>\n<meta property=\"og:locale\" content=\"es_MX\" \/>\n<meta property=\"og:type\" content=\"article\" \/>\n<meta property=\"og:title\" content=\"La vida embebida\" \/>\n<meta property=\"og:description\" content=\"Una reflexi\u00f3n \u00edntima y cr\u00edtica sobre c\u00f3mo los sistemas embebidos han moldeado no solo a la tecnolog\u00eda, sino tambi\u00e9n a una vida entera.\" \/>\n<meta property=\"og:url\" content=\"https:\/\/pulsecoder.com.mx\/index.php\/2025\/07\/16\/la-vida-embebida\/\" \/>\n<meta property=\"og:site_name\" content=\"Pulsecoder\" \/>\n<meta property=\"article:publisher\" content=\"https:\/\/www.facebook.com\/PulsecoderMx\" \/>\n<meta property=\"article:published_time\" content=\"2025-07-17T01:06:23+00:00\" \/>\n<meta property=\"article:modified_time\" content=\"2025-07-17T01:06:31+00:00\" \/>\n<meta property=\"og:image\" content=\"https:\/\/pulsecoder.com.mx\/wp-content\/uploads\/2025\/07\/2.jpg\" \/>\n\t<meta property=\"og:image:width\" content=\"1200\" \/>\n\t<meta property=\"og:image:height\" content=\"675\" \/>\n\t<meta property=\"og:image:type\" content=\"image\/jpeg\" \/>\n<meta name=\"author\" content=\"Paula Campos\" \/>\n<meta name=\"twitter:card\" content=\"summary_large_image\" \/>\n<meta name=\"twitter:title\" content=\"La vida embebida\" \/>\n<meta name=\"twitter:description\" content=\"Una reflexi\u00f3n \u00edntima y cr\u00edtica sobre c\u00f3mo los sistemas embebidos han moldeado no solo a la tecnolog\u00eda, sino tambi\u00e9n a una vida entera.\" \/>\n<meta name=\"twitter:image\" content=\"https:\/\/i0.wp.com\/pulsecoder.com.mx\/wp-content\/uploads\/2025\/07\/2.jpg?fit=1200%2C675&ssl=1\" \/>\n<meta name=\"twitter:creator\" content=\"@PulsecoderMx\" \/>\n<meta name=\"twitter:site\" content=\"@PulsecoderMx\" \/>\n<meta name=\"twitter:label1\" content=\"Escrito por\" \/>\n\t<meta name=\"twitter:data1\" content=\"Paula Campos\" \/>\n\t<meta name=\"twitter:label2\" content=\"Tiempo de lectura\" \/>\n\t<meta name=\"twitter:data2\" content=\"3 minutos\" \/>\n<script type=\"application\/ld+json\" class=\"yoast-schema-graph\">{\"@context\":\"https:\/\/schema.org\",\"@graph\":[{\"@type\":\"Article\",\"@id\":\"https:\/\/pulsecoder.com.mx\/index.php\/2025\/07\/16\/la-vida-embebida\/#article\",\"isPartOf\":{\"@id\":\"https:\/\/pulsecoder.com.mx\/index.php\/2025\/07\/16\/la-vida-embebida\/\"},\"author\":{\"name\":\"Paula Campos\",\"@id\":\"https:\/\/pulsecoder.com.mx\/#\/schema\/person\/ae96446d3a5965f0028dd5154d8c77b4\"},\"headline\":\"La vida Embebida\",\"datePublished\":\"2025-07-17T01:06:23+00:00\",\"dateModified\":\"2025-07-17T01:06:31+00:00\",\"mainEntityOfPage\":{\"@id\":\"https:\/\/pulsecoder.com.mx\/index.php\/2025\/07\/16\/la-vida-embebida\/\"},\"wordCount\":590,\"commentCount\":0,\"publisher\":{\"@id\":\"https:\/\/pulsecoder.com.mx\/#organization\"},\"image\":{\"@id\":\"https:\/\/pulsecoder.com.mx\/index.php\/2025\/07\/16\/la-vida-embebida\/#primaryimage\"},\"thumbnailUrl\":\"https:\/\/i0.wp.com\/pulsecoder.com.mx\/wp-content\/uploads\/2025\/07\/2.jpg?fit=1200%2C675&ssl=1\",\"keywords\":[\"Cultura\",\"Desinformaci\u00f3n\",\"Embebido\",\"Emociones\",\"Ideolog\u00eda\",\"Inteligencia Artificial\",\"Pol\u00edtica\",\"Redes Sociales\",\"Smartphones\",\"Streaming\",\"Tecnolog\u00eda\"],\"articleSection\":[\"Actualidad\"],\"inLanguage\":\"es\",\"potentialAction\":[{\"@type\":\"CommentAction\",\"name\":\"Comment\",\"target\":[\"https:\/\/pulsecoder.com.mx\/index.php\/2025\/07\/16\/la-vida-embebida\/#respond\"]}]},{\"@type\":\"WebPage\",\"@id\":\"https:\/\/pulsecoder.com.mx\/index.php\/2025\/07\/16\/la-vida-embebida\/\",\"url\":\"https:\/\/pulsecoder.com.mx\/index.php\/2025\/07\/16\/la-vida-embebida\/\",\"name\":\"La vida Embebida\",\"isPartOf\":{\"@id\":\"https:\/\/pulsecoder.com.mx\/#website\"},\"primaryImageOfPage\":{\"@id\":\"https:\/\/pulsecoder.com.mx\/index.php\/2025\/07\/16\/la-vida-embebida\/#primaryimage\"},\"image\":{\"@id\":\"https:\/\/pulsecoder.com.mx\/index.php\/2025\/07\/16\/la-vida-embebida\/#primaryimage\"},\"thumbnailUrl\":\"https:\/\/i0.wp.com\/pulsecoder.com.mx\/wp-content\/uploads\/2025\/07\/2.jpg?fit=1200%2C675&ssl=1\",\"datePublished\":\"2025-07-17T01:06:23+00:00\",\"dateModified\":\"2025-07-17T01:06:31+00:00\",\"description\":\"Una reflexi\u00f3n \u00edntima y cr\u00edtica sobre c\u00f3mo los sistemas embebidos han moldeado no solo a la tecnolog\u00eda, sino tambi\u00e9n a una vida entera.\",\"inLanguage\":\"es\",\"potentialAction\":[{\"@type\":\"ReadAction\",\"target\":[\"https:\/\/pulsecoder.com.mx\/index.php\/2025\/07\/16\/la-vida-embebida\/\"]}]},{\"@type\":\"ImageObject\",\"inLanguage\":\"es\",\"@id\":\"https:\/\/pulsecoder.com.mx\/index.php\/2025\/07\/16\/la-vida-embebida\/#primaryimage\",\"url\":\"https:\/\/i0.wp.com\/pulsecoder.com.mx\/wp-content\/uploads\/2025\/07\/2.jpg?fit=1200%2C675&ssl=1\",\"contentUrl\":\"https:\/\/i0.wp.com\/pulsecoder.com.mx\/wp-content\/uploads\/2025\/07\/2.jpg?fit=1200%2C675&ssl=1\",\"width\":1200,\"height\":675},{\"@type\":\"WebSite\",\"@id\":\"https:\/\/pulsecoder.com.mx\/#website\",\"url\":\"https:\/\/pulsecoder.com.mx\/\",\"name\":\"Pulsecoder\",\"description\":\"Revista digital de tecnolog\u00eda, sociedad e Innovaci\u00f3n\",\"publisher\":{\"@id\":\"https:\/\/pulsecoder.com.mx\/#organization\"},\"potentialAction\":[{\"@type\":\"SearchAction\",\"target\":{\"@type\":\"EntryPoint\",\"urlTemplate\":\"https:\/\/pulsecoder.com.mx\/?s={search_term_string}\"},\"query-input\":{\"@type\":\"PropertyValueSpecification\",\"valueRequired\":true,\"valueName\":\"search_term_string\"}}],\"inLanguage\":\"es\"},{\"@type\":\"Organization\",\"@id\":\"https:\/\/pulsecoder.com.mx\/#organization\",\"name\":\"Pulse Coder Mx\",\"url\":\"https:\/\/pulsecoder.com.mx\/\",\"logo\":{\"@type\":\"ImageObject\",\"inLanguage\":\"es\",\"@id\":\"https:\/\/pulsecoder.com.mx\/#\/schema\/logo\/image\/\",\"url\":\"https:\/\/i0.wp.com\/pulsecoder.com.mx\/wp-content\/uploads\/2021\/10\/Web.png?fit=2047%2C1024&ssl=1\",\"contentUrl\":\"https:\/\/i0.wp.com\/pulsecoder.com.mx\/wp-content\/uploads\/2021\/10\/Web.png?fit=2047%2C1024&ssl=1\",\"width\":2047,\"height\":1024,\"caption\":\"Pulse Coder Mx\"},\"image\":{\"@id\":\"https:\/\/pulsecoder.com.mx\/#\/schema\/logo\/image\/\"},\"sameAs\":[\"https:\/\/www.facebook.com\/PulsecoderMx\",\"https:\/\/x.com\/PulsecoderMx\",\"https:\/\/www.instagram.com\/pulsecodermx\/\",\"https:\/\/www.youtube.com\/channel\/UCci7xZRoiIxGpkwEljqfF9A\"]},{\"@type\":\"Person\",\"@id\":\"https:\/\/pulsecoder.com.mx\/#\/schema\/person\/ae96446d3a5965f0028dd5154d8c77b4\",\"name\":\"Paula Campos\",\"image\":{\"@type\":\"ImageObject\",\"inLanguage\":\"es\",\"@id\":\"https:\/\/pulsecoder.com.mx\/#\/schema\/person\/image\/\",\"url\":\"https:\/\/secure.gravatar.com\/avatar\/e1ab72df5f67809d6c753f9b51cc4fa9?s=96&d=mm&r=g\",\"contentUrl\":\"https:\/\/secure.gravatar.com\/avatar\/e1ab72df5f67809d6c753f9b51cc4fa9?s=96&d=mm&r=g\",\"caption\":\"Paula Campos\"},\"description\":\"Cofundadora y Articulista de Pulse Coder. Enfocada en t\u00f3picos sobre el medio ambiente, bienestar y pol\u00edticas ambientales.\",\"url\":\"https:\/\/pulsecoder.com.mx\/index.php\/author\/paula-campos\/\"}]}<\/script>\n<!-- \/ Yoast SEO plugin. -->","yoast_head_json":{"title":"La vida Embebida","description":"Una reflexi\u00f3n \u00edntima y cr\u00edtica sobre c\u00f3mo los sistemas embebidos han moldeado no solo a la tecnolog\u00eda, sino tambi\u00e9n a una vida entera.","robots":{"index":"index","follow":"follow","max-snippet":"max-snippet:-1","max-image-preview":"max-image-preview:large","max-video-preview":"max-video-preview:-1"},"canonical":"https:\/\/pulsecoder.com.mx\/index.php\/2025\/07\/16\/la-vida-embebida\/","og_locale":"es_MX","og_type":"article","og_title":"La vida embebida","og_description":"Una reflexi\u00f3n \u00edntima y cr\u00edtica sobre c\u00f3mo los sistemas embebidos han moldeado no solo a la tecnolog\u00eda, sino tambi\u00e9n a una vida entera.","og_url":"https:\/\/pulsecoder.com.mx\/index.php\/2025\/07\/16\/la-vida-embebida\/","og_site_name":"Pulsecoder","article_publisher":"https:\/\/www.facebook.com\/PulsecoderMx","article_published_time":"2025-07-17T01:06:23+00:00","article_modified_time":"2025-07-17T01:06:31+00:00","og_image":[{"width":1200,"height":675,"url":"https:\/\/pulsecoder.com.mx\/wp-content\/uploads\/2025\/07\/2.jpg","type":"image\/jpeg"}],"author":"Paula Campos","twitter_card":"summary_large_image","twitter_title":"La vida embebida","twitter_description":"Una reflexi\u00f3n \u00edntima y cr\u00edtica sobre c\u00f3mo los sistemas embebidos han moldeado no solo a la tecnolog\u00eda, sino tambi\u00e9n a una vida entera.","twitter_image":"https:\/\/i0.wp.com\/pulsecoder.com.mx\/wp-content\/uploads\/2025\/07\/2.jpg?fit=1200%2C675&ssl=1","twitter_creator":"@PulsecoderMx","twitter_site":"@PulsecoderMx","twitter_misc":{"Escrito por":"Paula Campos","Tiempo de lectura":"3 minutos"},"schema":{"@context":"https:\/\/schema.org","@graph":[{"@type":"Article","@id":"https:\/\/pulsecoder.com.mx\/index.php\/2025\/07\/16\/la-vida-embebida\/#article","isPartOf":{"@id":"https:\/\/pulsecoder.com.mx\/index.php\/2025\/07\/16\/la-vida-embebida\/"},"author":{"name":"Paula Campos","@id":"https:\/\/pulsecoder.com.mx\/#\/schema\/person\/ae96446d3a5965f0028dd5154d8c77b4"},"headline":"La vida Embebida","datePublished":"2025-07-17T01:06:23+00:00","dateModified":"2025-07-17T01:06:31+00:00","mainEntityOfPage":{"@id":"https:\/\/pulsecoder.com.mx\/index.php\/2025\/07\/16\/la-vida-embebida\/"},"wordCount":590,"commentCount":0,"publisher":{"@id":"https:\/\/pulsecoder.com.mx\/#organization"},"image":{"@id":"https:\/\/pulsecoder.com.mx\/index.php\/2025\/07\/16\/la-vida-embebida\/#primaryimage"},"thumbnailUrl":"https:\/\/i0.wp.com\/pulsecoder.com.mx\/wp-content\/uploads\/2025\/07\/2.jpg?fit=1200%2C675&ssl=1","keywords":["Cultura","Desinformaci\u00f3n","Embebido","Emociones","Ideolog\u00eda","Inteligencia Artificial","Pol\u00edtica","Redes Sociales","Smartphones","Streaming","Tecnolog\u00eda"],"articleSection":["Actualidad"],"inLanguage":"es","potentialAction":[{"@type":"CommentAction","name":"Comment","target":["https:\/\/pulsecoder.com.mx\/index.php\/2025\/07\/16\/la-vida-embebida\/#respond"]}]},{"@type":"WebPage","@id":"https:\/\/pulsecoder.com.mx\/index.php\/2025\/07\/16\/la-vida-embebida\/","url":"https:\/\/pulsecoder.com.mx\/index.php\/2025\/07\/16\/la-vida-embebida\/","name":"La vida Embebida","isPartOf":{"@id":"https:\/\/pulsecoder.com.mx\/#website"},"primaryImageOfPage":{"@id":"https:\/\/pulsecoder.com.mx\/index.php\/2025\/07\/16\/la-vida-embebida\/#primaryimage"},"image":{"@id":"https:\/\/pulsecoder.com.mx\/index.php\/2025\/07\/16\/la-vida-embebida\/#primaryimage"},"thumbnailUrl":"https:\/\/i0.wp.com\/pulsecoder.com.mx\/wp-content\/uploads\/2025\/07\/2.jpg?fit=1200%2C675&ssl=1","datePublished":"2025-07-17T01:06:23+00:00","dateModified":"2025-07-17T01:06:31+00:00","description":"Una reflexi\u00f3n \u00edntima y cr\u00edtica sobre c\u00f3mo los sistemas embebidos han moldeado no solo a la tecnolog\u00eda, sino tambi\u00e9n a una vida entera.","inLanguage":"es","potentialAction":[{"@type":"ReadAction","target":["https:\/\/pulsecoder.com.mx\/index.php\/2025\/07\/16\/la-vida-embebida\/"]}]},{"@type":"ImageObject","inLanguage":"es","@id":"https:\/\/pulsecoder.com.mx\/index.php\/2025\/07\/16\/la-vida-embebida\/#primaryimage","url":"https:\/\/i0.wp.com\/pulsecoder.com.mx\/wp-content\/uploads\/2025\/07\/2.jpg?fit=1200%2C675&ssl=1","contentUrl":"https:\/\/i0.wp.com\/pulsecoder.com.mx\/wp-content\/uploads\/2025\/07\/2.jpg?fit=1200%2C675&ssl=1","width":1200,"height":675},{"@type":"WebSite","@id":"https:\/\/pulsecoder.com.mx\/#website","url":"https:\/\/pulsecoder.com.mx\/","name":"Pulsecoder","description":"Revista digital de tecnolog\u00eda, sociedad e Innovaci\u00f3n","publisher":{"@id":"https:\/\/pulsecoder.com.mx\/#organization"},"potentialAction":[{"@type":"SearchAction","target":{"@type":"EntryPoint","urlTemplate":"https:\/\/pulsecoder.com.mx\/?s={search_term_string}"},"query-input":{"@type":"PropertyValueSpecification","valueRequired":true,"valueName":"search_term_string"}}],"inLanguage":"es"},{"@type":"Organization","@id":"https:\/\/pulsecoder.com.mx\/#organization","name":"Pulse Coder Mx","url":"https:\/\/pulsecoder.com.mx\/","logo":{"@type":"ImageObject","inLanguage":"es","@id":"https:\/\/pulsecoder.com.mx\/#\/schema\/logo\/image\/","url":"https:\/\/i0.wp.com\/pulsecoder.com.mx\/wp-content\/uploads\/2021\/10\/Web.png?fit=2047%2C1024&ssl=1","contentUrl":"https:\/\/i0.wp.com\/pulsecoder.com.mx\/wp-content\/uploads\/2021\/10\/Web.png?fit=2047%2C1024&ssl=1","width":2047,"height":1024,"caption":"Pulse Coder Mx"},"image":{"@id":"https:\/\/pulsecoder.com.mx\/#\/schema\/logo\/image\/"},"sameAs":["https:\/\/www.facebook.com\/PulsecoderMx","https:\/\/x.com\/PulsecoderMx","https:\/\/www.instagram.com\/pulsecodermx\/","https:\/\/www.youtube.com\/channel\/UCci7xZRoiIxGpkwEljqfF9A"]},{"@type":"Person","@id":"https:\/\/pulsecoder.com.mx\/#\/schema\/person\/ae96446d3a5965f0028dd5154d8c77b4","name":"Paula Campos","image":{"@type":"ImageObject","inLanguage":"es","@id":"https:\/\/pulsecoder.com.mx\/#\/schema\/person\/image\/","url":"https:\/\/secure.gravatar.com\/avatar\/e1ab72df5f67809d6c753f9b51cc4fa9?s=96&d=mm&r=g","contentUrl":"https:\/\/secure.gravatar.com\/avatar\/e1ab72df5f67809d6c753f9b51cc4fa9?s=96&d=mm&r=g","caption":"Paula Campos"},"description":"Cofundadora y Articulista de Pulse Coder. Enfocada en t\u00f3picos sobre el medio ambiente, bienestar y pol\u00edticas ambientales.","url":"https:\/\/pulsecoder.com.mx\/index.php\/author\/paula-campos\/"}]}},"jetpack_featured_media_url":"https:\/\/i0.wp.com\/pulsecoder.com.mx\/wp-content\/uploads\/2025\/07\/2.jpg?fit=1200%2C675&ssl=1","jetpack_sharing_enabled":true,"amp_enabled":true,"_links":{"self":[{"href":"https:\/\/pulsecoder.com.mx\/index.php\/wp-json\/wp\/v2\/posts\/4656"}],"collection":[{"href":"https:\/\/pulsecoder.com.mx\/index.php\/wp-json\/wp\/v2\/posts"}],"about":[{"href":"https:\/\/pulsecoder.com.mx\/index.php\/wp-json\/wp\/v2\/types\/post"}],"author":[{"embeddable":true,"href":"https:\/\/pulsecoder.com.mx\/index.php\/wp-json\/wp\/v2\/users\/6"}],"replies":[{"embeddable":true,"href":"https:\/\/pulsecoder.com.mx\/index.php\/wp-json\/wp\/v2\/comments?post=4656"}],"version-history":[{"count":1,"href":"https:\/\/pulsecoder.com.mx\/index.php\/wp-json\/wp\/v2\/posts\/4656\/revisions"}],"predecessor-version":[{"id":4658,"href":"https:\/\/pulsecoder.com.mx\/index.php\/wp-json\/wp\/v2\/posts\/4656\/revisions\/4658"}],"wp:featuredmedia":[{"embeddable":true,"href":"https:\/\/pulsecoder.com.mx\/index.php\/wp-json\/wp\/v2\/media\/4657"}],"wp:attachment":[{"href":"https:\/\/pulsecoder.com.mx\/index.php\/wp-json\/wp\/v2\/media?parent=4656"}],"wp:term":[{"taxonomy":"category","embeddable":true,"href":"https:\/\/pulsecoder.com.mx\/index.php\/wp-json\/wp\/v2\/categories?post=4656"},{"taxonomy":"post_tag","embeddable":true,"href":"https:\/\/pulsecoder.com.mx\/index.php\/wp-json\/wp\/v2\/tags?post=4656"}],"curies":[{"name":"wp","href":"https:\/\/api.w.org\/{rel}","templated":true}]}}