{"id":4683,"date":"2025-09-25T13:15:00","date_gmt":"2025-09-25T19:15:00","guid":{"rendered":"https:\/\/pulsecoder.com.mx\/?p=4683"},"modified":"2025-10-12T15:19:00","modified_gmt":"2025-10-12T21:19:00","slug":"margaritas-estreno-de-la-mula-roja","status":"publish","type":"post","link":"https:\/\/pulsecoder.com.mx\/index.php\/2025\/09\/25\/margaritas-estreno-de-la-mula-roja\/","title":{"rendered":"Margaritas: Estreno de la Mula Roja"},"content":{"rendered":"<body>\n<p>Margaritas es una obra de teatro escrita por Sarah Mendoza y la que suscribe el presente art\u00edculo. Una obra que busca llevar la reflexi\u00f3n hacia las injusticias laborales, a las pr\u00e1cticas ilegales dentro de un sistema muy asimilado y hac\u00eda cu\u00e1n embriagadas pueden estar las humanidades de quienes ejercen las asimetr\u00edas del poder.<\/p>\n\n\n\n<p>Trabaj\u00e9 para la Direcci\u00f3n de Actividades Art\u00edsticas en la Secretar\u00eda de Educaci\u00f3n de Veracruz durante tres a\u00f1os, haciendo docencia, investigaci\u00f3n y actuaci\u00f3n. En 2023 preparamos un homenaje a Luisa Josefina Hern\u00e1ndez con el montaje de la obra\u00a0<em>Los Duendes<\/em>\u00a0donde empec\u00e9 interpretando el papel de\u00a0<em>Francina<\/em>\u00a0y poco a poco involucr\u00e1ndome en log\u00edstica, producci\u00f3n, escenograf\u00eda y otros rubros.<\/p>\n\n\n\n<p>A tan solo 2 d\u00edas antes del estreno la apat\u00eda en los puestos pol\u00edticos y los movimientos administrativos, cancelaron abruptamente la obra\u00a0<em>Los Duendes<\/em>, negando la continuidad del homenaje a LJH. Aunado a esto recib\u00ed mi carta de renuncia voluntaria redactada por el nuevo director. Lo cual deton\u00f3 el cuestionamiento sobre la relevancia que tiene alinearse con los intereses de la instituci\u00f3n\u00a0<em>vs<\/em>\u00a0los intereses de quien dirige la instituci\u00f3n.<\/p>\n\n\n\n<hr class=\"wp-block-separator has-alpha-channel-opacity\">\n\n\n\n<div class=\"wp-block-jetpack-slideshow aligncenter\" data-effect=\"slide\"><div class=\"wp-block-jetpack-slideshow_container swiper-container\"><ul class=\"wp-block-jetpack-slideshow_swiper-wrapper swiper-wrapper\"><li class=\"wp-block-jetpack-slideshow_slide swiper-slide\"><figure><img data-recalc-dims=\"1\" decoding=\"async\" width=\"279\" height=\"197\" alt=\"\" class=\"wp-block-jetpack-slideshow_image wp-image-4685\" data-id=\"4685\" src=\"https:\/\/i0.wp.com\/pulsecoder.com.mx\/wp-content\/uploads\/2025\/10\/1.jpg?resize=279%2C197&#038;ssl=1\" loading=\"lazy\" srcset=\"https:\/\/i0.wp.com\/pulsecoder.com.mx\/wp-content\/uploads\/2025\/10\/1.jpg?w=279&amp;ssl=1 279w, https:\/\/i0.wp.com\/pulsecoder.com.mx\/wp-content\/uploads\/2025\/10\/1.jpg?resize=100%2C70&amp;ssl=1 100w\" sizes=\"(max-width: 279px) 100vw, 279px\" \/><\/figure><\/li><li class=\"wp-block-jetpack-slideshow_slide swiper-slide\"><figure><img data-recalc-dims=\"1\" decoding=\"async\" width=\"677\" height=\"450\" alt=\"\" class=\"wp-block-jetpack-slideshow_image wp-image-4686\" data-id=\"4686\" src=\"https:\/\/i0.wp.com\/pulsecoder.com.mx\/wp-content\/uploads\/2025\/10\/2.jpg?resize=677%2C450&#038;ssl=1\" loading=\"lazy\" srcset=\"https:\/\/i0.wp.com\/pulsecoder.com.mx\/wp-content\/uploads\/2025\/10\/2.jpg?w=677&amp;ssl=1 677w, https:\/\/i0.wp.com\/pulsecoder.com.mx\/wp-content\/uploads\/2025\/10\/2.jpg?resize=300%2C199&amp;ssl=1 300w, https:\/\/i0.wp.com\/pulsecoder.com.mx\/wp-content\/uploads\/2025\/10\/2.jpg?resize=100%2C66&amp;ssl=1 100w\" sizes=\"(max-width: 677px) 100vw, 677px\" \/><\/figure><\/li><\/ul><a class=\"wp-block-jetpack-slideshow_button-prev swiper-button-prev swiper-button-white\" role=\"button\"><\/a><a class=\"wp-block-jetpack-slideshow_button-next swiper-button-next swiper-button-white\" role=\"button\"><\/a><a aria-label=\"Pause Slideshow\" class=\"wp-block-jetpack-slideshow_button-pause\" role=\"button\"><\/a><div class=\"wp-block-jetpack-slideshow_pagination swiper-pagination swiper-pagination-white\"><\/div><\/div><\/div>\n\n\n\n<hr class=\"wp-block-separator has-alpha-channel-opacity\">\n\n\n\n<p>M\u00e1s de 10 compa\u00f1eros firmaron su renuncia voluntaria sin haberla redactado, una solicitud ilegal desde cualquier punto de vista. Las amenazas, la presi\u00f3n y el chantaje los llevaron a ceder ante esta petici\u00f3n. A m\u00ed, el coraje ante la injusticia de frenar un proyecto en el que se hab\u00eda invertido mucho tiempo, dinero y esfuerzo, me llev\u00f3 a los tribunales, con una demanda que lleva 2 a\u00f1os en curso y aun no se ve para cuando termine. Mi coraje ante esta injusticia y el deseo de luchar, tampoco se ve para cuando termine.<\/p>\n\n\n\n<p>A partir de este quiebre de la rutina cotidiana en mi vida ten\u00eda dos opciones, una buscar un nuevo empleo que me permitiera tener un sueldo estable a cambio de cierto n\u00famero de horas para realizar actividades que contribuyeran a concretar los objetivos de la empresa o instituci\u00f3n en la que me integrara. O, invertir mi tiempo y poco dinero en hacer proyectos propios.<\/p>\n\n\n\n<p>Tras tomar la decisi\u00f3n de asumirme \u201cdesempleada\u201d, me permit\u00ed trabajar de tiempo completo en mis deseos, en todos aquellos pendientes que ten\u00eda con mi yo creativo y que eran imposibles de realizar desde la instituci\u00f3n. Gracias al sost\u00e9n de La Mula Roja, una compa\u00f1\u00eda teatral que hab\u00eda nacido apenas unos meses antes de que me corrieran, fue que hemos logrado poner en pie iniciativas que satisfacen nuestras inquietudes.<\/p>\n\n\n\n<hr class=\"wp-block-separator has-alpha-channel-opacity\">\n\n\n\n<div class=\"wp-block-jetpack-slideshow aligncenter\" data-effect=\"slide\"><div class=\"wp-block-jetpack-slideshow_container swiper-container\"><ul class=\"wp-block-jetpack-slideshow_swiper-wrapper swiper-wrapper\"><li class=\"wp-block-jetpack-slideshow_slide swiper-slide\"><figure><img data-recalc-dims=\"1\" decoding=\"async\" width=\"589\" height=\"97\" alt=\"\" class=\"wp-block-jetpack-slideshow_image wp-image-4687\" data-id=\"4687\" src=\"https:\/\/i0.wp.com\/pulsecoder.com.mx\/wp-content\/uploads\/2025\/10\/6.jpg?resize=589%2C97&#038;ssl=1\" loading=\"lazy\" srcset=\"https:\/\/i0.wp.com\/pulsecoder.com.mx\/wp-content\/uploads\/2025\/10\/6.jpg?w=589&amp;ssl=1 589w, https:\/\/i0.wp.com\/pulsecoder.com.mx\/wp-content\/uploads\/2025\/10\/6.jpg?resize=300%2C49&amp;ssl=1 300w, https:\/\/i0.wp.com\/pulsecoder.com.mx\/wp-content\/uploads\/2025\/10\/6.jpg?resize=100%2C16&amp;ssl=1 100w\" sizes=\"(max-width: 589px) 100vw, 589px\" \/><\/figure><\/li><li class=\"wp-block-jetpack-slideshow_slide swiper-slide\"><figure><img data-recalc-dims=\"1\" decoding=\"async\" width=\"191\" height=\"272\" alt=\"\" class=\"wp-block-jetpack-slideshow_image wp-image-4688\" data-id=\"4688\" src=\"https:\/\/i0.wp.com\/pulsecoder.com.mx\/wp-content\/uploads\/2025\/10\/3.jpg?resize=191%2C272&#038;ssl=1\" loading=\"lazy\" srcset=\"https:\/\/i0.wp.com\/pulsecoder.com.mx\/wp-content\/uploads\/2025\/10\/3.jpg?w=191&amp;ssl=1 191w, https:\/\/i0.wp.com\/pulsecoder.com.mx\/wp-content\/uploads\/2025\/10\/3.jpg?resize=100%2C142&amp;ssl=1 100w\" sizes=\"(max-width: 191px) 100vw, 191px\" \/><\/figure><\/li><li class=\"wp-block-jetpack-slideshow_slide swiper-slide\"><figure><img data-recalc-dims=\"1\" decoding=\"async\" width=\"350\" height=\"622\" alt=\"\" class=\"wp-block-jetpack-slideshow_image wp-image-4689\" data-id=\"4689\" src=\"https:\/\/i0.wp.com\/pulsecoder.com.mx\/wp-content\/uploads\/2025\/10\/5.jpg?resize=350%2C622&#038;ssl=1\" loading=\"lazy\" srcset=\"https:\/\/i0.wp.com\/pulsecoder.com.mx\/wp-content\/uploads\/2025\/10\/5.jpg?w=350&amp;ssl=1 350w, https:\/\/i0.wp.com\/pulsecoder.com.mx\/wp-content\/uploads\/2025\/10\/5.jpg?resize=169%2C300&amp;ssl=1 169w, https:\/\/i0.wp.com\/pulsecoder.com.mx\/wp-content\/uploads\/2025\/10\/5.jpg?resize=100%2C178&amp;ssl=1 100w\" sizes=\"(max-width: 350px) 100vw, 350px\" \/><\/figure><\/li><\/ul><a class=\"wp-block-jetpack-slideshow_button-prev swiper-button-prev swiper-button-white\" role=\"button\"><\/a><a class=\"wp-block-jetpack-slideshow_button-next swiper-button-next swiper-button-white\" role=\"button\"><\/a><a aria-label=\"Pause Slideshow\" class=\"wp-block-jetpack-slideshow_button-pause\" role=\"button\"><\/a><div class=\"wp-block-jetpack-slideshow_pagination swiper-pagination swiper-pagination-white\"><\/div><\/div><\/div>\n\n\n\n<hr class=\"wp-block-separator has-alpha-channel-opacity\">\n\n\n\n<p>\u00bfCu\u00e1l ser\u00eda entonces mi rutina ideal? No habr\u00eda nadie que me pidiera investigar sobre un tema en particular o montar una obra para un p\u00fablico espec\u00edfico, tampoco tendr\u00eda que subirlo a agenda, generar comisi\u00f3n con un mes de anticipaci\u00f3n, ver si se alinea con el Plan Operativo Anual y si hay espacio para poder realizarlo, entre un largo etc\u00e9tera\u2026 Ahora, podr\u00eda hacer lo que yo deseara, como yo lo deseara, fuera de la burocracia y el papeleo, tambi\u00e9n fuera de la n\u00f3mina y las prestaciones de ley.<\/p>\n\n\n\n<p>Dejar de tener un l\u00edder que fuera mi proveedor de l\u00edmites y bondades fue, en un sentido muy abrumador, pero en otro, muy emocionante. Darle todo mi tiempo y esfuerzo a poner en pie los proyectos que deseo ha sido muy retador, muy estimulante y tambi\u00e9n muy complicado. Lamentablemente, la perspectiva del futuro laboral para creadores no parece ser muy prometedor. As\u00ed que, \u00bfcu\u00e1les son las opciones para vivir como creador esc\u00e9nico? \u00bfHay opciones para vivir como creador?<\/p>\n\n\n\n<p>S\u00ed, s\u00ed las hay. Gabriel Zaid, en su libro\u00a0<em>Dinero para la cultura<\/em>, (2013) dice que hay 5 fuentes de financiamiento.<\/p>\n\n\n\n<p>1. Sacrificio personal. (De alcances limitados y es injusto en cuanto el sacrificio es personal y el beneficio colectivo)<\/p>\n\n\n\n<p>2. La familia. (Condicionante a los intereses y voluble a humores y relaciones)<\/p>\n\n\n\n<p>3. Los mecenas. (Al capricho de qui\u00e9n destina el presupuesto)<\/p>\n\n\n\n<p>4. El mercado. (Peligro para la calidad y se limita a la demanda)<\/p>\n\n\n\n<p>5. El estado. (Peligro para la libertad, se mediatiza pol\u00edticamente, se presta a la corrupci\u00f3n).<\/p>\n\n\n\n<p>Todas pueden liberar o esclavizar y todas tienen consecuencias y repercusiones en la calidad de la obra. \u00a0<\/p>\n\n\n\n<p>Zaid, enuncia algunos ejemplos de personalidades cuyas obras art\u00edsticas trascendieron generaciones, rompieron esquemas dentro de sus disciplinas y atravesaron paradigmas correspondientes a su \u00e9poca y contexto hist\u00f3rico. Al leer sus nombres e historias me pregunt\u00e9, \u00bfhabr\u00e1n tenido el deseo de desarrollarse como artistas en un contexto de dignificaci\u00f3n laboral? \u00bfsu obra habr\u00e1 trascendido por que deseaban ser los mejores en tal o cual cosa?<\/p>\n\n\n\n<p>Seguramente no. Lo que moviliz\u00f3 a estos artistas y creativos fue el deseo f\u00e9rreo de entender el mundo a trav\u00e9s de su arte. Gabriel Zaid, lo describe como el sentido \u00faltimo de la cultura, es decir:\u00a0<em>la revelaci\u00f3n, el asombro, las ganas o la furia de vivir, el amor al arte, la pasi\u00f3n de entender, la inspiraci\u00f3n creadora, la plenitud personal y colectiva.<\/em><\/p>\n\n\n\n<p>Creadores y artistas como\u00a0<em>Vincent van Gogh<\/em>\u00a0o\u00a0<em>Sor Juana In\u00e9s de la Cruz<\/em>, vivieron una vida obstinados en sus respectivas obras, m\u00e1s no en la b\u00fasqueda de la dignidad laboral, el posicionamiento o los aplausos. Sin embargo, sus obras han trascendido generaciones y territorios. En ambos casos podemos ver la enorme desproporci\u00f3n entre lo que vale su obra y lo que les fue pagado por ello.<\/p>\n\n\n\n<p>Ni antes, ni ahora, debemos creer en lo que los economistas recomiendan: dejar de hacer lo que NO deja por que NO LO VALE. Asumir que el mercado es perfecto en sus juicios de valor, puede ser un error y un problema importante para el arte y la cultura, donde es muy com\u00fan encontrar algo que vale mucho y cost\u00f3 poco y aunque era poco, el mercado no lo pag\u00f3.<\/p>\n\n\n\n<p>Si bien entiendo que, vivimos en un mundo capitalista donde es imposible liberarse de los gastos, ya no de deseos mundanos, sino de necesidades b\u00e1sicas, deber\u00eda decir que mi invitaci\u00f3n es para buscar un equilibrio entre hacer cosas que no nos gustan, para poder hacer lo que si nos gusta. Pero, no. Mi verdadera invitaci\u00f3n es para aferrarnos a hacer que funcione lo que nosotros deseamos. A creer en lo que creemos. A ignorar la mercadotecnia, las relaciones p\u00fablicas, lo que Zaid llama chifladuras colectivas, es decir, tendencias, a los precios del mercado. A deshacernos de la vanidad que genera el prestigio de la academia o la instituci\u00f3n. A seguir a pesar de las consecuencias deprimentes y a pesar de cualquier fuente de financiamiento.<\/p>\n\n\n\n<hr class=\"wp-block-separator has-alpha-channel-opacity\">\n\n\n\n<figure class=\"wp-block-image aligncenter size-large\"><img data-recalc-dims=\"1\" decoding=\"async\" width=\"696\" height=\"836\" src=\"https:\/\/i0.wp.com\/pulsecoder.com.mx\/wp-content\/uploads\/2025\/10\/7.jpg?resize=696%2C836&#038;ssl=1\" alt=\"\" class=\"wp-image-4690\" loading=\"lazy\" srcset=\"https:\/\/i0.wp.com\/pulsecoder.com.mx\/wp-content\/uploads\/2025\/10\/7.jpg?resize=853%2C1024&amp;ssl=1 853w, https:\/\/i0.wp.com\/pulsecoder.com.mx\/wp-content\/uploads\/2025\/10\/7.jpg?resize=250%2C300&amp;ssl=1 250w, https:\/\/i0.wp.com\/pulsecoder.com.mx\/wp-content\/uploads\/2025\/10\/7.jpg?resize=768%2C922&amp;ssl=1 768w, https:\/\/i0.wp.com\/pulsecoder.com.mx\/wp-content\/uploads\/2025\/10\/7.jpg?resize=100%2C120&amp;ssl=1 100w, https:\/\/i0.wp.com\/pulsecoder.com.mx\/wp-content\/uploads\/2025\/10\/7.jpg?resize=696%2C836&amp;ssl=1 696w, https:\/\/i0.wp.com\/pulsecoder.com.mx\/wp-content\/uploads\/2025\/10\/7.jpg?w=902&amp;ssl=1 902w\" sizes=\"(max-width: 696px) 100vw, 696px\" \/><\/figure>\n\n\n\n<hr class=\"wp-block-separator has-alpha-channel-opacity\">\n\n\n\n<p>No concuerdo con la idea de producir \u00fanicamente lo que tiene mercado o patrocinio, pues corremos el riesgo de generar un arte y cultura conformista, que nace por encargo y no exprime lo m\u00e1s profundo del ser.<\/p>\n\n\n\n<p>En ese sentido Margaritas, es una obra que nace desde la visera, desde el trabajo en equipo, desde el sost\u00e9n de una compa\u00f1\u00eda, desde la necedad, desde la fuerza de ocupar con dignidad el escenario.<\/p>\n\n\n\n<hr class=\"wp-block-separator has-alpha-channel-opacity\">\n\n\n\n<figure class=\"wp-block-image aligncenter size-full\"><img data-recalc-dims=\"1\" decoding=\"async\" width=\"500\" height=\"774\" src=\"https:\/\/i0.wp.com\/pulsecoder.com.mx\/wp-content\/uploads\/2025\/10\/8.jpg?resize=500%2C774&#038;ssl=1\" alt=\"\" class=\"wp-image-4691\" loading=\"lazy\" srcset=\"https:\/\/i0.wp.com\/pulsecoder.com.mx\/wp-content\/uploads\/2025\/10\/8.jpg?w=500&amp;ssl=1 500w, https:\/\/i0.wp.com\/pulsecoder.com.mx\/wp-content\/uploads\/2025\/10\/8.jpg?resize=194%2C300&amp;ssl=1 194w, https:\/\/i0.wp.com\/pulsecoder.com.mx\/wp-content\/uploads\/2025\/10\/8.jpg?resize=100%2C155&amp;ssl=1 100w\" sizes=\"(max-width: 500px) 100vw, 500px\" \/><\/figure>\n\n\n\n<hr class=\"wp-block-separator has-alpha-channel-opacity\">\n\n\n\n<p>El estreno se llevar\u00e1 a cabo este viernes 3 de octubre en el Teatro Guillermo Romo de Vivar ubicado en Av. Benito Ju\u00e1rez, Col. Centro, Pachuca de Soto Hidalgo. Boletos disponibles al 2283394272 o en la taquilla una hora antes del evento.<\/p>\n\n\n\n<p><\/p>\n<\/body>","protected":false},"excerpt":{"rendered":"<p>Margaritas es una obra de teatro escrita por Sarah Mendoza y la que suscribe el presente art\u00edculo. Una obra que busca llevar la reflexi\u00f3n hacia las injusticias laborales, a las pr\u00e1cticas ilegales dentro de un sistema muy asimilado y hac\u00eda cu\u00e1n embriagadas pueden estar las humanidades de quienes ejercen las asimetr\u00edas del poder. Trabaj\u00e9 para [&hellip;]<\/p>\n","protected":false},"author":11,"featured_media":4684,"comment_status":"open","ping_status":"open","sticky":false,"template":"","format":"standard","meta":{"_et_pb_use_builder":"off","_et_pb_old_content":"","_et_gb_content_width":"","_monsterinsights_skip_tracking":false,"_jetpack_memberships_contains_paid_content":false,"footnotes":""},"categories":[1700],"tags":[1022,157,2053,1908,2054,1587,2056],"class_list":["post-4683","post","type-post","status-publish","format-standard","has-post-thumbnail","hentry","category-cultura","tag-artista","tag-economia","tag-injusticia","tag-obra","tag-reconocimiento","tag-teatro","tag-valor"],"yoast_head":"<!-- This site is optimized with the Yoast SEO plugin v25.5 - https:\/\/yoast.com\/wordpress\/plugins\/seo\/ -->\n<title>Margaritas: Estreno de la Mula Roja<\/title>\n<meta name=\"description\" content=\"Margaritas, obra de La Mula Roja Teatro, expone injusticias laborales y poder institucional a trav\u00e9s de arte, memoria y resistencia.\" \/>\n<meta name=\"robots\" content=\"index, follow, max-snippet:-1, max-image-preview:large, max-video-preview:-1\" \/>\n<link rel=\"canonical\" href=\"https:\/\/pulsecoder.com.mx\/index.php\/2025\/09\/25\/margaritas-estreno-de-la-mula-roja\/\" \/>\n<meta property=\"og:locale\" content=\"es_MX\" \/>\n<meta property=\"og:type\" content=\"article\" \/>\n<meta property=\"og:title\" content=\"Margaritas: estreno de la Mula Roja\" \/>\n<meta property=\"og:description\" content=\"Margaritas, obra de La Mula Roja Teatro, expone injusticias laborales y poder institucional a trav\u00e9s de arte, memoria y resistencia.\" \/>\n<meta property=\"og:url\" content=\"https:\/\/pulsecoder.com.mx\/index.php\/2025\/09\/25\/margaritas-estreno-de-la-mula-roja\/\" \/>\n<meta property=\"og:site_name\" content=\"Pulsecoder\" \/>\n<meta property=\"article:publisher\" content=\"https:\/\/www.facebook.com\/PulsecoderMx\" \/>\n<meta property=\"article:author\" content=\"https:\/\/www.facebook.com\/lamularoja.teatro\/\" \/>\n<meta property=\"article:published_time\" content=\"2025-09-25T19:15:00+00:00\" \/>\n<meta property=\"article:modified_time\" content=\"2025-10-12T21:19:00+00:00\" \/>\n<meta property=\"og:image\" content=\"https:\/\/pulsecoder.com.mx\/wp-content\/uploads\/2025\/10\/N-1.jpg\" \/>\n\t<meta property=\"og:image:width\" content=\"1200\" \/>\n\t<meta property=\"og:image:height\" content=\"675\" \/>\n\t<meta property=\"og:image:type\" content=\"image\/jpeg\" \/>\n<meta name=\"author\" content=\"georgina.escobar\" \/>\n<meta name=\"twitter:card\" content=\"summary_large_image\" \/>\n<meta name=\"twitter:title\" content=\"Margaritas: estreno de la Mula Roja\" \/>\n<meta name=\"twitter:description\" content=\"Margaritas, obra de La Mula Roja Teatro, expone injusticias laborales y poder institucional a trav\u00e9s de arte, memoria y resistencia.\" \/>\n<meta name=\"twitter:image\" content=\"https:\/\/i0.wp.com\/pulsecoder.com.mx\/wp-content\/uploads\/2025\/10\/N-1.jpg?fit=1200%2C675&ssl=1\" \/>\n<meta name=\"twitter:creator\" content=\"@PulsecoderMx\" \/>\n<meta name=\"twitter:site\" content=\"@PulsecoderMx\" \/>\n<meta name=\"twitter:label1\" content=\"Escrito por\" \/>\n\t<meta name=\"twitter:data1\" content=\"georgina.escobar\" \/>\n\t<meta name=\"twitter:label2\" content=\"Tiempo de lectura\" \/>\n\t<meta name=\"twitter:data2\" content=\"6 minutos\" \/>\n<script type=\"application\/ld+json\" class=\"yoast-schema-graph\">{\"@context\":\"https:\/\/schema.org\",\"@graph\":[{\"@type\":\"Article\",\"@id\":\"https:\/\/pulsecoder.com.mx\/index.php\/2025\/09\/25\/margaritas-estreno-de-la-mula-roja\/#article\",\"isPartOf\":{\"@id\":\"https:\/\/pulsecoder.com.mx\/index.php\/2025\/09\/25\/margaritas-estreno-de-la-mula-roja\/\"},\"author\":{\"name\":\"georgina.escobar\",\"@id\":\"https:\/\/pulsecoder.com.mx\/#\/schema\/person\/859b0aa70de29666d56cd1323f5ae1e5\"},\"headline\":\"Margaritas: Estreno de la Mula Roja\",\"datePublished\":\"2025-09-25T19:15:00+00:00\",\"dateModified\":\"2025-10-12T21:19:00+00:00\",\"mainEntityOfPage\":{\"@id\":\"https:\/\/pulsecoder.com.mx\/index.php\/2025\/09\/25\/margaritas-estreno-de-la-mula-roja\/\"},\"wordCount\":1269,\"commentCount\":0,\"publisher\":{\"@id\":\"https:\/\/pulsecoder.com.mx\/#organization\"},\"image\":{\"@id\":\"https:\/\/pulsecoder.com.mx\/index.php\/2025\/09\/25\/margaritas-estreno-de-la-mula-roja\/#primaryimage\"},\"thumbnailUrl\":\"https:\/\/i0.wp.com\/pulsecoder.com.mx\/wp-content\/uploads\/2025\/10\/N-1.jpg?fit=1200%2C675&ssl=1\",\"keywords\":[\"Artista\",\"Econom\u00eda\",\"Injusticia\",\"Obra\",\"Reconocimiento\",\"Teatro\",\"Valor\"],\"articleSection\":[\"Cultura\"],\"inLanguage\":\"es\",\"potentialAction\":[{\"@type\":\"CommentAction\",\"name\":\"Comment\",\"target\":[\"https:\/\/pulsecoder.com.mx\/index.php\/2025\/09\/25\/margaritas-estreno-de-la-mula-roja\/#respond\"]}]},{\"@type\":\"WebPage\",\"@id\":\"https:\/\/pulsecoder.com.mx\/index.php\/2025\/09\/25\/margaritas-estreno-de-la-mula-roja\/\",\"url\":\"https:\/\/pulsecoder.com.mx\/index.php\/2025\/09\/25\/margaritas-estreno-de-la-mula-roja\/\",\"name\":\"Margaritas: Estreno de la Mula Roja\",\"isPartOf\":{\"@id\":\"https:\/\/pulsecoder.com.mx\/#website\"},\"primaryImageOfPage\":{\"@id\":\"https:\/\/pulsecoder.com.mx\/index.php\/2025\/09\/25\/margaritas-estreno-de-la-mula-roja\/#primaryimage\"},\"image\":{\"@id\":\"https:\/\/pulsecoder.com.mx\/index.php\/2025\/09\/25\/margaritas-estreno-de-la-mula-roja\/#primaryimage\"},\"thumbnailUrl\":\"https:\/\/i0.wp.com\/pulsecoder.com.mx\/wp-content\/uploads\/2025\/10\/N-1.jpg?fit=1200%2C675&ssl=1\",\"datePublished\":\"2025-09-25T19:15:00+00:00\",\"dateModified\":\"2025-10-12T21:19:00+00:00\",\"description\":\"Margaritas, obra de La Mula Roja Teatro, expone injusticias laborales y poder institucional a trav\u00e9s de arte, memoria y resistencia.\",\"inLanguage\":\"es\",\"potentialAction\":[{\"@type\":\"ReadAction\",\"target\":[\"https:\/\/pulsecoder.com.mx\/index.php\/2025\/09\/25\/margaritas-estreno-de-la-mula-roja\/\"]}]},{\"@type\":\"ImageObject\",\"inLanguage\":\"es\",\"@id\":\"https:\/\/pulsecoder.com.mx\/index.php\/2025\/09\/25\/margaritas-estreno-de-la-mula-roja\/#primaryimage\",\"url\":\"https:\/\/i0.wp.com\/pulsecoder.com.mx\/wp-content\/uploads\/2025\/10\/N-1.jpg?fit=1200%2C675&ssl=1\",\"contentUrl\":\"https:\/\/i0.wp.com\/pulsecoder.com.mx\/wp-content\/uploads\/2025\/10\/N-1.jpg?fit=1200%2C675&ssl=1\",\"width\":1200,\"height\":675},{\"@type\":\"WebSite\",\"@id\":\"https:\/\/pulsecoder.com.mx\/#website\",\"url\":\"https:\/\/pulsecoder.com.mx\/\",\"name\":\"Pulsecoder\",\"description\":\"Revista digital de tecnolog\u00eda, sociedad e Innovaci\u00f3n\",\"publisher\":{\"@id\":\"https:\/\/pulsecoder.com.mx\/#organization\"},\"potentialAction\":[{\"@type\":\"SearchAction\",\"target\":{\"@type\":\"EntryPoint\",\"urlTemplate\":\"https:\/\/pulsecoder.com.mx\/?s={search_term_string}\"},\"query-input\":{\"@type\":\"PropertyValueSpecification\",\"valueRequired\":true,\"valueName\":\"search_term_string\"}}],\"inLanguage\":\"es\"},{\"@type\":\"Organization\",\"@id\":\"https:\/\/pulsecoder.com.mx\/#organization\",\"name\":\"Pulse Coder Mx\",\"url\":\"https:\/\/pulsecoder.com.mx\/\",\"logo\":{\"@type\":\"ImageObject\",\"inLanguage\":\"es\",\"@id\":\"https:\/\/pulsecoder.com.mx\/#\/schema\/logo\/image\/\",\"url\":\"https:\/\/i0.wp.com\/pulsecoder.com.mx\/wp-content\/uploads\/2021\/10\/Web.png?fit=2047%2C1024&ssl=1\",\"contentUrl\":\"https:\/\/i0.wp.com\/pulsecoder.com.mx\/wp-content\/uploads\/2021\/10\/Web.png?fit=2047%2C1024&ssl=1\",\"width\":2047,\"height\":1024,\"caption\":\"Pulse Coder Mx\"},\"image\":{\"@id\":\"https:\/\/pulsecoder.com.mx\/#\/schema\/logo\/image\/\"},\"sameAs\":[\"https:\/\/www.facebook.com\/PulsecoderMx\",\"https:\/\/x.com\/PulsecoderMx\",\"https:\/\/www.instagram.com\/pulsecodermx\/\",\"https:\/\/www.youtube.com\/channel\/UCci7xZRoiIxGpkwEljqfF9A\"]},{\"@type\":\"Person\",\"@id\":\"https:\/\/pulsecoder.com.mx\/#\/schema\/person\/859b0aa70de29666d56cd1323f5ae1e5\",\"name\":\"georgina.escobar\",\"image\":{\"@type\":\"ImageObject\",\"inLanguage\":\"es\",\"@id\":\"https:\/\/pulsecoder.com.mx\/#\/schema\/person\/image\/\",\"url\":\"https:\/\/secure.gravatar.com\/avatar\/3b18cb352c1bb16096d20c382f866a60?s=96&d=mm&r=g\",\"contentUrl\":\"https:\/\/secure.gravatar.com\/avatar\/3b18cb352c1bb16096d20c382f866a60?s=96&d=mm&r=g\",\"caption\":\"georgina.escobar\"},\"description\":\"Integrante del grupo teatral La Mula Roja\",\"sameAs\":[\"https:\/\/www.youtube.com\/@LamularojaTeatro\",\"https:\/\/www.facebook.com\/lamularoja.teatro\/\"],\"url\":\"https:\/\/pulsecoder.com.mx\/index.php\/author\/georgina\/\"}]}<\/script>\n<!-- \/ Yoast SEO plugin. -->","yoast_head_json":{"title":"Margaritas: Estreno de la Mula Roja","description":"Margaritas, obra de La Mula Roja Teatro, expone injusticias laborales y poder institucional a trav\u00e9s de arte, memoria y resistencia.","robots":{"index":"index","follow":"follow","max-snippet":"max-snippet:-1","max-image-preview":"max-image-preview:large","max-video-preview":"max-video-preview:-1"},"canonical":"https:\/\/pulsecoder.com.mx\/index.php\/2025\/09\/25\/margaritas-estreno-de-la-mula-roja\/","og_locale":"es_MX","og_type":"article","og_title":"Margaritas: estreno de la Mula Roja","og_description":"Margaritas, obra de La Mula Roja Teatro, expone injusticias laborales y poder institucional a trav\u00e9s de arte, memoria y resistencia.","og_url":"https:\/\/pulsecoder.com.mx\/index.php\/2025\/09\/25\/margaritas-estreno-de-la-mula-roja\/","og_site_name":"Pulsecoder","article_publisher":"https:\/\/www.facebook.com\/PulsecoderMx","article_author":"https:\/\/www.facebook.com\/lamularoja.teatro\/","article_published_time":"2025-09-25T19:15:00+00:00","article_modified_time":"2025-10-12T21:19:00+00:00","og_image":[{"width":1200,"height":675,"url":"https:\/\/pulsecoder.com.mx\/wp-content\/uploads\/2025\/10\/N-1.jpg","type":"image\/jpeg"}],"author":"georgina.escobar","twitter_card":"summary_large_image","twitter_title":"Margaritas: estreno de la Mula Roja","twitter_description":"Margaritas, obra de La Mula Roja Teatro, expone injusticias laborales y poder institucional a trav\u00e9s de arte, memoria y resistencia.","twitter_image":"https:\/\/i0.wp.com\/pulsecoder.com.mx\/wp-content\/uploads\/2025\/10\/N-1.jpg?fit=1200%2C675&ssl=1","twitter_creator":"@PulsecoderMx","twitter_site":"@PulsecoderMx","twitter_misc":{"Escrito por":"georgina.escobar","Tiempo de lectura":"6 minutos"},"schema":{"@context":"https:\/\/schema.org","@graph":[{"@type":"Article","@id":"https:\/\/pulsecoder.com.mx\/index.php\/2025\/09\/25\/margaritas-estreno-de-la-mula-roja\/#article","isPartOf":{"@id":"https:\/\/pulsecoder.com.mx\/index.php\/2025\/09\/25\/margaritas-estreno-de-la-mula-roja\/"},"author":{"name":"georgina.escobar","@id":"https:\/\/pulsecoder.com.mx\/#\/schema\/person\/859b0aa70de29666d56cd1323f5ae1e5"},"headline":"Margaritas: Estreno de la Mula Roja","datePublished":"2025-09-25T19:15:00+00:00","dateModified":"2025-10-12T21:19:00+00:00","mainEntityOfPage":{"@id":"https:\/\/pulsecoder.com.mx\/index.php\/2025\/09\/25\/margaritas-estreno-de-la-mula-roja\/"},"wordCount":1269,"commentCount":0,"publisher":{"@id":"https:\/\/pulsecoder.com.mx\/#organization"},"image":{"@id":"https:\/\/pulsecoder.com.mx\/index.php\/2025\/09\/25\/margaritas-estreno-de-la-mula-roja\/#primaryimage"},"thumbnailUrl":"https:\/\/i0.wp.com\/pulsecoder.com.mx\/wp-content\/uploads\/2025\/10\/N-1.jpg?fit=1200%2C675&ssl=1","keywords":["Artista","Econom\u00eda","Injusticia","Obra","Reconocimiento","Teatro","Valor"],"articleSection":["Cultura"],"inLanguage":"es","potentialAction":[{"@type":"CommentAction","name":"Comment","target":["https:\/\/pulsecoder.com.mx\/index.php\/2025\/09\/25\/margaritas-estreno-de-la-mula-roja\/#respond"]}]},{"@type":"WebPage","@id":"https:\/\/pulsecoder.com.mx\/index.php\/2025\/09\/25\/margaritas-estreno-de-la-mula-roja\/","url":"https:\/\/pulsecoder.com.mx\/index.php\/2025\/09\/25\/margaritas-estreno-de-la-mula-roja\/","name":"Margaritas: Estreno de la Mula Roja","isPartOf":{"@id":"https:\/\/pulsecoder.com.mx\/#website"},"primaryImageOfPage":{"@id":"https:\/\/pulsecoder.com.mx\/index.php\/2025\/09\/25\/margaritas-estreno-de-la-mula-roja\/#primaryimage"},"image":{"@id":"https:\/\/pulsecoder.com.mx\/index.php\/2025\/09\/25\/margaritas-estreno-de-la-mula-roja\/#primaryimage"},"thumbnailUrl":"https:\/\/i0.wp.com\/pulsecoder.com.mx\/wp-content\/uploads\/2025\/10\/N-1.jpg?fit=1200%2C675&ssl=1","datePublished":"2025-09-25T19:15:00+00:00","dateModified":"2025-10-12T21:19:00+00:00","description":"Margaritas, obra de La Mula Roja Teatro, expone injusticias laborales y poder institucional a trav\u00e9s de arte, memoria y resistencia.","inLanguage":"es","potentialAction":[{"@type":"ReadAction","target":["https:\/\/pulsecoder.com.mx\/index.php\/2025\/09\/25\/margaritas-estreno-de-la-mula-roja\/"]}]},{"@type":"ImageObject","inLanguage":"es","@id":"https:\/\/pulsecoder.com.mx\/index.php\/2025\/09\/25\/margaritas-estreno-de-la-mula-roja\/#primaryimage","url":"https:\/\/i0.wp.com\/pulsecoder.com.mx\/wp-content\/uploads\/2025\/10\/N-1.jpg?fit=1200%2C675&ssl=1","contentUrl":"https:\/\/i0.wp.com\/pulsecoder.com.mx\/wp-content\/uploads\/2025\/10\/N-1.jpg?fit=1200%2C675&ssl=1","width":1200,"height":675},{"@type":"WebSite","@id":"https:\/\/pulsecoder.com.mx\/#website","url":"https:\/\/pulsecoder.com.mx\/","name":"Pulsecoder","description":"Revista digital de tecnolog\u00eda, sociedad e Innovaci\u00f3n","publisher":{"@id":"https:\/\/pulsecoder.com.mx\/#organization"},"potentialAction":[{"@type":"SearchAction","target":{"@type":"EntryPoint","urlTemplate":"https:\/\/pulsecoder.com.mx\/?s={search_term_string}"},"query-input":{"@type":"PropertyValueSpecification","valueRequired":true,"valueName":"search_term_string"}}],"inLanguage":"es"},{"@type":"Organization","@id":"https:\/\/pulsecoder.com.mx\/#organization","name":"Pulse Coder Mx","url":"https:\/\/pulsecoder.com.mx\/","logo":{"@type":"ImageObject","inLanguage":"es","@id":"https:\/\/pulsecoder.com.mx\/#\/schema\/logo\/image\/","url":"https:\/\/i0.wp.com\/pulsecoder.com.mx\/wp-content\/uploads\/2021\/10\/Web.png?fit=2047%2C1024&ssl=1","contentUrl":"https:\/\/i0.wp.com\/pulsecoder.com.mx\/wp-content\/uploads\/2021\/10\/Web.png?fit=2047%2C1024&ssl=1","width":2047,"height":1024,"caption":"Pulse Coder Mx"},"image":{"@id":"https:\/\/pulsecoder.com.mx\/#\/schema\/logo\/image\/"},"sameAs":["https:\/\/www.facebook.com\/PulsecoderMx","https:\/\/x.com\/PulsecoderMx","https:\/\/www.instagram.com\/pulsecodermx\/","https:\/\/www.youtube.com\/channel\/UCci7xZRoiIxGpkwEljqfF9A"]},{"@type":"Person","@id":"https:\/\/pulsecoder.com.mx\/#\/schema\/person\/859b0aa70de29666d56cd1323f5ae1e5","name":"georgina.escobar","image":{"@type":"ImageObject","inLanguage":"es","@id":"https:\/\/pulsecoder.com.mx\/#\/schema\/person\/image\/","url":"https:\/\/secure.gravatar.com\/avatar\/3b18cb352c1bb16096d20c382f866a60?s=96&d=mm&r=g","contentUrl":"https:\/\/secure.gravatar.com\/avatar\/3b18cb352c1bb16096d20c382f866a60?s=96&d=mm&r=g","caption":"georgina.escobar"},"description":"Integrante del grupo teatral La Mula Roja","sameAs":["https:\/\/www.youtube.com\/@LamularojaTeatro","https:\/\/www.facebook.com\/lamularoja.teatro\/"],"url":"https:\/\/pulsecoder.com.mx\/index.php\/author\/georgina\/"}]}},"jetpack_featured_media_url":"https:\/\/i0.wp.com\/pulsecoder.com.mx\/wp-content\/uploads\/2025\/10\/N-1.jpg?fit=1200%2C675&ssl=1","jetpack_sharing_enabled":true,"amp_enabled":true,"_links":{"self":[{"href":"https:\/\/pulsecoder.com.mx\/index.php\/wp-json\/wp\/v2\/posts\/4683"}],"collection":[{"href":"https:\/\/pulsecoder.com.mx\/index.php\/wp-json\/wp\/v2\/posts"}],"about":[{"href":"https:\/\/pulsecoder.com.mx\/index.php\/wp-json\/wp\/v2\/types\/post"}],"author":[{"embeddable":true,"href":"https:\/\/pulsecoder.com.mx\/index.php\/wp-json\/wp\/v2\/users\/11"}],"replies":[{"embeddable":true,"href":"https:\/\/pulsecoder.com.mx\/index.php\/wp-json\/wp\/v2\/comments?post=4683"}],"version-history":[{"count":2,"href":"https:\/\/pulsecoder.com.mx\/index.php\/wp-json\/wp\/v2\/posts\/4683\/revisions"}],"predecessor-version":[{"id":4693,"href":"https:\/\/pulsecoder.com.mx\/index.php\/wp-json\/wp\/v2\/posts\/4683\/revisions\/4693"}],"wp:featuredmedia":[{"embeddable":true,"href":"https:\/\/pulsecoder.com.mx\/index.php\/wp-json\/wp\/v2\/media\/4684"}],"wp:attachment":[{"href":"https:\/\/pulsecoder.com.mx\/index.php\/wp-json\/wp\/v2\/media?parent=4683"}],"wp:term":[{"taxonomy":"category","embeddable":true,"href":"https:\/\/pulsecoder.com.mx\/index.php\/wp-json\/wp\/v2\/categories?post=4683"},{"taxonomy":"post_tag","embeddable":true,"href":"https:\/\/pulsecoder.com.mx\/index.php\/wp-json\/wp\/v2\/tags?post=4683"}],"curies":[{"name":"wp","href":"https:\/\/api.w.org\/{rel}","templated":true}]}}