{"id":4708,"date":"2025-10-17T14:55:00","date_gmt":"2025-10-17T20:55:00","guid":{"rendered":"https:\/\/pulsecoder.com.mx\/?p=4708"},"modified":"2025-10-17T14:55:04","modified_gmt":"2025-10-17T20:55:04","slug":"recorrido-historico-y-caracteristicas-generales-de-la-secretaria-de-educacion-de-veracruz","status":"publish","type":"post","link":"https:\/\/pulsecoder.com.mx\/index.php\/2025\/10\/17\/recorrido-historico-y-caracteristicas-generales-de-la-secretaria-de-educacion-de-veracruz\/","title":{"rendered":"Recorrido hist\u00f3rico y caracter\u00edsticas generales de la Secretar\u00eda de Educaci\u00f3n de Veracruz"},"content":{"rendered":"<body>\n<p>\u00bfCu\u00e1l ha sido la ruta para llegar a lo que actualmente conocemos como la Secretar\u00eda de Educaci\u00f3n de Veracruz?  A continuaci\u00f3n, un breve recorrido hist\u00f3rico para conocer las caracter\u00edsticas generales de dicha instituci\u00f3n. <\/p>\n\n\n\n<div class=\"wp-block-group\"><div class=\"wp-block-group__inner-container is-layout-constrained wp-block-group-is-layout-constrained\">\n<p>El 18 de mayo de 1992, siendo presidente de la Rep\u00fablica Mexicana Carlos Salinas de Gortari, se firma el acuerdo Nacional para la Modernizaci\u00f3n de la Educaci\u00f3n B\u00e1sica entre el Gobierno Federal, los gobiernos de cada una de las entidades federativas de la Rep\u00fablica Mexicana y el Sindicato Nacional de Trabajadores de la Educaci\u00f3n, dando lugar a lo que actualmente conocemos como la Secretar\u00eda de Educaci\u00f3n del Estado de Veracruz, el cambio de denominaci\u00f3n se public\u00f3 hasta enero de 2006 en la Gaceta Oficial del Estado. Sin embargo, los esfuerzos por unificar y coordinar la educaci\u00f3n en la Rep\u00fablica Mexicana se remontan varios a\u00f1os atr\u00e1s.<\/p>\n<\/div><\/div>\n\n\n\n<p>En 1986 el entonces gobernador del Estado  Veracruzano Fernando Guti\u00e9rrez Barrios (1986 -1988), mediante la Ley Org\u00e1nica de la Administraci\u00f3n P\u00fablica cre\u00f3 la <strong>Secretar\u00eda de Educaci\u00f3n y Cultura<\/strong>, en adelante <strong>SEC<\/strong>, como Dependencia del Poder Ejecutivo Estatal. Previo a este suceso, se cre\u00f3 un decreto, por conducto de la Secretar\u00eda de Educaci\u00f3n P\u00fablica proponiendo a los Gobiernos Estatales la celebraci\u00f3n de acuerdos de coordinaci\u00f3n para la descentralizaci\u00f3n educativa, generando entonces las <strong>Unidades de Servicios Educativos a Descentralizar<\/strong>, con el gobierno de Agust\u00edn Acosta Lagunes (1980\u20131986), en 1984.<\/p>\n\n\n\n<p>Dichas Unidades son resultado de iniciativas propuestas en la campa\u00f1a presidencial de Miguel de la Madrid Hurtado en 1982, pues mediante el Plan Nacional de Desarrollo, en adelante PND, 1983 -1988, se consider\u00f3 que:<\/p>\n\n\n\n<div class=\"wp-block-cover wp-duotone-purple-yellow\" style=\"min-height:255px;aspect-ratio:unset;\"><span aria-hidden=\"true\" class=\"wp-block-cover__background has-background-dim\"><\/span><div class=\"wp-block-cover__inner-container is-layout-flow wp-block-cover-is-layout-flow\">\n<div class=\"wp-block-group\"><div class=\"wp-block-group__inner-container is-layout-flow wp-block-group-is-layout-flow\">\n<p>La descentralizaci\u00f3n de la educaci\u00f3n b\u00e1sica y normal constituye una l\u00ednea de acci\u00f3n fundamental, para mejorar la eficiencia y calidad de la educaci\u00f3n, y para auspiciar la participaci\u00f3n de la comunidad en el proceso educativo; asimismo dicho proceso ser\u00e1 un instrumento decisivo en la disminuci\u00f3n y eventual eliminaci\u00f3n de persistentes desigualdades entre las regiones del pa\u00eds; por \u00faltimo, se fortalecer\u00e1 as\u00ed el federalismo y se estimular\u00e1 el desarrollo regional.<\/p>\n<\/div><\/div>\n<\/div><\/div>\n\n\n\n<p>Es importante mencionar que, previo a las USED existieron 3 sucesos importantes que antecedieron la educaci\u00f3n en el estado de Veracruz. En un primer momento, durante la gobernatura del General C\u00e1ndido Aguilar, la promulgaci\u00f3n de la Ley de Educaci\u00f3n Popular del Estado Libre y Soberano de Veracruz-Llave, por medio de la cual se crear\u00eda la Direcci\u00f3n General de Educaci\u00f3n Primaria, el 4 de octubre de 1915. Posteriormente en diciembre de 1942 se promulg\u00f3 la Ley General de Ense\u00f1anza, la cual dar\u00eda paso a la Direcci\u00f3n General de Educaci\u00f3n Popular y finalmente, en 1978 la Secretar\u00eda de Educaci\u00f3n P\u00fablica crear\u00eda la Delegaci\u00f3n General de la SEP y los Departamentos de Servicios Regionales en las ciudades de Tuxpan, Orizaba, Veracruz y Coatzacoalcos. A esto se le conoci\u00f3 como la Delegaci\u00f3n de la SEP en Veracruz.<\/p>\n\n\n\n<p>Actualmente la Secretar\u00eda de Educaci\u00f3n de Veracruz es, seg\u00fan el art\u00edculo 21 de la Ley Org\u00e1nica del Poder Ejecutivo:<\/p>\n\n\n\n<div class=\"wp-block-cover\" style=\"min-height:217px;aspect-ratio:unset;\"><span aria-hidden=\"true\" class=\"wp-block-cover__background has-background-dim\"><\/span><div class=\"wp-block-cover__inner-container is-layout-flow wp-block-cover-is-layout-flow\">\n<div class=\"wp-block-group\"><div class=\"wp-block-group__inner-container is-layout-flow wp-block-group-is-layout-flow\">\n<p>\u2026 la dependencia responsable de coordinar la pol\u00edtica educativa del Estado y organizar el Sistema Educativo Estatal en todos sus niveles y modalidades, en los t\u00e9rminos que establece la Constituci\u00f3n Pol\u00edtica del Estado y las leyes aplicables; as\u00ed como de desarrollar, supervisar y coordinar los programas educativos, cient\u00edficos y deportivos, a fin de promover, fomentar y procurar el progreso y el bienestar de la poblaci\u00f3n de la Entidad. (p\u00e1g. 28)<\/p>\n<\/div><\/div>\n<\/div><\/div>\n\n\n\n<p>Seg\u00fan el Programa Estatal de Educaci\u00f3n, alineado con el Plan Nacional de Desarrollo, la Reforma Educativa y el Plan Veracruzano de Desarrollo, la Secretar\u00eda de Educaci\u00f3n de Veracruz, enfocar\u00e1 los esfuerzos institucionales para ofrecer educaci\u00f3n de calidad mediante programas y estrategias que respondan a la permanencia de los estudiantes en los diferentes \u00e1mbitos educativos. De esta manera se pretende contribuir al desarrollo del potencial de los habitantes del estado Veracruzano. Por tanto, en la Gaceta Oficial del Estado se contempla las siguientes premisas en torno a la planeaci\u00f3n y desarrollo: \u00a0<\/p>\n\n\n\n<div class=\"wp-block-group is-vertical is-layout-flex wp-container-core-group-is-layout-5 wp-block-group-is-layout-flex\">\n<div class=\"wp-block-group is-nowrap is-layout-flex wp-container-core-group-is-layout-4 wp-block-group-is-layout-flex\">\n<p><strong>Misi\u00f3n<\/strong><\/p>\n\n\n\n<p>Coordinar su pol\u00edtica educativa y organizar su sistema educativo en todos sus niveles y modalidades, a partir de los t\u00e9rminos que establece la Constituci\u00f3n Pol\u00edtica de la entidad y las leyes aplicables. Asimismo, desarrollar, supervisar y coordinar programas educativos, cient\u00edficos y deportivos, a fin de promover, fomentar y procurar el progreso y bienestar de los veracruzanos.<\/p>\n\n\n\n<p><strong>Visi\u00f3n<\/strong><\/p>\n\n\n\n<p>Poseer un sistema educativo de calidad que opere con apego estricto al marco normativo que lo rige; que sea incluyente, tolerante y abierto a la participaci\u00f3n social, democr\u00e1tica y transparente; respete la diversidad cultural, y constituya una v\u00eda leg\u00edtima de movilidad social y garante de convivencia arm\u00f3nica, as\u00ed como una herramienta eficaz para el crecimiento y desarrollo sostenible en beneficio de la sociedad veracruzana.<\/p>\n\n\n\n<p><strong>Objetivo<\/strong><\/p>\n\n\n\n<p>Reorganizar el Sistema Educativo Veracruzano para avanzar en la construcci\u00f3n de una entidad justa, superando el rezago educativo y reduciendo las brechas e inequidades que permitan tener personas mejor preparadas y listas para su inserci\u00f3n en el mundo globalizado, contribuyendo a lograr una econom\u00eda robusta y eficaz. <\/p>\n<\/div>\n<\/div>\n\n\n\n<p>(Pag. 77 Fuente: Gaceta Oficial del Estado N\u00fam. Ext. 240, de fecha 16\/06\/2017)<\/p>\n\n\n\n<p>Actualmente las pol\u00edticas federales que rigen este programa est\u00e1n orientadas a enfocar los esfuerzos en la <em>escuela<\/em> como \u201ceje de toda actuaci\u00f3n\u201d. Al hacer esto, se pretende modificar su organizaci\u00f3n, con la firme intenci\u00f3n de que los miembros que conforman la comunidad se impliquen en su mejora continua, involucrando a los alumnos, directores, cuerpo docente, supervisores y hasta padres de familia, para laborar dentro de un esquema que promueva la diversidad y la equidad.<\/p>\n<\/body>","protected":false},"excerpt":{"rendered":"<p>\u00bfCu\u00e1l ha sido la ruta para llegar a lo que actualmente conocemos como la Secretar\u00eda de Educaci\u00f3n de Veracruz? A continuaci\u00f3n, un breve recorrido hist\u00f3rico para conocer las caracter\u00edsticas generales de dicha instituci\u00f3n. El 18 de mayo de 1992, siendo presidente de la Rep\u00fablica Mexicana Carlos Salinas de Gortari, se firma el acuerdo Nacional para [&hellip;]<\/p>\n","protected":false},"author":11,"featured_media":4710,"comment_status":"open","ping_status":"open","sticky":false,"template":"","format":"standard","meta":{"_et_pb_use_builder":"off","_et_pb_old_content":"","_et_gb_content_width":"","_monsterinsights_skip_tracking":false,"_jetpack_memberships_contains_paid_content":false,"footnotes":""},"categories":[128],"tags":[1220,134,2062,2061,2059,2060,1693],"class_list":["post-4708","post","type-post","status-publish","format-standard","has-post-thumbnail","hentry","category-educacion","tag-descentralizacion","tag-educacion","tag-educacion-basica","tag-miguel-de-la-madrid","tag-plan-nacional-de-desarrollo","tag-poder-ejecutivo-estatal","tag-veracruz"],"yoast_head":"<!-- This site is optimized with the Yoast SEO plugin v25.5 - https:\/\/yoast.com\/wordpress\/plugins\/seo\/ -->\n<title>Recorrido hist\u00f3rico y caracter\u00edsticas generales de la Secretar\u00eda de Educaci\u00f3n de Veracruz<\/title>\n<meta name=\"description\" content=\"Revista digital de innovaci\u00f3n, tecnolog\u00eda y sociedad de Xalapa M\u00e9xico. Grupo multidisciplinario, emprendedores digitales, comunidad tech.\" \/>\n<meta name=\"robots\" content=\"index, follow, max-snippet:-1, max-image-preview:large, max-video-preview:-1\" \/>\n<link rel=\"canonical\" href=\"https:\/\/pulsecoder.com.mx\/index.php\/2025\/10\/17\/recorrido-historico-y-caracteristicas-generales-de-la-secretaria-de-educacion-de-veracruz\/\" \/>\n<meta property=\"og:locale\" content=\"es_MX\" \/>\n<meta property=\"og:type\" content=\"article\" \/>\n<meta property=\"og:title\" content=\"Recorrido hist\u00f3rico y caracter\u00edsticas generales de la Secretar\u00eda de Educaci\u00f3n de Veracruz\" \/>\n<meta property=\"og:description\" content=\"Revista digital de innovaci\u00f3n, tecnolog\u00eda y sociedad de Xalapa M\u00e9xico. Grupo multidisciplinario, emprendedores digitales, comunidad tech.\" \/>\n<meta property=\"og:url\" content=\"https:\/\/pulsecoder.com.mx\/index.php\/2025\/10\/17\/recorrido-historico-y-caracteristicas-generales-de-la-secretaria-de-educacion-de-veracruz\/\" \/>\n<meta property=\"og:site_name\" content=\"Pulsecoder\" \/>\n<meta property=\"article:publisher\" content=\"https:\/\/www.facebook.com\/PulsecoderMx\" \/>\n<meta property=\"article:author\" content=\"https:\/\/www.facebook.com\/lamularoja.teatro\/\" \/>\n<meta property=\"article:published_time\" content=\"2025-10-17T20:55:00+00:00\" \/>\n<meta property=\"article:modified_time\" content=\"2025-10-17T20:55:04+00:00\" \/>\n<meta property=\"og:image\" content=\"https:\/\/pulsecoder.com.mx\/wp-content\/uploads\/2025\/10\/secretaria-de-Educacion-de-Veracruz-SEV.png\" \/>\n\t<meta property=\"og:image:width\" content=\"1438\" \/>\n\t<meta property=\"og:image:height\" content=\"1079\" \/>\n\t<meta property=\"og:image:type\" content=\"image\/png\" \/>\n<meta name=\"author\" content=\"georgina.escobar\" \/>\n<meta name=\"twitter:card\" content=\"summary_large_image\" \/>\n<meta name=\"twitter:creator\" content=\"@PulsecoderMx\" \/>\n<meta name=\"twitter:site\" content=\"@PulsecoderMx\" \/>\n<meta name=\"twitter:label1\" content=\"Escrito por\" \/>\n\t<meta name=\"twitter:data1\" content=\"georgina.escobar\" \/>\n\t<meta name=\"twitter:label2\" content=\"Tiempo de lectura\" \/>\n\t<meta name=\"twitter:data2\" content=\"5 minutos\" \/>\n<script type=\"application\/ld+json\" class=\"yoast-schema-graph\">{\"@context\":\"https:\/\/schema.org\",\"@graph\":[{\"@type\":\"Article\",\"@id\":\"https:\/\/pulsecoder.com.mx\/index.php\/2025\/10\/17\/recorrido-historico-y-caracteristicas-generales-de-la-secretaria-de-educacion-de-veracruz\/#article\",\"isPartOf\":{\"@id\":\"https:\/\/pulsecoder.com.mx\/index.php\/2025\/10\/17\/recorrido-historico-y-caracteristicas-generales-de-la-secretaria-de-educacion-de-veracruz\/\"},\"author\":{\"name\":\"georgina.escobar\",\"@id\":\"https:\/\/pulsecoder.com.mx\/#\/schema\/person\/859b0aa70de29666d56cd1323f5ae1e5\"},\"headline\":\"Recorrido hist\u00f3rico y caracter\u00edsticas generales de la Secretar\u00eda de Educaci\u00f3n de Veracruz\",\"datePublished\":\"2025-10-17T20:55:00+00:00\",\"dateModified\":\"2025-10-17T20:55:04+00:00\",\"mainEntityOfPage\":{\"@id\":\"https:\/\/pulsecoder.com.mx\/index.php\/2025\/10\/17\/recorrido-historico-y-caracteristicas-generales-de-la-secretaria-de-educacion-de-veracruz\/\"},\"wordCount\":994,\"commentCount\":0,\"publisher\":{\"@id\":\"https:\/\/pulsecoder.com.mx\/#organization\"},\"image\":{\"@id\":\"https:\/\/pulsecoder.com.mx\/index.php\/2025\/10\/17\/recorrido-historico-y-caracteristicas-generales-de-la-secretaria-de-educacion-de-veracruz\/#primaryimage\"},\"thumbnailUrl\":\"https:\/\/i0.wp.com\/pulsecoder.com.mx\/wp-content\/uploads\/2025\/10\/secretaria-de-Educacion-de-Veracruz-SEV.png?fit=1438%2C1079&ssl=1\",\"keywords\":[\"Descentralizaci\u00f3n\",\"Educaci\u00f3n\",\"Educaci\u00f3n B\u00e1sica\",\"Miguel de la Madrid\",\"Plan Nacional de Desarrollo\",\"Poder Ejecutivo Estatal\",\"Veracruz\"],\"articleSection\":[\"Educaci\u00f3n\"],\"inLanguage\":\"es\",\"potentialAction\":[{\"@type\":\"CommentAction\",\"name\":\"Comment\",\"target\":[\"https:\/\/pulsecoder.com.mx\/index.php\/2025\/10\/17\/recorrido-historico-y-caracteristicas-generales-de-la-secretaria-de-educacion-de-veracruz\/#respond\"]}]},{\"@type\":\"WebPage\",\"@id\":\"https:\/\/pulsecoder.com.mx\/index.php\/2025\/10\/17\/recorrido-historico-y-caracteristicas-generales-de-la-secretaria-de-educacion-de-veracruz\/\",\"url\":\"https:\/\/pulsecoder.com.mx\/index.php\/2025\/10\/17\/recorrido-historico-y-caracteristicas-generales-de-la-secretaria-de-educacion-de-veracruz\/\",\"name\":\"Recorrido hist\u00f3rico y caracter\u00edsticas generales de la Secretar\u00eda de Educaci\u00f3n de Veracruz\",\"isPartOf\":{\"@id\":\"https:\/\/pulsecoder.com.mx\/#website\"},\"primaryImageOfPage\":{\"@id\":\"https:\/\/pulsecoder.com.mx\/index.php\/2025\/10\/17\/recorrido-historico-y-caracteristicas-generales-de-la-secretaria-de-educacion-de-veracruz\/#primaryimage\"},\"image\":{\"@id\":\"https:\/\/pulsecoder.com.mx\/index.php\/2025\/10\/17\/recorrido-historico-y-caracteristicas-generales-de-la-secretaria-de-educacion-de-veracruz\/#primaryimage\"},\"thumbnailUrl\":\"https:\/\/i0.wp.com\/pulsecoder.com.mx\/wp-content\/uploads\/2025\/10\/secretaria-de-Educacion-de-Veracruz-SEV.png?fit=1438%2C1079&ssl=1\",\"datePublished\":\"2025-10-17T20:55:00+00:00\",\"dateModified\":\"2025-10-17T20:55:04+00:00\",\"description\":\"Revista digital de innovaci\u00f3n, tecnolog\u00eda y sociedad de Xalapa M\u00e9xico. Grupo multidisciplinario, emprendedores digitales, comunidad tech.\",\"inLanguage\":\"es\",\"potentialAction\":[{\"@type\":\"ReadAction\",\"target\":[\"https:\/\/pulsecoder.com.mx\/index.php\/2025\/10\/17\/recorrido-historico-y-caracteristicas-generales-de-la-secretaria-de-educacion-de-veracruz\/\"]}]},{\"@type\":\"ImageObject\",\"inLanguage\":\"es\",\"@id\":\"https:\/\/pulsecoder.com.mx\/index.php\/2025\/10\/17\/recorrido-historico-y-caracteristicas-generales-de-la-secretaria-de-educacion-de-veracruz\/#primaryimage\",\"url\":\"https:\/\/i0.wp.com\/pulsecoder.com.mx\/wp-content\/uploads\/2025\/10\/secretaria-de-Educacion-de-Veracruz-SEV.png?fit=1438%2C1079&ssl=1\",\"contentUrl\":\"https:\/\/i0.wp.com\/pulsecoder.com.mx\/wp-content\/uploads\/2025\/10\/secretaria-de-Educacion-de-Veracruz-SEV.png?fit=1438%2C1079&ssl=1\",\"width\":1438,\"height\":1079,\"caption\":\"Oficinas Centrales de la Secretar\u00eda de Educaci\u00f3n de Veracruz\"},{\"@type\":\"WebSite\",\"@id\":\"https:\/\/pulsecoder.com.mx\/#website\",\"url\":\"https:\/\/pulsecoder.com.mx\/\",\"name\":\"Pulsecoder\",\"description\":\"Revista digital de tecnolog\u00eda, sociedad e Innovaci\u00f3n\",\"publisher\":{\"@id\":\"https:\/\/pulsecoder.com.mx\/#organization\"},\"potentialAction\":[{\"@type\":\"SearchAction\",\"target\":{\"@type\":\"EntryPoint\",\"urlTemplate\":\"https:\/\/pulsecoder.com.mx\/?s={search_term_string}\"},\"query-input\":{\"@type\":\"PropertyValueSpecification\",\"valueRequired\":true,\"valueName\":\"search_term_string\"}}],\"inLanguage\":\"es\"},{\"@type\":\"Organization\",\"@id\":\"https:\/\/pulsecoder.com.mx\/#organization\",\"name\":\"Pulse Coder Mx\",\"url\":\"https:\/\/pulsecoder.com.mx\/\",\"logo\":{\"@type\":\"ImageObject\",\"inLanguage\":\"es\",\"@id\":\"https:\/\/pulsecoder.com.mx\/#\/schema\/logo\/image\/\",\"url\":\"https:\/\/i0.wp.com\/pulsecoder.com.mx\/wp-content\/uploads\/2021\/10\/Web.png?fit=2047%2C1024&ssl=1\",\"contentUrl\":\"https:\/\/i0.wp.com\/pulsecoder.com.mx\/wp-content\/uploads\/2021\/10\/Web.png?fit=2047%2C1024&ssl=1\",\"width\":2047,\"height\":1024,\"caption\":\"Pulse Coder Mx\"},\"image\":{\"@id\":\"https:\/\/pulsecoder.com.mx\/#\/schema\/logo\/image\/\"},\"sameAs\":[\"https:\/\/www.facebook.com\/PulsecoderMx\",\"https:\/\/x.com\/PulsecoderMx\",\"https:\/\/www.instagram.com\/pulsecodermx\/\",\"https:\/\/www.youtube.com\/channel\/UCci7xZRoiIxGpkwEljqfF9A\"]},{\"@type\":\"Person\",\"@id\":\"https:\/\/pulsecoder.com.mx\/#\/schema\/person\/859b0aa70de29666d56cd1323f5ae1e5\",\"name\":\"georgina.escobar\",\"image\":{\"@type\":\"ImageObject\",\"inLanguage\":\"es\",\"@id\":\"https:\/\/pulsecoder.com.mx\/#\/schema\/person\/image\/\",\"url\":\"https:\/\/secure.gravatar.com\/avatar\/3b18cb352c1bb16096d20c382f866a60?s=96&d=mm&r=g\",\"contentUrl\":\"https:\/\/secure.gravatar.com\/avatar\/3b18cb352c1bb16096d20c382f866a60?s=96&d=mm&r=g\",\"caption\":\"georgina.escobar\"},\"description\":\"Integrante del grupo teatral La Mula Roja\",\"sameAs\":[\"https:\/\/www.youtube.com\/@LamularojaTeatro\",\"https:\/\/www.facebook.com\/lamularoja.teatro\/\"],\"url\":\"https:\/\/pulsecoder.com.mx\/index.php\/author\/georgina\/\"}]}<\/script>\n<!-- \/ Yoast SEO plugin. -->","yoast_head_json":{"title":"Recorrido hist\u00f3rico y caracter\u00edsticas generales de la Secretar\u00eda de Educaci\u00f3n de Veracruz","description":"Revista digital de innovaci\u00f3n, tecnolog\u00eda y sociedad de Xalapa M\u00e9xico. Grupo multidisciplinario, emprendedores digitales, comunidad tech.","robots":{"index":"index","follow":"follow","max-snippet":"max-snippet:-1","max-image-preview":"max-image-preview:large","max-video-preview":"max-video-preview:-1"},"canonical":"https:\/\/pulsecoder.com.mx\/index.php\/2025\/10\/17\/recorrido-historico-y-caracteristicas-generales-de-la-secretaria-de-educacion-de-veracruz\/","og_locale":"es_MX","og_type":"article","og_title":"Recorrido hist\u00f3rico y caracter\u00edsticas generales de la Secretar\u00eda de Educaci\u00f3n de Veracruz","og_description":"Revista digital de innovaci\u00f3n, tecnolog\u00eda y sociedad de Xalapa M\u00e9xico. Grupo multidisciplinario, emprendedores digitales, comunidad tech.","og_url":"https:\/\/pulsecoder.com.mx\/index.php\/2025\/10\/17\/recorrido-historico-y-caracteristicas-generales-de-la-secretaria-de-educacion-de-veracruz\/","og_site_name":"Pulsecoder","article_publisher":"https:\/\/www.facebook.com\/PulsecoderMx","article_author":"https:\/\/www.facebook.com\/lamularoja.teatro\/","article_published_time":"2025-10-17T20:55:00+00:00","article_modified_time":"2025-10-17T20:55:04+00:00","og_image":[{"width":1438,"height":1079,"url":"https:\/\/pulsecoder.com.mx\/wp-content\/uploads\/2025\/10\/secretaria-de-Educacion-de-Veracruz-SEV.png","type":"image\/png"}],"author":"georgina.escobar","twitter_card":"summary_large_image","twitter_creator":"@PulsecoderMx","twitter_site":"@PulsecoderMx","twitter_misc":{"Escrito por":"georgina.escobar","Tiempo de lectura":"5 minutos"},"schema":{"@context":"https:\/\/schema.org","@graph":[{"@type":"Article","@id":"https:\/\/pulsecoder.com.mx\/index.php\/2025\/10\/17\/recorrido-historico-y-caracteristicas-generales-de-la-secretaria-de-educacion-de-veracruz\/#article","isPartOf":{"@id":"https:\/\/pulsecoder.com.mx\/index.php\/2025\/10\/17\/recorrido-historico-y-caracteristicas-generales-de-la-secretaria-de-educacion-de-veracruz\/"},"author":{"name":"georgina.escobar","@id":"https:\/\/pulsecoder.com.mx\/#\/schema\/person\/859b0aa70de29666d56cd1323f5ae1e5"},"headline":"Recorrido hist\u00f3rico y caracter\u00edsticas generales de la Secretar\u00eda de Educaci\u00f3n de Veracruz","datePublished":"2025-10-17T20:55:00+00:00","dateModified":"2025-10-17T20:55:04+00:00","mainEntityOfPage":{"@id":"https:\/\/pulsecoder.com.mx\/index.php\/2025\/10\/17\/recorrido-historico-y-caracteristicas-generales-de-la-secretaria-de-educacion-de-veracruz\/"},"wordCount":994,"commentCount":0,"publisher":{"@id":"https:\/\/pulsecoder.com.mx\/#organization"},"image":{"@id":"https:\/\/pulsecoder.com.mx\/index.php\/2025\/10\/17\/recorrido-historico-y-caracteristicas-generales-de-la-secretaria-de-educacion-de-veracruz\/#primaryimage"},"thumbnailUrl":"https:\/\/i0.wp.com\/pulsecoder.com.mx\/wp-content\/uploads\/2025\/10\/secretaria-de-Educacion-de-Veracruz-SEV.png?fit=1438%2C1079&ssl=1","keywords":["Descentralizaci\u00f3n","Educaci\u00f3n","Educaci\u00f3n B\u00e1sica","Miguel de la Madrid","Plan Nacional de Desarrollo","Poder Ejecutivo Estatal","Veracruz"],"articleSection":["Educaci\u00f3n"],"inLanguage":"es","potentialAction":[{"@type":"CommentAction","name":"Comment","target":["https:\/\/pulsecoder.com.mx\/index.php\/2025\/10\/17\/recorrido-historico-y-caracteristicas-generales-de-la-secretaria-de-educacion-de-veracruz\/#respond"]}]},{"@type":"WebPage","@id":"https:\/\/pulsecoder.com.mx\/index.php\/2025\/10\/17\/recorrido-historico-y-caracteristicas-generales-de-la-secretaria-de-educacion-de-veracruz\/","url":"https:\/\/pulsecoder.com.mx\/index.php\/2025\/10\/17\/recorrido-historico-y-caracteristicas-generales-de-la-secretaria-de-educacion-de-veracruz\/","name":"Recorrido hist\u00f3rico y caracter\u00edsticas generales de la Secretar\u00eda de Educaci\u00f3n de Veracruz","isPartOf":{"@id":"https:\/\/pulsecoder.com.mx\/#website"},"primaryImageOfPage":{"@id":"https:\/\/pulsecoder.com.mx\/index.php\/2025\/10\/17\/recorrido-historico-y-caracteristicas-generales-de-la-secretaria-de-educacion-de-veracruz\/#primaryimage"},"image":{"@id":"https:\/\/pulsecoder.com.mx\/index.php\/2025\/10\/17\/recorrido-historico-y-caracteristicas-generales-de-la-secretaria-de-educacion-de-veracruz\/#primaryimage"},"thumbnailUrl":"https:\/\/i0.wp.com\/pulsecoder.com.mx\/wp-content\/uploads\/2025\/10\/secretaria-de-Educacion-de-Veracruz-SEV.png?fit=1438%2C1079&ssl=1","datePublished":"2025-10-17T20:55:00+00:00","dateModified":"2025-10-17T20:55:04+00:00","description":"Revista digital de innovaci\u00f3n, tecnolog\u00eda y sociedad de Xalapa M\u00e9xico. Grupo multidisciplinario, emprendedores digitales, comunidad tech.","inLanguage":"es","potentialAction":[{"@type":"ReadAction","target":["https:\/\/pulsecoder.com.mx\/index.php\/2025\/10\/17\/recorrido-historico-y-caracteristicas-generales-de-la-secretaria-de-educacion-de-veracruz\/"]}]},{"@type":"ImageObject","inLanguage":"es","@id":"https:\/\/pulsecoder.com.mx\/index.php\/2025\/10\/17\/recorrido-historico-y-caracteristicas-generales-de-la-secretaria-de-educacion-de-veracruz\/#primaryimage","url":"https:\/\/i0.wp.com\/pulsecoder.com.mx\/wp-content\/uploads\/2025\/10\/secretaria-de-Educacion-de-Veracruz-SEV.png?fit=1438%2C1079&ssl=1","contentUrl":"https:\/\/i0.wp.com\/pulsecoder.com.mx\/wp-content\/uploads\/2025\/10\/secretaria-de-Educacion-de-Veracruz-SEV.png?fit=1438%2C1079&ssl=1","width":1438,"height":1079,"caption":"Oficinas Centrales de la Secretar\u00eda de Educaci\u00f3n de Veracruz"},{"@type":"WebSite","@id":"https:\/\/pulsecoder.com.mx\/#website","url":"https:\/\/pulsecoder.com.mx\/","name":"Pulsecoder","description":"Revista digital de tecnolog\u00eda, sociedad e Innovaci\u00f3n","publisher":{"@id":"https:\/\/pulsecoder.com.mx\/#organization"},"potentialAction":[{"@type":"SearchAction","target":{"@type":"EntryPoint","urlTemplate":"https:\/\/pulsecoder.com.mx\/?s={search_term_string}"},"query-input":{"@type":"PropertyValueSpecification","valueRequired":true,"valueName":"search_term_string"}}],"inLanguage":"es"},{"@type":"Organization","@id":"https:\/\/pulsecoder.com.mx\/#organization","name":"Pulse Coder Mx","url":"https:\/\/pulsecoder.com.mx\/","logo":{"@type":"ImageObject","inLanguage":"es","@id":"https:\/\/pulsecoder.com.mx\/#\/schema\/logo\/image\/","url":"https:\/\/i0.wp.com\/pulsecoder.com.mx\/wp-content\/uploads\/2021\/10\/Web.png?fit=2047%2C1024&ssl=1","contentUrl":"https:\/\/i0.wp.com\/pulsecoder.com.mx\/wp-content\/uploads\/2021\/10\/Web.png?fit=2047%2C1024&ssl=1","width":2047,"height":1024,"caption":"Pulse Coder Mx"},"image":{"@id":"https:\/\/pulsecoder.com.mx\/#\/schema\/logo\/image\/"},"sameAs":["https:\/\/www.facebook.com\/PulsecoderMx","https:\/\/x.com\/PulsecoderMx","https:\/\/www.instagram.com\/pulsecodermx\/","https:\/\/www.youtube.com\/channel\/UCci7xZRoiIxGpkwEljqfF9A"]},{"@type":"Person","@id":"https:\/\/pulsecoder.com.mx\/#\/schema\/person\/859b0aa70de29666d56cd1323f5ae1e5","name":"georgina.escobar","image":{"@type":"ImageObject","inLanguage":"es","@id":"https:\/\/pulsecoder.com.mx\/#\/schema\/person\/image\/","url":"https:\/\/secure.gravatar.com\/avatar\/3b18cb352c1bb16096d20c382f866a60?s=96&d=mm&r=g","contentUrl":"https:\/\/secure.gravatar.com\/avatar\/3b18cb352c1bb16096d20c382f866a60?s=96&d=mm&r=g","caption":"georgina.escobar"},"description":"Integrante del grupo teatral La Mula Roja","sameAs":["https:\/\/www.youtube.com\/@LamularojaTeatro","https:\/\/www.facebook.com\/lamularoja.teatro\/"],"url":"https:\/\/pulsecoder.com.mx\/index.php\/author\/georgina\/"}]}},"jetpack_featured_media_url":"https:\/\/i0.wp.com\/pulsecoder.com.mx\/wp-content\/uploads\/2025\/10\/secretaria-de-Educacion-de-Veracruz-SEV.png?fit=1438%2C1079&ssl=1","jetpack_sharing_enabled":true,"amp_enabled":true,"_links":{"self":[{"href":"https:\/\/pulsecoder.com.mx\/index.php\/wp-json\/wp\/v2\/posts\/4708"}],"collection":[{"href":"https:\/\/pulsecoder.com.mx\/index.php\/wp-json\/wp\/v2\/posts"}],"about":[{"href":"https:\/\/pulsecoder.com.mx\/index.php\/wp-json\/wp\/v2\/types\/post"}],"author":[{"embeddable":true,"href":"https:\/\/pulsecoder.com.mx\/index.php\/wp-json\/wp\/v2\/users\/11"}],"replies":[{"embeddable":true,"href":"https:\/\/pulsecoder.com.mx\/index.php\/wp-json\/wp\/v2\/comments?post=4708"}],"version-history":[{"count":3,"href":"https:\/\/pulsecoder.com.mx\/index.php\/wp-json\/wp\/v2\/posts\/4708\/revisions"}],"predecessor-version":[{"id":4712,"href":"https:\/\/pulsecoder.com.mx\/index.php\/wp-json\/wp\/v2\/posts\/4708\/revisions\/4712"}],"wp:featuredmedia":[{"embeddable":true,"href":"https:\/\/pulsecoder.com.mx\/index.php\/wp-json\/wp\/v2\/media\/4710"}],"wp:attachment":[{"href":"https:\/\/pulsecoder.com.mx\/index.php\/wp-json\/wp\/v2\/media?parent=4708"}],"wp:term":[{"taxonomy":"category","embeddable":true,"href":"https:\/\/pulsecoder.com.mx\/index.php\/wp-json\/wp\/v2\/categories?post=4708"},{"taxonomy":"post_tag","embeddable":true,"href":"https:\/\/pulsecoder.com.mx\/index.php\/wp-json\/wp\/v2\/tags?post=4708"}],"curies":[{"name":"wp","href":"https:\/\/api.w.org\/{rel}","templated":true}]}}