{"id":4729,"date":"2025-11-11T14:33:45","date_gmt":"2025-11-11T20:33:45","guid":{"rendered":"https:\/\/pulsecoder.com.mx\/?p=4729"},"modified":"2025-11-11T14:37:38","modified_gmt":"2025-11-11T20:37:38","slug":"por-que-estas-aqui-festival-reconexion-sanando-a-traves-del-arte","status":"publish","type":"post","link":"https:\/\/pulsecoder.com.mx\/index.php\/2025\/11\/11\/por-que-estas-aqui-festival-reconexion-sanando-a-traves-del-arte\/","title":{"rendered":"\u00bfPor qu\u00e9 est\u00e1s aqu\u00ed? Festival Reconexi\u00f3n sanando a trav\u00e9s del arte"},"content":{"rendered":"<body>\n<p><\/p>\n\n\n\n<p>Hace un tiempo tuve la oportunidad de entrevistar a Carlos Mentado y Paola Nolasco, creadores de Teatro Punto de Quiebre, amigos, compa\u00f1eros y maestros de quienes constantemente aprendo y que hoy est\u00e1n a punto de celebrar el <strong>Festival Reconexi\u00f3n, sanando a trav\u00e9s del arte.<\/strong><\/p>\n\n\n\n<p>En aquella entrevista, pregunt\u00e9 si alg\u00fan momento se hab\u00edan replanteado el deseo de seguir o no en su actividad profesional, a lo que Carlos coment\u00f3:<\/p>\n\n\n\n<div class=\"wp-block-cover alignwide\" style=\"min-height:234px;aspect-ratio:unset;\"><span aria-hidden=\"true\" class=\"wp-block-cover__background has-background-dim\"><\/span><div class=\"wp-block-cover__inner-container is-layout-flow wp-block-cover-is-layout-flow\">\n<div class=\"wp-block-group alignwide\"><div class=\"wp-block-group__inner-container is-layout-flow wp-block-group-is-layout-flow\">\n<p class=\"has-text-align-center\">S\u00ed llegas a decir: ya no quiero m\u00e1s, pero siempre hay un camino, algo que te hace enamorarte de lo que estabas haciendo\u2026 siempre regresa al origen y preg\u00fantate <strong>\u00bfPor qu\u00e9 est\u00e1s aqu\u00ed?<\/strong><\/p>\n<\/div><\/div>\n<\/div><\/div>\n\n\n\n<p><br>Hoy esa pregunta me resuena especialmente, pues, independientemente de la profesi\u00f3n, el tomar ese cuestionamiento para replantearnos el d\u00eda a d\u00eda puede ser muy valioso y \u00fatil: <strong>\u00bfpor qu\u00e9 est\u00e1s aqu\u00ed?<\/strong> Resulta que, sin darnos cuenta, convergen varias suertes para que d\u00eda con d\u00eda podamos asumir nuestro cotidiano, tomar caf\u00e9, trabajar, salir, comer, ver amigos, a la familia, entre muchas otras, sin embargo, una falla en el sistema basta para desvanecer, modificar o cambiar el orden de lo establecido.<\/p>\n\n\n\n<p>Este a\u00f1o, la salud de Carlos se vio afectada y de un momento a otro este cotidiano se modific\u00f3 abruptamente. Hubo que poner freno total a sus actividades tanto profesionales como cotidianas, cambiar, sus h\u00e1bitos de alimentaci\u00f3n y disciplinarse con su tratamiento m\u00e9dico y las prescripciones que le han indicado. Solo falta un pasito m\u00e1s en su recuperaci\u00f3n y para ello, viene bien el apoyo de todos y todas.<\/p>\n\n\n\n<p>As\u00ed pues, la comunidad art\u00edstica y cultural Hidalguense se ha sumado en apoyo a esta causa, generando la siguiente cartelera por dem\u00e1s atractiva, generosa y llena de cari\u00f1o.<\/p>\n\n\n\n<p><strong>TEATRO HIDALGO BARTOLOM\u00c9 DE MEDINA <\/strong><br><strong>Av Benito Ju\u00e1rez, Col. Centro, Pachuca Hgo.<\/strong><\/p>\n\n\n\n<p>13:00 h \u2192 Salvador Garc\u00eda (Canta-autor)\u00a0<\/p>\n\n\n\n<p>15:00 h \u2192 The Skarada band\u00a0<\/p>\n\n\n\n<p>16:15 h \u2192 Pulkata Sound\u00a0<\/p>\n\n\n\n<p>17:15 h \u2192 Ariwa y Jan san\u00a0<\/p>\n\n\n\n<p>18:15 h \u2192 Jes\u00fas Cuevas\u00a0<\/p>\n\n\n\n<p><strong><mark style=\"background-color:#ffffff\" class=\"has-inline-color\">TEATRO RAM\u00d3N NOBLE <br>Centro Cultural del Ferrocarril Calle Gral. Ignacio Mej\u00eda s\/n, Col. Morelos, Pachuca Hgo.<\/mark><\/strong><\/p>\n\n\n\n<p>12:00 h \u2192 Balagos Teatro \u2013 \u201cJuancho y el \u00e1rbol de tortillas\u201d (teatro infantil)\u00a0<\/p>\n\n\n\n<p>13:30 h \u2192 Nene Ocioso \u2013 \u201cLos cuentos del se\u00f1or bicho gato\u201d\u00a0<\/p>\n\n\n\n<p>14:15 h \u2192 Mart\u00edn Monrroy \u2013 \u201cEcos\u201d (narraci\u00f3n oral)\u00a0<\/p>\n\n\n\n<p>15:00 h \u2192 Fapqua y Sombras Nocturnas \u2013 \u201cCuenter\u00edas y danzas de Colombia\u201d\u00a0<\/p>\n\n\n\n<p>17:00 h \u2192 Ars Vita \u2013 \u201cEl duende y el le\u00f1ador\u201d (teatro de t\u00edteres)\u00a0<\/p>\n\n\n\n<figure class=\"wp-block-gallery has-nested-images columns-default is-cropped wp-block-gallery-1 is-layout-flex wp-block-gallery-is-layout-flex\">\n<figure class=\"wp-block-image size-large\"><img data-recalc-dims=\"1\" decoding=\"async\" width=\"696\" height=\"901\" data-id=\"4731\" src=\"https:\/\/i0.wp.com\/pulsecoder.com.mx\/wp-content\/uploads\/2025\/11\/Festival.jpeg?resize=696%2C901&#038;ssl=1\" alt=\"\" class=\"wp-image-4731\" loading=\"lazy\" srcset=\"https:\/\/i0.wp.com\/pulsecoder.com.mx\/wp-content\/uploads\/2025\/11\/Festival.jpeg?resize=791%2C1024&amp;ssl=1 791w, https:\/\/i0.wp.com\/pulsecoder.com.mx\/wp-content\/uploads\/2025\/11\/Festival.jpeg?resize=232%2C300&amp;ssl=1 232w, https:\/\/i0.wp.com\/pulsecoder.com.mx\/wp-content\/uploads\/2025\/11\/Festival.jpeg?resize=768%2C994&amp;ssl=1 768w, https:\/\/i0.wp.com\/pulsecoder.com.mx\/wp-content\/uploads\/2025\/11\/Festival.jpeg?resize=100%2C129&amp;ssl=1 100w, https:\/\/i0.wp.com\/pulsecoder.com.mx\/wp-content\/uploads\/2025\/11\/Festival.jpeg?resize=1187%2C1536&amp;ssl=1 1187w, https:\/\/i0.wp.com\/pulsecoder.com.mx\/wp-content\/uploads\/2025\/11\/Festival.jpeg?resize=696%2C901&amp;ssl=1 696w, https:\/\/i0.wp.com\/pulsecoder.com.mx\/wp-content\/uploads\/2025\/11\/Festival.jpeg?resize=1068%2C1383&amp;ssl=1 1068w, https:\/\/i0.wp.com\/pulsecoder.com.mx\/wp-content\/uploads\/2025\/11\/Festival.jpeg?resize=1080%2C1398&amp;ssl=1 1080w, https:\/\/i0.wp.com\/pulsecoder.com.mx\/wp-content\/uploads\/2025\/11\/Festival.jpeg?w=1236&amp;ssl=1 1236w\" sizes=\"(max-width: 696px) 100vw, 696px\" \/><\/figure>\n\n\n\n<figure class=\"wp-block-image size-large\"><img data-recalc-dims=\"1\" decoding=\"async\" width=\"696\" height=\"928\" data-id=\"4732\" src=\"https:\/\/i0.wp.com\/pulsecoder.com.mx\/wp-content\/uploads\/2025\/11\/FEstival-Cartelera.jpeg?resize=696%2C928&#038;ssl=1\" alt=\"\" class=\"wp-image-4732\" loading=\"lazy\" srcset=\"https:\/\/i0.wp.com\/pulsecoder.com.mx\/wp-content\/uploads\/2025\/11\/FEstival-Cartelera.jpeg?resize=768%2C1023&amp;ssl=1 768w, https:\/\/i0.wp.com\/pulsecoder.com.mx\/wp-content\/uploads\/2025\/11\/FEstival-Cartelera.jpeg?resize=225%2C300&amp;ssl=1 225w, https:\/\/i0.wp.com\/pulsecoder.com.mx\/wp-content\/uploads\/2025\/11\/FEstival-Cartelera.jpeg?resize=100%2C133&amp;ssl=1 100w, https:\/\/i0.wp.com\/pulsecoder.com.mx\/wp-content\/uploads\/2025\/11\/FEstival-Cartelera.jpeg?resize=1153%2C1536&amp;ssl=1 1153w, https:\/\/i0.wp.com\/pulsecoder.com.mx\/wp-content\/uploads\/2025\/11\/FEstival-Cartelera.jpeg?resize=696%2C927&amp;ssl=1 696w, https:\/\/i0.wp.com\/pulsecoder.com.mx\/wp-content\/uploads\/2025\/11\/FEstival-Cartelera.jpeg?resize=1068%2C1423&amp;ssl=1 1068w, https:\/\/i0.wp.com\/pulsecoder.com.mx\/wp-content\/uploads\/2025\/11\/FEstival-Cartelera.jpeg?resize=1080%2C1439&amp;ssl=1 1080w, https:\/\/i0.wp.com\/pulsecoder.com.mx\/wp-content\/uploads\/2025\/11\/FEstival-Cartelera.jpeg?w=1200&amp;ssl=1 1200w\" sizes=\"(max-width: 696px) 100vw, 696px\" \/><\/figure>\n<\/figure>\n\n\n\n<p><br><strong>\u00bfC\u00f3mo puedes ser parte?<\/strong> Puedes asistir a cualquiera de las dos sedes adquiriendo tu boleto individual en $150 o elegir el combo reconexi\u00f3n en $400 para ver 4 funciones de este festival. Tambi\u00e9n puedes compartir el evento en redes sociales y hacer que este festival llegue a m\u00e1s personas. No te olvides que habr\u00e1 venta de artesan\u00edas, que tambi\u00e9n se sumar\u00e1n a los esfuerzos por la recuperaci\u00f3n de Carlos.<\/p>\n\n\n\n<p>La vida esta llena de vicisitudes, y en alg\u00fan momento nos puede pasar a cualquiera de nosotros, de aqu\u00ed que se vuelve contundente regresar a la pregunta <strong>\u00bfpor qu\u00e9 estamos aqu\u00ed?<\/strong> Y aunque la respuesta puede variar al infinito, que nos sirva para darle valor a nuestros d\u00edas, para cuidar nuestro cuerpecito y buscar siempre mantenernos sanos, para agradecer a quienes nos acompa\u00f1an en el camino, y sobre todo para seguir con fuerza y humor as\u00ed como lo ha hecho magistralmente Carlos.<\/p>\n\n\n\n<p>Venta de boletos a los n\u00fameros: 771 684 9047 y 56 4835 0478 y en taquillas previo a las funciones. <\/p>\n<\/body>","protected":false},"excerpt":{"rendered":"<p>Hace un tiempo tuve la oportunidad de entrevistar a Carlos Mentado y Paola Nolasco, creadores de Teatro Punto de Quiebre, amigos, compa\u00f1eros y maestros de quienes constantemente aprendo y que hoy est\u00e1n a punto de celebrar el Festival Reconexi\u00f3n, sanando a trav\u00e9s del arte. En aquella entrevista, pregunt\u00e9 si alg\u00fan momento se hab\u00edan replanteado el [&hellip;]<\/p>\n","protected":false},"author":11,"featured_media":4741,"comment_status":"open","ping_status":"open","sticky":false,"template":"","format":"standard","meta":{"_et_pb_use_builder":"off","_et_pb_old_content":"","_et_gb_content_width":"","_monsterinsights_skip_tracking":false,"_jetpack_memberships_contains_paid_content":false,"footnotes":""},"categories":[1700,1,39],"tags":[2065,152,1240,2064,2063,2066,244],"class_list":["post-4729","post","type-post","status-publish","format-standard","has-post-thumbnail","hentry","category-cultura","category-salud","category-sociedad","tag-artesanias","tag-comunidad","tag-festival","tag-musica-3","tag-pachuca-hidalgo","tag-recuperacion","tag-salud"],"yoast_head":"<!-- This site is optimized with the Yoast SEO plugin v25.5 - https:\/\/yoast.com\/wordpress\/plugins\/seo\/ -->\n<title>\u00bfPor qu\u00e9 est\u00e1s aqu\u00ed? Festival Reconexi\u00f3n sanando a trav\u00e9s del arte<\/title>\n<meta name=\"description\" content=\"Revista digital de innovaci\u00f3n, tecnolog\u00eda y sociedad de Xalapa M\u00e9xico. Grupo multidisciplinario, emprendedores digitales, comunidad tech.\" \/>\n<meta name=\"robots\" content=\"index, follow, max-snippet:-1, max-image-preview:large, max-video-preview:-1\" \/>\n<link rel=\"canonical\" href=\"https:\/\/pulsecoder.com.mx\/index.php\/2025\/11\/11\/por-que-estas-aqui-festival-reconexion-sanando-a-traves-del-arte\/\" \/>\n<meta property=\"og:locale\" content=\"es_MX\" \/>\n<meta property=\"og:type\" content=\"article\" \/>\n<meta property=\"og:title\" content=\"\u00bfPor qu\u00e9 est\u00e1s aqu\u00ed? Festival Reconexi\u00f3n sanando a trav\u00e9s del arte\" \/>\n<meta property=\"og:description\" content=\"Revista digital de innovaci\u00f3n, tecnolog\u00eda y sociedad de Xalapa M\u00e9xico. Grupo multidisciplinario, emprendedores digitales, comunidad tech.\" \/>\n<meta property=\"og:url\" content=\"https:\/\/pulsecoder.com.mx\/index.php\/2025\/11\/11\/por-que-estas-aqui-festival-reconexion-sanando-a-traves-del-arte\/\" \/>\n<meta property=\"og:site_name\" content=\"Pulsecoder\" \/>\n<meta property=\"article:publisher\" content=\"https:\/\/www.facebook.com\/PulsecoderMx\" \/>\n<meta property=\"article:author\" content=\"https:\/\/www.facebook.com\/lamularoja.teatro\/\" \/>\n<meta property=\"article:published_time\" content=\"2025-11-11T20:33:45+00:00\" \/>\n<meta property=\"article:modified_time\" content=\"2025-11-11T20:37:38+00:00\" \/>\n<meta property=\"og:image\" content=\"https:\/\/pulsecoder.com.mx\/wp-content\/uploads\/2025\/11\/Carlos-e1762893445680.webp\" \/>\n\t<meta property=\"og:image:width\" content=\"765\" \/>\n\t<meta property=\"og:image:height\" content=\"300\" \/>\n\t<meta property=\"og:image:type\" content=\"image\/webp\" \/>\n<meta name=\"author\" content=\"georgina.escobar\" \/>\n<meta name=\"twitter:card\" content=\"summary_large_image\" \/>\n<meta name=\"twitter:creator\" content=\"@PulsecoderMx\" \/>\n<meta name=\"twitter:site\" content=\"@PulsecoderMx\" \/>\n<meta name=\"twitter:label1\" content=\"Escrito por\" \/>\n\t<meta name=\"twitter:data1\" content=\"georgina.escobar\" \/>\n\t<meta name=\"twitter:label2\" content=\"Tiempo de lectura\" \/>\n\t<meta name=\"twitter:data2\" content=\"4 minutos\" \/>\n<script type=\"application\/ld+json\" class=\"yoast-schema-graph\">{\"@context\":\"https:\/\/schema.org\",\"@graph\":[{\"@type\":\"Article\",\"@id\":\"https:\/\/pulsecoder.com.mx\/index.php\/2025\/11\/11\/por-que-estas-aqui-festival-reconexion-sanando-a-traves-del-arte\/#article\",\"isPartOf\":{\"@id\":\"https:\/\/pulsecoder.com.mx\/index.php\/2025\/11\/11\/por-que-estas-aqui-festival-reconexion-sanando-a-traves-del-arte\/\"},\"author\":{\"name\":\"georgina.escobar\",\"@id\":\"https:\/\/pulsecoder.com.mx\/#\/schema\/person\/859b0aa70de29666d56cd1323f5ae1e5\"},\"headline\":\"\u00bfPor qu\u00e9 est\u00e1s aqu\u00ed? Festival Reconexi\u00f3n sanando a trav\u00e9s del arte\",\"datePublished\":\"2025-11-11T20:33:45+00:00\",\"dateModified\":\"2025-11-11T20:37:38+00:00\",\"mainEntityOfPage\":{\"@id\":\"https:\/\/pulsecoder.com.mx\/index.php\/2025\/11\/11\/por-que-estas-aqui-festival-reconexion-sanando-a-traves-del-arte\/\"},\"wordCount\":606,\"commentCount\":0,\"publisher\":{\"@id\":\"https:\/\/pulsecoder.com.mx\/#organization\"},\"image\":{\"@id\":\"https:\/\/pulsecoder.com.mx\/index.php\/2025\/11\/11\/por-que-estas-aqui-festival-reconexion-sanando-a-traves-del-arte\/#primaryimage\"},\"thumbnailUrl\":\"https:\/\/i0.wp.com\/pulsecoder.com.mx\/wp-content\/uploads\/2025\/11\/Carlos-e1762893445680.webp?fit=765%2C300&ssl=1\",\"keywords\":[\"Artesan\u00edas\",\"Comunidad\",\"Festival\",\"Musica\",\"Pachuca Hidalgo\",\"Recuperaci\u00f3n\",\"Salud\"],\"articleSection\":[\"Cultura\",\"Salud\",\"Sociedad\"],\"inLanguage\":\"es\",\"potentialAction\":[{\"@type\":\"CommentAction\",\"name\":\"Comment\",\"target\":[\"https:\/\/pulsecoder.com.mx\/index.php\/2025\/11\/11\/por-que-estas-aqui-festival-reconexion-sanando-a-traves-del-arte\/#respond\"]}]},{\"@type\":\"WebPage\",\"@id\":\"https:\/\/pulsecoder.com.mx\/index.php\/2025\/11\/11\/por-que-estas-aqui-festival-reconexion-sanando-a-traves-del-arte\/\",\"url\":\"https:\/\/pulsecoder.com.mx\/index.php\/2025\/11\/11\/por-que-estas-aqui-festival-reconexion-sanando-a-traves-del-arte\/\",\"name\":\"\u00bfPor qu\u00e9 est\u00e1s aqu\u00ed? Festival Reconexi\u00f3n sanando a trav\u00e9s del arte\",\"isPartOf\":{\"@id\":\"https:\/\/pulsecoder.com.mx\/#website\"},\"primaryImageOfPage\":{\"@id\":\"https:\/\/pulsecoder.com.mx\/index.php\/2025\/11\/11\/por-que-estas-aqui-festival-reconexion-sanando-a-traves-del-arte\/#primaryimage\"},\"image\":{\"@id\":\"https:\/\/pulsecoder.com.mx\/index.php\/2025\/11\/11\/por-que-estas-aqui-festival-reconexion-sanando-a-traves-del-arte\/#primaryimage\"},\"thumbnailUrl\":\"https:\/\/i0.wp.com\/pulsecoder.com.mx\/wp-content\/uploads\/2025\/11\/Carlos-e1762893445680.webp?fit=765%2C300&ssl=1\",\"datePublished\":\"2025-11-11T20:33:45+00:00\",\"dateModified\":\"2025-11-11T20:37:38+00:00\",\"description\":\"Revista digital de innovaci\u00f3n, tecnolog\u00eda y sociedad de Xalapa M\u00e9xico. Grupo multidisciplinario, emprendedores digitales, comunidad tech.\",\"inLanguage\":\"es\",\"potentialAction\":[{\"@type\":\"ReadAction\",\"target\":[\"https:\/\/pulsecoder.com.mx\/index.php\/2025\/11\/11\/por-que-estas-aqui-festival-reconexion-sanando-a-traves-del-arte\/\"]}]},{\"@type\":\"ImageObject\",\"inLanguage\":\"es\",\"@id\":\"https:\/\/pulsecoder.com.mx\/index.php\/2025\/11\/11\/por-que-estas-aqui-festival-reconexion-sanando-a-traves-del-arte\/#primaryimage\",\"url\":\"https:\/\/i0.wp.com\/pulsecoder.com.mx\/wp-content\/uploads\/2025\/11\/Carlos-e1762893445680.webp?fit=765%2C300&ssl=1\",\"contentUrl\":\"https:\/\/i0.wp.com\/pulsecoder.com.mx\/wp-content\/uploads\/2025\/11\/Carlos-e1762893445680.webp?fit=765%2C300&ssl=1\",\"width\":765,\"height\":300},{\"@type\":\"WebSite\",\"@id\":\"https:\/\/pulsecoder.com.mx\/#website\",\"url\":\"https:\/\/pulsecoder.com.mx\/\",\"name\":\"Pulsecoder\",\"description\":\"Revista digital de tecnolog\u00eda, sociedad e Innovaci\u00f3n\",\"publisher\":{\"@id\":\"https:\/\/pulsecoder.com.mx\/#organization\"},\"potentialAction\":[{\"@type\":\"SearchAction\",\"target\":{\"@type\":\"EntryPoint\",\"urlTemplate\":\"https:\/\/pulsecoder.com.mx\/?s={search_term_string}\"},\"query-input\":{\"@type\":\"PropertyValueSpecification\",\"valueRequired\":true,\"valueName\":\"search_term_string\"}}],\"inLanguage\":\"es\"},{\"@type\":\"Organization\",\"@id\":\"https:\/\/pulsecoder.com.mx\/#organization\",\"name\":\"Pulse Coder Mx\",\"url\":\"https:\/\/pulsecoder.com.mx\/\",\"logo\":{\"@type\":\"ImageObject\",\"inLanguage\":\"es\",\"@id\":\"https:\/\/pulsecoder.com.mx\/#\/schema\/logo\/image\/\",\"url\":\"https:\/\/i0.wp.com\/pulsecoder.com.mx\/wp-content\/uploads\/2021\/10\/Web.png?fit=2047%2C1024&ssl=1\",\"contentUrl\":\"https:\/\/i0.wp.com\/pulsecoder.com.mx\/wp-content\/uploads\/2021\/10\/Web.png?fit=2047%2C1024&ssl=1\",\"width\":2047,\"height\":1024,\"caption\":\"Pulse Coder Mx\"},\"image\":{\"@id\":\"https:\/\/pulsecoder.com.mx\/#\/schema\/logo\/image\/\"},\"sameAs\":[\"https:\/\/www.facebook.com\/PulsecoderMx\",\"https:\/\/x.com\/PulsecoderMx\",\"https:\/\/www.instagram.com\/pulsecodermx\/\",\"https:\/\/www.youtube.com\/channel\/UCci7xZRoiIxGpkwEljqfF9A\"]},{\"@type\":\"Person\",\"@id\":\"https:\/\/pulsecoder.com.mx\/#\/schema\/person\/859b0aa70de29666d56cd1323f5ae1e5\",\"name\":\"georgina.escobar\",\"image\":{\"@type\":\"ImageObject\",\"inLanguage\":\"es\",\"@id\":\"https:\/\/pulsecoder.com.mx\/#\/schema\/person\/image\/\",\"url\":\"https:\/\/secure.gravatar.com\/avatar\/3b18cb352c1bb16096d20c382f866a60?s=96&d=mm&r=g\",\"contentUrl\":\"https:\/\/secure.gravatar.com\/avatar\/3b18cb352c1bb16096d20c382f866a60?s=96&d=mm&r=g\",\"caption\":\"georgina.escobar\"},\"description\":\"Integrante del grupo teatral La Mula Roja\",\"sameAs\":[\"https:\/\/www.youtube.com\/@LamularojaTeatro\",\"https:\/\/www.facebook.com\/lamularoja.teatro\/\"],\"url\":\"https:\/\/pulsecoder.com.mx\/index.php\/author\/georgina\/\"}]}<\/script>\n<!-- \/ Yoast SEO plugin. -->","yoast_head_json":{"title":"\u00bfPor qu\u00e9 est\u00e1s aqu\u00ed? Festival Reconexi\u00f3n sanando a trav\u00e9s del arte","description":"Revista digital de innovaci\u00f3n, tecnolog\u00eda y sociedad de Xalapa M\u00e9xico. Grupo multidisciplinario, emprendedores digitales, comunidad tech.","robots":{"index":"index","follow":"follow","max-snippet":"max-snippet:-1","max-image-preview":"max-image-preview:large","max-video-preview":"max-video-preview:-1"},"canonical":"https:\/\/pulsecoder.com.mx\/index.php\/2025\/11\/11\/por-que-estas-aqui-festival-reconexion-sanando-a-traves-del-arte\/","og_locale":"es_MX","og_type":"article","og_title":"\u00bfPor qu\u00e9 est\u00e1s aqu\u00ed? Festival Reconexi\u00f3n sanando a trav\u00e9s del arte","og_description":"Revista digital de innovaci\u00f3n, tecnolog\u00eda y sociedad de Xalapa M\u00e9xico. Grupo multidisciplinario, emprendedores digitales, comunidad tech.","og_url":"https:\/\/pulsecoder.com.mx\/index.php\/2025\/11\/11\/por-que-estas-aqui-festival-reconexion-sanando-a-traves-del-arte\/","og_site_name":"Pulsecoder","article_publisher":"https:\/\/www.facebook.com\/PulsecoderMx","article_author":"https:\/\/www.facebook.com\/lamularoja.teatro\/","article_published_time":"2025-11-11T20:33:45+00:00","article_modified_time":"2025-11-11T20:37:38+00:00","og_image":[{"width":765,"height":300,"url":"https:\/\/pulsecoder.com.mx\/wp-content\/uploads\/2025\/11\/Carlos-e1762893445680.webp","type":"image\/webp"}],"author":"georgina.escobar","twitter_card":"summary_large_image","twitter_creator":"@PulsecoderMx","twitter_site":"@PulsecoderMx","twitter_misc":{"Escrito por":"georgina.escobar","Tiempo de lectura":"4 minutos"},"schema":{"@context":"https:\/\/schema.org","@graph":[{"@type":"Article","@id":"https:\/\/pulsecoder.com.mx\/index.php\/2025\/11\/11\/por-que-estas-aqui-festival-reconexion-sanando-a-traves-del-arte\/#article","isPartOf":{"@id":"https:\/\/pulsecoder.com.mx\/index.php\/2025\/11\/11\/por-que-estas-aqui-festival-reconexion-sanando-a-traves-del-arte\/"},"author":{"name":"georgina.escobar","@id":"https:\/\/pulsecoder.com.mx\/#\/schema\/person\/859b0aa70de29666d56cd1323f5ae1e5"},"headline":"\u00bfPor qu\u00e9 est\u00e1s aqu\u00ed? Festival Reconexi\u00f3n sanando a trav\u00e9s del arte","datePublished":"2025-11-11T20:33:45+00:00","dateModified":"2025-11-11T20:37:38+00:00","mainEntityOfPage":{"@id":"https:\/\/pulsecoder.com.mx\/index.php\/2025\/11\/11\/por-que-estas-aqui-festival-reconexion-sanando-a-traves-del-arte\/"},"wordCount":606,"commentCount":0,"publisher":{"@id":"https:\/\/pulsecoder.com.mx\/#organization"},"image":{"@id":"https:\/\/pulsecoder.com.mx\/index.php\/2025\/11\/11\/por-que-estas-aqui-festival-reconexion-sanando-a-traves-del-arte\/#primaryimage"},"thumbnailUrl":"https:\/\/i0.wp.com\/pulsecoder.com.mx\/wp-content\/uploads\/2025\/11\/Carlos-e1762893445680.webp?fit=765%2C300&ssl=1","keywords":["Artesan\u00edas","Comunidad","Festival","Musica","Pachuca Hidalgo","Recuperaci\u00f3n","Salud"],"articleSection":["Cultura","Salud","Sociedad"],"inLanguage":"es","potentialAction":[{"@type":"CommentAction","name":"Comment","target":["https:\/\/pulsecoder.com.mx\/index.php\/2025\/11\/11\/por-que-estas-aqui-festival-reconexion-sanando-a-traves-del-arte\/#respond"]}]},{"@type":"WebPage","@id":"https:\/\/pulsecoder.com.mx\/index.php\/2025\/11\/11\/por-que-estas-aqui-festival-reconexion-sanando-a-traves-del-arte\/","url":"https:\/\/pulsecoder.com.mx\/index.php\/2025\/11\/11\/por-que-estas-aqui-festival-reconexion-sanando-a-traves-del-arte\/","name":"\u00bfPor qu\u00e9 est\u00e1s aqu\u00ed? Festival Reconexi\u00f3n sanando a trav\u00e9s del arte","isPartOf":{"@id":"https:\/\/pulsecoder.com.mx\/#website"},"primaryImageOfPage":{"@id":"https:\/\/pulsecoder.com.mx\/index.php\/2025\/11\/11\/por-que-estas-aqui-festival-reconexion-sanando-a-traves-del-arte\/#primaryimage"},"image":{"@id":"https:\/\/pulsecoder.com.mx\/index.php\/2025\/11\/11\/por-que-estas-aqui-festival-reconexion-sanando-a-traves-del-arte\/#primaryimage"},"thumbnailUrl":"https:\/\/i0.wp.com\/pulsecoder.com.mx\/wp-content\/uploads\/2025\/11\/Carlos-e1762893445680.webp?fit=765%2C300&ssl=1","datePublished":"2025-11-11T20:33:45+00:00","dateModified":"2025-11-11T20:37:38+00:00","description":"Revista digital de innovaci\u00f3n, tecnolog\u00eda y sociedad de Xalapa M\u00e9xico. Grupo multidisciplinario, emprendedores digitales, comunidad tech.","inLanguage":"es","potentialAction":[{"@type":"ReadAction","target":["https:\/\/pulsecoder.com.mx\/index.php\/2025\/11\/11\/por-que-estas-aqui-festival-reconexion-sanando-a-traves-del-arte\/"]}]},{"@type":"ImageObject","inLanguage":"es","@id":"https:\/\/pulsecoder.com.mx\/index.php\/2025\/11\/11\/por-que-estas-aqui-festival-reconexion-sanando-a-traves-del-arte\/#primaryimage","url":"https:\/\/i0.wp.com\/pulsecoder.com.mx\/wp-content\/uploads\/2025\/11\/Carlos-e1762893445680.webp?fit=765%2C300&ssl=1","contentUrl":"https:\/\/i0.wp.com\/pulsecoder.com.mx\/wp-content\/uploads\/2025\/11\/Carlos-e1762893445680.webp?fit=765%2C300&ssl=1","width":765,"height":300},{"@type":"WebSite","@id":"https:\/\/pulsecoder.com.mx\/#website","url":"https:\/\/pulsecoder.com.mx\/","name":"Pulsecoder","description":"Revista digital de tecnolog\u00eda, sociedad e Innovaci\u00f3n","publisher":{"@id":"https:\/\/pulsecoder.com.mx\/#organization"},"potentialAction":[{"@type":"SearchAction","target":{"@type":"EntryPoint","urlTemplate":"https:\/\/pulsecoder.com.mx\/?s={search_term_string}"},"query-input":{"@type":"PropertyValueSpecification","valueRequired":true,"valueName":"search_term_string"}}],"inLanguage":"es"},{"@type":"Organization","@id":"https:\/\/pulsecoder.com.mx\/#organization","name":"Pulse Coder Mx","url":"https:\/\/pulsecoder.com.mx\/","logo":{"@type":"ImageObject","inLanguage":"es","@id":"https:\/\/pulsecoder.com.mx\/#\/schema\/logo\/image\/","url":"https:\/\/i0.wp.com\/pulsecoder.com.mx\/wp-content\/uploads\/2021\/10\/Web.png?fit=2047%2C1024&ssl=1","contentUrl":"https:\/\/i0.wp.com\/pulsecoder.com.mx\/wp-content\/uploads\/2021\/10\/Web.png?fit=2047%2C1024&ssl=1","width":2047,"height":1024,"caption":"Pulse Coder Mx"},"image":{"@id":"https:\/\/pulsecoder.com.mx\/#\/schema\/logo\/image\/"},"sameAs":["https:\/\/www.facebook.com\/PulsecoderMx","https:\/\/x.com\/PulsecoderMx","https:\/\/www.instagram.com\/pulsecodermx\/","https:\/\/www.youtube.com\/channel\/UCci7xZRoiIxGpkwEljqfF9A"]},{"@type":"Person","@id":"https:\/\/pulsecoder.com.mx\/#\/schema\/person\/859b0aa70de29666d56cd1323f5ae1e5","name":"georgina.escobar","image":{"@type":"ImageObject","inLanguage":"es","@id":"https:\/\/pulsecoder.com.mx\/#\/schema\/person\/image\/","url":"https:\/\/secure.gravatar.com\/avatar\/3b18cb352c1bb16096d20c382f866a60?s=96&d=mm&r=g","contentUrl":"https:\/\/secure.gravatar.com\/avatar\/3b18cb352c1bb16096d20c382f866a60?s=96&d=mm&r=g","caption":"georgina.escobar"},"description":"Integrante del grupo teatral La Mula Roja","sameAs":["https:\/\/www.youtube.com\/@LamularojaTeatro","https:\/\/www.facebook.com\/lamularoja.teatro\/"],"url":"https:\/\/pulsecoder.com.mx\/index.php\/author\/georgina\/"}]}},"jetpack_featured_media_url":"https:\/\/i0.wp.com\/pulsecoder.com.mx\/wp-content\/uploads\/2025\/11\/Carlos-e1762893445680.webp?fit=765%2C300&ssl=1","jetpack_sharing_enabled":true,"amp_enabled":true,"_links":{"self":[{"href":"https:\/\/pulsecoder.com.mx\/index.php\/wp-json\/wp\/v2\/posts\/4729"}],"collection":[{"href":"https:\/\/pulsecoder.com.mx\/index.php\/wp-json\/wp\/v2\/posts"}],"about":[{"href":"https:\/\/pulsecoder.com.mx\/index.php\/wp-json\/wp\/v2\/types\/post"}],"author":[{"embeddable":true,"href":"https:\/\/pulsecoder.com.mx\/index.php\/wp-json\/wp\/v2\/users\/11"}],"replies":[{"embeddable":true,"href":"https:\/\/pulsecoder.com.mx\/index.php\/wp-json\/wp\/v2\/comments?post=4729"}],"version-history":[{"count":5,"href":"https:\/\/pulsecoder.com.mx\/index.php\/wp-json\/wp\/v2\/posts\/4729\/revisions"}],"predecessor-version":[{"id":4744,"href":"https:\/\/pulsecoder.com.mx\/index.php\/wp-json\/wp\/v2\/posts\/4729\/revisions\/4744"}],"wp:featuredmedia":[{"embeddable":true,"href":"https:\/\/pulsecoder.com.mx\/index.php\/wp-json\/wp\/v2\/media\/4741"}],"wp:attachment":[{"href":"https:\/\/pulsecoder.com.mx\/index.php\/wp-json\/wp\/v2\/media?parent=4729"}],"wp:term":[{"taxonomy":"category","embeddable":true,"href":"https:\/\/pulsecoder.com.mx\/index.php\/wp-json\/wp\/v2\/categories?post=4729"},{"taxonomy":"post_tag","embeddable":true,"href":"https:\/\/pulsecoder.com.mx\/index.php\/wp-json\/wp\/v2\/tags?post=4729"}],"curies":[{"name":"wp","href":"https:\/\/api.w.org\/{rel}","templated":true}]}}