{"id":894,"date":"2020-11-15T19:30:07","date_gmt":"2020-11-15T19:30:07","guid":{"rendered":"https:\/\/pulsecoder.com.mx\/?p=894"},"modified":"2020-11-26T17:21:39","modified_gmt":"2020-11-26T17:21:39","slug":"tecnologia-y-sociedad-una-relacion-reciproca","status":"publish","type":"post","link":"https:\/\/pulsecoder.com.mx\/index.php\/2020\/11\/15\/tecnologia-y-sociedad-una-relacion-reciproca\/","title":{"rendered":"Tecnolog\u00eda y sociedad: una relaci\u00f3n rec\u00edproca"},"content":{"rendered":"<body>[et_pb_section admin_label=\u201dsection\u201d]\n\t\t\t[et_pb_row admin_label=\u201drow\u201d]\n\t\t\t\t[et_pb_column type=\u201d4_4\u2033][et_pb_text admin_label=\u201dText\u201d]\n<p>En los \u00faltimos tiempos, los avances de la ciencia y la tecnolog\u00eda nos han llevado a plantear nuevos paradigmas respecto a las formas de concebir la realidad, de relacionarnos y de interactuar con el mundo. Estas complejas relaciones entre la tecnolog\u00eda y el contexto tienen implicaciones en las distintas formas de comportamiento humano y en las construcciones sociales.<\/p>\n\n\n\n<p>Es claro el inter\u00e9s en la tecnolog\u00eda cuando se busca entender el origen de las ciencias, dise\u00f1ar o implementar pol\u00edticas econ\u00f3micas e innovaciones cient\u00edficas y diagn\u00f3sticas, explicar el desarrollo de la humanidad y poner atenci\u00f3n en las diversas maneras de la tecnolog\u00eda de impactar en la sociedad. Ese inter\u00e9s tambi\u00e9n dio pie a importantes reflexiones respecto a dos interrogantes fundamentales: \u00bfcu\u00e1l es la relaci\u00f3n actual entre tecnolog\u00eda y pensamiento? \u00bfDe qu\u00e9 manera la tecnolog\u00eda determina nuestra manera de pensar?<\/p>\n\n\n\n<figure class=\"wp-block-image alignfull size-large\"><img data-recalc-dims=\"1\" decoding=\"async\" width=\"373\" height=\"268\" src=\"https:\/\/i0.wp.com\/pulsecoder.com.mx\/wp-content\/uploads\/2020\/11\/Imagen4-2.jpg?resize=373%2C268&#038;ssl=1\" alt=\"\" class=\"wp-image-896\" loading=\"lazy\" srcset=\"https:\/\/i0.wp.com\/pulsecoder.com.mx\/wp-content\/uploads\/2020\/11\/Imagen4-2.jpg?w=373&amp;ssl=1 373w, https:\/\/i0.wp.com\/pulsecoder.com.mx\/wp-content\/uploads\/2020\/11\/Imagen4-2.jpg?resize=300%2C216&amp;ssl=1 300w\" sizes=\"(max-width: 373px) 100vw, 373px\" \/><figcaption>Imagen: <a href=\"http:\/\/ctsycaecf.blogspot.com\/2017\/12\/ciencia-y-tecnologia-sociedad-del.html\">http:\/\/ctsycaecf.blogspot.com\/2017\/12\/ciencia-y-tecnologia-sociedad-del.html<\/a><\/figcaption><\/figure>\n\n\n\n<p>As\u00ed como hace m\u00e1s de dos mil a\u00f1os S\u00f3crates advirti\u00f3 la relevancia de la palabra escrita en el cambio paradigm\u00e1tico de la revoluci\u00f3n informativa, los pensadores de la sociedad actual vislumbran un cambio fundamental en la manera del ser humano de asimilar la tecnolog\u00eda, ya sea por incorporarla en la vida cotidiana, ya por la importancia que le asigna a los procesos e informaci\u00f3n, m\u00e1s que al desarrollo de artefactos o maquinaria.<\/p>\n\n\n\n<p>Desde disciplinas como la sociolog\u00eda, antropolog\u00eda, filosof\u00eda o econom\u00eda, grandes intelectuales buscan comprender, identificar y explicar las relaciones, caracter\u00edsticas sociales y culturas, y los procesos o efectos tras todo proceso tecnol\u00f3gico. Entre estos an\u00e1lisis destacan dos grandes teor\u00edas: la primera, de la cual surgen las corrientes deterministas, considera la tecnolog\u00eda como una variable que determina los aspectos sociales y los procesos de la humanidad; la segunda, donde se integran las perspectivas constructivistas, propone una relaci\u00f3n rec\u00edproca entre tecnolog\u00eda y sociedad.<\/p>\n\n\n\n<p>Tan diversos estudios disciplinares respecto a la tecnolog\u00eda, la sociedad y la cultura son resultado tanto de los avances tecnol\u00f3gicos como del crecimiento y la manera de interpretar el flujo de informaci\u00f3n de acuerdo con las l\u00f3gicas sociales y culturales determinadas. Esto significa que se presenta una natural correlaci\u00f3n entre los desarrollos tecnol\u00f3gicos y su interpretaci\u00f3n en entornos sociales espec\u00edficos.<\/p>\n\n\n\n<p><strong>Am\u00e9rica Latina y los estudios de ciencia, tecnolog\u00eda y sociedad (CTS)<\/strong><\/p>\n\n\n\n<div class=\"wp-block-image\"><figure class=\"alignleft size-large\"><img data-recalc-dims=\"1\" decoding=\"async\" width=\"240\" height=\"320\" src=\"https:\/\/i0.wp.com\/pulsecoder.com.mx\/wp-content\/uploads\/2020\/11\/Imagen1-2.jpg?resize=240%2C320&#038;ssl=1\" alt=\"\" class=\"wp-image-900\" loading=\"lazy\" srcset=\"https:\/\/i0.wp.com\/pulsecoder.com.mx\/wp-content\/uploads\/2020\/11\/Imagen1-2.jpg?w=240&amp;ssl=1 240w, https:\/\/i0.wp.com\/pulsecoder.com.mx\/wp-content\/uploads\/2020\/11\/Imagen1-2.jpg?resize=225%2C300&amp;ssl=1 225w\" sizes=\"(max-width: 240px) 100vw, 240px\" \/><figcaption>Nota: Portada del libro. <\/figcaption><\/figure><\/div>\n\n\n\n<p>De acuerdo con uno de los m\u00e1s destacados soci\u00f3logos de la tecnolog\u00eda, el argentino Hern\u00e1n Thomas, en Am\u00e9rica Latina el campo de estudio de la ciencia y tecnolog\u00eda en v\u00ednculo con la sociedad empez\u00f3 a consolidarse en la segunda mitad del siglo XX, en la d\u00e9cada de los setenta, principalmente a partir del enfoque pol\u00edtico. M\u00e1s adelante esta perspectiva se nutri\u00f3 con el surgimiento de investigaciones hist\u00f3ricas y antropol\u00f3gicas de naturaleza constructivista.<\/p>\n\n\n\n<div class=\"wp-block-image\"><figure class=\"alignright size-large\"><img data-recalc-dims=\"1\" decoding=\"async\" width=\"240\" height=\"319\" src=\"https:\/\/i0.wp.com\/pulsecoder.com.mx\/wp-content\/uploads\/2020\/11\/Imagen2-5.jpg?resize=240%2C319&#038;ssl=1\" alt=\"\" class=\"wp-image-899\" loading=\"lazy\" srcset=\"https:\/\/i0.wp.com\/pulsecoder.com.mx\/wp-content\/uploads\/2020\/11\/Imagen2-5.jpg?w=240&amp;ssl=1 240w, https:\/\/i0.wp.com\/pulsecoder.com.mx\/wp-content\/uploads\/2020\/11\/Imagen2-5.jpg?resize=226%2C300&amp;ssl=1 226w\" sizes=\"(max-width: 240px) 100vw, 240px\" \/><figcaption>Nota: Portada del libro.<\/figcaption><\/figure><\/div>\n\n\n\n<p>Entonces es cuando, con la articulaci\u00f3n de distintos enfoques, se plantea la necesidad de conformar tanto normativa como planificaci\u00f3n del desarrollo tecnol\u00f3gico en funci\u00f3n de las pol\u00edticas regionales, o bien, nacionales. Con este panorama, se pusieron en marcha proyectos de desarrollo planificado, tal es el caso de la Science and Technology Policy Instruments, un proyecto gestado por la Comisi\u00f3n Econ\u00f3mica para Am\u00e9rica Latina y el Caribe (CEPAL). Con estos y otros modelos se pretendi\u00f3 analizar y establecer pautas sobre la productividad del desarrollo tecnol\u00f3gico.<\/p>\n\n\n\n<p>Durante esa misma \u00e9poca y en una l\u00ednea opuesta a la planificaci\u00f3n tecnol\u00f3gica, florecieron los estudios socio-antropol\u00f3gicos con miras al an\u00e1lisis de las relaciones que establec\u00edan los distintos actores involucrados en el desarrollo de la tecnolog\u00eda. Ambos enfoques, el pol\u00edtico y el hist\u00f3rico-social, se consolidaron en una interesante mancuerna a partir de los a\u00f1os ochenta y lo siguen haciendo en la actualidad. Esta orientaci\u00f3n contin\u00faa abriendo el camino para estudios innovadores respecto a la econom\u00eda de los cambios tecnol\u00f3gicos, la gesti\u00f3n pol\u00edtica de la tecnolog\u00eda y, por supuesto, la sociolog\u00eda de la tecnolog\u00eda.<\/p>\n\n\n\n<div class=\"wp-block-image\"><figure class=\"aligncenter size-large\"><img data-recalc-dims=\"1\" decoding=\"async\" width=\"281\" height=\"249\" src=\"https:\/\/i0.wp.com\/pulsecoder.com.mx\/wp-content\/uploads\/2020\/11\/Imagen3-4.jpg?resize=281%2C249&#038;ssl=1\" alt=\"\" class=\"wp-image-897\" loading=\"lazy\"><\/figure><\/div>\n\n\n\n<p>Para Thomas (2010), aunque todav\u00eda falta llevar a cabo estudios m\u00e1s complejos, interdisciplinarios y diligentes, se puede rastrear un inter\u00e9s en los temas de ciencia y tecnolog\u00eda en v\u00ednculo con las pol\u00edticas p\u00fablicas. El soci\u00f3logo considera escasas estas investigaciones y pone sobre la mesa el dif\u00edcil reto al que se enfrenta Am\u00e9rica Latina: crear sus propios constructos te\u00f3ricos, conceptuales y metodol\u00f3gicos, con la finalidad de entender sus cambios socio-culturales no en funci\u00f3n de un desarrollo tecnol\u00f3gico externo, sino como una correlaci\u00f3n que surge de la manera del ser humano de establecer v\u00ednculos con su realidad, la naturaleza y las necesidades de su contexto.<\/p>\n\n\n\n<p><strong>Problematizar la tecnolog\u00eda en su relaci\u00f3n con la sociedad<\/strong><\/p>\n\n\n\n<p>Si bien a lo largo de todo el siglo XX, la tecnolog\u00eda se ha analizado y estudiado desde disciplinas como la ingenier\u00eda o la administraci\u00f3n, cada vez se hacen m\u00e1s presentes las aproximaciones de las ciencias sociales que problematizan la relaci\u00f3n sociedad-ciencia-tecnolog\u00eda.<\/p>\n\n\n\n<p>Vale ahora dar espacio a una visi\u00f3n donde se desdibujen las l\u00edneas entre sociedad y cultura, por un lado, y desarrollo tecnol\u00f3gico, por otro. El desaf\u00edo es pensar en la tecnolog\u00eda tambi\u00e9n como un proceso social, como una construcci\u00f3n que no solo se compone de artefactos encaminados a la productividad, es tambi\u00e9n una articulaci\u00f3n compleja y din\u00e1mica de elementos simb\u00f3licos, de valores sociales, de ideolog\u00edas, de formas de concebir la realidad, que se encuentra interconectada con los cambios socio-culturales y las variaciones en las que el ser humano se piensa a s\u00ed mismo y a su realidad.<\/p>\n\n\n\n<p><strong>Fuentes:<\/strong><\/p>\n\n\n\n<p>Bueno, C. y Santos, M.J. (2003). <em>Nuevas Tecnolog\u00edas y Cultura<\/em>. Anthropos. Barcelona<\/p>\n\n\n\n<p>Luj\u00e1n, J. L. y Moreno, L. (1996). \u201cEl cambio tecnol\u00f3gico en las Ciencias Sociales. El estado de la cuesti\u00f3n\u201d. <em>Revista Espa\u00f1ola de investigaciones Sociol\u00f3gicas REIS<\/em>. Vol. 74, 127-161.<\/p>\n\n\n\n<p>Tabares Quir\u00f3z, J. y Correa V\u00e9lez, S. (2014). \u201cTecnolog\u00eda y sociedad: una aproximaci\u00f3n a los estudios sociales de la tecnolog\u00eda\u201d. Revista Iberoamericana de Ciencia, Tecnolog\u00eda y Sociedad. Vol. 9, 129-144.<\/p>\n\n\n\n<p>Thomas, H. (2010). \u201cLos estudios sociales de la tecnolog\u00eda en Am\u00e9rica Latina\u201d. <em>Iconos. Revista de Ciencias Sociales.<\/em> Vol. 37, 35-53.<\/p>\n\n\n\n<p><strong>Sitios de inter\u00e9s:<\/strong><\/p>\n\n\n\n<p>Cutcliffe, S. (2003). <em>Ideas, m\u00e1quinas y valores. Los estudios de Ciencia, Tecnolog\u00eda y Sociedad.<\/em> Anthropos. Barcelona. <a href=\"https:\/\/www.anthropos-editorial.com\/DETALLE\/IDEAS,-MAQUINAS-Y-VALORES-ATTTC-014\">https:\/\/www.anthropos-editorial.com\/DETALLE\/IDEAS,-MAQUINAS-Y-VALORES-ATTTC-014<\/a><\/p>\n\n\n\n<p>Comisi\u00f3n Econ\u00f3mica para Am\u00e9rica Latina y el Caribe (CEPAL). <a href=\"https:\/\/www.cepal.org\/es\">https:\/\/www.cepal.org\/es<\/a><\/p>\n[\/et_pb_text][\/et_pb_column]\n\t\t\t[\/et_pb_row]\n\t\t[\/et_pb_section]<\/body>","protected":false},"excerpt":{"rendered":"<p>En los \u00faltimos tiempos, los avances de la ciencia y&#8230;<\/p>\n","protected":false},"author":4,"featured_media":905,"comment_status":"open","ping_status":"open","sticky":false,"template":"","format":"standard","meta":{"_et_pb_use_builder":"on","_et_pb_old_content":"<!-- wp:paragraph -->\n<p>En los \u00faltimos tiempos, los avances de la ciencia y la tecnolog\u00eda nos han llevado a plantear nuevos paradigmas respecto a las formas de concebir la realidad, de relacionarnos y de interactuar con el mundo. Estas complejas relaciones entre la tecnolog\u00eda y el contexto tienen implicaciones en las distintas formas de comportamiento humano y en las construcciones sociales.<\/p>\n<!-- \/wp:paragraph -->\n\n<!-- wp:paragraph -->\n<p>Es claro el inter\u00e9s en la tecnolog\u00eda cuando se busca entender el origen de las ciencias, dise\u00f1ar o implementar pol\u00edticas econ\u00f3micas e innovaciones cient\u00edficas y diagn\u00f3sticas, explicar el desarrollo de la humanidad y poner atenci\u00f3n en las diversas maneras de la tecnolog\u00eda de impactar en la sociedad. Ese inter\u00e9s tambi\u00e9n dio pie a importantes reflexiones respecto a dos interrogantes fundamentales: \u00bfcu\u00e1l es la relaci\u00f3n actual entre tecnolog\u00eda y pensamiento? \u00bfDe qu\u00e9 manera la tecnolog\u00eda determina nuestra manera de pensar?<\/p>\n<!-- \/wp:paragraph -->\n\n<!-- wp:image {\"align\":\"full\",\"id\":896,\"sizeSlug\":\"large\"} -->\n<figure class=\"wp-block-image alignfull size-large\"><img src=\"https:\/\/pulsecoder.com.mx\/wp-content\/uploads\/2020\/11\/Imagen4-2.jpg\" alt=\"\" class=\"wp-image-896\"\/><figcaption>Imagen: <a href=\"http:\/\/ctsycaecf.blogspot.com\/2017\/12\/ciencia-y-tecnologia-sociedad-del.html\">http:\/\/ctsycaecf.blogspot.com\/2017\/12\/ciencia-y-tecnologia-sociedad-del.html<\/a><\/figcaption><\/figure>\n<!-- \/wp:image -->\n\n<!-- wp:paragraph -->\n<p>As\u00ed como hace m\u00e1s de dos mil a\u00f1os S\u00f3crates advirti\u00f3 la relevancia de la palabra escrita en el cambio paradigm\u00e1tico de la revoluci\u00f3n informativa, los pensadores de la sociedad actual vislumbran un cambio fundamental en la manera del ser humano de asimilar la tecnolog\u00eda, ya sea por incorporarla en la vida cotidiana, ya por la importancia que le asigna a los procesos e informaci\u00f3n, m\u00e1s que al desarrollo de artefactos o maquinaria.<\/p>\n<!-- \/wp:paragraph -->\n\n<!-- wp:paragraph -->\n<p>Desde disciplinas como la sociolog\u00eda, antropolog\u00eda, filosof\u00eda o econom\u00eda, grandes intelectuales buscan comprender, identificar y explicar las relaciones, caracter\u00edsticas sociales y culturas, y los procesos o efectos tras todo proceso tecnol\u00f3gico. Entre estos an\u00e1lisis destacan dos grandes teor\u00edas: la primera, de la cual surgen las corrientes deterministas, considera la tecnolog\u00eda como una variable que determina los aspectos sociales y los procesos de la humanidad; la segunda, donde se integran las perspectivas constructivistas, propone una relaci\u00f3n rec\u00edproca entre tecnolog\u00eda y sociedad.<\/p>\n<!-- \/wp:paragraph -->\n\n<!-- wp:paragraph -->\n<p>Tan diversos estudios disciplinares respecto a la tecnolog\u00eda, la sociedad y la cultura son resultado tanto de los avances tecnol\u00f3gicos como del crecimiento y la manera de interpretar el flujo de informaci\u00f3n de acuerdo con las l\u00f3gicas sociales y culturales determinadas. Esto significa que se presenta una natural correlaci\u00f3n entre los desarrollos tecnol\u00f3gicos y su interpretaci\u00f3n en entornos sociales espec\u00edficos.<\/p>\n<!-- \/wp:paragraph -->\n\n<!-- wp:paragraph -->\n<p><strong>Am\u00e9rica Latina y los estudios de ciencia, tecnolog\u00eda y sociedad (CTS)<\/strong><\/p>\n<!-- \/wp:paragraph -->\n\n<!-- wp:image {\"align\":\"left\",\"id\":900,\"sizeSlug\":\"large\"} -->\n<div class=\"wp-block-image\"><figure class=\"alignleft size-large\"><img src=\"https:\/\/pulsecoder.com.mx\/wp-content\/uploads\/2020\/11\/Imagen1-2.jpg\" alt=\"\" class=\"wp-image-900\"\/><figcaption>Nota: Portada del libro. <\/figcaption><\/figure><\/div>\n<!-- \/wp:image -->\n\n<!-- wp:paragraph -->\n<p>De acuerdo con uno de los m\u00e1s destacados soci\u00f3logos de la tecnolog\u00eda, el argentino Hern\u00e1n Thomas, en Am\u00e9rica Latina el campo de estudio de la ciencia y tecnolog\u00eda en v\u00ednculo con la sociedad empez\u00f3 a consolidarse en la segunda mitad del siglo XX, en la d\u00e9cada de los setenta, principalmente a partir del enfoque pol\u00edtico. M\u00e1s adelante esta perspectiva se nutri\u00f3 con el surgimiento de investigaciones hist\u00f3ricas y antropol\u00f3gicas de naturaleza constructivista.<\/p>\n<!-- \/wp:paragraph -->\n\n<!-- wp:image {\"align\":\"right\",\"id\":899,\"sizeSlug\":\"large\"} -->\n<div class=\"wp-block-image\"><figure class=\"alignright size-large\"><img src=\"https:\/\/pulsecoder.com.mx\/wp-content\/uploads\/2020\/11\/Imagen2-5.jpg\" alt=\"\" class=\"wp-image-899\"\/><figcaption>Nota: Portada del libro.<\/figcaption><\/figure><\/div>\n<!-- \/wp:image -->\n\n<!-- wp:paragraph -->\n<p>Entonces es cuando, con la articulaci\u00f3n de distintos enfoques, se plantea la necesidad de conformar tanto normativa como planificaci\u00f3n del desarrollo tecnol\u00f3gico en funci\u00f3n de las pol\u00edticas regionales, o bien, nacionales. Con este panorama, se pusieron en marcha proyectos de desarrollo planificado, tal es el caso de la Science and Technology Policy Instruments, un proyecto gestado por la Comisi\u00f3n Econ\u00f3mica para Am\u00e9rica Latina y el Caribe (CEPAL). Con estos y otros modelos se pretendi\u00f3 analizar y establecer pautas sobre la productividad del desarrollo tecnol\u00f3gico.<\/p>\n<!-- \/wp:paragraph -->\n\n<!-- wp:paragraph -->\n<p>Durante esa misma \u00e9poca y en una l\u00ednea opuesta a la planificaci\u00f3n tecnol\u00f3gica, florecieron los estudios socio-antropol\u00f3gicos con miras al an\u00e1lisis de las relaciones que establec\u00edan los distintos actores involucrados en el desarrollo de la tecnolog\u00eda. Ambos enfoques, el pol\u00edtico y el hist\u00f3rico-social, se consolidaron en una interesante mancuerna a partir de los a\u00f1os ochenta y lo siguen haciendo en la actualidad. Esta orientaci\u00f3n contin\u00faa abriendo el camino para estudios innovadores respecto a la econom\u00eda de los cambios tecnol\u00f3gicos, la gesti\u00f3n pol\u00edtica de la tecnolog\u00eda y, por supuesto, la sociolog\u00eda de la tecnolog\u00eda.<\/p>\n<!-- \/wp:paragraph -->\n\n<!-- wp:image {\"align\":\"center\",\"id\":897,\"sizeSlug\":\"large\"} -->\n<div class=\"wp-block-image\"><figure class=\"aligncenter size-large\"><img src=\"https:\/\/pulsecoder.com.mx\/wp-content\/uploads\/2020\/11\/Imagen3-4.jpg\" alt=\"\" class=\"wp-image-897\"\/><\/figure><\/div>\n<!-- \/wp:image -->\n\n<!-- wp:paragraph -->\n<p>Para Thomas (2010), aunque todav\u00eda falta llevar a cabo estudios m\u00e1s complejos, interdisciplinarios y diligentes, se puede rastrear un inter\u00e9s en los temas de ciencia y tecnolog\u00eda en v\u00ednculo con las pol\u00edticas p\u00fablicas. El soci\u00f3logo considera escasas estas investigaciones y pone sobre la mesa el dif\u00edcil reto al que se enfrenta Am\u00e9rica Latina: crear sus propios constructos te\u00f3ricos, conceptuales y metodol\u00f3gicos, con la finalidad de entender sus cambios socio-culturales no en funci\u00f3n de un desarrollo tecnol\u00f3gico externo, sino como una correlaci\u00f3n que surge de la manera del ser humano de establecer v\u00ednculos con su realidad, la naturaleza y las necesidades de su contexto.<\/p>\n<!-- \/wp:paragraph -->\n\n<!-- wp:paragraph -->\n<p><strong>Problematizar la tecnolog\u00eda en su relaci\u00f3n con la sociedad<\/strong><\/p>\n<!-- \/wp:paragraph -->\n\n<!-- wp:paragraph -->\n<p>Si bien a lo largo de todo el siglo XX, la tecnolog\u00eda se ha analizado y estudiado desde disciplinas como la ingenier\u00eda o la administraci\u00f3n, cada vez se hacen m\u00e1s presentes las aproximaciones de las ciencias sociales que problematizan la relaci\u00f3n sociedad-ciencia-tecnolog\u00eda.<\/p>\n<!-- \/wp:paragraph -->\n\n<!-- wp:paragraph -->\n<p>Vale ahora dar espacio a una visi\u00f3n donde se desdibujen las l\u00edneas entre sociedad y cultura, por un lado, y desarrollo tecnol\u00f3gico, por otro. El desaf\u00edo es pensar en la tecnolog\u00eda tambi\u00e9n como un proceso social, como una construcci\u00f3n que no solo se compone de artefactos encaminados a la productividad, es tambi\u00e9n una articulaci\u00f3n compleja y din\u00e1mica de elementos simb\u00f3licos, de valores sociales, de ideolog\u00edas, de formas de concebir la realidad, que se encuentra interconectada con los cambios socio-culturales y las variaciones en las que el ser humano se piensa a s\u00ed mismo y a su realidad.<\/p>\n<!-- \/wp:paragraph -->\n\n<!-- wp:paragraph -->\n<p><strong>Fuentes:<\/strong><\/p>\n<!-- \/wp:paragraph -->\n\n<!-- wp:paragraph -->\n<p>Bueno, C. y Santos, M.J. (2003). <em>Nuevas Tecnolog\u00edas y Cultura<\/em>. Anthropos. Barcelona<\/p>\n<!-- \/wp:paragraph -->\n\n<!-- wp:paragraph -->\n<p>Luj\u00e1n, J. L. y Moreno, L. (1996). \u201cEl cambio tecnol\u00f3gico en las Ciencias Sociales. El estado de la cuesti\u00f3n\u201d. <em>Revista Espa\u00f1ola de investigaciones Sociol\u00f3gicas REIS<\/em>. Vol. 74, 127-161.<\/p>\n<!-- \/wp:paragraph -->\n\n<!-- wp:paragraph -->\n<p>Tabares Quir\u00f3z, J. y Correa V\u00e9lez, S. (2014). \u201cTecnolog\u00eda y sociedad: una aproximaci\u00f3n a los estudios sociales de la tecnolog\u00eda\u201d. Revista Iberoamericana de Ciencia, Tecnolog\u00eda y Sociedad. Vol. 9, 129-144.<\/p>\n<!-- \/wp:paragraph -->\n\n<!-- wp:paragraph -->\n<p>Thomas, H. (2010). \u201cLos estudios sociales de la tecnolog\u00eda en Am\u00e9rica Latina\u201d. <em>Iconos. Revista de Ciencias Sociales.<\/em> Vol. 37, 35-53.<\/p>\n<!-- \/wp:paragraph -->\n\n<!-- wp:paragraph -->\n<p><strong>Sitios de inter\u00e9s:<\/strong><\/p>\n<!-- \/wp:paragraph -->\n\n<!-- wp:paragraph -->\n<p>Cutcliffe, S. (2003). <em>Ideas, m\u00e1quinas y valores. Los estudios de Ciencia, Tecnolog\u00eda y Sociedad.<\/em> Anthropos. Barcelona. <a href=\"https:\/\/www.anthropos-editorial.com\/DETALLE\/IDEAS,-MAQUINAS-Y-VALORES-ATTTC-014\">https:\/\/www.anthropos-editorial.com\/DETALLE\/IDEAS,-MAQUINAS-Y-VALORES-ATTTC-014<\/a><\/p>\n<!-- \/wp:paragraph -->\n\n<!-- wp:paragraph -->\n<p>Comisi\u00f3n Econ\u00f3mica para Am\u00e9rica Latina y el Caribe (CEPAL). <a href=\"https:\/\/www.cepal.org\/es\">https:\/\/www.cepal.org\/es<\/a><\/p>\n<!-- \/wp:paragraph -->","_et_gb_content_width":"","_monsterinsights_skip_tracking":false,"_jetpack_memberships_contains_paid_content":false,"footnotes":""},"categories":[39],"tags":[],"class_list":["post-894","post","type-post","status-publish","format-standard","has-post-thumbnail","hentry","category-sociedad"],"yoast_head":"<!-- This site is optimized with the Yoast SEO plugin v25.5 - https:\/\/yoast.com\/wordpress\/plugins\/seo\/ -->\n<title>Tecnolog\u00eda y sociedad: una relaci\u00f3n rec\u00edproca<\/title>\n<meta name=\"description\" content=\"Revista digital de innovaci\u00f3n, tecnolog\u00eda y sociedad de Xalapa M\u00e9xico. Grupo multidisciplinario, emprendedores digitales, comunidad tech.\" \/>\n<meta name=\"robots\" content=\"index, follow, max-snippet:-1, max-image-preview:large, max-video-preview:-1\" \/>\n<link rel=\"canonical\" href=\"https:\/\/pulsecoder.com.mx\/index.php\/2020\/11\/15\/tecnologia-y-sociedad-una-relacion-reciproca\/\" \/>\n<meta property=\"og:locale\" content=\"es_MX\" \/>\n<meta property=\"og:type\" content=\"article\" \/>\n<meta property=\"og:title\" content=\"Tecnolog\u00eda y sociedad: una relaci\u00f3n rec\u00edproca\" \/>\n<meta property=\"og:description\" content=\"Revista digital de innovaci\u00f3n, tecnolog\u00eda y sociedad de Xalapa M\u00e9xico. Grupo multidisciplinario, emprendedores digitales, comunidad tech.\" \/>\n<meta property=\"og:url\" content=\"https:\/\/pulsecoder.com.mx\/index.php\/2020\/11\/15\/tecnologia-y-sociedad-una-relacion-reciproca\/\" \/>\n<meta property=\"og:site_name\" content=\"Pulsecoder\" \/>\n<meta property=\"article:publisher\" content=\"https:\/\/www.facebook.com\/PulsecoderMx\" \/>\n<meta property=\"article:published_time\" content=\"2020-11-15T19:30:07+00:00\" \/>\n<meta property=\"article:modified_time\" content=\"2020-11-26T17:21:39+00:00\" \/>\n<meta property=\"og:image\" content=\"https:\/\/i0.wp.com\/pulsecoder.com.mx\/wp-content\/uploads\/2020\/11\/Sociedad.png?fit=893%2C597&ssl=1\" \/>\n\t<meta property=\"og:image:width\" content=\"893\" \/>\n\t<meta property=\"og:image:height\" content=\"597\" \/>\n\t<meta property=\"og:image:type\" content=\"image\/png\" \/>\n<meta name=\"author\" content=\"Elsa L\u00f3pez\" \/>\n<meta name=\"twitter:card\" content=\"summary_large_image\" \/>\n<meta name=\"twitter:creator\" content=\"@PulsecoderMx\" \/>\n<meta name=\"twitter:site\" content=\"@PulsecoderMx\" \/>\n<meta name=\"twitter:label1\" content=\"Escrito por\" \/>\n\t<meta name=\"twitter:data1\" content=\"Elsa L\u00f3pez\" \/>\n\t<meta name=\"twitter:label2\" content=\"Tiempo de lectura\" \/>\n\t<meta name=\"twitter:data2\" content=\"6 minutos\" \/>\n<script type=\"application\/ld+json\" class=\"yoast-schema-graph\">{\"@context\":\"https:\/\/schema.org\",\"@graph\":[{\"@type\":\"Article\",\"@id\":\"https:\/\/pulsecoder.com.mx\/index.php\/2020\/11\/15\/tecnologia-y-sociedad-una-relacion-reciproca\/#article\",\"isPartOf\":{\"@id\":\"https:\/\/pulsecoder.com.mx\/index.php\/2020\/11\/15\/tecnologia-y-sociedad-una-relacion-reciproca\/\"},\"author\":{\"name\":\"Elsa L\u00f3pez\",\"@id\":\"https:\/\/pulsecoder.com.mx\/#\/schema\/person\/7520189c7232bb01ba6ef979e6719dea\"},\"headline\":\"Tecnolog\u00eda y sociedad: una relaci\u00f3n rec\u00edproca\",\"datePublished\":\"2020-11-15T19:30:07+00:00\",\"dateModified\":\"2020-11-26T17:21:39+00:00\",\"mainEntityOfPage\":{\"@id\":\"https:\/\/pulsecoder.com.mx\/index.php\/2020\/11\/15\/tecnologia-y-sociedad-una-relacion-reciproca\/\"},\"wordCount\":1184,\"commentCount\":0,\"publisher\":{\"@id\":\"https:\/\/pulsecoder.com.mx\/#organization\"},\"image\":{\"@id\":\"https:\/\/pulsecoder.com.mx\/index.php\/2020\/11\/15\/tecnologia-y-sociedad-una-relacion-reciproca\/#primaryimage\"},\"thumbnailUrl\":\"https:\/\/i0.wp.com\/pulsecoder.com.mx\/wp-content\/uploads\/2020\/11\/Sociedad.png?fit=893%2C597&ssl=1\",\"articleSection\":[\"Sociedad\"],\"inLanguage\":\"es\",\"potentialAction\":[{\"@type\":\"CommentAction\",\"name\":\"Comment\",\"target\":[\"https:\/\/pulsecoder.com.mx\/index.php\/2020\/11\/15\/tecnologia-y-sociedad-una-relacion-reciproca\/#respond\"]}]},{\"@type\":\"WebPage\",\"@id\":\"https:\/\/pulsecoder.com.mx\/index.php\/2020\/11\/15\/tecnologia-y-sociedad-una-relacion-reciproca\/\",\"url\":\"https:\/\/pulsecoder.com.mx\/index.php\/2020\/11\/15\/tecnologia-y-sociedad-una-relacion-reciproca\/\",\"name\":\"Tecnolog\u00eda y sociedad: una relaci\u00f3n rec\u00edproca\",\"isPartOf\":{\"@id\":\"https:\/\/pulsecoder.com.mx\/#website\"},\"primaryImageOfPage\":{\"@id\":\"https:\/\/pulsecoder.com.mx\/index.php\/2020\/11\/15\/tecnologia-y-sociedad-una-relacion-reciproca\/#primaryimage\"},\"image\":{\"@id\":\"https:\/\/pulsecoder.com.mx\/index.php\/2020\/11\/15\/tecnologia-y-sociedad-una-relacion-reciproca\/#primaryimage\"},\"thumbnailUrl\":\"https:\/\/i0.wp.com\/pulsecoder.com.mx\/wp-content\/uploads\/2020\/11\/Sociedad.png?fit=893%2C597&ssl=1\",\"datePublished\":\"2020-11-15T19:30:07+00:00\",\"dateModified\":\"2020-11-26T17:21:39+00:00\",\"description\":\"Revista digital de innovaci\u00f3n, tecnolog\u00eda y sociedad de Xalapa M\u00e9xico. Grupo multidisciplinario, emprendedores digitales, comunidad tech.\",\"inLanguage\":\"es\",\"potentialAction\":[{\"@type\":\"ReadAction\",\"target\":[\"https:\/\/pulsecoder.com.mx\/index.php\/2020\/11\/15\/tecnologia-y-sociedad-una-relacion-reciproca\/\"]}]},{\"@type\":\"ImageObject\",\"inLanguage\":\"es\",\"@id\":\"https:\/\/pulsecoder.com.mx\/index.php\/2020\/11\/15\/tecnologia-y-sociedad-una-relacion-reciproca\/#primaryimage\",\"url\":\"https:\/\/i0.wp.com\/pulsecoder.com.mx\/wp-content\/uploads\/2020\/11\/Sociedad.png?fit=893%2C597&ssl=1\",\"contentUrl\":\"https:\/\/i0.wp.com\/pulsecoder.com.mx\/wp-content\/uploads\/2020\/11\/Sociedad.png?fit=893%2C597&ssl=1\",\"width\":893,\"height\":597},{\"@type\":\"WebSite\",\"@id\":\"https:\/\/pulsecoder.com.mx\/#website\",\"url\":\"https:\/\/pulsecoder.com.mx\/\",\"name\":\"Pulsecoder\",\"description\":\"Revista digital de tecnolog\u00eda, sociedad e Innovaci\u00f3n\",\"publisher\":{\"@id\":\"https:\/\/pulsecoder.com.mx\/#organization\"},\"potentialAction\":[{\"@type\":\"SearchAction\",\"target\":{\"@type\":\"EntryPoint\",\"urlTemplate\":\"https:\/\/pulsecoder.com.mx\/?s={search_term_string}\"},\"query-input\":{\"@type\":\"PropertyValueSpecification\",\"valueRequired\":true,\"valueName\":\"search_term_string\"}}],\"inLanguage\":\"es\"},{\"@type\":\"Organization\",\"@id\":\"https:\/\/pulsecoder.com.mx\/#organization\",\"name\":\"Pulse Coder Mx\",\"url\":\"https:\/\/pulsecoder.com.mx\/\",\"logo\":{\"@type\":\"ImageObject\",\"inLanguage\":\"es\",\"@id\":\"https:\/\/pulsecoder.com.mx\/#\/schema\/logo\/image\/\",\"url\":\"https:\/\/i0.wp.com\/pulsecoder.com.mx\/wp-content\/uploads\/2021\/10\/Web.png?fit=2047%2C1024&ssl=1\",\"contentUrl\":\"https:\/\/i0.wp.com\/pulsecoder.com.mx\/wp-content\/uploads\/2021\/10\/Web.png?fit=2047%2C1024&ssl=1\",\"width\":2047,\"height\":1024,\"caption\":\"Pulse Coder Mx\"},\"image\":{\"@id\":\"https:\/\/pulsecoder.com.mx\/#\/schema\/logo\/image\/\"},\"sameAs\":[\"https:\/\/www.facebook.com\/PulsecoderMx\",\"https:\/\/x.com\/PulsecoderMx\",\"https:\/\/www.instagram.com\/pulsecodermx\/\",\"https:\/\/www.youtube.com\/channel\/UCci7xZRoiIxGpkwEljqfF9A\"]},{\"@type\":\"Person\",\"@id\":\"https:\/\/pulsecoder.com.mx\/#\/schema\/person\/7520189c7232bb01ba6ef979e6719dea\",\"name\":\"Elsa L\u00f3pez\",\"image\":{\"@type\":\"ImageObject\",\"inLanguage\":\"es\",\"@id\":\"https:\/\/pulsecoder.com.mx\/#\/schema\/person\/image\/\",\"url\":\"https:\/\/secure.gravatar.com\/avatar\/785c947f5a71c6ecca2b359e6a44e58e?s=96&d=mm&r=g\",\"contentUrl\":\"https:\/\/secure.gravatar.com\/avatar\/785c947f5a71c6ecca2b359e6a44e58e?s=96&d=mm&r=g\",\"caption\":\"Elsa L\u00f3pez\"},\"description\":\"Fundadora y Directora Editorial de Pulse Coder. Desarrolla t\u00f3picos sobre literatura, arte, sociedad y cultura.\",\"url\":\"https:\/\/pulsecoder.com.mx\/index.php\/author\/elsa-lopez\/\"}]}<\/script>\n<!-- \/ Yoast SEO plugin. -->","yoast_head_json":{"title":"Tecnolog\u00eda y sociedad: una relaci\u00f3n rec\u00edproca","description":"Revista digital de innovaci\u00f3n, tecnolog\u00eda y sociedad de Xalapa M\u00e9xico. Grupo multidisciplinario, emprendedores digitales, comunidad tech.","robots":{"index":"index","follow":"follow","max-snippet":"max-snippet:-1","max-image-preview":"max-image-preview:large","max-video-preview":"max-video-preview:-1"},"canonical":"https:\/\/pulsecoder.com.mx\/index.php\/2020\/11\/15\/tecnologia-y-sociedad-una-relacion-reciproca\/","og_locale":"es_MX","og_type":"article","og_title":"Tecnolog\u00eda y sociedad: una relaci\u00f3n rec\u00edproca","og_description":"Revista digital de innovaci\u00f3n, tecnolog\u00eda y sociedad de Xalapa M\u00e9xico. Grupo multidisciplinario, emprendedores digitales, comunidad tech.","og_url":"https:\/\/pulsecoder.com.mx\/index.php\/2020\/11\/15\/tecnologia-y-sociedad-una-relacion-reciproca\/","og_site_name":"Pulsecoder","article_publisher":"https:\/\/www.facebook.com\/PulsecoderMx","article_published_time":"2020-11-15T19:30:07+00:00","article_modified_time":"2020-11-26T17:21:39+00:00","og_image":[{"width":893,"height":597,"url":"https:\/\/i0.wp.com\/pulsecoder.com.mx\/wp-content\/uploads\/2020\/11\/Sociedad.png?fit=893%2C597&ssl=1","type":"image\/png"}],"author":"Elsa L\u00f3pez","twitter_card":"summary_large_image","twitter_creator":"@PulsecoderMx","twitter_site":"@PulsecoderMx","twitter_misc":{"Escrito por":"Elsa L\u00f3pez","Tiempo de lectura":"6 minutos"},"schema":{"@context":"https:\/\/schema.org","@graph":[{"@type":"Article","@id":"https:\/\/pulsecoder.com.mx\/index.php\/2020\/11\/15\/tecnologia-y-sociedad-una-relacion-reciproca\/#article","isPartOf":{"@id":"https:\/\/pulsecoder.com.mx\/index.php\/2020\/11\/15\/tecnologia-y-sociedad-una-relacion-reciproca\/"},"author":{"name":"Elsa L\u00f3pez","@id":"https:\/\/pulsecoder.com.mx\/#\/schema\/person\/7520189c7232bb01ba6ef979e6719dea"},"headline":"Tecnolog\u00eda y sociedad: una relaci\u00f3n rec\u00edproca","datePublished":"2020-11-15T19:30:07+00:00","dateModified":"2020-11-26T17:21:39+00:00","mainEntityOfPage":{"@id":"https:\/\/pulsecoder.com.mx\/index.php\/2020\/11\/15\/tecnologia-y-sociedad-una-relacion-reciproca\/"},"wordCount":1184,"commentCount":0,"publisher":{"@id":"https:\/\/pulsecoder.com.mx\/#organization"},"image":{"@id":"https:\/\/pulsecoder.com.mx\/index.php\/2020\/11\/15\/tecnologia-y-sociedad-una-relacion-reciproca\/#primaryimage"},"thumbnailUrl":"https:\/\/i0.wp.com\/pulsecoder.com.mx\/wp-content\/uploads\/2020\/11\/Sociedad.png?fit=893%2C597&ssl=1","articleSection":["Sociedad"],"inLanguage":"es","potentialAction":[{"@type":"CommentAction","name":"Comment","target":["https:\/\/pulsecoder.com.mx\/index.php\/2020\/11\/15\/tecnologia-y-sociedad-una-relacion-reciproca\/#respond"]}]},{"@type":"WebPage","@id":"https:\/\/pulsecoder.com.mx\/index.php\/2020\/11\/15\/tecnologia-y-sociedad-una-relacion-reciproca\/","url":"https:\/\/pulsecoder.com.mx\/index.php\/2020\/11\/15\/tecnologia-y-sociedad-una-relacion-reciproca\/","name":"Tecnolog\u00eda y sociedad: una relaci\u00f3n rec\u00edproca","isPartOf":{"@id":"https:\/\/pulsecoder.com.mx\/#website"},"primaryImageOfPage":{"@id":"https:\/\/pulsecoder.com.mx\/index.php\/2020\/11\/15\/tecnologia-y-sociedad-una-relacion-reciproca\/#primaryimage"},"image":{"@id":"https:\/\/pulsecoder.com.mx\/index.php\/2020\/11\/15\/tecnologia-y-sociedad-una-relacion-reciproca\/#primaryimage"},"thumbnailUrl":"https:\/\/i0.wp.com\/pulsecoder.com.mx\/wp-content\/uploads\/2020\/11\/Sociedad.png?fit=893%2C597&ssl=1","datePublished":"2020-11-15T19:30:07+00:00","dateModified":"2020-11-26T17:21:39+00:00","description":"Revista digital de innovaci\u00f3n, tecnolog\u00eda y sociedad de Xalapa M\u00e9xico. Grupo multidisciplinario, emprendedores digitales, comunidad tech.","inLanguage":"es","potentialAction":[{"@type":"ReadAction","target":["https:\/\/pulsecoder.com.mx\/index.php\/2020\/11\/15\/tecnologia-y-sociedad-una-relacion-reciproca\/"]}]},{"@type":"ImageObject","inLanguage":"es","@id":"https:\/\/pulsecoder.com.mx\/index.php\/2020\/11\/15\/tecnologia-y-sociedad-una-relacion-reciproca\/#primaryimage","url":"https:\/\/i0.wp.com\/pulsecoder.com.mx\/wp-content\/uploads\/2020\/11\/Sociedad.png?fit=893%2C597&ssl=1","contentUrl":"https:\/\/i0.wp.com\/pulsecoder.com.mx\/wp-content\/uploads\/2020\/11\/Sociedad.png?fit=893%2C597&ssl=1","width":893,"height":597},{"@type":"WebSite","@id":"https:\/\/pulsecoder.com.mx\/#website","url":"https:\/\/pulsecoder.com.mx\/","name":"Pulsecoder","description":"Revista digital de tecnolog\u00eda, sociedad e Innovaci\u00f3n","publisher":{"@id":"https:\/\/pulsecoder.com.mx\/#organization"},"potentialAction":[{"@type":"SearchAction","target":{"@type":"EntryPoint","urlTemplate":"https:\/\/pulsecoder.com.mx\/?s={search_term_string}"},"query-input":{"@type":"PropertyValueSpecification","valueRequired":true,"valueName":"search_term_string"}}],"inLanguage":"es"},{"@type":"Organization","@id":"https:\/\/pulsecoder.com.mx\/#organization","name":"Pulse Coder Mx","url":"https:\/\/pulsecoder.com.mx\/","logo":{"@type":"ImageObject","inLanguage":"es","@id":"https:\/\/pulsecoder.com.mx\/#\/schema\/logo\/image\/","url":"https:\/\/i0.wp.com\/pulsecoder.com.mx\/wp-content\/uploads\/2021\/10\/Web.png?fit=2047%2C1024&ssl=1","contentUrl":"https:\/\/i0.wp.com\/pulsecoder.com.mx\/wp-content\/uploads\/2021\/10\/Web.png?fit=2047%2C1024&ssl=1","width":2047,"height":1024,"caption":"Pulse Coder Mx"},"image":{"@id":"https:\/\/pulsecoder.com.mx\/#\/schema\/logo\/image\/"},"sameAs":["https:\/\/www.facebook.com\/PulsecoderMx","https:\/\/x.com\/PulsecoderMx","https:\/\/www.instagram.com\/pulsecodermx\/","https:\/\/www.youtube.com\/channel\/UCci7xZRoiIxGpkwEljqfF9A"]},{"@type":"Person","@id":"https:\/\/pulsecoder.com.mx\/#\/schema\/person\/7520189c7232bb01ba6ef979e6719dea","name":"Elsa L\u00f3pez","image":{"@type":"ImageObject","inLanguage":"es","@id":"https:\/\/pulsecoder.com.mx\/#\/schema\/person\/image\/","url":"https:\/\/secure.gravatar.com\/avatar\/785c947f5a71c6ecca2b359e6a44e58e?s=96&d=mm&r=g","contentUrl":"https:\/\/secure.gravatar.com\/avatar\/785c947f5a71c6ecca2b359e6a44e58e?s=96&d=mm&r=g","caption":"Elsa L\u00f3pez"},"description":"Fundadora y Directora Editorial de Pulse Coder. Desarrolla t\u00f3picos sobre literatura, arte, sociedad y cultura.","url":"https:\/\/pulsecoder.com.mx\/index.php\/author\/elsa-lopez\/"}]}},"jetpack_featured_media_url":"https:\/\/i0.wp.com\/pulsecoder.com.mx\/wp-content\/uploads\/2020\/11\/Sociedad.png?fit=893%2C597&ssl=1","jetpack_sharing_enabled":true,"amp_enabled":true,"_links":{"self":[{"href":"https:\/\/pulsecoder.com.mx\/index.php\/wp-json\/wp\/v2\/posts\/894"}],"collection":[{"href":"https:\/\/pulsecoder.com.mx\/index.php\/wp-json\/wp\/v2\/posts"}],"about":[{"href":"https:\/\/pulsecoder.com.mx\/index.php\/wp-json\/wp\/v2\/types\/post"}],"author":[{"embeddable":true,"href":"https:\/\/pulsecoder.com.mx\/index.php\/wp-json\/wp\/v2\/users\/4"}],"replies":[{"embeddable":true,"href":"https:\/\/pulsecoder.com.mx\/index.php\/wp-json\/wp\/v2\/comments?post=894"}],"version-history":[{"count":4,"href":"https:\/\/pulsecoder.com.mx\/index.php\/wp-json\/wp\/v2\/posts\/894\/revisions"}],"predecessor-version":[{"id":1062,"href":"https:\/\/pulsecoder.com.mx\/index.php\/wp-json\/wp\/v2\/posts\/894\/revisions\/1062"}],"wp:featuredmedia":[{"embeddable":true,"href":"https:\/\/pulsecoder.com.mx\/index.php\/wp-json\/wp\/v2\/media\/905"}],"wp:attachment":[{"href":"https:\/\/pulsecoder.com.mx\/index.php\/wp-json\/wp\/v2\/media?parent=894"}],"wp:term":[{"taxonomy":"category","embeddable":true,"href":"https:\/\/pulsecoder.com.mx\/index.php\/wp-json\/wp\/v2\/categories?post=894"},{"taxonomy":"post_tag","embeddable":true,"href":"https:\/\/pulsecoder.com.mx\/index.php\/wp-json\/wp\/v2\/tags?post=894"}],"curies":[{"name":"wp","href":"https:\/\/api.w.org\/{rel}","templated":true}]}}